{"id":16036455,"date":"2021-11-12T10:27:57","date_gmt":"2021-11-12T09:27:57","guid":{"rendered":"https:\/\/myallmeeting.com\/article\/loisirs-et-affaires-sur-nos-terrasses-avec-les-plus-belles-vues-en-europe-du-sud\/"},"modified":"2024-07-16T14:45:33","modified_gmt":"2024-07-16T12:45:33","slug":"placer-y-negocios-en-nuestras-terrazas-con-las-mas-bellas-vistas-del-sur-de-europa","status":"publish","type":"article","link":"https:\/\/www.myallmeeting.com\/es\/article\/placer-y-negocios-en-nuestras-terrazas-con-las-mas-bellas-vistas-del-sur-de-europa\/","title":{"rendered":"Placer y negocios en nuestras terrazas, con las m\u00e1s bellas vistas del Sur de Europa"},"content":{"rendered":"<!-- START OF : Composant : block-periscope-theme-section-composant-25-texte-cta-2-images.php -->\n<div class=\"tcta2ia bg-white fs-wysiwyg mb-lg-12\" data-component=\"25-texte-cta-2-images\">\n\t<div class=\"tcta2ia__top\">\n\t\t<div class=\"container-fluid\" style=\"--bs-gutter-x: 0\">\n\t\t\t<div class=\"row\" style=\"--bs-gutter-x: 0\">\n\t\t\t\t<div class=\"col-lg-8\">\n\t\t\t\t\t\t\t\t\t\t<div class=\"bloc-mise-en-avant__top__left\">\n\t\t\t\t\t\t<img decoding=\"async\" src=\"https:\/\/www.myallmeeting.com\/wp-content\/uploads\/2021\/11\/6579-07-1268x846.jpg\" class=\"pe-2 pe-lg-0\" width=\"1268\" height=\"846\" alt=\"\" loading=\"lazy\" \/>\n\t\t\t\t\t<\/div>\n\t\t\t\t\t\t\t\t\t\t<div class=\"tcta2ia__bottom d-none d-lg-block pb-12 pt-lg-9 pb-lg-0 pe-lg-10\">\n\t\t\t\t\t\t\t\t\t\t\t\t<h2 class=\"fs-20 fs-lg-32 fw-semibold\">Novotel Madrid City Las Ventas<\/h2>\n\t\t\t\t\t\t\t\t\t\t\t\t\t\t\t\t\t\t<div class=\"fs-wysiwyg\"><h3><\/h3>\n<h3><strong>Un balc\u00f3n sobre Madrid<\/strong><\/h3>\n<p><span data-contrast=\"none\" xml:lang=\"FR-FR\" lang=\"FR-FR\" class=\"TextRun SCXW267022255 BCX0\"><span class=\"NormalTextRun SCXW267022255 BCX0\" data-ccp-parastyle=\"Normal0\" data-ccp-parastyle-defn=\"{&quot;ObjectId&quot;:&quot;0dd0ce05-9842-4548-95bf-11b990d27099|195&quot;,&quot;ClassId&quot;:1073872969,&quot;Properties&quot;:[469775450,&quot;Normal0\" 201340122=\"\" quot=\"\" 2=\"\" 134234082=\"\" true=\"\" 134233614=\"\" 469778129=\"\" normal0=\"\" 335572020=\"\" 1=\"\" 469777841=\"\" calibri=\"\" 469777842=\"\" 469777843=\"\" 469777844=\"\" 469769226=\"\" 268442635=\"\" 22=\"\" 335559704=\"\" 1025=\"\" 335559705=\"\" 1041=\"\" 335551547=\"\" 1036=\"\" 335559740=\"\" 259=\"\" 201341983=\"\" 0=\"\" 335559739=\"\" 160=\"\">Adem\u00e1s de sus ocho salas de reuniones modulares con capacidad para unas 150 personas, el <\/span><a href=\"https:\/\/myallmeeting.com\/es\/hotel\/0843-novotel-madrid-city-las-ventas\/\"><strong>Novotel Madrid City Las Ventas<\/strong><\/a> <span data-contrast=\"none\" xml:lang=\"FR-FR\" lang=\"FR-FR\" class=\"TextRun SCXW267022255 BCX0\"><span class=\"NormalTextRun SCXW267022255 BCX0\" data-ccp-parastyle=\"Normal0\"> dispone de una terraza con jard\u00edn y piscina. Es el lugar ideal para reuniones o sesiones de networking. Podr\u00e1s disfrutar <strong>de su magn\u00edfica vista de la capital<\/strong>, como tambi\u00e9n de la gastronom\u00eda del restaurante <\/span>Insolito<\/span><strong>* de inspiraci\u00f3n mediterr\u00e1nea, que ofrece platos equilibrados, y que se especializa en cocina al carb\u00f3n.<\/strong> <span data-contrast=\"none\" xml:lang=\"FR-FR\" lang=\"FR-FR\" class=\"TextRun SCXW267022255 BCX0\"><span class=\"NormalTextRun SCXW267022255 BCX0\" data-ccp-parastyle=\"Normal0\"> El restaurante est\u00e1 dirigido por el chef <\/span>Tyto Blanco.<\/span><span class=\"EOP SCXW267022255 BCX0\" data-ccp-props=\"{&quot;201341983\" :0=\"\" 35557856=\"\" :16119028=\"\" :165=\"\" :240=\"\">\u00a0<\/span><\/span><\/p>\n<\/div>\n\t\t\t\t\t\t\t\t\t\t\t\t<div class=\"d-flex flex-column flex-lg-row align-items-center gap-5 gap-lg-8 justify-content-between\">\n\t\t\t\t\t\t\t<div class=\"fs-20 fs-lg-26 fw-semibold lh-xs\"><\/div>\n\t\t\t\t\t\t\t\t\t\t\t\t\t<\/div>\n\t\t\t\t\t<\/div>\n\t\t\t\t<\/div>\n\t\t\t\t<div class=\"col-lg-4\">\n\t\t\t\t\t<div class=\"tcta2ia__top__right t-0 r-0 bg-primary text-white pt-4 pb-4 px-2 pt-lg-8 pb-lg-16 px-lg-11 pb-xl-30\">\n\t\t\t\t\t\t\t\t\t\t\t\t\t\t\t\t\t\t<h2 class=\"unna fs-36 fs-lg-51 fs-xl-75 fs-italic fw-normal text-secondary\">Placer y negocios en nuestras terrazas con las m\u00e1s bellas vistas del Sur de Europa<\/h2>\n\t\t\t\t\t\t\t\t\t\t\t\t\t\t\t\t\t\t<h3 class=\"text-white fs-18 fs-lg-20 fs-xl-28 text-original-case\">Mezclar placer y negocios es posible en estas seis terrazas con una vista excepcional, \u00e1reas para\u00a0relajarse, una variada carta gastron\u00f3mica, bares y c\u00f3cteles y ratos muy placenteros escuchando m\u00fasica en vivo.<\/h3>\n\t\t\t\t\t\t\t\t\t\t\t\t\t\t\t\t\t\t<div class=\"fs-wysiwyg mb-4 fs-lg-16 fs-xl-20\"><p><span data-contrast=\"none\" xml:lang=\"FR-FR\" lang=\"FR-FR\" class=\"TextRun SCXW50549535 BCX0\"><span class=\"NormalTextRun SCXW50549535 BCX0\" data-ccp-parastyle=\"Normal0\" data-ccp-parastyle-defn=\"{&quot;ObjectId&quot;:&quot;0dd0ce05-9842-4548-95bf-11b990d27099|195&quot;,&quot;ClassId&quot;:1073872969,&quot;Properties&quot;:[469775450,&quot;Normal0&quot;,201340122,&quot;2&quot;,134234082,&quot;true&quot;,134233614,&quot;true&quot;,469778129,&quot;Normal0&quot;,335572020,&quot;1&quot;,469777841,&quot;Calibri&quot;,469777842,&quot;Calibri&quot;,469777843,&quot;Calibri&quot;,469777844,&quot;Calibri&quot;,469769226,&quot;Calibri&quot;,268442635,&quot;22&quot;,335559704,&quot;1025&quot;,335559705,&quot;1041&quot;,335551547,&quot;1036&quot;,335559740,&quot;259&quot;,201341983,&quot;0&quot;,335559739,&quot;160&quot;]}\">\u00bfQu\u00e9 puede ser m\u00e1s agradable que<\/span><\/span><span data-contrast=\"none\" xml:lang=\"FR-FR\" lang=\"FR-FR\" class=\"TextRun SCXW50549535 BCX0\"><span class=\"NormalTextRun SCXW50549535 BCX0\" data-ccp-parastyle=\"Normal0\">tener a tus pies <strong>Madrid, Barcelona, San Sebasti\u00e1n o Roma<\/strong><\/span><\/span><span data-contrast=\"none\" xml:lang=\"FR-FR\" lang=\"FR-FR\" class=\"TextRun SCXW50549535 BCX0\"><span class=\"NormalTextRun SCXW50549535 BCX0\" data-ccp-parastyle=\"Normal0\">, ver el atardecer y disfrutar del aire libre durante tu reuni\u00f3n, durante el <\/span><span class=\"NormalTextRun SpellingErrorV2Themed SCXW50549535 BCX0\" data-ccp-parastyle=\"Normal0\">afterwork<\/span><span class=\"NormalTextRun SCXW50549535 BCX0\" data-ccp-parastyle=\"Normal0\"> o el networking que tienes previsto? <\/strong><strong>\u00a1Con una vista de estas sin duda podr\u00e1s f\u00e1cilmente hacer negocios!<\/strong><\/p>\n<\/div>\n\t\t\t\t\t\t\t\t\t\t\t\t\t\t\t\t\t\t\t\t\t\t\t\t<p class=\"m-0\"><img decoding=\"async\" src=\"https:\/\/www.myallmeeting.com\/wp-content\/uploads\/2021\/11\/5978-52-633x398.jpg\" class=\"position-relative l-0\" width=\"633\" height=\"398\" alt=\"\" loading=\"lazy\" \/><\/p>\n\t\t\t\t\t\t\t\t\t\t\t<\/div>\n\t\t\t\t<\/div>\n\t\t\t<\/div>\n\t\t<\/div>\n\t<\/div>\n\t<div class=\"tcta2ia__bottom d-lg-none pb-12 py-lg-9 pe-lg-10\">\n\t\t\t\t<div class=\"h2 fs-20 fs-lg-32 fw-semibold\">Novotel Madrid City Las Ventas<\/div>\n\t\t\t\t\t\t<div class=\"fs-wysiwyg\"><h3><\/h3>\n<h3><strong>Un balc\u00f3n sobre Madrid<\/strong><\/h3>\n<p><span data-contrast=\"none\" xml:lang=\"FR-FR\" lang=\"FR-FR\" class=\"TextRun SCXW267022255 BCX0\"><span class=\"NormalTextRun SCXW267022255 BCX0\" data-ccp-parastyle=\"Normal0\" data-ccp-parastyle-defn=\"{&quot;ObjectId&quot;:&quot;0dd0ce05-9842-4548-95bf-11b990d27099|195&quot;,&quot;ClassId&quot;:1073872969,&quot;Properties&quot;:[469775450,&quot;Normal0\" 201340122=\"\" quot=\"\" 2=\"\" 134234082=\"\" true=\"\" 134233614=\"\" 469778129=\"\" normal0=\"\" 335572020=\"\" 1=\"\" 469777841=\"\" calibri=\"\" 469777842=\"\" 469777843=\"\" 469777844=\"\" 469769226=\"\" 268442635=\"\" 22=\"\" 335559704=\"\" 1025=\"\" 335559705=\"\" 1041=\"\" 335551547=\"\" 1036=\"\" 335559740=\"\" 259=\"\" 201341983=\"\" 0=\"\" 335559739=\"\" 160=\"\">Adem\u00e1s de sus ocho salas de reuniones modulares con capacidad para unas 150 personas, el <\/span><a href=\"https:\/\/myallmeeting.com\/es\/hotel\/0843-novotel-madrid-city-las-ventas\/\"><strong>Novotel Madrid City Las Ventas<\/strong><\/a> <span data-contrast=\"none\" xml:lang=\"FR-FR\" lang=\"FR-FR\" class=\"TextRun SCXW267022255 BCX0\"><span class=\"NormalTextRun SCXW267022255 BCX0\" data-ccp-parastyle=\"Normal0\"> dispone de una terraza con jard\u00edn y piscina. Es el lugar ideal para reuniones o sesiones de networking. Podr\u00e1s disfrutar <strong>de su magn\u00edfica vista de la capital<\/strong>, como tambi\u00e9n de la gastronom\u00eda del restaurante <\/span>Insolito<\/span><strong>* de inspiraci\u00f3n mediterr\u00e1nea, que ofrece platos equilibrados, y que se especializa en cocina al carb\u00f3n.<\/strong> <span data-contrast=\"none\" xml:lang=\"FR-FR\" lang=\"FR-FR\" class=\"TextRun SCXW267022255 BCX0\"><span class=\"NormalTextRun SCXW267022255 BCX0\" data-ccp-parastyle=\"Normal0\"> El restaurante est\u00e1 dirigido por el chef <\/span>Tyto Blanco.<\/span><span class=\"EOP SCXW267022255 BCX0\" data-ccp-props=\"{&quot;201341983\" :0=\"\" 35557856=\"\" :16119028=\"\" :165=\"\" :240=\"\">\u00a0<\/span><\/span><\/p>\n<\/div>\n\t\t\t\t<div class=\"d-flex flex-column flex-lg-row align-items-center gap-5 gap-lg-8 justify-content-between\">\n\t\t\t<div class=\"fs-20 fs-lg-26 fw-semibold lh-xs\"><\/div>\n\t\t\t\t\t<\/div>\n\t<\/div>\n<\/div>\n<!-- END OF : Composant : block-periscope-theme-section-composant-25-texte-cta-2-images.php -->\n\n\n<!-- START OF : Composant : block-periscope-theme-section-composant-33-texte-image.php -->\n<div class=\"text-image fs-wysiwyg mb-8 mb-lg-12\" data-component=\"33-texte-image\">\n\t<div class=\"container-fluid\" style=\"--bs-gutter-x: 0\">\n\t\t<div class=\"row\" style=\"--bs-gutter-x: 0\">\n\t\t\t\t\t\t<div class=\"col-lg-6 mb-7 mb-lg-0\">\n\t\t\t\t<img decoding=\"async\" src=\"https:\/\/www.myallmeeting.com\/wp-content\/uploads\/2021\/11\/sotogrande-7-953x600.jpg\" width=\"953\" height=\"600\" alt=\"\" loading=\"lazy\" class=\"w-100\" \/>\n\t\t\t<\/div>\n\t\t\t\t\t\t<div class=\"col-lg-6\">\n\t\t\t\t<div class=\"text-image__content\">\n\t\t\t\t\t\t\t\t\t\t<div class=\"fw-semibold lh-xs fs-20 fs-lg-32 ls--25 mb-5\">SO\/ Sotogrande<\/div>\n\t\t\t\t\t\t\t\t\t\t\t\t\t\t\t<div class=\"fs-wysiwyg\">\n\t\t\t\t\t\t<h3 aria-level=\"4\"><\/h3>\n<h3 aria-level=\"4\"><b><span data-contrast=\"none\">Un refugio discreto en Sotogrande<\/span><\/b><span data-ccp-props=\"{&quot;201341983\" :0=\"\" 35557856=\"\" :16119028=\"\" :165=\"\" :240=\"\">\u00a0<\/span><\/h3>\n<p aria-level=\"4\"><span data-contrast=\"none\">\u00bfConoces ya las tres terrazas con piscina del nuevo <a href=\"https:\/\/myallmeeting.com\/es\/hotel\/b6v6-so-sotogrande-ouverture-juillet-2021\/\"><strong>SO\/Sotogrande<\/strong> <\/a><span data-contrast=\"none\" xml:lang=\"FR-FR\" lang=\"FR-FR\" class=\"TextRun SCXW267022255 BCX0\"><span class=\"NormalTextRun SCXW267022255 BCX0\" data-ccp-parastyle=\"Normal0\"> con sus vistas panor\u00e1micas del Mediterr\u00e1neo y los 70.000 metros cuadrados de \u00e1reas verdes que lo rodean? <strong>Sus espect\u00e1culos acu\u00e1ticos de luz y sonido a cargo de artistas<\/strong> a\u00f1adir\u00e1n un elemento sorpresa a tu evento mientras que tus participantes disfrutan de un c\u00f3ctel o de la cena desde sus sof\u00e1s. <\/span><\/span><\/span><\/p>\n<p><span data-contrast=\"none\" xml:lang=\"FR-FR\" lang=\"FR-FR\" class=\"TextRun SCXW267022255 BCX0\"><span class=\"NormalTextRun SCXW267022255 BCX0\" data-ccp-parastyle=\"Normal0\">All\u00ed podr\u00e1s organizar acomodando el mobiliario y las instalaciones <strong>una fiesta al aire libre en la piscina organizar un desfile<\/strong> o hacer una inolvidable presentaci\u00f3n de un nuevo producto. La sala de conferencias tambi\u00e9n cuenta con terraza y\u2026 \u00bfQuieres otra sorpresa? Los participantes se sentir\u00e1n como en casa <strong>gracias a tres pisos de suites privadas reservadas para eventos relajantes<\/strong> que podr\u00e1n combinar espacio interior y terraza sin olvidar la presencia de un DJ que amenizar\u00e1 la velada.<\/span><span class=\"EOP SCXW267022255 BCX0\" data-ccp-props=\"{&quot;201341983\" :0=\"\" 35557856=\"\" :16119028=\"\" :165=\"\" :240=\"\">\u00a0<\/span><\/span><\/p>\n\t\t\t\t\t<\/div>\n\t\t\t\t\t\t\t\t\t<\/div>\n\t\t\t<\/div>        \n\t\t<\/div>\n\t<\/div>\n<\/div>\n<!-- END OF : Composant : block-periscope-theme-section-composant-33-texte-image.php -->\n\n\n<!-- START OF : Composant : block-periscope-theme-section-composant-33-texte-image.php -->\n<!-- INVERSE -->\n<div class=\"text-image fs-wysiwyg mb-8 mb-lg-12\" data-component=\"33-texte-image\" data-reverse=\"oui\">\n\t<div class=\"container-fluid\" style=\"--bs-gutter-x: 0\">\n\t\t<div class=\"row\" style=\"--bs-gutter-x: 0\">\n\t\t\t<div class=\"col-lg-6\">\n\t\t\t\t<div class=\"text-image__content\">\n\t\t\t\t\t\t\t\t\t\t<div class=\"fw-semibold lh-xs fs-20 fs-lg-32 ls--25 mb-5\">Sofitel Roma Villa Borghese<\/div>\n\t\t\t\t\t\t\t\t\t\t\t\t\t\t\t<div class=\"fs-wysiwyg\">\n\t\t\t\t\t\t<h3 aria-level=\"4\"><\/h3>\n<h3 aria-level=\"4\"><strong>Sobrevolando Roma<\/strong><\/h3>\n<p aria-level=\"4\">Situada por encima de los palacios romanos, la terraza del <a href=\"https:\/\/myallmeeting.com\/es\/hotel\/1312-sofitel-roma-villa-borghese\/\"><strong>Sofitel Roma Villa Borghese<\/strong><\/a> <span data-contrast=\"none\" xml:lang=\"FR-FR\" lang=\"FR-FR\" class=\"TextRun SCXW267022255 BCX0\"><span class=\"NormalTextRun SCXW267022255 BCX0\" data-ccp-parastyle=\"Normal0\"> te da la sensaci\u00f3n de estar sobrevolando Roma con una vista que se extiende hasta la Bas\u00edlica de San Pedro. Nos da la bienvenida en un ambiente lleno de vegetaci\u00f3n y colores, con una atm\u00f3sfera sofisticada gracias al dise\u00f1ador franc\u00e9s Jean-Philippe Nuel, que llev\u00f3 a cabo la renovaci\u00f3n del hotel.<\/span><\/span><\/p>\n<p><span data-contrast=\"none\" xml:lang=\"FR-FR\" lang=\"FR-FR\" class=\"TextRun SCXW267022255 BCX0\"><span class=\"NormalTextRun SCXW267022255 BCX0\" data-ccp-parastyle=\"Normal0\">Sus c\u00f3cteles son incre\u00edbles y la carta del restaurante Settimo dirigido por el chef Giuseppe D&#8217;Alessio har\u00e1 las delicias de tus participantes gracias a <strong>sabores de la mejor tradici\u00f3n italiana combinados con el sabor de las t\u00e9cnicas modernas<\/strong>. Realmente dan ganas \u00bfverdad?<\/span><span class=\"EOP SCXW267022255 BCX0\" data-ccp-props=\"{&quot;201341983\" :0=\"\" 35557856=\"\" :16119028=\"\" :165=\"\" :240=\"\">\u00a0<\/span><\/span><\/p>\n\t\t\t\t\t<\/div>\n\t\t\t\t\t\t\t\t\t<\/div>\n\t\t\t<\/div>    \n\t\t\t    \n\t\t\t<div class=\"col-lg-6 order-first order-lg-last mb-7 mb-lg-0\">\n\t\t\t\t<img decoding=\"async\" src=\"https:\/\/www.myallmeeting.com\/wp-content\/uploads\/2021\/11\/Sofitel-Roma-Villa-Borghese-2-953x600.jpg\" width=\"953\" height=\"600\" alt=\"\" loading=\"lazy\" class=\"w-100\" \/>\n\t\t\t<\/div>\n\t\t\t\t\t<\/div>\n\t<\/div>\n<\/div>\n<!-- END OF : Composant : block-periscope-theme-section-composant-33-texte-image.php -->\n\n\n<!-- START OF : Composant : block-periscope-theme-section-composant-33-texte-image.php -->\n<div class=\"text-image fs-wysiwyg mb-8 mb-lg-12\" data-component=\"33-texte-image\">\n\t<div class=\"container-fluid\" style=\"--bs-gutter-x: 0\">\n\t\t<div class=\"row\" style=\"--bs-gutter-x: 0\">\n\t\t\t\t\t\t<div class=\"col-lg-6 mb-7 mb-lg-0\">\n\t\t\t\t<img decoding=\"async\" src=\"https:\/\/www.myallmeeting.com\/wp-content\/uploads\/2021\/11\/Romacolosseo2.jpg\" width=\"953\" height=\"600\" alt=\"\" loading=\"lazy\" class=\"w-100\" \/>\n\t\t\t<\/div>\n\t\t\t\t\t\t<div class=\"col-lg-6\">\n\t\t\t\t<div class=\"text-image__content\">\n\t\t\t\t\t\t\t\t\t\t<div class=\"fw-semibold lh-xs fs-20 fs-lg-32 ls--25 mb-5\">Mercure Roma Centro Colosseo<\/div>\n\t\t\t\t\t\t\t\t\t\t\t\t\t\t\t<div class=\"fs-wysiwyg\">\n\t\t\t\t\t\t<h3 aria-level=\"4\"><\/h3>\n<h3 aria-level=\"4\"><strong>Casi dentro del Coliseo<\/strong><\/h3>\n<p aria-level=\"4\">El epicentro de la elegancia en Roma se encuentra en la terraza de este hotel equipada igualmente con una piscina panor\u00e1mica en el <a href=\"https:\/\/myallmeeting.com\/es\/hotel\/2909-mercure-rome-centre-colisee\/\"><strong>Mercure Roma Centro Colosseo<\/strong><\/a>. <span data-contrast=\"none\" xml:lang=\"FR-FR\" lang=\"FR-FR\" class=\"TextRun SCXW267022255 BCX0\"><span class=\"NormalTextRun SCXW267022255 BCX0\" data-ccp-parastyle=\"Normal0\"><\/span><\/span><span data-contrast=\"none\"> Es <\/span><b><span data-contrast=\"none\">extraordinario<\/span><\/b><span data-contrast=\"none\">\u202fy te ofrece\u202f<\/span><b><span data-contrast=\"none\">la mejor vista de los principales sitios arqueol\u00f3gicos de la ciudad, entre ellos el majestuoso Coliseo<\/span><\/b><span data-contrast=\"none\">\u202fque queda justo enfrente del hotel, un lugar \u00fanico para fotograf\u00edas m\u00e1gicas. El hotel, en el centro de la ciudad, tambi\u00e9n est\u00e1 cerca de otros sitios hist\u00f3ricos: el Foro Romano, la Bas\u00edlica de San Juan de Letr\u00e1n o los Mercados de Trajano.<\/span><span data-ccp-props=\"{&quot;134233117&quot;:true,&quot;134233118&quot;:true,&quot;201341983&quot;:0,&quot;335551550&quot;:6,&quot;335551620&quot;:6,&quot;335557856&quot;:16119028,&quot;335559738&quot;:165,&quot;335559739&quot;:165,&quot;335559740&quot;:240}\">\u00a0<\/span><\/p>\n<p aria-level=\"4\"><span data-contrast=\"none\">Este hotel, con su estilo moderno y su dise\u00f1o contempor\u00e1neo, ofrece la mayor comodidad a sus hu\u00e9spedes.\u202f<\/span><b><span data-contrast=\"none\">Su terraza, <\/span><\/b><span data-contrast=\"none\">situada estrat\u00e9gicamente,<\/span><b><span data-contrast=\"none\"> se adapta perfectamente a cualquier evento,<\/span><\/b><span data-contrast=\"none\">\u202fy el <\/span><i><span data-contrast=\"none\">bar de la piscina<\/span><\/i><span data-contrast=\"none\"> es uno de los m\u00e1s concurridos los fines de semana. Te ofrece el escenario ideal para una viaje de negocios.<\/span><span data-ccp-props=\"{&quot;134233117&quot;:true,&quot;134233118&quot;:true,&quot;201341983&quot;:0,&quot;335551550&quot;:6,&quot;335551620&quot;:6,&quot;335557856&quot;:16119028,&quot;335559738&quot;:165,&quot;335559739&quot;:165,&quot;335559740&quot;:240}\">\u00a0<\/span><\/p>\n\t\t\t\t\t<\/div>\n\t\t\t\t\t\t\t\t\t<\/div>\n\t\t\t<\/div>        \n\t\t<\/div>\n\t<\/div>\n<\/div>\n<!-- END OF : Composant : block-periscope-theme-section-composant-33-texte-image.php -->\n\n\n<!-- START OF : Composant : block-periscope-theme-section-composant-33-texte-image.php -->\n<!-- INVERSE -->\n<div class=\"text-image fs-wysiwyg mb-8 mb-lg-12\" data-component=\"33-texte-image\" data-reverse=\"oui\">\n\t<div class=\"container-fluid\" style=\"--bs-gutter-x: 0\">\n\t\t<div class=\"row\" style=\"--bs-gutter-x: 0\">\n\t\t\t<div class=\"col-lg-6\">\n\t\t\t\t<div class=\"text-image__content\">\n\t\t\t\t\t\t\t\t\t\t<div class=\"fw-semibold lh-xs fs-20 fs-lg-32 ls--25 mb-5\">Mercure San Sebasti\u00e1n Monte Igueldo<\/div>\n\t\t\t\t\t\t\t\t\t\t\t\t\t\t\t<div class=\"fs-wysiwyg\">\n\t\t\t\t\t\t<h3 aria-level=\"4\"><\/h3>\n<h3 aria-level=\"4\"><b><span data-contrast=\"none\">En la Bah\u00eda de La Concha<\/span><\/b><span data-ccp-props=\"{&quot;134233117&quot;:true,&quot;134233118&quot;:true,&quot;201341983&quot;:0,&quot;335557856&quot;:16119028,&quot;335559738&quot;:165,&quot;335559739&quot;:165,&quot;335559740&quot;:240}\">\u00a0<\/span><\/h3>\n<p aria-level=\"4\"><span data-contrast=\"none\">En lo alto de la monta\u00f1a que le da el nombre al establecimiento, y con la Bah\u00eda de La Concha a sus pies, la terraza con piscina del <\/span><a href=\"https:\/\/myallmeeting.com\/es\/hotel\/1987-mercure-san-sebastian-monte-igueldo\/\"><b><span data-contrast=\"none\">Hotel Mercure San Sebasti\u00e1n Monte Igueldo<\/span><\/b><\/a><span data-contrast=\"none\">\u202fes un s\u00edmbolo de San Sebasti\u00e1n.\u202f<\/span><b><span data-contrast=\"none\">Est\u00e1 conectado con la ciudad gracias a un telef\u00e9rico centenario,<\/span><\/b><span data-contrast=\"none\">\u202fque es uno de los atractivos tur\u00edsticos del lugar.<\/span><span data-ccp-props=\"{&quot;134233117&quot;:true,&quot;134233118&quot;:true,&quot;201341983&quot;:0,&quot;335551550&quot;:6,&quot;335551620&quot;:6,&quot;335557856&quot;:16119028,&quot;335559738&quot;:165,&quot;335559739&quot;:165,&quot;335559740&quot;:240}\">\u00a0<\/span><\/p>\n<p aria-level=\"4\"><b><span data-contrast=\"none\">Es el lugar perfecto para cualquier reuni\u00f3n o c\u00f3ctel.<\/span><\/b><span data-contrast=\"none\">\u2026 pero tambi\u00e9n para talleres, degustaciones, desfiles o gymkhanas, que finalicen en el parque de atracciones al lado del hotel. \u00bfY por qu\u00e9 no acompa\u00f1arlo con un grupo de jazz y un saxofonista que en la terraza amenizar\u00e1n el rato a los participantes?\u00a0<\/span><span data-ccp-props=\"{&quot;134233117&quot;:true,&quot;134233118&quot;:true,&quot;201341983&quot;:0,&quot;335551550&quot;:6,&quot;335551620&quot;:6,&quot;335557856&quot;:16119028,&quot;335559738&quot;:165,&quot;335559739&quot;:165,&quot;335559740&quot;:240}\">\u00a0<\/span><\/p>\n\t\t\t\t\t<\/div>\n\t\t\t\t\t\t\t\t\t<\/div>\n\t\t\t<\/div>    \n\t\t\t    \n\t\t\t<div class=\"col-lg-6 order-first order-lg-last mb-7 mb-lg-0\">\n\t\t\t\t<img decoding=\"async\" src=\"https:\/\/www.myallmeeting.com\/wp-content\/uploads\/2022\/06\/5728-43-mod.jpg\" width=\"953\" height=\"600\" alt=\"Mercure San Sebastian Monte Igueldo -Accor Group - My ALL Meeting\" loading=\"lazy\" class=\"w-100\" \/>\n\t\t\t<\/div>\n\t\t\t\t\t<\/div>\n\t<\/div>\n<\/div>\n<!-- END OF : Composant : block-periscope-theme-section-composant-33-texte-image.php -->\n\n\n<!-- START OF : Composant : block-periscope-theme-section-composant-33-texte-image.php -->\n<div class=\"text-image fs-wysiwyg mb-8 mb-lg-12\" data-component=\"33-texte-image\">\n\t<div class=\"container-fluid\" style=\"--bs-gutter-x: 0\">\n\t\t<div class=\"row\" style=\"--bs-gutter-x: 0\">\n\t\t\t\t\t\t<div class=\"col-lg-6 mb-7 mb-lg-0\">\n\t\t\t\t<img decoding=\"async\" src=\"https:\/\/www.myallmeeting.com\/wp-content\/uploads\/2022\/04\/3261-55-1.jpg\" width=\"953\" height=\"600\" alt=\"\" loading=\"lazy\" class=\"w-100\" \/>\n\t\t\t<\/div>\n\t\t\t\t\t\t<div class=\"col-lg-6\">\n\t\t\t\t<div class=\"text-image__content\">\n\t\t\t\t\t\t\t\t\t\t<div class=\"fw-semibold lh-xs fs-20 fs-lg-32 ls--25 mb-5\">Novotel Barcelona City<\/div>\n\t\t\t\t\t\t\t\t\t\t\t\t\t\t\t<div class=\"fs-wysiwyg\">\n\t\t\t\t\t\t<h3 aria-level=\"4\"><\/h3>\n<h3 aria-level=\"4\"><strong>Vista de 360 grados de Barcelona<\/strong><\/h3>\n<p aria-level=\"4\"><span data-contrast=\"none\">En el piso diecinueve de\u202f<\/span><a href=\"https:\/\/myallmeeting.com\/es\/hotel\/5560-novotel-barcelona-city\/\"><b><span data-contrast=\"none\">Novotel Barcelona City<\/span><\/b><\/a><span data-contrast=\"none\"> sentir\u00e1s que puedes tocar la Iglesia de la Sagrada Familia con la punta de tus dedos.\u202f<\/span><b><span data-contrast=\"none\">Este lugar excepcional<\/span><\/b><span data-contrast=\"none\">\u202fte permite contemplar la ciudad de Barcelona como ning\u00fan otro lugar,\u202f<\/span><b><span data-contrast=\"none\">gracias a una vista de 360 grados.<\/span><\/b><span data-contrast=\"none\">\u202fA cualquier hora del d\u00eda tienes el \u00e9xito garantizado. Es f\u00e1cil disfrutar de un c\u00f3ctel tras otro, mientras te relajas en los sof\u00e1s del sal\u00f3n o te refrescas en la piscina.<\/span><span data-ccp-props=\"{&quot;134233117&quot;:true,&quot;134233118&quot;:true,&quot;201341983&quot;:0,&quot;335551550&quot;:6,&quot;335551620&quot;:6,&quot;335557856&quot;:16119028,&quot;335559738&quot;:165,&quot;335559739&quot;:165,&quot;335559740&quot;:240}\">\u00a0<\/span><\/p>\n<p aria-level=\"4\"><span data-contrast=\"none\">Pero no vas a pasar hambre\u2026 No olvides probar las tradicionales tapas,\u202f<\/span><b><span data-contrast=\"none\">\u00a1siempre preparadas con los mejores ingredientes!<\/span><\/b><span data-contrast=\"none\">\u202fTampoco te pierdas las sesiones programadas de m\u00fasica en vivo o las clases de yoga, ideales\u202f<\/span><b><span data-contrast=\"none\">para llevar algo de relax a tu evento o reuni\u00f3n.<\/span><\/b><span data-ccp-props=\"{&quot;134233117&quot;:true,&quot;134233118&quot;:true,&quot;201341983&quot;:0,&quot;335551550&quot;:6,&quot;335551620&quot;:6,&quot;335557856&quot;:16119028,&quot;335559738&quot;:165,&quot;335559739&quot;:165,&quot;335559740&quot;:240}\">\u00a0<\/span><\/p>\n\t\t\t\t\t<\/div>\n\t\t\t\t\t\t\t\t\t<\/div>\n\t\t\t<\/div>        \n\t\t<\/div>\n\t<\/div>\n<\/div>\n<!-- END OF : Composant : block-periscope-theme-section-composant-33-texte-image.php -->\n","protected":false},"excerpt":{"rendered":"","protected":false},"featured_media":15964828,"menu_order":0,"template":"","periscope_categorie_tax":[3552],"class_list":["post-16036455","article","type-article","status-publish","has-post-thumbnail","hentry","periscope_categorie_tax-tous-nos-tops-selections-es"],"acf":[],"yoast_head":"<title>Placer y negocios en nuestras terrazas, con las m\u00e1s bellas vistas del Sur de Europa - Accor MyAllMeeting.com<\/title>\n<meta name=\"robots\" content=\"index, follow, max-snippet:-1, max-image-preview:large, max-video-preview:-1\" \/>\n<link rel=\"canonical\" href=\"https:\/\/www.myallmeeting.com\/es\/wp-json\/wp\/v2\/article\/16036455\" \/>\n<meta property=\"og:locale\" content=\"es_ES\" \/>\n<meta property=\"og:type\" content=\"article\" \/>\n<meta property=\"og:title\" content=\"Placer y negocios en nuestras terrazas, con las m\u00e1s bellas vistas del Sur de Europa - Accor MyAllMeeting.com\" \/>\n<meta property=\"og:url\" content=\"https:\/\/www.myallmeeting.com\/es\/article\/placer-y-negocios-en-nuestras-terrazas-con-las-mas-bellas-vistas-del-sur-de-europa\/\" \/>\n<meta property=\"og:site_name\" content=\"Accor MyAllMeeting.com\" \/>\n<meta property=\"article:modified_time\" content=\"2024-07-16T12:45:33+00:00\" \/>\n<meta property=\"og:image\" content=\"https:\/\/www.myallmeeting.com\/wp-content\/uploads\/2021\/11\/MAM-imagery-1920-x-570-px-2.png\" \/>\n\t<meta property=\"og:image:width\" content=\"1920\" \/>\n\t<meta property=\"og:image:height\" content=\"570\" \/>\n\t<meta property=\"og:image:type\" content=\"image\/png\" \/>\n<meta name=\"twitter:card\" content=\"summary_large_image\" \/>\n<meta name=\"twitter:label1\" content=\"Est. reading time\" \/>\n\t<meta name=\"twitter:data1\" content=\"7 minutes\" \/>\n<script type=\"application\/ld+json\" class=\"yoast-schema-graph\">{\"@context\":\"https:\/\/schema.org\",\"@graph\":[{\"@type\":\"WebPage\",\"@id\":\"https:\/\/www.myallmeeting.com\/es\/article\/placer-y-negocios-en-nuestras-terrazas-con-las-mas-bellas-vistas-del-sur-de-europa\/\",\"url\":\"https:\/\/www.myallmeeting.com\/es\/article\/placer-y-negocios-en-nuestras-terrazas-con-las-mas-bellas-vistas-del-sur-de-europa\/\",\"name\":\"Placer y negocios en nuestras terrazas, con las m\u00e1s bellas vistas del Sur de Europa - Accor MyAllMeeting.com\",\"isPartOf\":{\"@id\":\"https:\/\/www.myallmeeting.com\/es\/#website\"},\"primaryImageOfPage\":{\"@id\":\"https:\/\/www.myallmeeting.com\/es\/article\/placer-y-negocios-en-nuestras-terrazas-con-las-mas-bellas-vistas-del-sur-de-europa\/#primaryimage\"},\"image\":{\"@id\":\"https:\/\/www.myallmeeting.com\/es\/article\/placer-y-negocios-en-nuestras-terrazas-con-las-mas-bellas-vistas-del-sur-de-europa\/#primaryimage\"},\"thumbnailUrl\":\"https:\/\/www.myallmeeting.com\/wp-content\/uploads\/2021\/11\/MAM-imagery-1920-x-570-px-2.png\",\"datePublished\":\"2021-11-12T09:27:57+00:00\",\"dateModified\":\"2024-07-16T12:45:33+00:00\",\"breadcrumb\":{\"@id\":\"https:\/\/www.myallmeeting.com\/es\/article\/placer-y-negocios-en-nuestras-terrazas-con-las-mas-bellas-vistas-del-sur-de-europa\/#breadcrumb\"},\"inLanguage\":\"es-ES\",\"potentialAction\":[{\"@type\":\"ReadAction\",\"target\":[\"https:\/\/www.myallmeeting.com\/es\/article\/placer-y-negocios-en-nuestras-terrazas-con-las-mas-bellas-vistas-del-sur-de-europa\/\"]}]},{\"@type\":\"ImageObject\",\"inLanguage\":\"es-ES\",\"@id\":\"https:\/\/www.myallmeeting.com\/es\/article\/placer-y-negocios-en-nuestras-terrazas-con-las-mas-bellas-vistas-del-sur-de-europa\/#primaryimage\",\"url\":\"https:\/\/www.myallmeeting.com\/wp-content\/uploads\/2021\/11\/MAM-imagery-1920-x-570-px-2.png\",\"contentUrl\":\"https:\/\/www.myallmeeting.com\/wp-content\/uploads\/2021\/11\/MAM-imagery-1920-x-570-px-2.png\",\"width\":1920,\"height\":570},{\"@type\":\"BreadcrumbList\",\"@id\":\"https:\/\/www.myallmeeting.com\/es\/article\/placer-y-negocios-en-nuestras-terrazas-con-las-mas-bellas-vistas-del-sur-de-europa\/#breadcrumb\",\"itemListElement\":[{\"@type\":\"ListItem\",\"position\":1,\"name\":\"P\u00e1gina principal\",\"item\":\"https:\/\/myallmeeting.com\/es\/\"},{\"@type\":\"ListItem\",\"position\":2,\"name\":\"Noticias\",\"item\":\"https:\/\/www.myallmeeting.com\/es\/noticias\/\"},{\"@type\":\"ListItem\",\"position\":3,\"name\":\"Placer y negocios en nuestras terrazas, con las m\u00e1s bellas vistas del Sur de Europa\"}]},{\"@type\":\"WebSite\",\"@id\":\"https:\/\/www.myallmeeting.com\/es\/#website\",\"url\":\"https:\/\/www.myallmeeting.com\/es\/\",\"name\":\"Accor MyAllMeeting.com\",\"description\":\"Les Meilleurs lieux pour vos Ev\u00e9nements Professionnels\",\"publisher\":{\"@id\":\"https:\/\/www.myallmeeting.com\/es\/#organization\"},\"potentialAction\":[{\"@type\":\"SearchAction\",\"target\":{\"@type\":\"EntryPoint\",\"urlTemplate\":\"https:\/\/www.myallmeeting.com\/es\/?s={search_term_string}\"},\"query-input\":{\"@type\":\"PropertyValueSpecification\",\"valueRequired\":true,\"valueName\":\"search_term_string\"}}],\"inLanguage\":\"es-ES\"},{\"@type\":\"Organization\",\"@id\":\"https:\/\/www.myallmeeting.com\/es\/#organization\",\"name\":\"ACCOR\",\"url\":\"https:\/\/www.myallmeeting.com\/es\/\",\"logo\":{\"@type\":\"ImageObject\",\"inLanguage\":\"es-ES\",\"@id\":\"https:\/\/www.myallmeeting.com\/es\/#\/schema\/logo\/image\/\",\"url\":\"\",\"contentUrl\":\"\",\"caption\":\"ACCOR\"},\"image\":{\"@id\":\"https:\/\/www.myallmeeting.com\/es\/#\/schema\/logo\/image\/\"}}]}<\/script>","yoast_head_json":{"title":"Placer y negocios en nuestras terrazas, con las m\u00e1s bellas vistas del Sur de Europa - Accor MyAllMeeting.com","robots":{"index":"index","follow":"follow","max-snippet":"max-snippet:-1","max-image-preview":"max-image-preview:large","max-video-preview":"max-video-preview:-1"},"canonical":"https:\/\/www.myallmeeting.com\/es\/wp-json\/wp\/v2\/article\/16036455","og_locale":"es_ES","og_type":"article","og_title":"Placer y negocios en nuestras terrazas, con las m\u00e1s bellas vistas del Sur de Europa - Accor MyAllMeeting.com","og_url":"https:\/\/www.myallmeeting.com\/es\/article\/placer-y-negocios-en-nuestras-terrazas-con-las-mas-bellas-vistas-del-sur-de-europa\/","og_site_name":"Accor MyAllMeeting.com","article_modified_time":"2024-07-16T12:45:33+00:00","og_image":[{"width":1920,"height":570,"url":"https:\/\/www.myallmeeting.com\/wp-content\/uploads\/2021\/11\/MAM-imagery-1920-x-570-px-2.png","type":"image\/png"}],"twitter_card":"summary_large_image","twitter_misc":{"Est. reading time":"7 minutes"},"schema":{"@context":"https:\/\/schema.org","@graph":[{"@type":"WebPage","@id":"https:\/\/www.myallmeeting.com\/es\/article\/placer-y-negocios-en-nuestras-terrazas-con-las-mas-bellas-vistas-del-sur-de-europa\/","url":"https:\/\/www.myallmeeting.com\/es\/article\/placer-y-negocios-en-nuestras-terrazas-con-las-mas-bellas-vistas-del-sur-de-europa\/","name":"Placer y negocios en nuestras terrazas, con las m\u00e1s bellas vistas del Sur de Europa - Accor MyAllMeeting.com","isPartOf":{"@id":"https:\/\/www.myallmeeting.com\/es\/#website"},"primaryImageOfPage":{"@id":"https:\/\/www.myallmeeting.com\/es\/article\/placer-y-negocios-en-nuestras-terrazas-con-las-mas-bellas-vistas-del-sur-de-europa\/#primaryimage"},"image":{"@id":"https:\/\/www.myallmeeting.com\/es\/article\/placer-y-negocios-en-nuestras-terrazas-con-las-mas-bellas-vistas-del-sur-de-europa\/#primaryimage"},"thumbnailUrl":"https:\/\/www.myallmeeting.com\/wp-content\/uploads\/2021\/11\/MAM-imagery-1920-x-570-px-2.png","datePublished":"2021-11-12T09:27:57+00:00","dateModified":"2024-07-16T12:45:33+00:00","breadcrumb":{"@id":"https:\/\/www.myallmeeting.com\/es\/article\/placer-y-negocios-en-nuestras-terrazas-con-las-mas-bellas-vistas-del-sur-de-europa\/#breadcrumb"},"inLanguage":"es-ES","potentialAction":[{"@type":"ReadAction","target":["https:\/\/www.myallmeeting.com\/es\/article\/placer-y-negocios-en-nuestras-terrazas-con-las-mas-bellas-vistas-del-sur-de-europa\/"]}]},{"@type":"ImageObject","inLanguage":"es-ES","@id":"https:\/\/www.myallmeeting.com\/es\/article\/placer-y-negocios-en-nuestras-terrazas-con-las-mas-bellas-vistas-del-sur-de-europa\/#primaryimage","url":"https:\/\/www.myallmeeting.com\/wp-content\/uploads\/2021\/11\/MAM-imagery-1920-x-570-px-2.png","contentUrl":"https:\/\/www.myallmeeting.com\/wp-content\/uploads\/2021\/11\/MAM-imagery-1920-x-570-px-2.png","width":1920,"height":570},{"@type":"BreadcrumbList","@id":"https:\/\/www.myallmeeting.com\/es\/article\/placer-y-negocios-en-nuestras-terrazas-con-las-mas-bellas-vistas-del-sur-de-europa\/#breadcrumb","itemListElement":[{"@type":"ListItem","position":1,"name":"P\u00e1gina principal","item":"https:\/\/myallmeeting.com\/es\/"},{"@type":"ListItem","position":2,"name":"Noticias","item":"https:\/\/www.myallmeeting.com\/es\/noticias\/"},{"@type":"ListItem","position":3,"name":"Placer y negocios en nuestras terrazas, con las m\u00e1s bellas vistas del Sur de Europa"}]},{"@type":"WebSite","@id":"https:\/\/www.myallmeeting.com\/es\/#website","url":"https:\/\/www.myallmeeting.com\/es\/","name":"Accor MyAllMeeting.com","description":"Les Meilleurs lieux pour vos Ev\u00e9nements Professionnels","publisher":{"@id":"https:\/\/www.myallmeeting.com\/es\/#organization"},"potentialAction":[{"@type":"SearchAction","target":{"@type":"EntryPoint","urlTemplate":"https:\/\/www.myallmeeting.com\/es\/?s={search_term_string}"},"query-input":{"@type":"PropertyValueSpecification","valueRequired":true,"valueName":"search_term_string"}}],"inLanguage":"es-ES"},{"@type":"Organization","@id":"https:\/\/www.myallmeeting.com\/es\/#organization","name":"ACCOR","url":"https:\/\/www.myallmeeting.com\/es\/","logo":{"@type":"ImageObject","inLanguage":"es-ES","@id":"https:\/\/www.myallmeeting.com\/es\/#\/schema\/logo\/image\/","url":"","contentUrl":"","caption":"ACCOR"},"image":{"@id":"https:\/\/www.myallmeeting.com\/es\/#\/schema\/logo\/image\/"}}]}},"_links":{"self":[{"href":"https:\/\/www.myallmeeting.com\/es\/wp-json\/wp\/v2\/article\/16036455","targetHints":{"allow":["GET"]}}],"collection":[{"href":"https:\/\/www.myallmeeting.com\/es\/wp-json\/wp\/v2\/article"}],"about":[{"href":"https:\/\/www.myallmeeting.com\/es\/wp-json\/wp\/v2\/types\/article"}],"wp:featuredmedia":[{"embeddable":true,"href":"https:\/\/www.myallmeeting.com\/es\/wp-json\/wp\/v2\/media\/15964828"}],"wp:attachment":[{"href":"https:\/\/www.myallmeeting.com\/es\/wp-json\/wp\/v2\/media?parent=16036455"}],"wp:term":[{"taxonomy":"periscope_categorie_tax","embeddable":true,"href":"https:\/\/www.myallmeeting.com\/es\/wp-json\/wp\/v2\/periscope_categorie_tax?post=16036455"}],"curies":[{"name":"wp","href":"https:\/\/api.w.org\/{rel}","templated":true}]}}