{"id":16036437,"date":"2022-02-24T15:36:11","date_gmt":"2022-02-24T14:36:11","guid":{"rendered":"https:\/\/myallmeeting.com\/article\/la-tete-dans-les-nuages-au-pullman-paris-montparnasse\/"},"modified":"2024-07-16T13:10:01","modified_gmt":"2024-07-16T11:10:01","slug":"el-cielo-en-pullman-paris-montparnasse","status":"publish","type":"article","link":"https:\/\/www.myallmeeting.com\/es\/article\/el-cielo-en-pullman-paris-montparnasse\/","title":{"rendered":"El cielo en Pullman Paris Montparnasse"},"content":{"rendered":"<!-- START OF : Composant : block-periscope-theme-section-composant-25-texte-cta-2-images.php -->\n<div class=\"tcta2ia bg-white fs-wysiwyg mb-lg-12\" data-component=\"25-texte-cta-2-images\">\n\t<div class=\"tcta2ia__top\">\n\t\t<div class=\"container-fluid\" style=\"--bs-gutter-x: 0\">\n\t\t\t<div class=\"row\" style=\"--bs-gutter-x: 0\">\n\t\t\t\t<div class=\"col-lg-8\">\n\t\t\t\t\t\t\t\t\t\t<div class=\"bloc-mise-en-avant__top__left\">\n\t\t\t\t\t\t<img decoding=\"async\" src=\"https:\/\/www.myallmeeting.com\/wp-content\/uploads\/2022\/02\/6409-72-1268x846.jpg\" class=\"pe-2 pe-lg-0\" width=\"1268\" height=\"846\" alt=\"\" loading=\"lazy\" \/>\n\t\t\t\t\t<\/div>\n\t\t\t\t\t\t\t\t\t\t<div class=\"tcta2ia__bottom d-none d-lg-block pb-12 pt-lg-9 pb-lg-0 pe-lg-10\">\n\t\t\t\t\t\t\t\t\t\t\t\t<h2 class=\"fs-20 fs-lg-32 fw-semibold\">Arquitectura innovadora y dise\u00f1o de vanguardia<\/h2>\n\t\t\t\t\t\t\t\t\t\t\t\t\t\t\t\t\t\t<div class=\"fs-wysiwyg\"><p><span style=\"font-weight: 400;\">El Pullman Paris Montparnasse, piedra angular de este conjunto, no dejar\u00e1 de sorprender a sus clientes habituales. Si ya reconocen f\u00e1cilmente el exterior del edificio (un aut\u00e9ntico faro en el distrito con 115 m de altura), el interior les sorprender\u00e1.<\/span><\/p>\n<p><span style=\"font-weight: 400;\">Al entrar al vest\u00edbulo, uno no puede evitar sorprenderse con <\/span><b>la est\u00e9tica vanguardista que reina en este espacio de vida moderno y urbano centrado en la innovaci\u00f3n<\/b><span style=\"font-weight: 400;\">.\u00a0<\/span><\/p>\n<p><span style=\"font-weight: 400;\">Son el d\u00fao de los dise\u00f1adores Benjamin Clarens y Yann Martin, fundadores de CUT Architectures, quienes imaginaron estos espacios abiertos que alternan <\/span><b>zonas de encuentro y descanso<\/b><span style=\"font-weight: 400;\">.\u00a0Unas l\u00edneas conc\u00e9ntricas acompa\u00f1an h\u00e1bilmente la direcci\u00f3n del movimiento de los visitantes y, a pesar de los espacios inusuales, es muy dif\u00edcil perderse: <\/span><b>todo est\u00e1 claro, perfectamente indicado<\/b><span style=\"font-weight: 400;\"> y resulta bastante intuitivo para el visitante dirigirse hacia su zona de <\/span><b>check-in espec\u00edfica<\/b><span style=\"font-weight: 400;\"> (turismo, negocios, VIP).\u00a0<\/span><\/p>\n<p><span style=\"font-weight: 400;\">Sin olvidar que ante la m\u00e1s m\u00ednima duda, los equipos del hotel est\u00e1n ah\u00ed y siempre muy atentos a los clientes.<\/span><\/p>\n<\/div>\n\t\t\t\t\t\t\t\t\t\t\t\t<div class=\"d-flex flex-column flex-lg-row align-items-center gap-5 gap-lg-8 justify-content-between\">\n\t\t\t\t\t\t\t<div class=\"fs-20 fs-lg-26 fw-semibold lh-xs\"><\/div>\n\t\t\t\t\t\t\t\t\t\t\t\t\t<\/div>\n\t\t\t\t\t<\/div>\n\t\t\t\t<\/div>\n\t\t\t\t<div class=\"col-lg-4\">\n\t\t\t\t\t<div class=\"tcta2ia__top__right t-0 r-0 bg-primary text-white pt-4 pb-4 px-2 pt-lg-8 pb-lg-16 px-lg-11 pb-xl-30\">\n\t\t\t\t\t\t\t\t\t\t\t\t\t\t\t\t\t\t<h2 class=\"unna fs-36 fs-lg-51 fs-xl-75 fs-italic fw-normal text-secondary\">El cielo en Pullman Paris Montparnasse<\/h2>\n\t\t\t\t\t\t\t\t\t\t\t\t\t\t\t\t\t\t<h3 class=\"text-white fs-18 fs-lg-20 fs-xl-28 text-original-case\">Tras un ambicioso programa de transformaci\u00f3n, el hotel Pullman m\u00e1s grande de Europa, el Pullman Paris Montparnasse abri\u00f3 sus puertas en 2021. Este extraordinario hotel de cuatro estrellas con 957 habitaciones ha sido completamente remodelado y redise\u00f1ado. La \u201cInsignia\u201d de la marca Pullman dotada de una excepcional capacidad MICE te deslumbrar\u00e1.<\/h3>\n\t\t\t\t\t\t\t\t\t\t\t\t\t\t\t\t\t\t<div class=\"fs-wysiwyg mb-4 fs-lg-16 fs-xl-20\"><p><i><span style=\"font-weight: 400;\">Desde los locos a\u00f1os veinte y su entusiasmo festivo y cultural, \u00a1el barrio de Montparnasse nunca ha dejado de vibrar! Incluso hoy late al ritmo de sus\u00a0<\/span><\/i><b><i>clubes de jazz<\/i><\/b><i><span style=\"font-weight: 400;\">, de su\u00a0<\/span><\/i><b><i>oferta cultural<\/i><\/b><i><span style=\"font-weight: 400;\">\u00a0o incluso\u00a0<\/span><\/i><b><i>sus cafeter\u00edas legendarias<\/i><\/b><i><span style=\"font-weight: 400;\">. Con el surgimiento de\u00a0<\/span><\/i><b><i>Ateliers Ga\u00eet\u00e9<\/i><\/b><i><span style=\"font-weight: 400;\">, este emblem\u00e1tico barrio de la capital ha cobrado nueva vida.\u00a0<\/span><\/i><\/p>\n<p><i><span style=\"font-weight: 400;\">La idea es: <\/span><\/i><b><i>reunir en un solo bloque un centro comercial, viviendas, oficinas, un gimnasio, una biblioteca&#8230; y el Pullman Paris Montparnasse<\/i><\/b><i><span style=\"font-weight: 400;\">. El ambicioso programa de Ateliers Ga\u00eet\u00e9 es el de crear a\u00fan m\u00e1s turismo, viajes de negocios y una vida de barrio revitalizada.<\/span><\/i><\/p>\n<p><a href=\"https:\/\/myallmeeting.com\/es\/hotel\/8189-pullman-paris-montparnasse\/\"><b>PARA ORGANIZAR TU PR\u00d3XIMO SEMINARIO EN PULLMAN PARIS MONTPARNASSE<\/b><\/a><\/p>\n<\/div>\n\t\t\t\t\t\t\t\t\t\t\t\t\t\t\t\t\t\t\t\t\t\t\t\t<p class=\"m-0\"><img decoding=\"async\" src=\"https:\/\/www.myallmeeting.com\/wp-content\/uploads\/2022\/02\/6965-63-633x398.jpg\" class=\"position-relative l-0\" width=\"633\" height=\"398\" alt=\"\" loading=\"lazy\" \/><\/p>\n\t\t\t\t\t\t\t\t\t\t\t<\/div>\n\t\t\t\t<\/div>\n\t\t\t<\/div>\n\t\t<\/div>\n\t<\/div>\n\t<div class=\"tcta2ia__bottom d-lg-none pb-12 py-lg-9 pe-lg-10\">\n\t\t\t\t<div class=\"h2 fs-20 fs-lg-32 fw-semibold\">Arquitectura innovadora y dise\u00f1o de vanguardia<\/div>\n\t\t\t\t\t\t<div class=\"fs-wysiwyg\"><p><span style=\"font-weight: 400;\">El Pullman Paris Montparnasse, piedra angular de este conjunto, no dejar\u00e1 de sorprender a sus clientes habituales. Si ya reconocen f\u00e1cilmente el exterior del edificio (un aut\u00e9ntico faro en el distrito con 115 m de altura), el interior les sorprender\u00e1.<\/span><\/p>\n<p><span style=\"font-weight: 400;\">Al entrar al vest\u00edbulo, uno no puede evitar sorprenderse con <\/span><b>la est\u00e9tica vanguardista que reina en este espacio de vida moderno y urbano centrado en la innovaci\u00f3n<\/b><span style=\"font-weight: 400;\">.\u00a0<\/span><\/p>\n<p><span style=\"font-weight: 400;\">Son el d\u00fao de los dise\u00f1adores Benjamin Clarens y Yann Martin, fundadores de CUT Architectures, quienes imaginaron estos espacios abiertos que alternan <\/span><b>zonas de encuentro y descanso<\/b><span style=\"font-weight: 400;\">.\u00a0Unas l\u00edneas conc\u00e9ntricas acompa\u00f1an h\u00e1bilmente la direcci\u00f3n del movimiento de los visitantes y, a pesar de los espacios inusuales, es muy dif\u00edcil perderse: <\/span><b>todo est\u00e1 claro, perfectamente indicado<\/b><span style=\"font-weight: 400;\"> y resulta bastante intuitivo para el visitante dirigirse hacia su zona de <\/span><b>check-in espec\u00edfica<\/b><span style=\"font-weight: 400;\"> (turismo, negocios, VIP).\u00a0<\/span><\/p>\n<p><span style=\"font-weight: 400;\">Sin olvidar que ante la m\u00e1s m\u00ednima duda, los equipos del hotel est\u00e1n ah\u00ed y siempre muy atentos a los clientes.<\/span><\/p>\n<\/div>\n\t\t\t\t<div class=\"d-flex flex-column flex-lg-row align-items-center gap-5 gap-lg-8 justify-content-between\">\n\t\t\t<div class=\"fs-20 fs-lg-26 fw-semibold lh-xs\"><\/div>\n\t\t\t\t\t<\/div>\n\t<\/div>\n<\/div>\n<!-- END OF : Composant : block-periscope-theme-section-composant-25-texte-cta-2-images.php -->\n\n\n<!-- START OF : Composant : block-periscope-theme-section-composant-33-texte-image.php -->\n<div class=\"text-image fs-wysiwyg mb-8 mb-lg-12\" data-component=\"33-texte-image\">\n\t<div class=\"container-fluid\" style=\"--bs-gutter-x: 0\">\n\t\t<div class=\"row\" style=\"--bs-gutter-x: 0\">\n\t\t\t\t\t\t<div class=\"col-lg-6 mb-7 mb-lg-0\">\n\t\t\t\t<img decoding=\"async\" src=\"https:\/\/www.myallmeeting.com\/wp-content\/uploads\/2022\/02\/6130-50-953x600.jpg\" width=\"953\" height=\"600\" alt=\"\" loading=\"lazy\" class=\"w-100\" \/>\n\t\t\t<\/div>\n\t\t\t\t\t\t<div class=\"col-lg-6\">\n\t\t\t\t<div class=\"text-image__content\">\n\t\t\t\t\t\t\t\t\t\t<div class=\"fw-semibold lh-xs fs-20 fs-lg-32 ls--25 mb-5\">Excelentes capacidades MICE&#8230;<\/div>\n\t\t\t\t\t\t\t\t\t\t\t\t\t\t\t<div class=\"fs-wysiwyg\">\n\t\t\t\t\t\t<p><span style=\"font-weight: 400;\">Tres plantas exclusivas, 6000 m<\/span><span style=\"font-weight: 400;\">2<\/span><span style=\"font-weight: 400;\">,\u00a0<\/span><b>alrededor de cincuenta salas de reuniones<\/b><span style=\"font-weight: 400;\">\u00a0completamente iluminadas por la\u00a0<\/span><b>luz de d\u00eda<\/b><span style=\"font-weight: 400;\">\u2026 El centro de eventos Pullman Paris Montparnasse es excepcional. Empezando por su <\/span><b><i>Grand<\/i><\/b><i><span style=\"font-weight: 400;\">\u00a0<\/span><\/i><b><i>Ballroom<\/i><\/b><span style=\"font-weight: 400;\">\u00a0con un estilo inimitable, unas dimensiones impresionantes, y mucha luz natural. De hecho, puede albergar hasta 700<\/span><b>\u00a0personas en sus 742 m<\/b><b>2<\/b><span style=\"font-weight: 400;\">. Divisible en cuatro partes, se adapta perfectamente al tama\u00f1o de tu evento. Comidas de gala, ruedas de prensa, desfiles, conciertos, lanzamientos de producto\u2026 \u00a1Las posibilidades de uso son infinitas!\u00a0<\/span><\/p>\n<p><span style=\"font-weight: 400;\">Gracias a sus c\u00edrculos luminosos, pilotables, una ac\u00fastica precisa y una pantalla de 4 metros por 8, podemos imaginar una verdadera\u00a0<\/span><b>scenograf\u00eda<\/b><span style=\"font-weight: 400;\">\u00a0y hacer un\u00a0<\/span><b><i>evento<\/i><\/b><b>\u00a0a tu imagen<\/b><span style=\"font-weight: 400;\">. Un detalle, que no lo es: se ha previsto un montacargas para transportar productos pesados, como coches.<\/span><\/p>\n\t\t\t\t\t<\/div>\n\t\t\t\t\t\t\t\t\t<\/div>\n\t\t\t<\/div>        \n\t\t<\/div>\n\t<\/div>\n<\/div>\n<!-- END OF : Composant : block-periscope-theme-section-composant-33-texte-image.php -->\n\n\n<!-- START OF : Composant : block-periscope-theme-section-composant-33-texte-image.php -->\n<!-- INVERSE -->\n<div class=\"text-image fs-wysiwyg mb-8 mb-lg-12\" data-component=\"33-texte-image\" data-reverse=\"oui\">\n\t<div class=\"container-fluid\" style=\"--bs-gutter-x: 0\">\n\t\t<div class=\"row\" style=\"--bs-gutter-x: 0\">\n\t\t\t<div class=\"col-lg-6\">\n\t\t\t\t<div class=\"text-image__content\">\n\t\t\t\t\t\t\t\t\t\t<div class=\"fw-semibold lh-xs fs-20 fs-lg-32 ls--25 mb-5\">\u2026 \u00a1Adaptado a todo tipo de eventos!<\/div>\n\t\t\t\t\t\t\t\t\t\t\t\t\t\t\t<div class=\"fs-wysiwyg\">\n\t\t\t\t\t\t<p><span style=\"font-weight: 400;\">Alrededor del Gran Sal\u00f3n, encontramos\u00a0<\/span><b>el Vest\u00edbulo<\/b><span style=\"font-weight: 400;\">\u00a0y los\u00a0<\/span><b>Grandes Estudios<\/b><span style=\"font-weight: 400;\">\u00a0donde tambi\u00e9n podemos organizar eventos de gran formato, como\u00a0<\/span><b>c\u00f3cteles<\/b><span style=\"font-weight: 400;\">, por ejemplo. Los Grandes Estudios son modulables y tambi\u00e9n ser\u00e1n adecuados para reuniones m\u00e1s \u00edntimas, como talleres o formaciones.<\/span><\/p>\n<p><span style=\"font-weight: 400;\">En direcci\u00f3n al\u00a0<\/span><b><i>Piso Verde\u00a0<\/i><\/b><i><span style=\"font-weight: 400;\">:\u00a0<\/span><\/i><b><i>13 salones<\/i><\/b><b>,<\/b><span style=\"font-weight: 400;\">\u00a0todo pr\u00f3ximos de una\u00a0<\/span><b>terraza verde de 800 m<\/b><b>2<\/b><span style=\"font-weight: 400;\">. En el Pullman Paris Montparnasse, la pol\u00edtica de responsabilidad social de las empresas es un pilar fundamental y esta planta es una ilustraci\u00f3n de ello, que culmina en la\u00a0<\/span><b>Suite Verde<\/b><span style=\"font-weight: 400;\">, un sal\u00f3n ejecutivo excepcional dotado de una sala de comedor y de una\u00a0<\/span><b>terraza privada<\/b><span style=\"font-weight: 400;\">. Con el mismo estilo de \u201ccapullo\u201d, cabe se\u00f1alar que\u00a0<\/span><b>19 habitaciones son convertibles en salas de reuniones<\/b><span style=\"font-weight: 400;\">.<\/span><\/p>\n<p><span style=\"font-weight: 400;\">Y si deseas\u00a0<\/span><b>romper el formato tradicional de las reuniones<\/b><span style=\"font-weight: 400;\">\u00a0y beneficiarte de un\u00a0<\/span><b>marco interactivo<\/b><span style=\"font-weight: 400;\">\u00a0para crear un\u00a0<\/span><i><span style=\"font-weight: 400;\">evento<\/span><\/i><span style=\"font-weight: 400;\">\u00a0que deje una impresi\u00f3n duradera, ve al <\/span><b>espacio inmersivo C2<\/b><span style=\"font-weight: 400;\">, una incre\u00edble sala interactiva de\u00a0<\/span><b>1500m<\/b><b>2<\/b><span style=\"font-weight: 400;\">\u00a0dise\u00f1ada para eventos empresariales de vanguardia, donde la creatividad encuentra expresi\u00f3n. En este lugar poco convencional, encontramos\u00a0<\/span><b>El jard\u00edn<\/b><span style=\"font-weight: 400;\">\u00a0para relajarse, el\u00a0<\/span><b>Hangar<\/b><span style=\"font-weight: 400;\">\u00a0para crear, un\u00a0<\/span><b>Foro<\/b><span style=\"font-weight: 400;\">\u00a0para divertirse\u2026\u00a0<\/span><\/p>\n\t\t\t\t\t<\/div>\n\t\t\t\t\t\t\t\t\t<\/div>\n\t\t\t<\/div>    \n\t\t\t    \n\t\t\t<div class=\"col-lg-6 order-first order-lg-last mb-7 mb-lg-0\">\n\t\t\t\t<img decoding=\"async\" src=\"https:\/\/www.myallmeeting.com\/wp-content\/uploads\/2022\/02\/6130-52-953x600.jpg\" width=\"953\" height=\"600\" alt=\"\" loading=\"lazy\" class=\"w-100\" \/>\n\t\t\t<\/div>\n\t\t\t\t\t<\/div>\n\t<\/div>\n<\/div>\n<!-- END OF : Composant : block-periscope-theme-section-composant-33-texte-image.php -->\n\n\n<!-- START OF : Composant : block-periscope-theme-section-composant-33-texte-image.php -->\n<div class=\"text-image fs-wysiwyg mb-8 mb-lg-12\" data-component=\"33-texte-image\">\n\t<div class=\"container-fluid\" style=\"--bs-gutter-x: 0\">\n\t\t<div class=\"row\" style=\"--bs-gutter-x: 0\">\n\t\t\t\t\t\t<div class=\"col-lg-6 mb-7 mb-lg-0\">\n\t\t\t\t<img decoding=\"async\" src=\"https:\/\/www.myallmeeting.com\/wp-content\/uploads\/2022\/02\/6239-80-953x600.jpg\" width=\"953\" height=\"600\" alt=\"\" loading=\"lazy\" class=\"w-100\" \/>\n\t\t\t<\/div>\n\t\t\t\t\t\t<div class=\"col-lg-6\">\n\t\t\t\t<div class=\"text-image__content\">\n\t\t\t\t\t\t\t\t\t\t<div class=\"fw-semibold lh-xs fs-20 fs-lg-32 ls--25 mb-5\">\u00a1El arte de vivir en su m\u00e1xima expresi\u00f3n! <\/div>\n\t\t\t\t\t\t\t\t\t\t\t\t\t\t\t<div class=\"fs-wysiwyg\">\n\t\t\t\t\t\t<p><span style=\"font-weight: 400;\">Para terminar con estilo, sube a lo m\u00e1s alto en la que es una de las joyas del hotel: el\u00a0<\/span><b>Skybar Paris<\/b><span style=\"font-weight: 400;\">. El segundo m\u00e1s alto <\/span><i><span style=\"font-weight: 400;\">rooftop bar<\/span><\/i><span style=\"font-weight: 400;\"> a cielo abierto de Par\u00eds, ofrece una\u00a0<\/span><b>vista impresionante sobre la capital<\/b><span style=\"font-weight: 400;\">.\u00a0<\/span><b>Moderno<\/b><span style=\"font-weight: 400;\">\u00a0e\u00a0<\/span><b>\u00edntimo<\/b><span style=\"font-weight: 400;\">, este lugar constituir\u00e1, a buen seguro, uno de los mejores momentos de tu viaje. Sobre todo porque podr\u00e1s disfrutar de excelentes platos con sabores de inspiraci\u00f3n asi\u00e1tica que podr\u00e1s acompa\u00f1ar con c\u00f3cteles exclusivos, con o sin alcohol. Este lugar que no debes perderte bajo ning\u00fan concepto se puede\u00a0<\/span><b>reservar para grupos<\/b><span style=\"font-weight: 400;\">.<\/span><\/p>\n<p><span style=\"font-weight: 400;\">Cuando se trata de cenar, el Pullman Paris Montparnasse es el nuevo destino para los amantes de la gastronom\u00eda. El hotel se ha centrado en una variedad de cocinas internacionales que ofrecen una alternativa rica y gourmet a los bistr\u00f3s del barrio. Junto al\u00a0<\/span><b>servicio de habitaciones<\/b><span style=\"font-weight: 400;\">, encontrar\u00e1s un\u00a0<\/span><b>Hamburguesa Umami<\/b><span style=\"font-weight: 400;\">, la primera sede en Europa de la marca americana de hamburguesas gourmet y sabrosas, desde Los \u00c1ngeles. \u00bfGanas de un buen restaurante italiano?\u00a0<\/span><b>Fi\u2019lia\u00a0<\/b><span style=\"font-weight: 400;\">es perfecto para ti, con su cocina aut\u00e9ntica dotada de un toque contempor\u00e1neo. Finalmente, para aquellos que tienen un poco de hambre antes de una reuni\u00f3n o un\u00a0<\/span><b><i>evento<\/i><\/b><span style=\"font-weight: 400;\">, el\u00a0<\/span><b>Grab &amp; Go<\/b><span style=\"font-weight: 400;\">es exactamente lo que se necesitas.<\/span><\/p>\n<p><span style=\"font-weight: 400;\">\u00a0<\/span><\/p>\n\t\t\t\t\t<\/div>\n\t\t\t\t\t\t\t\t\t<\/div>\n\t\t\t<\/div>        \n\t\t<\/div>\n\t<\/div>\n<\/div>\n<!-- END OF : Composant : block-periscope-theme-section-composant-33-texte-image.php -->\n\n\n<!-- START OF : Composant : block-periscope-theme-section-composant-33-texte-image.php -->\n<!-- INVERSE -->\n<div class=\"text-image fs-wysiwyg mb-8 mb-lg-12\" data-component=\"33-texte-image\" data-reverse=\"oui\">\n\t<div class=\"container-fluid\" style=\"--bs-gutter-x: 0\">\n\t\t<div class=\"row\" style=\"--bs-gutter-x: 0\">\n\t\t\t<div class=\"col-lg-6\">\n\t\t\t\t<div class=\"text-image__content\">\n\t\t\t\t\t\t\t\t\t\t<div class=\"fw-semibold lh-xs fs-20 fs-lg-32 ls--25 mb-5\">\u00a1Par\u00eds es tuyo!<\/div>\n\t\t\t\t\t\t\t\t\t\t\t\t\t\t\t<div class=\"fs-wysiwyg\">\n\t\t\t\t\t\t<p><span style=\"font-weight: 400;\">Localizado\u00a0<\/span><b>al pie de la estaci\u00f3n Montparnasse<\/b><span style=\"font-weight: 400;\">, el Pullman Paris Montparnasse se beneficia de una\u00a0<\/span><b>localizaci\u00f3n excepcional<\/b><span style=\"font-weight: 400;\">. La estaci\u00f3n de metro es una de las\u00a0<\/span><b>mejores comunicadas<\/b><span style=\"font-weight: 400;\">\u00a0de la capital y tu equipo podr\u00e1 recorrer la ciudad y sus alrededores sin preocupaciones.\u00a0<\/span><\/p>\n<p><span style=\"font-weight: 400;\">Para los amantes de caminar y pasear, el barrio es ideal. Revela sus atractivos ocultos a lo largo de peque\u00f1as calles y callejones sin salida, cada uno m\u00e1s encantador que el anterior. Adem\u00e1s, podr\u00e1s descubrir o redescubrir Saint-Germain-des-Pr\u00e9s o el Barrio latino, tambi\u00e9n situados a dos pasos del Pullman Paris Montparnasse, que, gracias a sus raras cualidades, se sit\u00faa inmediatamente entre los principales destinos parisinos.<\/span><\/p>\n\t\t\t\t\t<\/div>\n\t\t\t\t\t\t\t\t\t<\/div>\n\t\t\t<\/div>    \n\t\t\t    \n\t\t\t<div class=\"col-lg-6 order-first order-lg-last mb-7 mb-lg-0\">\n\t\t\t\t<img decoding=\"async\" src=\"https:\/\/www.myallmeeting.com\/wp-content\/uploads\/2022\/02\/6286-84-953x600.jpg\" width=\"953\" height=\"600\" alt=\"\" loading=\"lazy\" class=\"w-100\" \/>\n\t\t\t<\/div>\n\t\t\t\t\t<\/div>\n\t<\/div>\n<\/div>\n<!-- END OF : Composant : block-periscope-theme-section-composant-33-texte-image.php -->\n","protected":false},"excerpt":{"rendered":"","protected":false},"featured_media":15962875,"menu_order":0,"template":"","periscope_categorie_tax":[3634],"class_list":["post-16036437","article","type-article","status-publish","has-post-thumbnail","hentry","periscope_categorie_tax-reportage-du-mois-es"],"acf":[],"yoast_head":"<title>El cielo en Pullman Paris Montparnasse - Accor MyAllMeeting.com<\/title>\n<meta name=\"robots\" content=\"index, follow, max-snippet:-1, max-image-preview:large, max-video-preview:-1\" \/>\n<link rel=\"canonical\" href=\"https:\/\/www.myallmeeting.com\/es\/wp-json\/wp\/v2\/article\/16036437\" \/>\n<meta property=\"og:locale\" content=\"es_ES\" \/>\n<meta property=\"og:type\" content=\"article\" \/>\n<meta property=\"og:title\" content=\"El cielo en Pullman Paris Montparnasse - Accor MyAllMeeting.com\" \/>\n<meta property=\"og:url\" content=\"https:\/\/www.myallmeeting.com\/es\/article\/el-cielo-en-pullman-paris-montparnasse\/\" \/>\n<meta property=\"og:site_name\" content=\"Accor MyAllMeeting.com\" \/>\n<meta property=\"article:modified_time\" content=\"2024-07-16T11:10:01+00:00\" \/>\n<meta property=\"og:image\" content=\"https:\/\/myallmeeting.com\/wp-content\/uploads\/2022\/02\/Paris-aerial-view.png\" \/>\n\t<meta property=\"og:image:width\" content=\"1920\" \/>\n\t<meta property=\"og:image:height\" content=\"570\" \/>\n\t<meta property=\"og:image:type\" content=\"image\/png\" \/>\n<meta name=\"twitter:card\" content=\"summary_large_image\" \/>\n<meta name=\"twitter:label1\" content=\"Est. reading time\" \/>\n\t<meta name=\"twitter:data1\" content=\"7 minutes\" \/>\n<script type=\"application\/ld+json\" class=\"yoast-schema-graph\">{\"@context\":\"https:\/\/schema.org\",\"@graph\":[{\"@type\":\"WebPage\",\"@id\":\"https:\/\/www.myallmeeting.com\/es\/article\/el-cielo-en-pullman-paris-montparnasse\/\",\"url\":\"https:\/\/www.myallmeeting.com\/es\/article\/el-cielo-en-pullman-paris-montparnasse\/\",\"name\":\"El cielo en Pullman Paris Montparnasse - Accor MyAllMeeting.com\",\"isPartOf\":{\"@id\":\"https:\/\/www.myallmeeting.com\/es\/#website\"},\"primaryImageOfPage\":{\"@id\":\"https:\/\/www.myallmeeting.com\/es\/article\/el-cielo-en-pullman-paris-montparnasse\/#primaryimage\"},\"image\":{\"@id\":\"https:\/\/www.myallmeeting.com\/es\/article\/el-cielo-en-pullman-paris-montparnasse\/#primaryimage\"},\"thumbnailUrl\":\"https:\/\/www.myallmeeting.com\/wp-content\/uploads\/2022\/02\/Paris-aerial-view.png\",\"datePublished\":\"2022-02-24T14:36:11+00:00\",\"dateModified\":\"2024-07-16T11:10:01+00:00\",\"breadcrumb\":{\"@id\":\"https:\/\/www.myallmeeting.com\/es\/article\/el-cielo-en-pullman-paris-montparnasse\/#breadcrumb\"},\"inLanguage\":\"es-ES\",\"potentialAction\":[{\"@type\":\"ReadAction\",\"target\":[\"https:\/\/www.myallmeeting.com\/es\/article\/el-cielo-en-pullman-paris-montparnasse\/\"]}]},{\"@type\":\"ImageObject\",\"inLanguage\":\"es-ES\",\"@id\":\"https:\/\/www.myallmeeting.com\/es\/article\/el-cielo-en-pullman-paris-montparnasse\/#primaryimage\",\"url\":\"https:\/\/www.myallmeeting.com\/wp-content\/uploads\/2022\/02\/Paris-aerial-view.png\",\"contentUrl\":\"https:\/\/www.myallmeeting.com\/wp-content\/uploads\/2022\/02\/Paris-aerial-view.png\",\"width\":1920,\"height\":570},{\"@type\":\"BreadcrumbList\",\"@id\":\"https:\/\/www.myallmeeting.com\/es\/article\/el-cielo-en-pullman-paris-montparnasse\/#breadcrumb\",\"itemListElement\":[{\"@type\":\"ListItem\",\"position\":1,\"name\":\"P\u00e1gina principal\",\"item\":\"https:\/\/myallmeeting.com\/es\/\"},{\"@type\":\"ListItem\",\"position\":2,\"name\":\"Noticias\",\"item\":\"https:\/\/www.myallmeeting.com\/es\/noticias\/\"},{\"@type\":\"ListItem\",\"position\":3,\"name\":\"El cielo en Pullman Paris Montparnasse\"}]},{\"@type\":\"WebSite\",\"@id\":\"https:\/\/www.myallmeeting.com\/es\/#website\",\"url\":\"https:\/\/www.myallmeeting.com\/es\/\",\"name\":\"Accor MyAllMeeting.com\",\"description\":\"Les Meilleurs lieux pour vos Ev\u00e9nements Professionnels\",\"publisher\":{\"@id\":\"https:\/\/www.myallmeeting.com\/es\/#organization\"},\"potentialAction\":[{\"@type\":\"SearchAction\",\"target\":{\"@type\":\"EntryPoint\",\"urlTemplate\":\"https:\/\/www.myallmeeting.com\/es\/?s={search_term_string}\"},\"query-input\":{\"@type\":\"PropertyValueSpecification\",\"valueRequired\":true,\"valueName\":\"search_term_string\"}}],\"inLanguage\":\"es-ES\"},{\"@type\":\"Organization\",\"@id\":\"https:\/\/www.myallmeeting.com\/es\/#organization\",\"name\":\"ACCOR\",\"url\":\"https:\/\/www.myallmeeting.com\/es\/\",\"logo\":{\"@type\":\"ImageObject\",\"inLanguage\":\"es-ES\",\"@id\":\"https:\/\/www.myallmeeting.com\/es\/#\/schema\/logo\/image\/\",\"url\":\"\",\"contentUrl\":\"\",\"caption\":\"ACCOR\"},\"image\":{\"@id\":\"https:\/\/www.myallmeeting.com\/es\/#\/schema\/logo\/image\/\"}}]}<\/script>","yoast_head_json":{"title":"El cielo en Pullman Paris Montparnasse - Accor MyAllMeeting.com","robots":{"index":"index","follow":"follow","max-snippet":"max-snippet:-1","max-image-preview":"max-image-preview:large","max-video-preview":"max-video-preview:-1"},"canonical":"https:\/\/www.myallmeeting.com\/es\/wp-json\/wp\/v2\/article\/16036437","og_locale":"es_ES","og_type":"article","og_title":"El cielo en Pullman Paris Montparnasse - Accor MyAllMeeting.com","og_url":"https:\/\/www.myallmeeting.com\/es\/article\/el-cielo-en-pullman-paris-montparnasse\/","og_site_name":"Accor MyAllMeeting.com","article_modified_time":"2024-07-16T11:10:01+00:00","og_image":[{"width":1920,"height":570,"url":"https:\/\/myallmeeting.com\/wp-content\/uploads\/2022\/02\/Paris-aerial-view.png","type":"image\/png"}],"twitter_card":"summary_large_image","twitter_misc":{"Est. reading time":"7 minutes"},"schema":{"@context":"https:\/\/schema.org","@graph":[{"@type":"WebPage","@id":"https:\/\/www.myallmeeting.com\/es\/article\/el-cielo-en-pullman-paris-montparnasse\/","url":"https:\/\/www.myallmeeting.com\/es\/article\/el-cielo-en-pullman-paris-montparnasse\/","name":"El cielo en Pullman Paris Montparnasse - Accor MyAllMeeting.com","isPartOf":{"@id":"https:\/\/www.myallmeeting.com\/es\/#website"},"primaryImageOfPage":{"@id":"https:\/\/www.myallmeeting.com\/es\/article\/el-cielo-en-pullman-paris-montparnasse\/#primaryimage"},"image":{"@id":"https:\/\/www.myallmeeting.com\/es\/article\/el-cielo-en-pullman-paris-montparnasse\/#primaryimage"},"thumbnailUrl":"https:\/\/www.myallmeeting.com\/wp-content\/uploads\/2022\/02\/Paris-aerial-view.png","datePublished":"2022-02-24T14:36:11+00:00","dateModified":"2024-07-16T11:10:01+00:00","breadcrumb":{"@id":"https:\/\/www.myallmeeting.com\/es\/article\/el-cielo-en-pullman-paris-montparnasse\/#breadcrumb"},"inLanguage":"es-ES","potentialAction":[{"@type":"ReadAction","target":["https:\/\/www.myallmeeting.com\/es\/article\/el-cielo-en-pullman-paris-montparnasse\/"]}]},{"@type":"ImageObject","inLanguage":"es-ES","@id":"https:\/\/www.myallmeeting.com\/es\/article\/el-cielo-en-pullman-paris-montparnasse\/#primaryimage","url":"https:\/\/www.myallmeeting.com\/wp-content\/uploads\/2022\/02\/Paris-aerial-view.png","contentUrl":"https:\/\/www.myallmeeting.com\/wp-content\/uploads\/2022\/02\/Paris-aerial-view.png","width":1920,"height":570},{"@type":"BreadcrumbList","@id":"https:\/\/www.myallmeeting.com\/es\/article\/el-cielo-en-pullman-paris-montparnasse\/#breadcrumb","itemListElement":[{"@type":"ListItem","position":1,"name":"P\u00e1gina principal","item":"https:\/\/myallmeeting.com\/es\/"},{"@type":"ListItem","position":2,"name":"Noticias","item":"https:\/\/www.myallmeeting.com\/es\/noticias\/"},{"@type":"ListItem","position":3,"name":"El cielo en Pullman Paris Montparnasse"}]},{"@type":"WebSite","@id":"https:\/\/www.myallmeeting.com\/es\/#website","url":"https:\/\/www.myallmeeting.com\/es\/","name":"Accor MyAllMeeting.com","description":"Les Meilleurs lieux pour vos Ev\u00e9nements Professionnels","publisher":{"@id":"https:\/\/www.myallmeeting.com\/es\/#organization"},"potentialAction":[{"@type":"SearchAction","target":{"@type":"EntryPoint","urlTemplate":"https:\/\/www.myallmeeting.com\/es\/?s={search_term_string}"},"query-input":{"@type":"PropertyValueSpecification","valueRequired":true,"valueName":"search_term_string"}}],"inLanguage":"es-ES"},{"@type":"Organization","@id":"https:\/\/www.myallmeeting.com\/es\/#organization","name":"ACCOR","url":"https:\/\/www.myallmeeting.com\/es\/","logo":{"@type":"ImageObject","inLanguage":"es-ES","@id":"https:\/\/www.myallmeeting.com\/es\/#\/schema\/logo\/image\/","url":"","contentUrl":"","caption":"ACCOR"},"image":{"@id":"https:\/\/www.myallmeeting.com\/es\/#\/schema\/logo\/image\/"}}]}},"_links":{"self":[{"href":"https:\/\/www.myallmeeting.com\/es\/wp-json\/wp\/v2\/article\/16036437","targetHints":{"allow":["GET"]}}],"collection":[{"href":"https:\/\/www.myallmeeting.com\/es\/wp-json\/wp\/v2\/article"}],"about":[{"href":"https:\/\/www.myallmeeting.com\/es\/wp-json\/wp\/v2\/types\/article"}],"wp:featuredmedia":[{"embeddable":true,"href":"https:\/\/www.myallmeeting.com\/es\/wp-json\/wp\/v2\/media\/15962875"}],"wp:attachment":[{"href":"https:\/\/www.myallmeeting.com\/es\/wp-json\/wp\/v2\/media?parent=16036437"}],"wp:term":[{"taxonomy":"periscope_categorie_tax","embeddable":true,"href":"https:\/\/www.myallmeeting.com\/es\/wp-json\/wp\/v2\/periscope_categorie_tax?post=16036437"}],"curies":[{"name":"wp","href":"https:\/\/api.w.org\/{rel}","templated":true}]}}