{"id":16036428,"date":"2017-05-02T18:13:08","date_gmt":"2017-05-02T16:13:08","guid":{"rendered":"https:\/\/myallmeeting.com\/article\/ibis-styles-paris-bercy-un-esprit-street-art-et-start-up-pour-vos-meetings\/"},"modified":"2024-07-23T10:22:37","modified_gmt":"2024-07-23T08:22:37","slug":"ibis-styles-paris-bercy-un-espiritu-arte-callejero-y-puesta-en-marcha-para-tus-reuniones","status":"publish","type":"article","link":"https:\/\/www.myallmeeting.com\/es\/article\/ibis-styles-paris-bercy-un-espiritu-arte-callejero-y-puesta-en-marcha-para-tus-reuniones\/","title":{"rendered":"Ibis Styles Paris Bercy: un esp\u00edritu arte callejero y puesta en marcha para tus reuniones"},"content":{"rendered":"<!-- START OF : Composant : block-periscope-theme-section-composant-25-texte-cta-2-images.php -->\n<div class=\"tcta2ia bg-white fs-wysiwyg mb-lg-12\" data-component=\"25-texte-cta-2-images\">\n\t<div class=\"tcta2ia__top\">\n\t\t<div class=\"container-fluid\" style=\"--bs-gutter-x: 0\">\n\t\t\t<div class=\"row\" style=\"--bs-gutter-x: 0\">\n\t\t\t\t<div class=\"col-lg-8\">\n\t\t\t\t\t\t\t\t\t\t<div class=\"bloc-mise-en-avant__top__left\">\n\t\t\t\t\t\t<img decoding=\"async\" src=\"https:\/\/www.myallmeeting.com\/wp-content\/uploads\/2017\/05\/6982-21-1268x846.jpg\" class=\"pe-2 pe-lg-0\" width=\"1268\" height=\"846\" alt=\"r\u00e9union cr\u00e9ative salle\" loading=\"lazy\" \/>\n\t\t\t\t\t<\/div>\n\t\t\t\t\t\t\t\t\t\t<div class=\"tcta2ia__bottom d-none d-lg-block pb-12 pt-lg-9 pb-lg-0 pe-lg-10\">\n\t\t\t\t\t\t\t\t\t\t\t\t\t\t\t\t\t\t<div class=\"fs-wysiwyg\"><p><span style=\"font-weight: 400;\">Ubicado al pie del imponente <\/span><b>Accor Arena<\/b><span style=\"font-weight: 400;\">, el <\/span><b><a href=\"https:\/\/myallmeeting.com\/fr\/hotel\/0941-ibis-styles-paris-bercy\/\">Ibis Styles Paris Bercy<\/a><\/b><span style=\"font-weight: 400;\"> est\u00e1 a solo 10 minutos en metro del coraz\u00f3n de Par\u00eds y a un paso del barrio de Bercy Village y de sus numerosas actividades: restaurantes, cine, bares, cafeter\u00edas&#8230; Se puede acceder muy r\u00e1pidamente desde la estaci\u00f3n Gare de Lyon a solo una estaci\u00f3n de metro gracias a la l\u00ednea 14 y tambi\u00e9n desde la l\u00ednea 6. Por tanto, su ubicaci\u00f3n es ideal para una estancia de negocios o de ocio.<\/span><\/p>\n<p><span style=\"font-weight: 400;\">El <\/span><b>Ibis Styles Paris Bercy<\/b><span style=\"font-weight: 400;\"> es un reflejo de su barrio: din\u00e1mico, moderno, inspirado en la m\u00fasica que resuena en la arena contigua y en el <\/span><i>arte callejero<\/i><span style=\"font-weight: 400;\"> del vecino distrito 13.<\/span><\/p>\n<p><span style=\"font-weight: 400;\">Desde el sal\u00f3n de recepci\u00f3n hasta los pisos, la cultura de arte callejero se presenta en todo el hotel. Para que la representaci\u00f3n sea lo m\u00e1s aut\u00e9ntica posible, el <\/span><b>Ibis Styles Paris Bercy<\/b><span style=\"font-weight: 400;\"> ha colaborado con la galer\u00eda de arte Itinerrance para traer artistas callejeros europeos.<\/span><\/p>\n<p><span style=\"font-weight: 400;\">Cada uno de los 8 grafiteros seleccionados ten\u00eda carta blanca en cada planta. La \u00fanica consigna: \u00a1combinar el <\/span><i>street art<\/i><span style=\"font-weight: 400;\"> y la m\u00fasica! Desde los pasillos hasta las habitaciones del hotel, cada planta tiene su propia identidad. Hay pop en el 4\u00ba piso con una variaci\u00f3n del graffiti del artista barcelon\u00e9s <\/span><i>B-TOY<\/i><span style=\"font-weight: 400;\"> que reprodujo fotograf\u00edas de Nina Simone; tambi\u00e9n hip-hop y jazz en el 2\u00ba piso con <\/span><i>DAN 23<\/i><span style=\"font-weight: 400;\">, artista de Estrasburgo. Un conjunto de fotograf\u00eda muy interesante y poco vista en hoteles de esta categor\u00eda. Todo completamente reformado este a\u00f1o.<\/span><\/p>\n<p>&nbsp;<\/p>\n<\/div>\n\t\t\t\t\t\t\t\t\t\t\t\t<div class=\"d-flex flex-column flex-lg-row align-items-center gap-5 gap-lg-8 justify-content-between\">\n\t\t\t\t\t\t\t<div class=\"fs-20 fs-lg-26 fw-semibold lh-xs\"><\/div>\n\t\t\t\t\t\t\t\t\t\t\t\t\t<\/div>\n\t\t\t\t\t<\/div>\n\t\t\t\t<\/div>\n\t\t\t\t<div class=\"col-lg-4\">\n\t\t\t\t\t<div class=\"tcta2ia__top__right t-0 r-0 bg-primary text-white pt-4 pb-4 px-2 pt-lg-8 pb-lg-16 px-lg-11 pb-xl-30\">\n\t\t\t\t\t\t\t\t\t\t\t\t\t\t\t\t\t\t<h2 class=\"unna fs-36 fs-lg-51 fs-xl-75 fs-italic fw-normal text-secondary\">Ibis Styles Paris Bercy: un esp\u00edritu arte callejero y puesta en marcha para tus reuniones<\/h2>\n\t\t\t\t\t\t\t\t\t\t\t\t\t\t\t\t\t\t<h3 class=\"text-white fs-18 fs-lg-20 fs-xl-28 text-original-case\">Espacios modulares y un esp\u00edritu street art dirigido a j\u00f3venes emprendedores.<\/h3>\n\t\t\t\t\t\t\t\t\t\t\t\t\t\t\t\t\t\t<div class=\"fs-wysiwyg mb-4 fs-lg-16 fs-xl-20\"><p><span style=\"font-weight: 400;\" data-mce-style=\"font-weight: 400;\">El Ibis Styles Paris Bercy es un hotel moderno y de dise\u00f1o especialmente dirigido a empresas emergentes. Su estilo street art, sus espacios de coworking y su inmensa terraza deber\u00edan atraer a esta generaci\u00f3n digital que busca un entorno de trabajo funcional, relajado y econ\u00f3mico.<\/span><\/p>\n<\/div>\n\t\t\t\t\t\t\t\t\t\t\t\t\t\t\t\t\t\t\t\t\t\t\t\t<p class=\"m-0\"><img decoding=\"async\" src=\"https:\/\/www.myallmeeting.com\/wp-content\/uploads\/2017\/05\/3050-12-633x398.jpg\" class=\"position-relative l-0\" width=\"633\" height=\"398\" alt=\"r\u00e9union cr\u00e9ative\" loading=\"lazy\" \/><\/p>\n\t\t\t\t\t\t\t\t\t\t\t<\/div>\n\t\t\t\t<\/div>\n\t\t\t<\/div>\n\t\t<\/div>\n\t<\/div>\n\t<div class=\"tcta2ia__bottom d-lg-none pb-12 py-lg-9 pe-lg-10\">\n\t\t\t\t\t\t<div class=\"fs-wysiwyg\"><p><span style=\"font-weight: 400;\">Ubicado al pie del imponente <\/span><b>Accor Arena<\/b><span style=\"font-weight: 400;\">, el <\/span><b><a href=\"https:\/\/myallmeeting.com\/fr\/hotel\/0941-ibis-styles-paris-bercy\/\">Ibis Styles Paris Bercy<\/a><\/b><span style=\"font-weight: 400;\"> est\u00e1 a solo 10 minutos en metro del coraz\u00f3n de Par\u00eds y a un paso del barrio de Bercy Village y de sus numerosas actividades: restaurantes, cine, bares, cafeter\u00edas&#8230; Se puede acceder muy r\u00e1pidamente desde la estaci\u00f3n Gare de Lyon a solo una estaci\u00f3n de metro gracias a la l\u00ednea 14 y tambi\u00e9n desde la l\u00ednea 6. Por tanto, su ubicaci\u00f3n es ideal para una estancia de negocios o de ocio.<\/span><\/p>\n<p><span style=\"font-weight: 400;\">El <\/span><b>Ibis Styles Paris Bercy<\/b><span style=\"font-weight: 400;\"> es un reflejo de su barrio: din\u00e1mico, moderno, inspirado en la m\u00fasica que resuena en la arena contigua y en el <\/span><i>arte callejero<\/i><span style=\"font-weight: 400;\"> del vecino distrito 13.<\/span><\/p>\n<p><span style=\"font-weight: 400;\">Desde el sal\u00f3n de recepci\u00f3n hasta los pisos, la cultura de arte callejero se presenta en todo el hotel. Para que la representaci\u00f3n sea lo m\u00e1s aut\u00e9ntica posible, el <\/span><b>Ibis Styles Paris Bercy<\/b><span style=\"font-weight: 400;\"> ha colaborado con la galer\u00eda de arte Itinerrance para traer artistas callejeros europeos.<\/span><\/p>\n<p><span style=\"font-weight: 400;\">Cada uno de los 8 grafiteros seleccionados ten\u00eda carta blanca en cada planta. La \u00fanica consigna: \u00a1combinar el <\/span><i>street art<\/i><span style=\"font-weight: 400;\"> y la m\u00fasica! Desde los pasillos hasta las habitaciones del hotel, cada planta tiene su propia identidad. Hay pop en el 4\u00ba piso con una variaci\u00f3n del graffiti del artista barcelon\u00e9s <\/span><i>B-TOY<\/i><span style=\"font-weight: 400;\"> que reprodujo fotograf\u00edas de Nina Simone; tambi\u00e9n hip-hop y jazz en el 2\u00ba piso con <\/span><i>DAN 23<\/i><span style=\"font-weight: 400;\">, artista de Estrasburgo. Un conjunto de fotograf\u00eda muy interesante y poco vista en hoteles de esta categor\u00eda. Todo completamente reformado este a\u00f1o.<\/span><\/p>\n<p>&nbsp;<\/p>\n<\/div>\n\t\t\t\t<div class=\"d-flex flex-column flex-lg-row align-items-center gap-5 gap-lg-8 justify-content-between\">\n\t\t\t<div class=\"fs-20 fs-lg-26 fw-semibold lh-xs\"><\/div>\n\t\t\t\t\t<\/div>\n\t<\/div>\n<\/div>\n<!-- END OF : Composant : block-periscope-theme-section-composant-25-texte-cta-2-images.php -->\n\n\n<!-- START OF : Composant : block-periscope-theme-section-composant-33-texte-image.php -->\n<div class=\"text-image fs-wysiwyg mb-8 mb-lg-12\" data-component=\"33-texte-image\">\n\t<div class=\"container-fluid\" style=\"--bs-gutter-x: 0\">\n\t\t<div class=\"row\" style=\"--bs-gutter-x: 0\">\n\t\t\t\t\t\t<div class=\"col-lg-6 mb-7 mb-lg-0\">\n\t\t\t\t<img decoding=\"async\" src=\"https:\/\/www.myallmeeting.com\/wp-content\/uploads\/2017\/05\/6982-46-953x600.jpg\" width=\"953\" height=\"600\" alt=\"r\u00e9union cr\u00e9ative salle\" loading=\"lazy\" class=\"w-100\" \/>\n\t\t\t<\/div>\n\t\t\t\t\t\t<div class=\"col-lg-6\">\n\t\t\t\t<div class=\"text-image__content\">\n\t\t\t\t\t\t\t\t\t\t<div class=\"fw-semibold lh-xs fs-20 fs-lg-32 ls--25 mb-5\">Tienes seis salas a tu disposici\u00f3n para la organizaci\u00f3n de tus reuniones:<\/div>\n\t\t\t\t\t\t\t\t\t\t\t\t\t\t\t<div class=\"fs-wysiwyg\">\n\t\t\t\t\t\t<ul style=\"list-style-type: disc;\">\n<li><span style=\"font-weight: 400;\"><b>Una gran sala modular con capacidad de 80 personas<\/b> para capacitaciones o reuniones m\u00e1s tradicionales.<\/span><\/li>\n<li><span style=\"font-weight: 400;\"><b>Y otras cinco habitaciones para 5-30 personas en esp\u00edritu m\u00e1s <\/i>start-up<i> bajo demanda<\/b>, con sof\u00e1s, mesas de ping-pong y barras. Un ambiente relajado y poco convencional, ideal para reuniones creativas o <i>brainstormings<\/i> en equipo.<\/span><\/li>\n<\/ul>\n<ul><\/ul>\n<p><span style=\"font-weight: 400;\">Siempre con este esp\u00edritu de innovaci\u00f3n, como el campus de startups m\u00e1s grande del mundo (la <\/span><b>Estaci\u00f3n F<\/b><span style=\"font-weight: 400;\">) ubicado a unos pasos del hotel, el <\/span><b>Ibis Styles Paris Bercy<\/b><span style=\"font-weight: 400;\"> tambi\u00e9n ha creado un <\/span><b>espacio para trabajo colaborativo<\/b><span style=\"font-weight: 400;\"> de j\u00f3venes emprendedores con presupuestos reducidos.<\/span><\/p>\n<p><span style=\"font-weight: 400;\">Esto se puede extender al \u201c<\/span><b>backstage<\/b><span style=\"font-weight: 400;\">\u201d, el bar del hotel, tambi\u00e9n dise\u00f1ado para acoger a este target de amantes de la tecnolog\u00eda francesa con una gran terraza equipada con <\/span><b>wifi ilimitado y gratuito<\/b><span style=\"font-weight: 400;\">.<\/span><\/p>\n\t\t\t\t\t<\/div>\n\t\t\t\t\t\t\t\t\t<\/div>\n\t\t\t<\/div>        \n\t\t<\/div>\n\t<\/div>\n<\/div>\n<!-- END OF : Composant : block-periscope-theme-section-composant-33-texte-image.php -->\n\n\n<!-- START OF : Composant : block-periscope-theme-section-composant-33-texte-image.php -->\n<!-- INVERSE -->\n<div class=\"text-image fs-wysiwyg mb-8 mb-lg-12\" data-component=\"33-texte-image\" data-reverse=\"oui\">\n\t<div class=\"container-fluid\" style=\"--bs-gutter-x: 0\">\n\t\t<div class=\"row\" style=\"--bs-gutter-x: 0\">\n\t\t\t<div class=\"col-lg-6\">\n\t\t\t\t<div class=\"text-image__content\">\n\t\t\t\t\t\t\t\t\t\t<div class=\"fw-semibold lh-xs fs-20 fs-lg-32 ls--25 mb-5\">Un gran espacio exterior <\/div>\n\t\t\t\t\t\t\t\t\t\t\t\t\t\t\t<div class=\"fs-wysiwyg\">\n\t\t\t\t\t\t<p>La <strong>inmensa terraza de 1000m\u00b2<\/strong> orientada al suroeste tiene vistas al parque de Bercy y el <strong>Accor Arena<\/strong>.<\/p>\n<p>Adem\u00e1s, es totalmente privatizable para tus eventos, desde los m\u00e1s peque\u00f1os hasta los m\u00e1s grandes: c\u00f3ctel, cena food truck o cena de aperitivo, todo es posible para reuniones profesionales m\u00e1s informales y relajadas\u2026 \u00a1al aire libre!<\/p>\n<p>De lo contrario, si est\u00e1 buscando actividades <strong>despu\u00e9s del trabajo<\/strong> en la capital, la terraza del hotel se convierte, de mayo a septiembre, en el <strong>Papa Cabane<\/strong>.<\/p>\n<p>Tendr\u00e1s la oportunidad de venir a tomar una copa en una tumbona al sol escuchando buena m\u00fasica o de comer mientras viaja gracias a los food truck \u201cThe Fresh Connection\u201d antes de jugar una partida de petanca o ping-pong para relajarte al final del d\u00eda.<\/p>\n\t\t\t\t\t<\/div>\n\t\t\t\t\t\t\t\t\t<\/div>\n\t\t\t<\/div>    \n\t\t\t    \n\t\t\t<div class=\"col-lg-6 order-first order-lg-last mb-7 mb-lg-0\">\n\t\t\t\t<img decoding=\"async\" src=\"https:\/\/www.myallmeeting.com\/wp-content\/uploads\/2017\/05\/6982-39-953x600.jpg\" width=\"953\" height=\"600\" alt=\"r\u00e9union cr\u00e9ative\" loading=\"lazy\" class=\"w-100\" \/>\n\t\t\t<\/div>\n\t\t\t\t\t<\/div>\n\t<\/div>\n<\/div>\n<!-- END OF : Composant : block-periscope-theme-section-composant-33-texte-image.php -->\n","protected":false},"excerpt":{"rendered":"","protected":false},"featured_media":15964717,"menu_order":0,"template":"","periscope_categorie_tax":[3370],"class_list":["post-16036428","article","type-article","status-publish","has-post-thumbnail","hentry","periscope_categorie_tax-descubra-nuestras-direcciones"],"acf":[],"yoast_head":"<title>Ibis Styles Paris Bercy: un esp\u00edritu arte callejero y puesta en marcha para tus reuniones - Accor MyAllMeeting.com<\/title>\n<meta name=\"robots\" content=\"index, follow, max-snippet:-1, max-image-preview:large, max-video-preview:-1\" \/>\n<link rel=\"canonical\" href=\"https:\/\/www.myallmeeting.com\/es\/wp-json\/wp\/v2\/article\/16036428\" \/>\n<meta property=\"og:locale\" content=\"es_ES\" \/>\n<meta property=\"og:type\" content=\"article\" \/>\n<meta property=\"og:title\" content=\"Ibis Styles Paris Bercy: un esp\u00edritu arte callejero y puesta en marcha para tus reuniones - Accor MyAllMeeting.com\" \/>\n<meta property=\"og:url\" content=\"https:\/\/www.myallmeeting.com\/es\/article\/ibis-styles-paris-bercy-un-espiritu-arte-callejero-y-puesta-en-marcha-para-tus-reuniones\/\" \/>\n<meta property=\"og:site_name\" content=\"Accor MyAllMeeting.com\" \/>\n<meta property=\"article:modified_time\" content=\"2024-07-23T08:22:37+00:00\" \/>\n<meta property=\"og:image\" content=\"http:\/\/myallmeeting.com\/wp-content\/uploads\/2017\/05\/MAM-imagery-1920-x-570-px-2.png\" \/>\n\t<meta property=\"og:image:width\" content=\"1920\" \/>\n\t<meta property=\"og:image:height\" content=\"570\" \/>\n\t<meta property=\"og:image:type\" content=\"image\/png\" \/>\n<meta name=\"twitter:card\" content=\"summary_large_image\" \/>\n<meta name=\"twitter:label1\" content=\"Est. reading time\" \/>\n\t<meta name=\"twitter:data1\" content=\"5 minutes\" \/>\n<script type=\"application\/ld+json\" class=\"yoast-schema-graph\">{\"@context\":\"https:\/\/schema.org\",\"@graph\":[{\"@type\":\"WebPage\",\"@id\":\"https:\/\/www.myallmeeting.com\/es\/article\/ibis-styles-paris-bercy-un-espiritu-arte-callejero-y-puesta-en-marcha-para-tus-reuniones\/\",\"url\":\"https:\/\/www.myallmeeting.com\/es\/article\/ibis-styles-paris-bercy-un-espiritu-arte-callejero-y-puesta-en-marcha-para-tus-reuniones\/\",\"name\":\"Ibis Styles Paris Bercy: un esp\u00edritu arte callejero y puesta en marcha para tus reuniones - Accor MyAllMeeting.com\",\"isPartOf\":{\"@id\":\"https:\/\/www.myallmeeting.com\/es\/#website\"},\"primaryImageOfPage\":{\"@id\":\"https:\/\/www.myallmeeting.com\/es\/article\/ibis-styles-paris-bercy-un-espiritu-arte-callejero-y-puesta-en-marcha-para-tus-reuniones\/#primaryimage\"},\"image\":{\"@id\":\"https:\/\/www.myallmeeting.com\/es\/article\/ibis-styles-paris-bercy-un-espiritu-arte-callejero-y-puesta-en-marcha-para-tus-reuniones\/#primaryimage\"},\"thumbnailUrl\":\"https:\/\/www.myallmeeting.com\/wp-content\/uploads\/2017\/05\/MAM-imagery-1920-x-570-px-2.png\",\"datePublished\":\"2017-05-02T16:13:08+00:00\",\"dateModified\":\"2024-07-23T08:22:37+00:00\",\"breadcrumb\":{\"@id\":\"https:\/\/www.myallmeeting.com\/es\/article\/ibis-styles-paris-bercy-un-espiritu-arte-callejero-y-puesta-en-marcha-para-tus-reuniones\/#breadcrumb\"},\"inLanguage\":\"es-ES\",\"potentialAction\":[{\"@type\":\"ReadAction\",\"target\":[\"https:\/\/www.myallmeeting.com\/es\/article\/ibis-styles-paris-bercy-un-espiritu-arte-callejero-y-puesta-en-marcha-para-tus-reuniones\/\"]}]},{\"@type\":\"ImageObject\",\"inLanguage\":\"es-ES\",\"@id\":\"https:\/\/www.myallmeeting.com\/es\/article\/ibis-styles-paris-bercy-un-espiritu-arte-callejero-y-puesta-en-marcha-para-tus-reuniones\/#primaryimage\",\"url\":\"https:\/\/www.myallmeeting.com\/wp-content\/uploads\/2017\/05\/MAM-imagery-1920-x-570-px-2.png\",\"contentUrl\":\"https:\/\/www.myallmeeting.com\/wp-content\/uploads\/2017\/05\/MAM-imagery-1920-x-570-px-2.png\",\"width\":1920,\"height\":570},{\"@type\":\"BreadcrumbList\",\"@id\":\"https:\/\/www.myallmeeting.com\/es\/article\/ibis-styles-paris-bercy-un-espiritu-arte-callejero-y-puesta-en-marcha-para-tus-reuniones\/#breadcrumb\",\"itemListElement\":[{\"@type\":\"ListItem\",\"position\":1,\"name\":\"P\u00e1gina principal\",\"item\":\"https:\/\/myallmeeting.com\/es\/\"},{\"@type\":\"ListItem\",\"position\":2,\"name\":\"Noticias\",\"item\":\"https:\/\/www.myallmeeting.com\/es\/noticias\/\"},{\"@type\":\"ListItem\",\"position\":3,\"name\":\"Ibis Styles Paris Bercy: un esp\u00edritu arte callejero y puesta en marcha para tus reuniones\"}]},{\"@type\":\"WebSite\",\"@id\":\"https:\/\/www.myallmeeting.com\/es\/#website\",\"url\":\"https:\/\/www.myallmeeting.com\/es\/\",\"name\":\"Accor MyAllMeeting.com\",\"description\":\"Les Meilleurs lieux pour vos Ev\u00e9nements Professionnels\",\"publisher\":{\"@id\":\"https:\/\/www.myallmeeting.com\/es\/#organization\"},\"potentialAction\":[{\"@type\":\"SearchAction\",\"target\":{\"@type\":\"EntryPoint\",\"urlTemplate\":\"https:\/\/www.myallmeeting.com\/es\/?s={search_term_string}\"},\"query-input\":{\"@type\":\"PropertyValueSpecification\",\"valueRequired\":true,\"valueName\":\"search_term_string\"}}],\"inLanguage\":\"es-ES\"},{\"@type\":\"Organization\",\"@id\":\"https:\/\/www.myallmeeting.com\/es\/#organization\",\"name\":\"ACCOR\",\"url\":\"https:\/\/www.myallmeeting.com\/es\/\",\"logo\":{\"@type\":\"ImageObject\",\"inLanguage\":\"es-ES\",\"@id\":\"https:\/\/www.myallmeeting.com\/es\/#\/schema\/logo\/image\/\",\"url\":\"\",\"contentUrl\":\"\",\"caption\":\"ACCOR\"},\"image\":{\"@id\":\"https:\/\/www.myallmeeting.com\/es\/#\/schema\/logo\/image\/\"}}]}<\/script>","yoast_head_json":{"title":"Ibis Styles Paris Bercy: un esp\u00edritu arte callejero y puesta en marcha para tus reuniones - Accor MyAllMeeting.com","robots":{"index":"index","follow":"follow","max-snippet":"max-snippet:-1","max-image-preview":"max-image-preview:large","max-video-preview":"max-video-preview:-1"},"canonical":"https:\/\/www.myallmeeting.com\/es\/wp-json\/wp\/v2\/article\/16036428","og_locale":"es_ES","og_type":"article","og_title":"Ibis Styles Paris Bercy: un esp\u00edritu arte callejero y puesta en marcha para tus reuniones - Accor MyAllMeeting.com","og_url":"https:\/\/www.myallmeeting.com\/es\/article\/ibis-styles-paris-bercy-un-espiritu-arte-callejero-y-puesta-en-marcha-para-tus-reuniones\/","og_site_name":"Accor MyAllMeeting.com","article_modified_time":"2024-07-23T08:22:37+00:00","og_image":[{"width":1920,"height":570,"url":"http:\/\/myallmeeting.com\/wp-content\/uploads\/2017\/05\/MAM-imagery-1920-x-570-px-2.png","type":"image\/png"}],"twitter_card":"summary_large_image","twitter_misc":{"Est. reading time":"5 minutes"},"schema":{"@context":"https:\/\/schema.org","@graph":[{"@type":"WebPage","@id":"https:\/\/www.myallmeeting.com\/es\/article\/ibis-styles-paris-bercy-un-espiritu-arte-callejero-y-puesta-en-marcha-para-tus-reuniones\/","url":"https:\/\/www.myallmeeting.com\/es\/article\/ibis-styles-paris-bercy-un-espiritu-arte-callejero-y-puesta-en-marcha-para-tus-reuniones\/","name":"Ibis Styles Paris Bercy: un esp\u00edritu arte callejero y puesta en marcha para tus reuniones - Accor MyAllMeeting.com","isPartOf":{"@id":"https:\/\/www.myallmeeting.com\/es\/#website"},"primaryImageOfPage":{"@id":"https:\/\/www.myallmeeting.com\/es\/article\/ibis-styles-paris-bercy-un-espiritu-arte-callejero-y-puesta-en-marcha-para-tus-reuniones\/#primaryimage"},"image":{"@id":"https:\/\/www.myallmeeting.com\/es\/article\/ibis-styles-paris-bercy-un-espiritu-arte-callejero-y-puesta-en-marcha-para-tus-reuniones\/#primaryimage"},"thumbnailUrl":"https:\/\/www.myallmeeting.com\/wp-content\/uploads\/2017\/05\/MAM-imagery-1920-x-570-px-2.png","datePublished":"2017-05-02T16:13:08+00:00","dateModified":"2024-07-23T08:22:37+00:00","breadcrumb":{"@id":"https:\/\/www.myallmeeting.com\/es\/article\/ibis-styles-paris-bercy-un-espiritu-arte-callejero-y-puesta-en-marcha-para-tus-reuniones\/#breadcrumb"},"inLanguage":"es-ES","potentialAction":[{"@type":"ReadAction","target":["https:\/\/www.myallmeeting.com\/es\/article\/ibis-styles-paris-bercy-un-espiritu-arte-callejero-y-puesta-en-marcha-para-tus-reuniones\/"]}]},{"@type":"ImageObject","inLanguage":"es-ES","@id":"https:\/\/www.myallmeeting.com\/es\/article\/ibis-styles-paris-bercy-un-espiritu-arte-callejero-y-puesta-en-marcha-para-tus-reuniones\/#primaryimage","url":"https:\/\/www.myallmeeting.com\/wp-content\/uploads\/2017\/05\/MAM-imagery-1920-x-570-px-2.png","contentUrl":"https:\/\/www.myallmeeting.com\/wp-content\/uploads\/2017\/05\/MAM-imagery-1920-x-570-px-2.png","width":1920,"height":570},{"@type":"BreadcrumbList","@id":"https:\/\/www.myallmeeting.com\/es\/article\/ibis-styles-paris-bercy-un-espiritu-arte-callejero-y-puesta-en-marcha-para-tus-reuniones\/#breadcrumb","itemListElement":[{"@type":"ListItem","position":1,"name":"P\u00e1gina principal","item":"https:\/\/myallmeeting.com\/es\/"},{"@type":"ListItem","position":2,"name":"Noticias","item":"https:\/\/www.myallmeeting.com\/es\/noticias\/"},{"@type":"ListItem","position":3,"name":"Ibis Styles Paris Bercy: un esp\u00edritu arte callejero y puesta en marcha para tus reuniones"}]},{"@type":"WebSite","@id":"https:\/\/www.myallmeeting.com\/es\/#website","url":"https:\/\/www.myallmeeting.com\/es\/","name":"Accor MyAllMeeting.com","description":"Les Meilleurs lieux pour vos Ev\u00e9nements Professionnels","publisher":{"@id":"https:\/\/www.myallmeeting.com\/es\/#organization"},"potentialAction":[{"@type":"SearchAction","target":{"@type":"EntryPoint","urlTemplate":"https:\/\/www.myallmeeting.com\/es\/?s={search_term_string}"},"query-input":{"@type":"PropertyValueSpecification","valueRequired":true,"valueName":"search_term_string"}}],"inLanguage":"es-ES"},{"@type":"Organization","@id":"https:\/\/www.myallmeeting.com\/es\/#organization","name":"ACCOR","url":"https:\/\/www.myallmeeting.com\/es\/","logo":{"@type":"ImageObject","inLanguage":"es-ES","@id":"https:\/\/www.myallmeeting.com\/es\/#\/schema\/logo\/image\/","url":"","contentUrl":"","caption":"ACCOR"},"image":{"@id":"https:\/\/www.myallmeeting.com\/es\/#\/schema\/logo\/image\/"}}]}},"_links":{"self":[{"href":"https:\/\/www.myallmeeting.com\/es\/wp-json\/wp\/v2\/article\/16036428","targetHints":{"allow":["GET"]}}],"collection":[{"href":"https:\/\/www.myallmeeting.com\/es\/wp-json\/wp\/v2\/article"}],"about":[{"href":"https:\/\/www.myallmeeting.com\/es\/wp-json\/wp\/v2\/types\/article"}],"wp:featuredmedia":[{"embeddable":true,"href":"https:\/\/www.myallmeeting.com\/es\/wp-json\/wp\/v2\/media\/15964717"}],"wp:attachment":[{"href":"https:\/\/www.myallmeeting.com\/es\/wp-json\/wp\/v2\/media?parent=16036428"}],"wp:term":[{"taxonomy":"periscope_categorie_tax","embeddable":true,"href":"https:\/\/www.myallmeeting.com\/es\/wp-json\/wp\/v2\/periscope_categorie_tax?post=16036428"}],"curies":[{"name":"wp","href":"https:\/\/api.w.org\/{rel}","templated":true}]}}