{"id":16036423,"date":"2020-04-08T11:48:31","date_gmt":"2020-04-08T09:48:31","guid":{"rendered":"https:\/\/myallmeeting.com\/article\/faites-petiller-votre-seminaire-en-champagne\/"},"modified":"2024-07-16T13:01:02","modified_gmt":"2024-07-16T11:01:02","slug":"haz-tintinear-tu-seminario-en-champana","status":"publish","type":"article","link":"https:\/\/www.myallmeeting.com\/es\/article\/haz-tintinear-tu-seminario-en-champana\/","title":{"rendered":"Haz tintinear tu seminario en Champa\u00f1a"},"content":{"rendered":"<!-- START OF : Composant : block-periscope-theme-section-composant-25-texte-cta-2-images.php -->\n<div class=\"tcta2ia bg-white fs-wysiwyg mb-lg-12\" data-component=\"25-texte-cta-2-images\">\n\t<div class=\"tcta2ia__top\">\n\t\t<div class=\"container-fluid\" style=\"--bs-gutter-x: 0\">\n\t\t\t<div class=\"row\" style=\"--bs-gutter-x: 0\">\n\t\t\t\t<div class=\"col-lg-8\">\n\t\t\t\t\t\t\t\t\t\t<div class=\"bloc-mise-en-avant__top__left\">\n\t\t\t\t\t\t<img decoding=\"async\" src=\"https:\/\/www.myallmeeting.com\/wp-content\/uploads\/2020\/04\/6837-97-1268x846.jpg\" class=\"pe-2 pe-lg-0\" width=\"1268\" height=\"846\" alt=\"\" loading=\"lazy\" \/>\n\t\t\t\t\t<\/div>\n\t\t\t\t\t\t\t\t\t\t<div class=\"tcta2ia__bottom d-none d-lg-block pb-12 pt-lg-9 pb-lg-0 pe-lg-10\">\n\t\t\t\t\t\t\t\t\t\t\t\t<h2 class=\"fs-20 fs-lg-32 fw-semibold\">Novotel Reims Tinqueux<\/h2>\n\t\t\t\t\t\t\t\t\t\t\t\t\t\t\t\t\t\t<div class=\"fs-wysiwyg\"><p><span style=\"font-weight: 400;\">Primero rumbo a Reims. \u00bfVives y trabajas en la ciudad y te gustar\u00eda un ambiente verde y aireado para tu seminario? Re\u00fanete en el <a href=\"https:\/\/myallmeeting.com\/es\/hotel\/0428-novotel-reims-tinqueux\/\">Novotel Reims Tinqueux<\/a>. Si bien se beneficia de la proximidad de la ciudad ya que est\u00e1 a s\u00f3lo\u00a0<\/span><b>10 km del centro de Reims<\/b><span style=\"font-weight: 400;\">, este 4 estrellas est\u00e1\u00a0<\/span><b>rodeado de espacios verdes y cuenta con piscina al aire libre<\/b><span style=\"font-weight: 400;\">\u00a0a su disposici\u00f3n muy apreciable en verano.\u00a0<\/span><\/p>\n<p><span style=\"font-weight: 400;\">Sus\u00a0<\/span><b>127 habitaciones con un dise\u00f1o sobrio y claro<\/b><span style=\"font-weight: 400;\">\u00a0ofrecen un precioso espacio, 25 m<\/span><span style=\"font-weight: 400;\">\u00b2<\/span><span style=\"font-weight: 400;\">\u00a0m\u00ednimo. Un ambiente confortable que, combinado con las\u00a0<\/span><b>10 salas de reuniones<\/b><span style=\"font-weight: 400;\">\u00a0<\/span><b>con una capacidad m\u00e1xima de 150 personas<\/b><span style=\"font-weight: 400;\">, bar y restaurante, hacen de este hotel el lugar ideal para combinar trabajo y relax. \u00bfTe gustar\u00eda visitar una bodega entre las reuniones?<\/span><\/p>\n<\/div>\n\t\t\t\t\t\t\t\t\t\t\t\t<div class=\"d-flex flex-column flex-lg-row align-items-center gap-5 gap-lg-8 justify-content-between\">\n\t\t\t\t\t\t\t<div class=\"fs-20 fs-lg-26 fw-semibold lh-xs\"><\/div>\n\t\t\t\t\t\t\t\t\t\t\t\t\t<\/div>\n\t\t\t\t\t<\/div>\n\t\t\t\t<\/div>\n\t\t\t\t<div class=\"col-lg-4\">\n\t\t\t\t\t<div class=\"tcta2ia__top__right t-0 r-0 bg-primary text-white pt-4 pb-4 px-2 pt-lg-8 pb-lg-16 px-lg-11 pb-xl-30\">\n\t\t\t\t\t\t\t\t\t\t\t\t\t\t\t\t\t\t<h2 class=\"unna fs-36 fs-lg-51 fs-xl-75 fs-italic fw-normal text-secondary\">Haz tintinear tu seminario en Champa\u00f1a<\/h2>\n\t\t\t\t\t\t\t\t\t\t\t\t\t\t\t\t\t\t<h3 class=\"text-white fs-18 fs-lg-20 fs-xl-28 text-original-case\">\u00bfAlguna vez has pensado en relajarte&#8230; mientras trabajas? \u00a1S\u00f3lo en Champa\u00f1a podr\u00e1s cumplir esta promesa a tus equipos! Los paisajes de esta comarca salpicados de vi\u00f1edos, pueblos de prestigio patrimonial y famosas bodegas son clasificados como patrimonio de la humanidad por la UNESCO.<\/h3>\n\t\t\t\t\t\t\t\t\t\t\t\t\t\t\t\t\t\t<div class=\"fs-wysiwyg mb-4 fs-lg-16 fs-xl-20\"><p><span style=\"font-weight: 400;\">Esto demuestra que Champa\u00f1a tiene todos los atractivos para ofrecer a sus reuniones\u00a0<\/span><b>un entorno de lujo silencioso<\/b><span style=\"font-weight: 400;\">. Hemos seleccionado cuatro hoteles para que organices un evento apasionante\u2026<\/span><\/p>\n<\/div>\n\t\t\t\t\t\t\t\t\t\t\t\t\t\t\t\t\t\t\t\t\t\t\t\t<p class=\"m-0\"><img decoding=\"async\" src=\"https:\/\/www.myallmeeting.com\/wp-content\/uploads\/2020\/04\/2983-53-633x398.jpg\" class=\"position-relative l-0\" width=\"633\" height=\"398\" alt=\"\" loading=\"lazy\" \/><\/p>\n\t\t\t\t\t\t\t\t\t\t\t<\/div>\n\t\t\t\t<\/div>\n\t\t\t<\/div>\n\t\t<\/div>\n\t<\/div>\n\t<div class=\"tcta2ia__bottom d-lg-none pb-12 py-lg-9 pe-lg-10\">\n\t\t\t\t<div class=\"h2 fs-20 fs-lg-32 fw-semibold\">Novotel Reims Tinqueux<\/div>\n\t\t\t\t\t\t<div class=\"fs-wysiwyg\"><p><span style=\"font-weight: 400;\">Primero rumbo a Reims. \u00bfVives y trabajas en la ciudad y te gustar\u00eda un ambiente verde y aireado para tu seminario? Re\u00fanete en el <a href=\"https:\/\/myallmeeting.com\/es\/hotel\/0428-novotel-reims-tinqueux\/\">Novotel Reims Tinqueux<\/a>. Si bien se beneficia de la proximidad de la ciudad ya que est\u00e1 a s\u00f3lo\u00a0<\/span><b>10 km del centro de Reims<\/b><span style=\"font-weight: 400;\">, este 4 estrellas est\u00e1\u00a0<\/span><b>rodeado de espacios verdes y cuenta con piscina al aire libre<\/b><span style=\"font-weight: 400;\">\u00a0a su disposici\u00f3n muy apreciable en verano.\u00a0<\/span><\/p>\n<p><span style=\"font-weight: 400;\">Sus\u00a0<\/span><b>127 habitaciones con un dise\u00f1o sobrio y claro<\/b><span style=\"font-weight: 400;\">\u00a0ofrecen un precioso espacio, 25 m<\/span><span style=\"font-weight: 400;\">\u00b2<\/span><span style=\"font-weight: 400;\">\u00a0m\u00ednimo. Un ambiente confortable que, combinado con las\u00a0<\/span><b>10 salas de reuniones<\/b><span style=\"font-weight: 400;\">\u00a0<\/span><b>con una capacidad m\u00e1xima de 150 personas<\/b><span style=\"font-weight: 400;\">, bar y restaurante, hacen de este hotel el lugar ideal para combinar trabajo y relax. \u00bfTe gustar\u00eda visitar una bodega entre las reuniones?<\/span><\/p>\n<\/div>\n\t\t\t\t<div class=\"d-flex flex-column flex-lg-row align-items-center gap-5 gap-lg-8 justify-content-between\">\n\t\t\t<div class=\"fs-20 fs-lg-26 fw-semibold lh-xs\"><\/div>\n\t\t\t\t\t<\/div>\n\t<\/div>\n<\/div>\n<!-- END OF : Composant : block-periscope-theme-section-composant-25-texte-cta-2-images.php -->\n\n\n<!-- START OF : Composant : block-periscope-theme-section-composant-33-texte-image.php -->\n<div class=\"text-image fs-wysiwyg mb-8 mb-lg-12\" data-component=\"33-texte-image\">\n\t<div class=\"container-fluid\" style=\"--bs-gutter-x: 0\">\n\t\t<div class=\"row\" style=\"--bs-gutter-x: 0\">\n\t\t\t\t\t\t<div class=\"col-lg-6 mb-7 mb-lg-0\">\n\t\t\t\t<img decoding=\"async\" src=\"https:\/\/www.myallmeeting.com\/wp-content\/uploads\/2020\/04\/Mercure-Reims-Parc-des-Expositions-4-953x600.jpg\" width=\"953\" height=\"600\" alt=\"\" loading=\"lazy\" class=\"w-100\" \/>\n\t\t\t<\/div>\n\t\t\t\t\t\t<div class=\"col-lg-6\">\n\t\t\t\t<div class=\"text-image__content\">\n\t\t\t\t\t\t\t\t\t\t<div class=\"fw-semibold lh-xs fs-20 fs-lg-32 ls--25 mb-5\">Mercure Reims Parc des Expositions<\/div>\n\t\t\t\t\t\t\t\t\t\t\t\t\t\t\t<div class=\"fs-wysiwyg\">\n\t\t\t\t\t\t<p><span style=\"font-weight: 400;\">Un sentimiento de bienestar es lo que proporciona este establecimiento al llegar. Con su estilo de \u201ccasa de artista\u201d, <a href=\"https:\/\/myallmeeting.com\/fr\/hotel\/0363-hotel-mercure-reims-parc-des-expositions\/\">el hotel<\/a> expone en sus distintos espacios obras de artistas de Reims. Pero este no es su \u00fanica virtud: <\/span><b>el hotel est\u00e1 en el cruce de la vida y la identidad de Reims<\/b><span style=\"font-weight: 400;\">, posicion\u00e1ndose cerca del Centro de Exposiciones, de las principales casas de Champa\u00f1a, de las estaciones de TGV, pero tambi\u00e9n del mercado de Boulingrin y de la catedral.\u00a0<\/span><\/p>\n<p><span style=\"font-weight: 400;\">Un entorno perfecto para organizar un evento profesional de calidad. <\/span><b>Seis salones, as\u00ed como 101 luminosas salas, est\u00e1n preparados para acoger tus seminarios o comit\u00e9s de direcci\u00f3n<\/b><span style=\"font-weight: 400;\">.\u00a0<\/span><\/p>\n<p><span style=\"font-weight: 400;\">Para momentos de relajaci\u00f3n, <\/span><b>tus empleados podr\u00e1n disfrutar del bar-restaurante con terraza L\u2019ArTdoise Brasserie Maison<\/b><span style=\"font-weight: 400;\">, as\u00ed como una piscina y un jard\u00edn a los que el hotel da acceso.\u00a0<\/span><\/p>\n\t\t\t\t\t<\/div>\n\t\t\t\t\t\t\t\t\t<\/div>\n\t\t\t<\/div>        \n\t\t<\/div>\n\t<\/div>\n<\/div>\n<!-- END OF : Composant : block-periscope-theme-section-composant-33-texte-image.php -->\n\n\n<!-- START OF : Composant : block-periscope-theme-section-composant-33-texte-image.php -->\n<!-- INVERSE -->\n<div class=\"text-image fs-wysiwyg mb-8 mb-lg-12\" data-component=\"33-texte-image\" data-reverse=\"oui\">\n\t<div class=\"container-fluid\" style=\"--bs-gutter-x: 0\">\n\t\t<div class=\"row\" style=\"--bs-gutter-x: 0\">\n\t\t\t<div class=\"col-lg-6\">\n\t\t\t\t<div class=\"text-image__content\">\n\t\t\t\t\t\t\t\t\t\t<div class=\"fw-semibold lh-xs fs-20 fs-lg-32 ls--25 mb-5\">Ibis Ch\u00e2teau-Thierry<\/div>\n\t\t\t\t\t\t\t\t\t\t\t\t\t\t\t<div class=\"fs-wysiwyg\">\n\t\t\t\t\t\t<p><span style=\"font-weight: 400;\"><a href=\"https:\/\/myallmeeting.com\/es\/hotel\/1042-ibis-chateau-thierry\/\">El Ibis Ch\u00e2teau-Thierry<\/a>, de 3 estrellas, se encuentra un poco fuera de la ciudad.\u00a0<\/span><b>Sus dos salas de reuniones<\/b><span style=\"font-weight: 400;\">\u00a0que juntas pueden ofrecer\u00a0<\/span><b>una superficie total de 122 m<\/b><b>\u00b2<\/b><span style=\"font-weight: 400;\">, ser\u00e1n el anfitri\u00f3n de tus seminarios. \u00bfLo mejor? Podr\u00e1s aprovechar un momento de descanso para explorar los alrededores que te deparar\u00e1n muchas sorpresas. \u00bfSab\u00edas que los habitantes de Ch\u00e2teau-Thierry se llaman&#8230; los Castelth\u00e9odoriciens? \u00bfY que el m\u00e1s famoso de ellos es el fabulista Jean de la Fontaine? Un lugar ideal para imaginar un seminario tem\u00e1tico en esta ciudad a las puertas de Champa\u00f1a.<\/span><\/p>\n\t\t\t\t\t<\/div>\n\t\t\t\t\t\t\t\t\t<\/div>\n\t\t\t<\/div>    \n\t\t\t    \n\t\t\t<div class=\"col-lg-6 order-first order-lg-last mb-7 mb-lg-0\">\n\t\t\t\t<img decoding=\"async\" src=\"https:\/\/www.myallmeeting.com\/wp-content\/uploads\/2020\/04\/Ibis-Chateau-Thierry-3-953x600.jpg\" width=\"953\" height=\"600\" alt=\"\" loading=\"lazy\" class=\"w-100\" \/>\n\t\t\t<\/div>\n\t\t\t\t\t<\/div>\n\t<\/div>\n<\/div>\n<!-- END OF : Composant : block-periscope-theme-section-composant-33-texte-image.php -->\n\n\n<!-- START OF : Composant : block-periscope-theme-section-composant-33-texte-image.php -->\n<div class=\"text-image fs-wysiwyg mb-8 mb-lg-12\" data-component=\"33-texte-image\">\n\t<div class=\"container-fluid\" style=\"--bs-gutter-x: 0\">\n\t\t<div class=\"row\" style=\"--bs-gutter-x: 0\">\n\t\t\t\t\t\t<div class=\"col-lg-6 mb-7 mb-lg-0\">\n\t\t\t\t<img decoding=\"async\" src=\"https:\/\/www.myallmeeting.com\/wp-content\/uploads\/2020\/04\/Ibis-Styles-Chalons-en-Champagne-3-953x600.jpg\" width=\"953\" height=\"600\" alt=\"\" loading=\"lazy\" class=\"w-100\" \/>\n\t\t\t<\/div>\n\t\t\t\t\t\t<div class=\"col-lg-6\">\n\t\t\t\t<div class=\"text-image__content\">\n\t\t\t\t\t\t\t\t\t\t<div class=\"fw-semibold lh-xs fs-20 fs-lg-32 ls--25 mb-5\">Ibis Styles Ch\u00e2lons-en-Champagne<\/div>\n\t\t\t\t\t\t\t\t\t\t\t\t\t\t\t<div class=\"fs-wysiwyg\">\n\t\t\t\t\t\t<p><i><span style=\"font-weight: 400;\">\u201cAl sufrir de insomnio, cambiar\u00eda un colch\u00f3n de plumas por un sue\u00f1o de plomo\u201d&#8230;\u00a0<\/span><\/i><span style=\"font-weight: 400;\">Pierre Dac, el c\u00e9lebre comediante nacido en la ciudad, tal vez no habr\u00eda pronunciado esta frase si hubiera probado el confort de una de las<\/span><b>\u00a070 habitaciones<\/b><span style=\"font-weight: 400;\">\u00a0del <a href=\"https:\/\/myallmeeting.com\/fr\/hotel\/a212-ibis-styles-chalons-en-champagne-centre-opening-august-2017\/\">Ibis Styles Ch\u00e2lons-en-Champagne<\/a>\u2026 Este 3 estrellas,\u00a0<\/span><b>situado en el coraz\u00f3n de la ciudad<\/b><span style=\"font-weight: 400;\">, ofrece\u00a0<\/span><b>una sala de reuniones, con capacidad m\u00e1xima de 25 personas<\/b><span style=\"font-weight: 400;\">.\u00a0<\/span><\/p>\n<p><span style=\"font-weight: 400;\">Despu\u00e9s de un d\u00eda de trabajo, y un bienvenido descanso en el bar del hotel, puedes salir a explorar los callejones, algunos de los cuales est\u00e1n atravesados por canales, lo que ha hecho que a veces la ciudad sea apodada la \u201cVenecia tintineante\u201d.<\/span><\/p>\n<p>&nbsp;<\/p>\n\t\t\t\t\t<\/div>\n\t\t\t\t\t\t\t\t\t<\/div>\n\t\t\t<\/div>        \n\t\t<\/div>\n\t<\/div>\n<\/div>\n<!-- END OF : Composant : block-periscope-theme-section-composant-33-texte-image.php -->\n","protected":false},"excerpt":{"rendered":"","protected":false},"featured_media":15964711,"menu_order":0,"template":"","periscope_categorie_tax":[3552],"class_list":["post-16036423","article","type-article","status-publish","has-post-thumbnail","hentry","periscope_categorie_tax-tous-nos-tops-selections-es"],"acf":[],"yoast_head":"<title>Haz tintinear tu seminario en Champa\u00f1a - Accor MyAllMeeting.com<\/title>\n<meta name=\"robots\" content=\"index, follow, max-snippet:-1, max-image-preview:large, max-video-preview:-1\" \/>\n<link rel=\"canonical\" href=\"https:\/\/www.myallmeeting.com\/es\/wp-json\/wp\/v2\/article\/16036423\" \/>\n<meta property=\"og:locale\" content=\"es_ES\" \/>\n<meta property=\"og:type\" content=\"article\" \/>\n<meta property=\"og:title\" content=\"Haz tintinear tu seminario en Champa\u00f1a - Accor MyAllMeeting.com\" \/>\n<meta property=\"og:url\" content=\"https:\/\/www.myallmeeting.com\/es\/article\/haz-tintinear-tu-seminario-en-champana\/\" \/>\n<meta property=\"og:site_name\" content=\"Accor MyAllMeeting.com\" \/>\n<meta property=\"article:modified_time\" content=\"2024-07-16T11:01:02+00:00\" \/>\n<meta property=\"og:image\" content=\"http:\/\/myallmeeting.com\/wp-content\/uploads\/2020\/04\/MAM-imagery-1920-x-570-px-2.png\" \/>\n\t<meta property=\"og:image:width\" content=\"1920\" \/>\n\t<meta property=\"og:image:height\" content=\"570\" \/>\n\t<meta property=\"og:image:type\" content=\"image\/png\" \/>\n<meta name=\"twitter:card\" content=\"summary_large_image\" \/>\n<meta name=\"twitter:label1\" content=\"Est. reading time\" \/>\n\t<meta name=\"twitter:data1\" content=\"5 minutes\" \/>\n<script type=\"application\/ld+json\" class=\"yoast-schema-graph\">{\"@context\":\"https:\/\/schema.org\",\"@graph\":[{\"@type\":\"WebPage\",\"@id\":\"https:\/\/www.myallmeeting.com\/es\/article\/haz-tintinear-tu-seminario-en-champana\/\",\"url\":\"https:\/\/www.myallmeeting.com\/es\/article\/haz-tintinear-tu-seminario-en-champana\/\",\"name\":\"Haz tintinear tu seminario en Champa\u00f1a - Accor MyAllMeeting.com\",\"isPartOf\":{\"@id\":\"https:\/\/www.myallmeeting.com\/es\/#website\"},\"primaryImageOfPage\":{\"@id\":\"https:\/\/www.myallmeeting.com\/es\/article\/haz-tintinear-tu-seminario-en-champana\/#primaryimage\"},\"image\":{\"@id\":\"https:\/\/www.myallmeeting.com\/es\/article\/haz-tintinear-tu-seminario-en-champana\/#primaryimage\"},\"thumbnailUrl\":\"https:\/\/www.myallmeeting.com\/wp-content\/uploads\/2020\/04\/MAM-imagery-1920-x-570-px-2.png\",\"datePublished\":\"2020-04-08T09:48:31+00:00\",\"dateModified\":\"2024-07-16T11:01:02+00:00\",\"breadcrumb\":{\"@id\":\"https:\/\/www.myallmeeting.com\/es\/article\/haz-tintinear-tu-seminario-en-champana\/#breadcrumb\"},\"inLanguage\":\"es-ES\",\"potentialAction\":[{\"@type\":\"ReadAction\",\"target\":[\"https:\/\/www.myallmeeting.com\/es\/article\/haz-tintinear-tu-seminario-en-champana\/\"]}]},{\"@type\":\"ImageObject\",\"inLanguage\":\"es-ES\",\"@id\":\"https:\/\/www.myallmeeting.com\/es\/article\/haz-tintinear-tu-seminario-en-champana\/#primaryimage\",\"url\":\"https:\/\/www.myallmeeting.com\/wp-content\/uploads\/2020\/04\/MAM-imagery-1920-x-570-px-2.png\",\"contentUrl\":\"https:\/\/www.myallmeeting.com\/wp-content\/uploads\/2020\/04\/MAM-imagery-1920-x-570-px-2.png\",\"width\":1920,\"height\":570,\"caption\":\"Row vine green grape in champagne vineyards at montagne de reims\"},{\"@type\":\"BreadcrumbList\",\"@id\":\"https:\/\/www.myallmeeting.com\/es\/article\/haz-tintinear-tu-seminario-en-champana\/#breadcrumb\",\"itemListElement\":[{\"@type\":\"ListItem\",\"position\":1,\"name\":\"P\u00e1gina principal\",\"item\":\"https:\/\/myallmeeting.com\/es\/\"},{\"@type\":\"ListItem\",\"position\":2,\"name\":\"Noticias\",\"item\":\"https:\/\/www.myallmeeting.com\/es\/noticias\/\"},{\"@type\":\"ListItem\",\"position\":3,\"name\":\"Haz tintinear tu seminario en Champa\u00f1a\"}]},{\"@type\":\"WebSite\",\"@id\":\"https:\/\/www.myallmeeting.com\/es\/#website\",\"url\":\"https:\/\/www.myallmeeting.com\/es\/\",\"name\":\"Accor MyAllMeeting.com\",\"description\":\"Les Meilleurs lieux pour vos Ev\u00e9nements Professionnels\",\"publisher\":{\"@id\":\"https:\/\/www.myallmeeting.com\/es\/#organization\"},\"potentialAction\":[{\"@type\":\"SearchAction\",\"target\":{\"@type\":\"EntryPoint\",\"urlTemplate\":\"https:\/\/www.myallmeeting.com\/es\/?s={search_term_string}\"},\"query-input\":{\"@type\":\"PropertyValueSpecification\",\"valueRequired\":true,\"valueName\":\"search_term_string\"}}],\"inLanguage\":\"es-ES\"},{\"@type\":\"Organization\",\"@id\":\"https:\/\/www.myallmeeting.com\/es\/#organization\",\"name\":\"ACCOR\",\"url\":\"https:\/\/www.myallmeeting.com\/es\/\",\"logo\":{\"@type\":\"ImageObject\",\"inLanguage\":\"es-ES\",\"@id\":\"https:\/\/www.myallmeeting.com\/es\/#\/schema\/logo\/image\/\",\"url\":\"\",\"contentUrl\":\"\",\"caption\":\"ACCOR\"},\"image\":{\"@id\":\"https:\/\/www.myallmeeting.com\/es\/#\/schema\/logo\/image\/\"}}]}<\/script>","yoast_head_json":{"title":"Haz tintinear tu seminario en Champa\u00f1a - Accor MyAllMeeting.com","robots":{"index":"index","follow":"follow","max-snippet":"max-snippet:-1","max-image-preview":"max-image-preview:large","max-video-preview":"max-video-preview:-1"},"canonical":"https:\/\/www.myallmeeting.com\/es\/wp-json\/wp\/v2\/article\/16036423","og_locale":"es_ES","og_type":"article","og_title":"Haz tintinear tu seminario en Champa\u00f1a - Accor MyAllMeeting.com","og_url":"https:\/\/www.myallmeeting.com\/es\/article\/haz-tintinear-tu-seminario-en-champana\/","og_site_name":"Accor MyAllMeeting.com","article_modified_time":"2024-07-16T11:01:02+00:00","og_image":[{"width":1920,"height":570,"url":"http:\/\/myallmeeting.com\/wp-content\/uploads\/2020\/04\/MAM-imagery-1920-x-570-px-2.png","type":"image\/png"}],"twitter_card":"summary_large_image","twitter_misc":{"Est. reading time":"5 minutes"},"schema":{"@context":"https:\/\/schema.org","@graph":[{"@type":"WebPage","@id":"https:\/\/www.myallmeeting.com\/es\/article\/haz-tintinear-tu-seminario-en-champana\/","url":"https:\/\/www.myallmeeting.com\/es\/article\/haz-tintinear-tu-seminario-en-champana\/","name":"Haz tintinear tu seminario en Champa\u00f1a - Accor MyAllMeeting.com","isPartOf":{"@id":"https:\/\/www.myallmeeting.com\/es\/#website"},"primaryImageOfPage":{"@id":"https:\/\/www.myallmeeting.com\/es\/article\/haz-tintinear-tu-seminario-en-champana\/#primaryimage"},"image":{"@id":"https:\/\/www.myallmeeting.com\/es\/article\/haz-tintinear-tu-seminario-en-champana\/#primaryimage"},"thumbnailUrl":"https:\/\/www.myallmeeting.com\/wp-content\/uploads\/2020\/04\/MAM-imagery-1920-x-570-px-2.png","datePublished":"2020-04-08T09:48:31+00:00","dateModified":"2024-07-16T11:01:02+00:00","breadcrumb":{"@id":"https:\/\/www.myallmeeting.com\/es\/article\/haz-tintinear-tu-seminario-en-champana\/#breadcrumb"},"inLanguage":"es-ES","potentialAction":[{"@type":"ReadAction","target":["https:\/\/www.myallmeeting.com\/es\/article\/haz-tintinear-tu-seminario-en-champana\/"]}]},{"@type":"ImageObject","inLanguage":"es-ES","@id":"https:\/\/www.myallmeeting.com\/es\/article\/haz-tintinear-tu-seminario-en-champana\/#primaryimage","url":"https:\/\/www.myallmeeting.com\/wp-content\/uploads\/2020\/04\/MAM-imagery-1920-x-570-px-2.png","contentUrl":"https:\/\/www.myallmeeting.com\/wp-content\/uploads\/2020\/04\/MAM-imagery-1920-x-570-px-2.png","width":1920,"height":570,"caption":"Row vine green grape in champagne vineyards at montagne de reims"},{"@type":"BreadcrumbList","@id":"https:\/\/www.myallmeeting.com\/es\/article\/haz-tintinear-tu-seminario-en-champana\/#breadcrumb","itemListElement":[{"@type":"ListItem","position":1,"name":"P\u00e1gina principal","item":"https:\/\/myallmeeting.com\/es\/"},{"@type":"ListItem","position":2,"name":"Noticias","item":"https:\/\/www.myallmeeting.com\/es\/noticias\/"},{"@type":"ListItem","position":3,"name":"Haz tintinear tu seminario en Champa\u00f1a"}]},{"@type":"WebSite","@id":"https:\/\/www.myallmeeting.com\/es\/#website","url":"https:\/\/www.myallmeeting.com\/es\/","name":"Accor MyAllMeeting.com","description":"Les Meilleurs lieux pour vos Ev\u00e9nements Professionnels","publisher":{"@id":"https:\/\/www.myallmeeting.com\/es\/#organization"},"potentialAction":[{"@type":"SearchAction","target":{"@type":"EntryPoint","urlTemplate":"https:\/\/www.myallmeeting.com\/es\/?s={search_term_string}"},"query-input":{"@type":"PropertyValueSpecification","valueRequired":true,"valueName":"search_term_string"}}],"inLanguage":"es-ES"},{"@type":"Organization","@id":"https:\/\/www.myallmeeting.com\/es\/#organization","name":"ACCOR","url":"https:\/\/www.myallmeeting.com\/es\/","logo":{"@type":"ImageObject","inLanguage":"es-ES","@id":"https:\/\/www.myallmeeting.com\/es\/#\/schema\/logo\/image\/","url":"","contentUrl":"","caption":"ACCOR"},"image":{"@id":"https:\/\/www.myallmeeting.com\/es\/#\/schema\/logo\/image\/"}}]}},"_links":{"self":[{"href":"https:\/\/www.myallmeeting.com\/es\/wp-json\/wp\/v2\/article\/16036423","targetHints":{"allow":["GET"]}}],"collection":[{"href":"https:\/\/www.myallmeeting.com\/es\/wp-json\/wp\/v2\/article"}],"about":[{"href":"https:\/\/www.myallmeeting.com\/es\/wp-json\/wp\/v2\/types\/article"}],"wp:featuredmedia":[{"embeddable":true,"href":"https:\/\/www.myallmeeting.com\/es\/wp-json\/wp\/v2\/media\/15964711"}],"wp:attachment":[{"href":"https:\/\/www.myallmeeting.com\/es\/wp-json\/wp\/v2\/media?parent=16036423"}],"wp:term":[{"taxonomy":"periscope_categorie_tax","embeddable":true,"href":"https:\/\/www.myallmeeting.com\/es\/wp-json\/wp\/v2\/periscope_categorie_tax?post=16036423"}],"curies":[{"name":"wp","href":"https:\/\/api.w.org\/{rel}","templated":true}]}}