{"id":16036415,"date":"2022-04-29T15:43:28","date_gmt":"2022-04-29T13:43:28","guid":{"rendered":"https:\/\/myallmeeting.com\/article\/decouvrez-nos-4-meilleurs-hotels-pour-organiser-un-seminaire-au-pays-basque\/"},"modified":"2024-07-16T12:40:16","modified_gmt":"2024-07-16T10:40:16","slug":"descubre-nuestros-4-mejores-hoteles-para-organizar-un-seminario-en-el-pais-vasco-espanol","status":"publish","type":"article","link":"https:\/\/www.myallmeeting.com\/es\/article\/descubre-nuestros-4-mejores-hoteles-para-organizar-un-seminario-en-el-pais-vasco-espanol\/","title":{"rendered":"Descubre nuestros 4 mejores hoteles para organizar un seminario en el Pa\u00eds Vasco espa\u00f1ol"},"content":{"rendered":"<!-- START OF : Composant : block-periscope-theme-section-composant-25-texte-cta-2-images.php -->\n<div class=\"tcta2ia bg-white fs-wysiwyg mb-lg-12\" data-component=\"25-texte-cta-2-images\">\n\t<div class=\"tcta2ia__top\">\n\t\t<div class=\"container-fluid\" style=\"--bs-gutter-x: 0\">\n\t\t\t<div class=\"row\" style=\"--bs-gutter-x: 0\">\n\t\t\t\t<div class=\"col-lg-8\">\n\t\t\t\t\t\t\t\t\t\t<div class=\"bloc-mise-en-avant__top__left\">\n\t\t\t\t\t\t<img decoding=\"async\" src=\"https:\/\/www.myallmeeting.com\/wp-content\/uploads\/2022\/04\/Mercure-San-Sebastian-Monte-Igueldo-2-1268x846.jpg\" class=\"pe-2 pe-lg-0\" width=\"1268\" height=\"846\" alt=\"\" loading=\"lazy\" \/>\n\t\t\t\t\t<\/div>\n\t\t\t\t\t\t\t\t\t\t<div class=\"tcta2ia__bottom d-none d-lg-block pb-12 pt-lg-9 pb-lg-0 pe-lg-10\">\n\t\t\t\t\t\t\t\t\t\t\t\t<h2 class=\"fs-20 fs-lg-32 fw-semibold\">Ibis Bilbao Centro<\/h2>\n\t\t\t\t\t\t\t\t\t\t\t\t\t\t\t\t\t\t<div class=\"fs-wysiwyg\"><p><span style=\"font-weight: 400;\">El Museo Guggenheim te suena \u00bfno? Situado a solo 10 minutos a pie del <\/span><a href=\"https:\/\/myallmeeting.com\/es\/hotel\/6141-ibis-bilbao-centro\/\"><b>Ibis Bilbao Centro<\/b><\/a><span style=\"font-weight: 400;\">, el museo ya ha organizado cenas de gala con proyecciones de videomapping en las mesas. \u00a1Una excelente idea para sorprender a los participantes que est\u00e1n acostumbrados (o incluso cansados) a ver espect\u00e1culos de mapeo en las fachadas y que necesitar\u00e1n un descanso despu\u00e9s de tantas horas de formaci\u00f3n!<\/span><\/p>\n<p><span style=\"font-weight: 400;\">En regla general, <\/span><b>Bilbao y sus alrededores son sencillamente espectaculares y<\/b> <b>la oferta gastron\u00f3mica no es menor<\/b><span style=\"font-weight: 400;\">. Te recomendamos que incluyas una visita en el programa de tu evento: no dudes en detenerte en Plaza Nueva o pasar por Zubizuri, lugares imprescindibles del centro de la ciudad situados muy cerca del hotel y que seguro que tus participantes nunca olvidar\u00e1n.<\/span><\/p>\n<p><b>El hotel dispone de dos salas de reuniones<\/b> \u2013 una de 90 m\u00b2 y otra de 45 m\u00b2 \u2013 que podr\u00e1s utilizar por separado o unir para obtener una \u00fanica sala con capacidad para 95 participantes.<\/p>\n<\/div>\n\t\t\t\t\t\t\t\t\t\t\t\t<div class=\"d-flex flex-column flex-lg-row align-items-center gap-5 gap-lg-8 justify-content-between\">\n\t\t\t\t\t\t\t<div class=\"fs-20 fs-lg-26 fw-semibold lh-xs\"><\/div>\n\t\t\t\t\t\t\t\t\t\t\t\t\t<\/div>\n\t\t\t\t\t<\/div>\n\t\t\t\t<\/div>\n\t\t\t\t<div class=\"col-lg-4\">\n\t\t\t\t\t<div class=\"tcta2ia__top__right t-0 r-0 bg-primary text-white pt-4 pb-4 px-2 pt-lg-8 pb-lg-16 px-lg-11 pb-xl-30\">\n\t\t\t\t\t\t\t\t\t\t\t\t\t\t\t\t\t\t<h2 class=\"unna fs-36 fs-lg-51 fs-xl-75 fs-italic fw-normal text-secondary\">Descubre nuestros 4 mejores hoteles para organizar un seminario en el Pa\u00eds Vasco espa\u00f1ol<\/h2>\n\t\t\t\t\t\t\t\t\t\t\t\t\t\t\t\t\t\t<h3 class=\"text-white fs-18 fs-lg-20 fs-xl-28 text-original-case\">Puede que no entiendas el euskera pero el Museo Guggenheim, la playa de La Concha o, por supuesto, los bares de pintxos seguro que significan algo para ti.<\/h3>\n\t\t\t\t\t\t\t\t\t\t\t\t\t\t\t\t\t\t<div class=\"fs-wysiwyg mb-4 fs-lg-16 fs-xl-20\"><p><span style=\"font-weight: 400;\">M\u00e1s all\u00e1 de estos clich\u00e9s, el Pa\u00eds Vasco espa\u00f1ol tambi\u00e9n tiene mucho que ofrecer en materia de organizaci\u00f3n de eventos. Descubre nuestros 4 mejores hoteles si tienes pensado organizar un seminario all\u00ed.<\/span><\/p>\n<\/div>\n\t\t\t\t\t\t\t\t\t\t\t\t\t\t\t\t\t\t\t\t\t\t\t\t<p class=\"m-0\"><img decoding=\"async\" src=\"https:\/\/www.myallmeeting.com\/wp-content\/uploads\/2022\/04\/Ibis-Bilbao-Centro-2-633x398.jpg\" class=\"position-relative l-0\" width=\"633\" height=\"398\" alt=\"\" loading=\"lazy\" \/><\/p>\n\t\t\t\t\t\t\t\t\t\t\t<\/div>\n\t\t\t\t<\/div>\n\t\t\t<\/div>\n\t\t<\/div>\n\t<\/div>\n\t<div class=\"tcta2ia__bottom d-lg-none pb-12 py-lg-9 pe-lg-10\">\n\t\t\t\t<div class=\"h2 fs-20 fs-lg-32 fw-semibold\">Ibis Bilbao Centro<\/div>\n\t\t\t\t\t\t<div class=\"fs-wysiwyg\"><p><span style=\"font-weight: 400;\">El Museo Guggenheim te suena \u00bfno? Situado a solo 10 minutos a pie del <\/span><a href=\"https:\/\/myallmeeting.com\/es\/hotel\/6141-ibis-bilbao-centro\/\"><b>Ibis Bilbao Centro<\/b><\/a><span style=\"font-weight: 400;\">, el museo ya ha organizado cenas de gala con proyecciones de videomapping en las mesas. \u00a1Una excelente idea para sorprender a los participantes que est\u00e1n acostumbrados (o incluso cansados) a ver espect\u00e1culos de mapeo en las fachadas y que necesitar\u00e1n un descanso despu\u00e9s de tantas horas de formaci\u00f3n!<\/span><\/p>\n<p><span style=\"font-weight: 400;\">En regla general, <\/span><b>Bilbao y sus alrededores son sencillamente espectaculares y<\/b> <b>la oferta gastron\u00f3mica no es menor<\/b><span style=\"font-weight: 400;\">. Te recomendamos que incluyas una visita en el programa de tu evento: no dudes en detenerte en Plaza Nueva o pasar por Zubizuri, lugares imprescindibles del centro de la ciudad situados muy cerca del hotel y que seguro que tus participantes nunca olvidar\u00e1n.<\/span><\/p>\n<p><b>El hotel dispone de dos salas de reuniones<\/b> \u2013 una de 90 m\u00b2 y otra de 45 m\u00b2 \u2013 que podr\u00e1s utilizar por separado o unir para obtener una \u00fanica sala con capacidad para 95 participantes.<\/p>\n<\/div>\n\t\t\t\t<div class=\"d-flex flex-column flex-lg-row align-items-center gap-5 gap-lg-8 justify-content-between\">\n\t\t\t<div class=\"fs-20 fs-lg-26 fw-semibold lh-xs\"><\/div>\n\t\t\t\t\t<\/div>\n\t<\/div>\n<\/div>\n<!-- END OF : Composant : block-periscope-theme-section-composant-25-texte-cta-2-images.php -->\n\n\n<!-- START OF : Composant : block-periscope-theme-section-composant-33-texte-image.php -->\n<div class=\"text-image fs-wysiwyg mb-8 mb-lg-12\" data-component=\"33-texte-image\">\n\t<div class=\"container-fluid\" style=\"--bs-gutter-x: 0\">\n\t\t<div class=\"row\" style=\"--bs-gutter-x: 0\">\n\t\t\t\t\t\t<div class=\"col-lg-6 mb-7 mb-lg-0\">\n\t\t\t\t<img decoding=\"async\" src=\"https:\/\/www.myallmeeting.com\/wp-content\/uploads\/2022\/04\/Ibis-Styles-Pamplona-2-953x600.jpg\" width=\"953\" height=\"600\" alt=\"\" loading=\"lazy\" class=\"w-100\" \/>\n\t\t\t<\/div>\n\t\t\t\t\t\t<div class=\"col-lg-6\">\n\t\t\t\t<div class=\"text-image__content\">\n\t\t\t\t\t\t\t\t\t\t<div class=\"fw-semibold lh-xs fs-20 fs-lg-32 ls--25 mb-5\">Ibis Styles Pamplona<\/div>\n\t\t\t\t\t\t\t\t\t\t\t\t\t\t\t<div class=\"fs-wysiwyg\">\n\t\t\t\t\t\t<p><span style=\"font-weight: 400;\">Sabemos que est\u00e1 situado en Navarra y no en el Pa\u00eds Vasco, pero <\/span><a href=\"https:\/\/myallmeeting.com\/es\/hotel\/b367-ibis-styles-pamplona-noain\/\"><b>este hotel<\/b><\/a><span style=\"font-weight: 400;\"> reci\u00e9n reformado te invita a instalarte y trabajar all\u00ed. Sus instalaciones y decoraci\u00f3n te transportan a bosques milenarios, lagos artificiales, senderos y los paisajes m\u00e1s verdes del norte de Espa\u00f1a.<\/span><\/p>\n<p><span style=\"font-weight: 400;\">Situado en una zona tranquila, a solo 1 minuto del Aeropuerto de Pamplona, <\/span><b>ofrece 60 habitaciones y una sala de reuniones de 76 m\u00b2 <\/b><span style=\"font-weight: 400;\">(con capacidad para 50 personas) para organizar seminarios en grupos reducidos y formaci\u00f3n altamente personalizada. <\/span><\/p>\n<p><span style=\"font-weight: 400;\">Como durante las sesiones necesitar\u00e1s relajarte y hacer descansos, aprovecha para incluir en tu programa una visita al Parque de los Sentidos, un gran jard\u00edn bot\u00e1nico y destino tur\u00edstico de la regi\u00f3n situado a pocos minutos a pie. <\/span><\/p>\n<p><span style=\"font-weight: 400;\">Tambi\u00e9n tienes el centro hist\u00f3rico a 5 km, comunicado permanentemente con autob\u00fas urbano y un restaurante en el hotel que cambia su carta cada temporada para ayudarte a descubrir lo mejor de Navarra.<\/span><\/p>\n\t\t\t\t\t<\/div>\n\t\t\t\t\t\t\t\t\t<\/div>\n\t\t\t<\/div>        \n\t\t<\/div>\n\t<\/div>\n<\/div>\n<!-- END OF : Composant : block-periscope-theme-section-composant-33-texte-image.php -->\n\n\n<!-- START OF : Composant : block-periscope-theme-section-composant-33-texte-image.php -->\n<!-- INVERSE -->\n<div class=\"text-image fs-wysiwyg mb-8 mb-lg-12\" data-component=\"33-texte-image\" data-reverse=\"oui\">\n\t<div class=\"container-fluid\" style=\"--bs-gutter-x: 0\">\n\t\t<div class=\"row\" style=\"--bs-gutter-x: 0\">\n\t\t\t<div class=\"col-lg-6\">\n\t\t\t\t<div class=\"text-image__content\">\n\t\t\t\t\t\t\t\t\t\t<div class=\"fw-semibold lh-xs fs-20 fs-lg-32 ls--25 mb-5\">Mercure Jardines de Albia<\/div>\n\t\t\t\t\t\t\t\t\t\t\t\t\t\t\t<div class=\"fs-wysiwyg\">\n\t\t\t\t\t\t<p><span style=\"font-weight: 400;\">Situado entre los Jardines de Albia y la R\u00eda de Bilbao, <\/span><a href=\"https:\/\/myallmeeting.com\/es\/hotel\/a057-mercure-bilbao-jardines-de-albia\/\"><b>este hotel<\/b><\/a><span style=\"font-weight: 400;\"> es el lugar ideal para estimular la concentraci\u00f3n de los participantes que se encuentran rodeados de vegetaci\u00f3n y mar. <\/span><b>El hotel dispone de 138 habitaciones, un spa para relajarse<\/b><span style=\"font-weight: 400;\"> (o m\u00e1s si es necesario), <\/span><b>un restaurante y cuatro salas de reuniones de 115 m\u00b2, 95 m\u00b2, 76 m\u00b2 y 44 m\u00b2 con capacidad para 130 personas<\/b><span style=\"font-weight: 400;\">.<\/span><\/p>\n<p><span style=\"font-weight: 400;\">En tu programa, entre dos sesiones de entrenamiento, puedes invitar a los participantes a practicar determinados deportes acu\u00e1ticos como kayak, pasear por la R\u00eda o descubrir el centro hist\u00f3rico y los comercios locales con los \u201cdescubrimientos locales\u201d, una buena manera de sumergirse de lleno en cultura y gastronom\u00eda. <\/span><\/p>\n<p><span style=\"font-weight: 400;\">Gracias a alianzas con artesanos y proveedores locales, el equipo del hotel te ayuda a organizar experiencias culturales y gastron\u00f3micas: la tienda de ultramarinos Antonio Mart\u00edn y su bacalao seco, la parag\u00fcer\u00eda Leoz o la sombrerer\u00eda Gorostiaga son solo algunos de los \u201cdescubrimientos locales\u201d que te esperan en Bilbao.<\/span><\/p>\n\t\t\t\t\t<\/div>\n\t\t\t\t\t\t\t\t\t<\/div>\n\t\t\t<\/div>    \n\t\t\t    \n\t\t\t<div class=\"col-lg-6 order-first order-lg-last mb-7 mb-lg-0\">\n\t\t\t\t<img decoding=\"async\" src=\"https:\/\/www.myallmeeting.com\/wp-content\/uploads\/2022\/04\/Mercure-Jardines-de-Albia-3-953x600.jpg\" width=\"953\" height=\"600\" alt=\"\" loading=\"lazy\" class=\"w-100\" \/>\n\t\t\t<\/div>\n\t\t\t\t\t<\/div>\n\t<\/div>\n<\/div>\n<!-- END OF : Composant : block-periscope-theme-section-composant-33-texte-image.php -->\n\n\n<!-- START OF : Composant : block-periscope-theme-section-composant-33-texte-image.php -->\n<div class=\"text-image fs-wysiwyg mb-8 mb-lg-12\" data-component=\"33-texte-image\">\n\t<div class=\"container-fluid\" style=\"--bs-gutter-x: 0\">\n\t\t<div class=\"row\" style=\"--bs-gutter-x: 0\">\n\t\t\t\t\t\t<div class=\"col-lg-6 mb-7 mb-lg-0\">\n\t\t\t\t<img decoding=\"async\" src=\"https:\/\/www.myallmeeting.com\/wp-content\/uploads\/2022\/04\/Mercure-San-Sebastian-Monte-Igueldo-2-1-953x600.jpg\" width=\"953\" height=\"600\" alt=\"\" loading=\"lazy\" class=\"w-100\" \/>\n\t\t\t<\/div>\n\t\t\t\t\t\t<div class=\"col-lg-6\">\n\t\t\t\t<div class=\"text-image__content\">\n\t\t\t\t\t\t\t\t\t\t<div class=\"fw-semibold lh-xs fs-20 fs-lg-32 ls--25 mb-5\">Mercure San Sebasti\u00e1n Monte Igueldo<\/div>\n\t\t\t\t\t\t\t\t\t\t\t\t\t\t\t<div class=\"fs-wysiwyg\">\n\t\t\t\t\t\t<p><span style=\"font-weight: 400;\">En lo alto de la colina que le da nombre, con la Bah\u00eda de La Concha a sus pies, la terraza con piscina del <\/span><a href=\"https:\/\/myallmeeting.com\/es\/hotel\/1987-mercure-san-sebastian-monte-igueldo\/\"><b>hotel Mercure San Sebasti\u00e1n Monte Igueldo<\/b><\/a><span style=\"font-weight: 400;\"> est\u00e1 conectada con la ciudad y por tanto con todos sus lugares para visitar, desde ocio y restauraci\u00f3n\u2026 <\/span><b>\u00a1por un funicular centenario!<\/b><span style=\"font-weight: 400;\"> <\/span><\/p>\n<p><span style=\"font-weight: 400;\">Este funicular es una de las grandes atracciones tur\u00edsticas de la ciudad y es sin duda un original medio de transporte para tus participantes que, al final de una jornada de formaci\u00f3n, pueden hacer una pausa y descubrir la gastronom\u00eda a base de <\/span><i><span style=\"font-weight: 400;\">pintxos<\/span><\/i><span style=\"font-weight: 400;\"> y todo el centro hist\u00f3rico: el palacio Miramar, el museo San Telmo&#8230;<\/span><\/p>\n<p><span style=\"font-weight: 400;\">El hotel tambi\u00e9n dispone de un restaurante, El Torre\u00f3n, que ofrece vistas a la bah\u00eda, donde podr\u00e1s <\/span><b>organizar un almuerzo o cena para hasta 250 personas<\/b><span style=\"font-weight: 400;\">. <\/span><\/p>\n<p><b>Disfruta de la terraza con piscina y sus cinco salas de reuniones<\/b><span style=\"font-weight: 400;\"> (387 m\u00b2, 200 m\u00b2, 127 m\u00b2, 93 m\u00b2 y 89 m\u00b2) y planifica el seminario en diferentes puntos del hotel para despejar la mente y favorecer la concentraci\u00f3n.<\/span><\/p>\n\t\t\t\t\t<\/div>\n\t\t\t\t\t\t\t\t\t<\/div>\n\t\t\t<\/div>        \n\t\t<\/div>\n\t<\/div>\n<\/div>\n<!-- END OF : Composant : block-periscope-theme-section-composant-33-texte-image.php -->\n","protected":false},"excerpt":{"rendered":"","protected":false},"featured_media":15963873,"menu_order":0,"template":"","periscope_categorie_tax":[3552],"class_list":["post-16036415","article","type-article","status-publish","has-post-thumbnail","hentry","periscope_categorie_tax-tous-nos-tops-selections-es"],"acf":[],"yoast_head":"<title>Descubre nuestros 4 mejores hoteles para organizar un seminario en el Pa\u00eds Vasco espa\u00f1ol - Accor MyAllMeeting.com<\/title>\n<meta name=\"robots\" content=\"index, follow, max-snippet:-1, max-image-preview:large, max-video-preview:-1\" \/>\n<link rel=\"canonical\" href=\"https:\/\/www.myallmeeting.com\/es\/wp-json\/wp\/v2\/article\/16036415\" \/>\n<meta property=\"og:locale\" content=\"es_ES\" \/>\n<meta property=\"og:type\" content=\"article\" \/>\n<meta property=\"og:title\" content=\"Descubre nuestros 4 mejores hoteles para organizar un seminario en el Pa\u00eds Vasco espa\u00f1ol - Accor MyAllMeeting.com\" \/>\n<meta property=\"og:url\" content=\"https:\/\/www.myallmeeting.com\/es\/article\/descubre-nuestros-4-mejores-hoteles-para-organizar-un-seminario-en-el-pais-vasco-espanol\/\" \/>\n<meta property=\"og:site_name\" content=\"Accor MyAllMeeting.com\" \/>\n<meta property=\"article:modified_time\" content=\"2024-07-16T10:40:16+00:00\" \/>\n<meta property=\"og:image\" content=\"http:\/\/myallmeeting.com\/wp-content\/uploads\/2022\/04\/MAM-imagery-1920-x-570-px-1.png\" \/>\n\t<meta property=\"og:image:width\" content=\"1920\" \/>\n\t<meta property=\"og:image:height\" content=\"570\" \/>\n\t<meta property=\"og:image:type\" content=\"image\/png\" \/>\n<meta name=\"twitter:card\" content=\"summary_large_image\" \/>\n<meta name=\"twitter:label1\" content=\"Est. reading time\" \/>\n\t<meta name=\"twitter:data1\" content=\"6 minutes\" \/>\n<script type=\"application\/ld+json\" class=\"yoast-schema-graph\">{\"@context\":\"https:\/\/schema.org\",\"@graph\":[{\"@type\":\"WebPage\",\"@id\":\"https:\/\/www.myallmeeting.com\/es\/article\/descubre-nuestros-4-mejores-hoteles-para-organizar-un-seminario-en-el-pais-vasco-espanol\/\",\"url\":\"https:\/\/www.myallmeeting.com\/es\/article\/descubre-nuestros-4-mejores-hoteles-para-organizar-un-seminario-en-el-pais-vasco-espanol\/\",\"name\":\"Descubre nuestros 4 mejores hoteles para organizar un seminario en el Pa\u00eds Vasco espa\u00f1ol - Accor MyAllMeeting.com\",\"isPartOf\":{\"@id\":\"https:\/\/www.myallmeeting.com\/es\/#website\"},\"primaryImageOfPage\":{\"@id\":\"https:\/\/www.myallmeeting.com\/es\/article\/descubre-nuestros-4-mejores-hoteles-para-organizar-un-seminario-en-el-pais-vasco-espanol\/#primaryimage\"},\"image\":{\"@id\":\"https:\/\/www.myallmeeting.com\/es\/article\/descubre-nuestros-4-mejores-hoteles-para-organizar-un-seminario-en-el-pais-vasco-espanol\/#primaryimage\"},\"thumbnailUrl\":\"https:\/\/www.myallmeeting.com\/wp-content\/uploads\/2022\/04\/MAM-imagery-1920-x-570-px-1.png\",\"datePublished\":\"2022-04-29T13:43:28+00:00\",\"dateModified\":\"2024-07-16T10:40:16+00:00\",\"breadcrumb\":{\"@id\":\"https:\/\/www.myallmeeting.com\/es\/article\/descubre-nuestros-4-mejores-hoteles-para-organizar-un-seminario-en-el-pais-vasco-espanol\/#breadcrumb\"},\"inLanguage\":\"es-ES\",\"potentialAction\":[{\"@type\":\"ReadAction\",\"target\":[\"https:\/\/www.myallmeeting.com\/es\/article\/descubre-nuestros-4-mejores-hoteles-para-organizar-un-seminario-en-el-pais-vasco-espanol\/\"]}]},{\"@type\":\"ImageObject\",\"inLanguage\":\"es-ES\",\"@id\":\"https:\/\/www.myallmeeting.com\/es\/article\/descubre-nuestros-4-mejores-hoteles-para-organizar-un-seminario-en-el-pais-vasco-espanol\/#primaryimage\",\"url\":\"https:\/\/www.myallmeeting.com\/wp-content\/uploads\/2022\/04\/MAM-imagery-1920-x-570-px-1.png\",\"contentUrl\":\"https:\/\/www.myallmeeting.com\/wp-content\/uploads\/2022\/04\/MAM-imagery-1920-x-570-px-1.png\",\"width\":1920,\"height\":570},{\"@type\":\"BreadcrumbList\",\"@id\":\"https:\/\/www.myallmeeting.com\/es\/article\/descubre-nuestros-4-mejores-hoteles-para-organizar-un-seminario-en-el-pais-vasco-espanol\/#breadcrumb\",\"itemListElement\":[{\"@type\":\"ListItem\",\"position\":1,\"name\":\"P\u00e1gina principal\",\"item\":\"https:\/\/myallmeeting.com\/es\/\"},{\"@type\":\"ListItem\",\"position\":2,\"name\":\"Noticias\",\"item\":\"https:\/\/www.myallmeeting.com\/es\/noticias\/\"},{\"@type\":\"ListItem\",\"position\":3,\"name\":\"Descubre nuestros 4 mejores hoteles para organizar un seminario en el Pa\u00eds Vasco espa\u00f1ol\"}]},{\"@type\":\"WebSite\",\"@id\":\"https:\/\/www.myallmeeting.com\/es\/#website\",\"url\":\"https:\/\/www.myallmeeting.com\/es\/\",\"name\":\"Accor MyAllMeeting.com\",\"description\":\"Les Meilleurs lieux pour vos Ev\u00e9nements Professionnels\",\"publisher\":{\"@id\":\"https:\/\/www.myallmeeting.com\/es\/#organization\"},\"potentialAction\":[{\"@type\":\"SearchAction\",\"target\":{\"@type\":\"EntryPoint\",\"urlTemplate\":\"https:\/\/www.myallmeeting.com\/es\/?s={search_term_string}\"},\"query-input\":{\"@type\":\"PropertyValueSpecification\",\"valueRequired\":true,\"valueName\":\"search_term_string\"}}],\"inLanguage\":\"es-ES\"},{\"@type\":\"Organization\",\"@id\":\"https:\/\/www.myallmeeting.com\/es\/#organization\",\"name\":\"ACCOR\",\"url\":\"https:\/\/www.myallmeeting.com\/es\/\",\"logo\":{\"@type\":\"ImageObject\",\"inLanguage\":\"es-ES\",\"@id\":\"https:\/\/www.myallmeeting.com\/es\/#\/schema\/logo\/image\/\",\"url\":\"\",\"contentUrl\":\"\",\"caption\":\"ACCOR\"},\"image\":{\"@id\":\"https:\/\/www.myallmeeting.com\/es\/#\/schema\/logo\/image\/\"}}]}<\/script>","yoast_head_json":{"title":"Descubre nuestros 4 mejores hoteles para organizar un seminario en el Pa\u00eds Vasco espa\u00f1ol - Accor MyAllMeeting.com","robots":{"index":"index","follow":"follow","max-snippet":"max-snippet:-1","max-image-preview":"max-image-preview:large","max-video-preview":"max-video-preview:-1"},"canonical":"https:\/\/www.myallmeeting.com\/es\/wp-json\/wp\/v2\/article\/16036415","og_locale":"es_ES","og_type":"article","og_title":"Descubre nuestros 4 mejores hoteles para organizar un seminario en el Pa\u00eds Vasco espa\u00f1ol - Accor MyAllMeeting.com","og_url":"https:\/\/www.myallmeeting.com\/es\/article\/descubre-nuestros-4-mejores-hoteles-para-organizar-un-seminario-en-el-pais-vasco-espanol\/","og_site_name":"Accor MyAllMeeting.com","article_modified_time":"2024-07-16T10:40:16+00:00","og_image":[{"width":1920,"height":570,"url":"http:\/\/myallmeeting.com\/wp-content\/uploads\/2022\/04\/MAM-imagery-1920-x-570-px-1.png","type":"image\/png"}],"twitter_card":"summary_large_image","twitter_misc":{"Est. reading time":"6 minutes"},"schema":{"@context":"https:\/\/schema.org","@graph":[{"@type":"WebPage","@id":"https:\/\/www.myallmeeting.com\/es\/article\/descubre-nuestros-4-mejores-hoteles-para-organizar-un-seminario-en-el-pais-vasco-espanol\/","url":"https:\/\/www.myallmeeting.com\/es\/article\/descubre-nuestros-4-mejores-hoteles-para-organizar-un-seminario-en-el-pais-vasco-espanol\/","name":"Descubre nuestros 4 mejores hoteles para organizar un seminario en el Pa\u00eds Vasco espa\u00f1ol - Accor MyAllMeeting.com","isPartOf":{"@id":"https:\/\/www.myallmeeting.com\/es\/#website"},"primaryImageOfPage":{"@id":"https:\/\/www.myallmeeting.com\/es\/article\/descubre-nuestros-4-mejores-hoteles-para-organizar-un-seminario-en-el-pais-vasco-espanol\/#primaryimage"},"image":{"@id":"https:\/\/www.myallmeeting.com\/es\/article\/descubre-nuestros-4-mejores-hoteles-para-organizar-un-seminario-en-el-pais-vasco-espanol\/#primaryimage"},"thumbnailUrl":"https:\/\/www.myallmeeting.com\/wp-content\/uploads\/2022\/04\/MAM-imagery-1920-x-570-px-1.png","datePublished":"2022-04-29T13:43:28+00:00","dateModified":"2024-07-16T10:40:16+00:00","breadcrumb":{"@id":"https:\/\/www.myallmeeting.com\/es\/article\/descubre-nuestros-4-mejores-hoteles-para-organizar-un-seminario-en-el-pais-vasco-espanol\/#breadcrumb"},"inLanguage":"es-ES","potentialAction":[{"@type":"ReadAction","target":["https:\/\/www.myallmeeting.com\/es\/article\/descubre-nuestros-4-mejores-hoteles-para-organizar-un-seminario-en-el-pais-vasco-espanol\/"]}]},{"@type":"ImageObject","inLanguage":"es-ES","@id":"https:\/\/www.myallmeeting.com\/es\/article\/descubre-nuestros-4-mejores-hoteles-para-organizar-un-seminario-en-el-pais-vasco-espanol\/#primaryimage","url":"https:\/\/www.myallmeeting.com\/wp-content\/uploads\/2022\/04\/MAM-imagery-1920-x-570-px-1.png","contentUrl":"https:\/\/www.myallmeeting.com\/wp-content\/uploads\/2022\/04\/MAM-imagery-1920-x-570-px-1.png","width":1920,"height":570},{"@type":"BreadcrumbList","@id":"https:\/\/www.myallmeeting.com\/es\/article\/descubre-nuestros-4-mejores-hoteles-para-organizar-un-seminario-en-el-pais-vasco-espanol\/#breadcrumb","itemListElement":[{"@type":"ListItem","position":1,"name":"P\u00e1gina principal","item":"https:\/\/myallmeeting.com\/es\/"},{"@type":"ListItem","position":2,"name":"Noticias","item":"https:\/\/www.myallmeeting.com\/es\/noticias\/"},{"@type":"ListItem","position":3,"name":"Descubre nuestros 4 mejores hoteles para organizar un seminario en el Pa\u00eds Vasco espa\u00f1ol"}]},{"@type":"WebSite","@id":"https:\/\/www.myallmeeting.com\/es\/#website","url":"https:\/\/www.myallmeeting.com\/es\/","name":"Accor MyAllMeeting.com","description":"Les Meilleurs lieux pour vos Ev\u00e9nements Professionnels","publisher":{"@id":"https:\/\/www.myallmeeting.com\/es\/#organization"},"potentialAction":[{"@type":"SearchAction","target":{"@type":"EntryPoint","urlTemplate":"https:\/\/www.myallmeeting.com\/es\/?s={search_term_string}"},"query-input":{"@type":"PropertyValueSpecification","valueRequired":true,"valueName":"search_term_string"}}],"inLanguage":"es-ES"},{"@type":"Organization","@id":"https:\/\/www.myallmeeting.com\/es\/#organization","name":"ACCOR","url":"https:\/\/www.myallmeeting.com\/es\/","logo":{"@type":"ImageObject","inLanguage":"es-ES","@id":"https:\/\/www.myallmeeting.com\/es\/#\/schema\/logo\/image\/","url":"","contentUrl":"","caption":"ACCOR"},"image":{"@id":"https:\/\/www.myallmeeting.com\/es\/#\/schema\/logo\/image\/"}}]}},"_links":{"self":[{"href":"https:\/\/www.myallmeeting.com\/es\/wp-json\/wp\/v2\/article\/16036415","targetHints":{"allow":["GET"]}}],"collection":[{"href":"https:\/\/www.myallmeeting.com\/es\/wp-json\/wp\/v2\/article"}],"about":[{"href":"https:\/\/www.myallmeeting.com\/es\/wp-json\/wp\/v2\/types\/article"}],"wp:featuredmedia":[{"embeddable":true,"href":"https:\/\/www.myallmeeting.com\/es\/wp-json\/wp\/v2\/media\/15963873"}],"wp:attachment":[{"href":"https:\/\/www.myallmeeting.com\/es\/wp-json\/wp\/v2\/media?parent=16036415"}],"wp:term":[{"taxonomy":"periscope_categorie_tax","embeddable":true,"href":"https:\/\/www.myallmeeting.com\/es\/wp-json\/wp\/v2\/periscope_categorie_tax?post=16036415"}],"curies":[{"name":"wp","href":"https:\/\/api.w.org\/{rel}","templated":true}]}}