{"id":16036413,"date":"2019-10-08T15:49:41","date_gmt":"2019-10-08T13:49:41","guid":{"rendered":"https:\/\/myallmeeting.com\/article\/avec-wojo-le-coworking-sinvite-dans-les-hotels-accor\/"},"modified":"2024-07-16T11:39:01","modified_gmt":"2024-07-16T09:39:01","slug":"wojo-trae-el-coworking-a-los-hoteles-accor","status":"publish","type":"article","link":"https:\/\/www.myallmeeting.com\/es\/article\/wojo-trae-el-coworking-a-los-hoteles-accor\/","title":{"rendered":"Wojo trae el coworking a los hoteles Accor"},"content":{"rendered":"<!-- START OF : Composant : block-periscope-theme-section-composant-25-texte-cta-2-images.php -->\n<div class=\"tcta2ia bg-white fs-wysiwyg mb-lg-12\" data-component=\"25-texte-cta-2-images\">\n\t<div class=\"tcta2ia__top\">\n\t\t<div class=\"container-fluid\" style=\"--bs-gutter-x: 0\">\n\t\t\t<div class=\"row\" style=\"--bs-gutter-x: 0\">\n\t\t\t\t<div class=\"col-lg-8\">\n\t\t\t\t\t\t\t\t\t\t<div class=\"bloc-mise-en-avant__top__left\">\n\t\t\t\t\t\t<img decoding=\"async\" src=\"https:\/\/www.myallmeeting.com\/wp-content\/uploads\/2019\/10\/5418-12-1268x846.jpg\" class=\"pe-2 pe-lg-0\" width=\"1268\" height=\"846\" alt=\"coworking hotel wojo\" loading=\"lazy\" \/>\n\t\t\t\t\t<\/div>\n\t\t\t\t\t\t\t\t\t\t<div class=\"tcta2ia__bottom d-none d-lg-block pb-12 pt-lg-9 pb-lg-0 pe-lg-10\">\n\t\t\t\t\t\t\t\t\t\t\t\t<h2 class=\"fs-20 fs-lg-32 fw-semibold\">\u00bfQu\u00e9 es Wojo?<\/h2>\n\t\t\t\t\t\t\t\t\t\t\t\t\t\t\t\t\t\t<div class=\"fs-wysiwyg\"><p><span style=\"font-weight: 400;\">Lanzado en 2015, Wojo es un <\/span><b>operador especializado en nuevas formas de trabajo<\/b><span style=\"font-weight: 400;\"> &#8211; teletrabajo, descentralizaci\u00f3n, oficinas privadas, n\u00f3madas, etc. &#8211; y los espacios de trabajo resultantes. En otras palabras, ofrece soluciones a medida en t\u00e9rminos <\/span><b>de oficinas, espacios de trabajo compartidos y salas de reuniones para empresas de todos los tama\u00f1os.<\/b><\/p>\n<p><span style=\"font-weight: 400;\">\u00bfPor qu\u00e9 el nombre de Wojo? Es un acr\u00f3nimo compuesto de <\/span><i><span style=\"font-weight: 400;\">work <\/span><\/i><span style=\"font-weight: 400;\">(trabajo en ingl\u00e9s) y <\/span><i><span style=\"font-weight: 400;\">mojo<\/span><\/i><span style=\"font-weight: 400;\">, este estado de gracia que nos permite realizar grandes cosas. El nombre perfecto para expresar la voluntad de la marca de abordar el trabajo de forma positiva combinando <\/span><b>deseo, placer, intercambio y \u00e9xito.<\/b><span style=\"font-weight: 400;\"> <\/span><\/p>\n<p><span style=\"font-weight: 400;\">Como ha se\u00f1alado <\/span><b>el director general de Wojo, St\u00e9phane Bensimon<\/b><span style=\"font-weight: 400;\">: <\/span><i><span style=\"font-weight: 400;\">\u00ab Nuestra ambici\u00f3n es ser el actor principal en la \u2018<\/span><\/i><b><i>hospitalidad del trabajo<\/i><\/b><i><span style=\"font-weight: 400;\">\u2019 desarrollando, en todo el mundo, una importante red de ubicaciones creadoras de experiencias de trabajo \u00fanicas, enriquecidas con servicios, dise\u00f1adas para el placer, el rendimiento y la conexi\u00f3n de talentos. \u00bb <\/span><\/i><\/p>\n<p><span style=\"font-weight: 400;\">Un objetivo que la empresa resume en tres palabras a modo de lema: <\/span><i><span style=\"font-weight: 400;\">trabajar, compartir, vivir<\/span><\/i><span style=\"font-weight: 400;\">.<\/span><\/p>\n<\/div>\n\t\t\t\t\t\t\t\t\t\t\t\t<div class=\"d-flex flex-column flex-lg-row align-items-center gap-5 gap-lg-8 justify-content-between\">\n\t\t\t\t\t\t\t<div class=\"fs-20 fs-lg-26 fw-semibold lh-xs\"><\/div>\n\t\t\t\t\t\t\t\t\t\t\t\t\t<\/div>\n\t\t\t\t\t<\/div>\n\t\t\t\t<\/div>\n\t\t\t\t<div class=\"col-lg-4\">\n\t\t\t\t\t<div class=\"tcta2ia__top__right t-0 r-0 bg-primary text-white pt-4 pb-4 px-2 pt-lg-8 pb-lg-16 px-lg-11 pb-xl-30\">\n\t\t\t\t\t\t\t\t\t\t\t\t\t\t\t\t\t\t<h2 class=\"unna fs-36 fs-lg-51 fs-xl-75 fs-italic fw-normal text-secondary\">Wojo trae el coworking a los hoteles Accor<\/h2>\n\t\t\t\t\t\t\t\t\t\t\t\t\t\t\t\t\t\t<h3 class=\"text-white fs-18 fs-lg-20 fs-xl-28 text-original-case\">Espacios compartidos, oficinas adaptadas, salas de reuniones\u2026<\/h3>\n\t\t\t\t\t\t\t\t\t\t\t\t\t\t\t\t\t\t<div class=\"fs-wysiwyg mb-4 fs-lg-16 fs-xl-20\"><p><b>Para satisfacer las necesidades de los trabajadores n\u00f3madas, al igual que de las VSE-PYME y las grandes empresas que buscan espacios de trabajo adicionales<\/b><span style=\"font-weight: 400;\">, Accor y el especialista en coworking Wojo han unido fuerzas. \u00bfPero qui\u00e9n es Wojo? Presentaci\u00f3n.<\/span><\/p>\n<\/div>\n\t\t\t\t\t\t\t\t\t\t\t\t\t\t\t\t\t\t\t\t\t\t\t\t<p class=\"m-0\"><img decoding=\"async\" src=\"https:\/\/www.myallmeeting.com\/wp-content\/uploads\/2019\/10\/6331-84-633x398.jpg\" class=\"position-relative l-0\" width=\"633\" height=\"398\" alt=\"coworking hotel wojo\" loading=\"lazy\" \/><\/p>\n\t\t\t\t\t\t\t\t\t\t\t<\/div>\n\t\t\t\t<\/div>\n\t\t\t<\/div>\n\t\t<\/div>\n\t<\/div>\n\t<div class=\"tcta2ia__bottom d-lg-none pb-12 py-lg-9 pe-lg-10\">\n\t\t\t\t<div class=\"h2 fs-20 fs-lg-32 fw-semibold\">\u00bfQu\u00e9 es Wojo?<\/div>\n\t\t\t\t\t\t<div class=\"fs-wysiwyg\"><p><span style=\"font-weight: 400;\">Lanzado en 2015, Wojo es un <\/span><b>operador especializado en nuevas formas de trabajo<\/b><span style=\"font-weight: 400;\"> &#8211; teletrabajo, descentralizaci\u00f3n, oficinas privadas, n\u00f3madas, etc. &#8211; y los espacios de trabajo resultantes. En otras palabras, ofrece soluciones a medida en t\u00e9rminos <\/span><b>de oficinas, espacios de trabajo compartidos y salas de reuniones para empresas de todos los tama\u00f1os.<\/b><\/p>\n<p><span style=\"font-weight: 400;\">\u00bfPor qu\u00e9 el nombre de Wojo? Es un acr\u00f3nimo compuesto de <\/span><i><span style=\"font-weight: 400;\">work <\/span><\/i><span style=\"font-weight: 400;\">(trabajo en ingl\u00e9s) y <\/span><i><span style=\"font-weight: 400;\">mojo<\/span><\/i><span style=\"font-weight: 400;\">, este estado de gracia que nos permite realizar grandes cosas. El nombre perfecto para expresar la voluntad de la marca de abordar el trabajo de forma positiva combinando <\/span><b>deseo, placer, intercambio y \u00e9xito.<\/b><span style=\"font-weight: 400;\"> <\/span><\/p>\n<p><span style=\"font-weight: 400;\">Como ha se\u00f1alado <\/span><b>el director general de Wojo, St\u00e9phane Bensimon<\/b><span style=\"font-weight: 400;\">: <\/span><i><span style=\"font-weight: 400;\">\u00ab Nuestra ambici\u00f3n es ser el actor principal en la \u2018<\/span><\/i><b><i>hospitalidad del trabajo<\/i><\/b><i><span style=\"font-weight: 400;\">\u2019 desarrollando, en todo el mundo, una importante red de ubicaciones creadoras de experiencias de trabajo \u00fanicas, enriquecidas con servicios, dise\u00f1adas para el placer, el rendimiento y la conexi\u00f3n de talentos. \u00bb <\/span><\/i><\/p>\n<p><span style=\"font-weight: 400;\">Un objetivo que la empresa resume en tres palabras a modo de lema: <\/span><i><span style=\"font-weight: 400;\">trabajar, compartir, vivir<\/span><\/i><span style=\"font-weight: 400;\">.<\/span><\/p>\n<\/div>\n\t\t\t\t<div class=\"d-flex flex-column flex-lg-row align-items-center gap-5 gap-lg-8 justify-content-between\">\n\t\t\t<div class=\"fs-20 fs-lg-26 fw-semibold lh-xs\"><\/div>\n\t\t\t\t\t<\/div>\n\t<\/div>\n<\/div>\n<!-- END OF : Composant : block-periscope-theme-section-composant-25-texte-cta-2-images.php -->\n\n\n<!-- START OF : Composant : block-periscope-theme-section-composant-33-texte-image.php -->\n<div class=\"text-image fs-wysiwyg mb-8 mb-lg-12\" data-component=\"33-texte-image\">\n\t<div class=\"container-fluid\" style=\"--bs-gutter-x: 0\">\n\t\t<div class=\"row\" style=\"--bs-gutter-x: 0\">\n\t\t\t\t\t\t<div class=\"col-lg-6 mb-7 mb-lg-0\">\n\t\t\t\t<img decoding=\"async\" src=\"https:\/\/www.myallmeeting.com\/wp-content\/uploads\/2019\/10\/7091-29-953x600.jpg\" width=\"953\" height=\"600\" alt=\"coworking hotel wojo\" loading=\"lazy\" class=\"w-100\" \/>\n\t\t\t<\/div>\n\t\t\t\t\t\t<div class=\"col-lg-6\">\n\t\t\t\t<div class=\"text-image__content\">\n\t\t\t\t\t\t\t\t\t\t<div class=\"fw-semibold lh-xs fs-20 fs-lg-32 ls--25 mb-5\">\u00bfY si adoptaras la flex office?<\/div>\n\t\t\t\t\t\t\t\t\t\t\t\t\t\t\t<div class=\"fs-wysiwyg\">\n\t\t\t\t\t\t<p><span style=\"font-weight: 400;\">El desarrollo del teletrabajo lleva a las empresas a plantearse cuestiones en cuanto a usos y estrategia inmobiliaria:  \u201c<\/span><i><span style=\"font-weight: 400;\">\u00bfSon nuestras instalaciones adecuadas?<\/span><\/i><span style=\"font-weight: 400;\">\u201d \u201c<\/span><i><span style=\"font-weight: 400;\">\u00bfQu\u00e9 f\u00f3rmula adoptar?<\/span><\/i><span style=\"font-weight: 400;\">\u201d \u201c<\/span><i><span style=\"font-weight: 400;\">\u00bfC\u00f3mo acercar a los empleados remotos y presenciales?<\/span><\/i><span style=\"font-weight: 400;\">\u201d \u201c<\/span><i><span style=\"font-weight: 400;\">\u00bfDeber\u00edamos rescindir el contrato de arrendamiento comercial? \u00bfY c\u00f3mo?<\/span><\/i><span style=\"font-weight: 400;\">\u201d<\/span><\/p>\n<p><span style=\"font-weight: 400;\">Las respuestas a estas preguntas se pueden resumir en dos palabras: <\/span><b><i>flex office<\/i><\/b><span style=\"font-weight: 400;\">.<\/span><\/p>\n<p><span style=\"font-weight: 400;\">Y aqu\u00ed es donde entra Wojo al ofrecer <\/span><b>soluciones flexibles y adaptadas en cuanto a espacios<\/b><span style=\"font-weight: 400;\">. \u00bfTe asusta esta transformaci\u00f3n? <\/span><b>Esto es normal, pero los expertos de Wojo est\u00e1n aqu\u00ed para ayudarte<\/b><span style=\"font-weight: 400;\">. <\/span><\/p>\n\t\t\t\t\t<\/div>\n\t\t\t\t\t\t\t\t\t<\/div>\n\t\t\t<\/div>        \n\t\t<\/div>\n\t<\/div>\n<\/div>\n<!-- END OF : Composant : block-periscope-theme-section-composant-33-texte-image.php -->\n\n\n<!-- START OF : Composant : block-periscope-theme-section-composant-33-texte-image.php -->\n<!-- INVERSE -->\n<div class=\"text-image fs-wysiwyg mb-8 mb-lg-12\" data-component=\"33-texte-image\" data-reverse=\"oui\">\n\t<div class=\"container-fluid\" style=\"--bs-gutter-x: 0\">\n\t\t<div class=\"row\" style=\"--bs-gutter-x: 0\">\n\t\t\t<div class=\"col-lg-6\">\n\t\t\t\t<div class=\"text-image__content\">\n\t\t\t\t\t\t\t\t\t\t<div class=\"fw-semibold lh-xs fs-20 fs-lg-32 ls--25 mb-5\">\u00bfCu\u00e1les son las ventajas de adoptar la flex office? <\/div>\n\t\t\t\t\t\t\t\t\t\t\t\t\t\t\t<div class=\"fs-wysiwyg\">\n\t\t\t\t\t\t<p><span style=\"font-weight: 400;\">En primer lugar, son <\/span><b>econ\u00f3micas <\/b><span style=\"font-weight: 400;\">por supuesto. Podr\u00e1s <\/span><b>ahorrar en gastos de propiedad<\/b><span style=\"font-weight: 400;\">: no hay arrendamiento, solo pagas el alquiler del espacio y la cantidad de puestos de trabajo que necesitas. <\/span><\/p>\n<p><span style=\"font-weight: 400;\">Pero las ventajas no son solo econ\u00f3micas. Tambi\u00e9n contribuye a la <\/span><b>productividad<\/b><span style=\"font-weight: 400;\">, al <\/span><b>bienestar de los empleados<\/b><span style=\"font-weight: 400;\"> y a la <\/span><b>responsabilidad social corporativa (RSC)<\/b><span style=\"font-weight: 400;\">: ahorro de tiempo en t\u00e9rminos de transporte, reducci\u00f3n de la huella de carbono, reducci\u00f3n de residuos por la agrupaci\u00f3n de espacios de trabajo, etc.<\/span><\/p>\n\t\t\t\t\t<\/div>\n\t\t\t\t\t\t\t\t\t<\/div>\n\t\t\t<\/div>    \n\t\t\t    \n\t\t\t<div class=\"col-lg-6 order-first order-lg-last mb-7 mb-lg-0\">\n\t\t\t\t<img decoding=\"async\" src=\"https:\/\/www.myallmeeting.com\/wp-content\/uploads\/2019\/10\/6873-14-953x600.jpg\" width=\"953\" height=\"600\" alt=\"coworking hotel wojo\" loading=\"lazy\" class=\"w-100\" \/>\n\t\t\t<\/div>\n\t\t\t\t\t<\/div>\n\t<\/div>\n<\/div>\n<!-- END OF : Composant : block-periscope-theme-section-composant-33-texte-image.php -->\n\n\n<!-- START OF : Composant : block-periscope-theme-section-composant-33-texte-image.php -->\n<div class=\"text-image fs-wysiwyg mb-8 mb-lg-12\" data-component=\"33-texte-image\">\n\t<div class=\"container-fluid\" style=\"--bs-gutter-x: 0\">\n\t\t<div class=\"row\" style=\"--bs-gutter-x: 0\">\n\t\t\t\t\t\t<div class=\"col-lg-6 mb-7 mb-lg-0\">\n\t\t\t\t<img decoding=\"async\" src=\"https:\/\/www.myallmeeting.com\/wp-content\/uploads\/2019\/10\/6736-60-953x600.jpg\" width=\"953\" height=\"600\" alt=\"coworking hotel wojo\" loading=\"lazy\" class=\"w-100\" \/>\n\t\t\t<\/div>\n\t\t\t\t\t\t<div class=\"col-lg-6\">\n\t\t\t\t<div class=\"text-image__content\">\n\t\t\t\t\t\t\t\t\t\t<div class=\"fw-semibold lh-xs fs-20 fs-lg-32 ls--25 mb-5\">\u00bfPor qu\u00e9 una alianza Wojo\/Accor?<\/div>\n\t\t\t\t\t\t\t\t\t\t\t\t\t\t\t<div class=\"fs-wysiwyg\">\n\t\t\t\t\t\t<p><span style=\"font-weight: 400;\">Al reunir sus respectivas experiencias en<\/span> <b><i>coworking<\/i><\/b><b> y hospitalidad<\/b><span style=\"font-weight: 400;\">, Wojo y Accor ofrecen a los profesionales <\/span><b>una oferta completa<\/b><span style=\"font-weight: 400;\"> para satisfacer sus necesidades en t\u00e9rminos:<\/span><\/p>\n<ul>\n<li style=\"font-weight: 400;\" aria-level=\"1\"><b>De espacios de trabajo<\/b><span style=\"font-weight: 400;\">, personalizados en funci\u00f3n de tus necesidades. <\/span><i><span style=\"font-weight: 400;\">Coworking<\/span><\/i><span style=\"font-weight: 400;\">, sala de reuniones, oficinas privadas. Reserva r\u00e1pida en solo un clic;<\/span><\/li>\n<li style=\"font-weight: 400;\" aria-level=\"1\"><b>De acompa\u00f1amiento<\/b><span style=\"font-weight: 400;\">. Los expertos de Wojo te ayudan paso a paso en tu transici\u00f3n a una estructura en<\/span><i><span style=\"font-weight: 400;\"> flex office<\/span><\/i><span style=\"font-weight: 400;\">;<\/span><\/li>\n<li style=\"font-weight: 400;\" aria-level=\"1\"><b>De intercambio<\/b><span style=\"font-weight: 400;\">. Encontrar\u00e1s estructuras de varios tama\u00f1os y or\u00edgenes. Ideal para discutir buenas pr\u00e1cticas, establecer contactos y desarrollar asociaciones;<\/span><\/li>\n<li style=\"font-weight: 400;\" aria-level=\"1\"><b>De servicios.<\/b><span style=\"font-weight: 400;\"> Bienestar es aqu\u00ed la palabra clave: relajaci\u00f3n, deporte o restauraci\u00f3n\u2026 Se ofrecen muchos servicios y actividades para la comodidad.<\/span><\/li>\n<\/ul>\n<p><span style=\"font-weight: 400;\">Esta alianza pone a tu disposici\u00f3n <\/span><b>800 sedes repartidas en Francia e internacionalmente <\/b><span style=\"font-weight: 400;\">(Par\u00eds, Isla de Francia, Annecy, Lyon, Barcelona, etc.). No dudes en contactar con nuestros expertos para ayudarte a hacer tu elecci\u00f3n.<\/span><\/p>\n\t\t\t\t\t<\/div>\n\t\t\t\t\t\t\t\t\t<\/div>\n\t\t\t<\/div>        \n\t\t<\/div>\n\t<\/div>\n<\/div>\n<!-- END OF : Composant : block-periscope-theme-section-composant-33-texte-image.php -->\n\n","protected":false},"excerpt":{"rendered":"","protected":false},"featured_media":15971115,"menu_order":0,"template":"","periscope_categorie_tax":[3482],"class_list":["post-16036413","article","type-article","status-publish","has-post-thumbnail","hentry","periscope_categorie_tax-organiser-votre-reunion-es"],"acf":[],"yoast_head":"<title>Wojo trae el coworking a los hoteles Accor - Accor MyAllMeeting.com<\/title>\n<meta name=\"robots\" content=\"index, follow, max-snippet:-1, max-image-preview:large, max-video-preview:-1\" \/>\n<link rel=\"canonical\" href=\"https:\/\/www.myallmeeting.com\/es\/wp-json\/wp\/v2\/article\/16036413\" \/>\n<meta property=\"og:locale\" content=\"es_ES\" \/>\n<meta property=\"og:type\" content=\"article\" \/>\n<meta property=\"og:title\" content=\"Wojo trae el coworking a los hoteles Accor - Accor MyAllMeeting.com\" \/>\n<meta property=\"og:url\" content=\"https:\/\/www.myallmeeting.com\/es\/article\/wojo-trae-el-coworking-a-los-hoteles-accor\/\" \/>\n<meta property=\"og:site_name\" content=\"Accor MyAllMeeting.com\" \/>\n<meta property=\"article:modified_time\" content=\"2024-07-16T09:39:01+00:00\" \/>\n<meta property=\"og:image\" content=\"https:\/\/www.myallmeeting.com\/wp-content\/uploads\/2019\/10\/Coworking.png\" \/>\n\t<meta property=\"og:image:width\" content=\"1920\" \/>\n\t<meta property=\"og:image:height\" content=\"570\" \/>\n\t<meta property=\"og:image:type\" content=\"image\/png\" \/>\n<meta name=\"twitter:card\" content=\"summary_large_image\" \/>\n<meta name=\"twitter:label1\" content=\"Est. reading time\" \/>\n\t<meta name=\"twitter:data1\" content=\"5 minutes\" \/>\n<script type=\"application\/ld+json\" class=\"yoast-schema-graph\">{\"@context\":\"https:\/\/schema.org\",\"@graph\":[{\"@type\":\"WebPage\",\"@id\":\"https:\/\/www.myallmeeting.com\/es\/article\/wojo-trae-el-coworking-a-los-hoteles-accor\/\",\"url\":\"https:\/\/www.myallmeeting.com\/es\/article\/wojo-trae-el-coworking-a-los-hoteles-accor\/\",\"name\":\"Wojo trae el coworking a los hoteles Accor - Accor MyAllMeeting.com\",\"isPartOf\":{\"@id\":\"https:\/\/www.myallmeeting.com\/es\/#website\"},\"primaryImageOfPage\":{\"@id\":\"https:\/\/www.myallmeeting.com\/es\/article\/wojo-trae-el-coworking-a-los-hoteles-accor\/#primaryimage\"},\"image\":{\"@id\":\"https:\/\/www.myallmeeting.com\/es\/article\/wojo-trae-el-coworking-a-los-hoteles-accor\/#primaryimage\"},\"thumbnailUrl\":\"https:\/\/www.myallmeeting.com\/wp-content\/uploads\/2019\/10\/Coworking.png\",\"datePublished\":\"2019-10-08T13:49:41+00:00\",\"dateModified\":\"2024-07-16T09:39:01+00:00\",\"breadcrumb\":{\"@id\":\"https:\/\/www.myallmeeting.com\/es\/article\/wojo-trae-el-coworking-a-los-hoteles-accor\/#breadcrumb\"},\"inLanguage\":\"es-ES\",\"potentialAction\":[{\"@type\":\"ReadAction\",\"target\":[\"https:\/\/www.myallmeeting.com\/es\/article\/wojo-trae-el-coworking-a-los-hoteles-accor\/\"]}]},{\"@type\":\"ImageObject\",\"inLanguage\":\"es-ES\",\"@id\":\"https:\/\/www.myallmeeting.com\/es\/article\/wojo-trae-el-coworking-a-los-hoteles-accor\/#primaryimage\",\"url\":\"https:\/\/www.myallmeeting.com\/wp-content\/uploads\/2019\/10\/Coworking.png\",\"contentUrl\":\"https:\/\/www.myallmeeting.com\/wp-content\/uploads\/2019\/10\/Coworking.png\",\"width\":1920,\"height\":570},{\"@type\":\"BreadcrumbList\",\"@id\":\"https:\/\/www.myallmeeting.com\/es\/article\/wojo-trae-el-coworking-a-los-hoteles-accor\/#breadcrumb\",\"itemListElement\":[{\"@type\":\"ListItem\",\"position\":1,\"name\":\"P\u00e1gina principal\",\"item\":\"https:\/\/myallmeeting.com\/es\/\"},{\"@type\":\"ListItem\",\"position\":2,\"name\":\"Noticias\",\"item\":\"https:\/\/www.myallmeeting.com\/es\/noticias\/\"},{\"@type\":\"ListItem\",\"position\":3,\"name\":\"Wojo trae el coworking a los hoteles Accor\"}]},{\"@type\":\"WebSite\",\"@id\":\"https:\/\/www.myallmeeting.com\/es\/#website\",\"url\":\"https:\/\/www.myallmeeting.com\/es\/\",\"name\":\"Accor MyAllMeeting.com\",\"description\":\"Les Meilleurs lieux pour vos Ev\u00e9nements Professionnels\",\"publisher\":{\"@id\":\"https:\/\/www.myallmeeting.com\/es\/#organization\"},\"potentialAction\":[{\"@type\":\"SearchAction\",\"target\":{\"@type\":\"EntryPoint\",\"urlTemplate\":\"https:\/\/www.myallmeeting.com\/es\/?s={search_term_string}\"},\"query-input\":{\"@type\":\"PropertyValueSpecification\",\"valueRequired\":true,\"valueName\":\"search_term_string\"}}],\"inLanguage\":\"es-ES\"},{\"@type\":\"Organization\",\"@id\":\"https:\/\/www.myallmeeting.com\/es\/#organization\",\"name\":\"ACCOR\",\"url\":\"https:\/\/www.myallmeeting.com\/es\/\",\"logo\":{\"@type\":\"ImageObject\",\"inLanguage\":\"es-ES\",\"@id\":\"https:\/\/www.myallmeeting.com\/es\/#\/schema\/logo\/image\/\",\"url\":\"\",\"contentUrl\":\"\",\"caption\":\"ACCOR\"},\"image\":{\"@id\":\"https:\/\/www.myallmeeting.com\/es\/#\/schema\/logo\/image\/\"}}]}<\/script>","yoast_head_json":{"title":"Wojo trae el coworking a los hoteles Accor - Accor MyAllMeeting.com","robots":{"index":"index","follow":"follow","max-snippet":"max-snippet:-1","max-image-preview":"max-image-preview:large","max-video-preview":"max-video-preview:-1"},"canonical":"https:\/\/www.myallmeeting.com\/es\/wp-json\/wp\/v2\/article\/16036413","og_locale":"es_ES","og_type":"article","og_title":"Wojo trae el coworking a los hoteles Accor - Accor MyAllMeeting.com","og_url":"https:\/\/www.myallmeeting.com\/es\/article\/wojo-trae-el-coworking-a-los-hoteles-accor\/","og_site_name":"Accor MyAllMeeting.com","article_modified_time":"2024-07-16T09:39:01+00:00","og_image":[{"width":1920,"height":570,"url":"https:\/\/www.myallmeeting.com\/wp-content\/uploads\/2019\/10\/Coworking.png","type":"image\/png"}],"twitter_card":"summary_large_image","twitter_misc":{"Est. reading time":"5 minutes"},"schema":{"@context":"https:\/\/schema.org","@graph":[{"@type":"WebPage","@id":"https:\/\/www.myallmeeting.com\/es\/article\/wojo-trae-el-coworking-a-los-hoteles-accor\/","url":"https:\/\/www.myallmeeting.com\/es\/article\/wojo-trae-el-coworking-a-los-hoteles-accor\/","name":"Wojo trae el coworking a los hoteles Accor - Accor MyAllMeeting.com","isPartOf":{"@id":"https:\/\/www.myallmeeting.com\/es\/#website"},"primaryImageOfPage":{"@id":"https:\/\/www.myallmeeting.com\/es\/article\/wojo-trae-el-coworking-a-los-hoteles-accor\/#primaryimage"},"image":{"@id":"https:\/\/www.myallmeeting.com\/es\/article\/wojo-trae-el-coworking-a-los-hoteles-accor\/#primaryimage"},"thumbnailUrl":"https:\/\/www.myallmeeting.com\/wp-content\/uploads\/2019\/10\/Coworking.png","datePublished":"2019-10-08T13:49:41+00:00","dateModified":"2024-07-16T09:39:01+00:00","breadcrumb":{"@id":"https:\/\/www.myallmeeting.com\/es\/article\/wojo-trae-el-coworking-a-los-hoteles-accor\/#breadcrumb"},"inLanguage":"es-ES","potentialAction":[{"@type":"ReadAction","target":["https:\/\/www.myallmeeting.com\/es\/article\/wojo-trae-el-coworking-a-los-hoteles-accor\/"]}]},{"@type":"ImageObject","inLanguage":"es-ES","@id":"https:\/\/www.myallmeeting.com\/es\/article\/wojo-trae-el-coworking-a-los-hoteles-accor\/#primaryimage","url":"https:\/\/www.myallmeeting.com\/wp-content\/uploads\/2019\/10\/Coworking.png","contentUrl":"https:\/\/www.myallmeeting.com\/wp-content\/uploads\/2019\/10\/Coworking.png","width":1920,"height":570},{"@type":"BreadcrumbList","@id":"https:\/\/www.myallmeeting.com\/es\/article\/wojo-trae-el-coworking-a-los-hoteles-accor\/#breadcrumb","itemListElement":[{"@type":"ListItem","position":1,"name":"P\u00e1gina principal","item":"https:\/\/myallmeeting.com\/es\/"},{"@type":"ListItem","position":2,"name":"Noticias","item":"https:\/\/www.myallmeeting.com\/es\/noticias\/"},{"@type":"ListItem","position":3,"name":"Wojo trae el coworking a los hoteles Accor"}]},{"@type":"WebSite","@id":"https:\/\/www.myallmeeting.com\/es\/#website","url":"https:\/\/www.myallmeeting.com\/es\/","name":"Accor MyAllMeeting.com","description":"Les Meilleurs lieux pour vos Ev\u00e9nements Professionnels","publisher":{"@id":"https:\/\/www.myallmeeting.com\/es\/#organization"},"potentialAction":[{"@type":"SearchAction","target":{"@type":"EntryPoint","urlTemplate":"https:\/\/www.myallmeeting.com\/es\/?s={search_term_string}"},"query-input":{"@type":"PropertyValueSpecification","valueRequired":true,"valueName":"search_term_string"}}],"inLanguage":"es-ES"},{"@type":"Organization","@id":"https:\/\/www.myallmeeting.com\/es\/#organization","name":"ACCOR","url":"https:\/\/www.myallmeeting.com\/es\/","logo":{"@type":"ImageObject","inLanguage":"es-ES","@id":"https:\/\/www.myallmeeting.com\/es\/#\/schema\/logo\/image\/","url":"","contentUrl":"","caption":"ACCOR"},"image":{"@id":"https:\/\/www.myallmeeting.com\/es\/#\/schema\/logo\/image\/"}}]}},"_links":{"self":[{"href":"https:\/\/www.myallmeeting.com\/es\/wp-json\/wp\/v2\/article\/16036413","targetHints":{"allow":["GET"]}}],"collection":[{"href":"https:\/\/www.myallmeeting.com\/es\/wp-json\/wp\/v2\/article"}],"about":[{"href":"https:\/\/www.myallmeeting.com\/es\/wp-json\/wp\/v2\/types\/article"}],"wp:featuredmedia":[{"embeddable":true,"href":"https:\/\/www.myallmeeting.com\/es\/wp-json\/wp\/v2\/media\/15971115"}],"wp:attachment":[{"href":"https:\/\/www.myallmeeting.com\/es\/wp-json\/wp\/v2\/media?parent=16036413"}],"wp:term":[{"taxonomy":"periscope_categorie_tax","embeddable":true,"href":"https:\/\/www.myallmeeting.com\/es\/wp-json\/wp\/v2\/periscope_categorie_tax?post=16036413"}],"curies":[{"name":"wp","href":"https:\/\/api.w.org\/{rel}","templated":true}]}}