{"id":16036400,"date":"2019-10-23T17:51:36","date_gmt":"2019-10-23T15:51:36","guid":{"rendered":"https:\/\/myallmeeting.com\/article\/choisissez-les-hauts-de-france-pour-un-evenement-memorable\/"},"modified":"2024-07-16T11:49:48","modified_gmt":"2024-07-16T09:49:48","slug":"elige-alta-francia-para-un-evento-memorable","status":"publish","type":"article","link":"https:\/\/www.myallmeeting.com\/es\/article\/elige-alta-francia-para-un-evento-memorable\/","title":{"rendered":"Elige Alta Francia para un evento memorable"},"content":{"rendered":"<!-- START OF : Composant : block-periscope-theme-section-composant-25-texte-cta-2-images.php -->\n<div class=\"tcta2ia bg-white fs-wysiwyg mb-lg-12\" data-component=\"25-texte-cta-2-images\">\n\t<div class=\"tcta2ia__top\">\n\t\t<div class=\"container-fluid\" style=\"--bs-gutter-x: 0\">\n\t\t\t<div class=\"row\" style=\"--bs-gutter-x: 0\">\n\t\t\t\t<div class=\"col-lg-8\">\n\t\t\t\t\t\t\t\t\t\t<div class=\"bloc-mise-en-avant__top__left\">\n\t\t\t\t\t\t<img decoding=\"async\" src=\"https:\/\/www.myallmeeting.com\/wp-content\/uploads\/2019\/10\/3086-49-1268x846.jpg\" class=\"pe-2 pe-lg-0\" width=\"1268\" height=\"846\" alt=\"\" loading=\"lazy\" \/>\n\t\t\t\t\t<\/div>\n\t\t\t\t\t\t\t\t\t\t<div class=\"tcta2ia__bottom d-none d-lg-block pb-12 pt-lg-9 pb-lg-0 pe-lg-10\">\n\t\t\t\t\t\t\t\t\t\t\t\t<h2 class=\"fs-20 fs-lg-32 fw-semibold\">Mercure Arras Centre Gare<\/h2>\n\t\t\t\t\t\t\t\t\t\t\t\t\t\t\t\t\t\t<div class=\"fs-wysiwyg\"><p><span style=\"font-weight: 400;\">Famoso por sus plazas de una <\/span><b>incroyable riqueza arquitect\u00f3nica<\/b><span style=\"font-weight: 400;\">, la ciudad sorprende por <\/span><b>su tranquilidad<\/b><span style=\"font-weight: 400;\">. Frente a la estaci\u00f3n de TGV y a dos pasos del centro hist\u00f3rico, <a href=\"https:\/\/myallmeeting.com\/es\/hotel\/1560-mercure-arras-centre-gare\/\">el hotel Mercure Arras Centre Gare<\/a> te da la bienvenida con un <\/span><b>decoraci\u00f3n moderna en tonos c\u00e1lidos<\/b><span style=\"font-weight: 400;\">.<\/span><\/p>\n<p><span style=\"font-weight: 400;\">Su restaurante, Le 58, ofrece una cocina tradicional gourmet y generosa. A 55 minutos de Par\u00eds, este hotel de 4 estrellas es el lugar ideal para organizar un evento del tama\u00f1o que sea.<\/span><\/p>\n<p><span style=\"font-weight: 400;\">Con su <\/span><b>auditorio de 300 asientos<\/b><span style=\"font-weight: 400;\"> y su sala de exposiciones de 1200 m\u00b2, podr\u00e1s organizar f\u00e1cilmente una convenci\u00f3n o congreso. Y en sus 13 salas de reuniones encontrar\u00e1s la que se adapte a la organizaci\u00f3n de tu seminario.<\/span><\/p>\n<\/div>\n\t\t\t\t\t\t\t\t\t\t\t\t<div class=\"d-flex flex-column flex-lg-row align-items-center gap-5 gap-lg-8 justify-content-between\">\n\t\t\t\t\t\t\t<div class=\"fs-20 fs-lg-26 fw-semibold lh-xs\"><\/div>\n\t\t\t\t\t\t\t\t\t\t\t\t\t<\/div>\n\t\t\t\t\t<\/div>\n\t\t\t\t<\/div>\n\t\t\t\t<div class=\"col-lg-4\">\n\t\t\t\t\t<div class=\"tcta2ia__top__right t-0 r-0 bg-primary text-white pt-4 pb-4 px-2 pt-lg-8 pb-lg-16 px-lg-11 pb-xl-30\">\n\t\t\t\t\t\t\t\t\t\t\t\t\t\t\t\t\t\t<h2 class=\"unna fs-36 fs-lg-51 fs-xl-75 fs-italic fw-normal text-secondary\">Elige Alta Francia para un evento memorable<\/h2>\n\t\t\t\t\t\t\t\t\t\t\t\t\t\t\t\t\t\t<h3 class=\"text-white fs-18 fs-lg-20 fs-xl-28 text-original-case\">\u00a1Rumbo a cuatro destinos por descubrir a toda marcha!<\/h3>\n\t\t\t\t\t\t\t\t\t\t\t\t\t\t\t\t\t\t<div class=\"fs-wysiwyg mb-4 fs-lg-16 fs-xl-20\"><p>Con sus inmaculados acantilados de creta, sus inmensas playas de arena fina cargadas de roc\u00edo marino, la Costa de \u00d3palo nunca dejar\u00e1 de sorprenderte y despertar tus sentidos. Nada m\u00e1s abandonar la costa, el Norte, Picard\u00eda y Paso de Calais revelan una tierra de arte e historia con sus campanarios, sus castillos, sus catedrales y sus numerosos pueblos pintorescos y aut\u00e9nticos donde saborear\u00e1s la calidez de una bienvenida incomparable.<\/p>\n<\/div>\n\t\t\t\t\t\t\t\t\t\t\t\t\t\t\t\t\t\t\t\t\t\t\t\t<p class=\"m-0\"><img decoding=\"async\" src=\"https:\/\/www.myallmeeting.com\/wp-content\/uploads\/2019\/10\/Mercure-Arras-Centre-Gare-633x398.jpg\" class=\"position-relative l-0\" width=\"633\" height=\"398\" alt=\"\" loading=\"lazy\" \/><\/p>\n\t\t\t\t\t\t\t\t\t\t\t<\/div>\n\t\t\t\t<\/div>\n\t\t\t<\/div>\n\t\t<\/div>\n\t<\/div>\n\t<div class=\"tcta2ia__bottom d-lg-none pb-12 py-lg-9 pe-lg-10\">\n\t\t\t\t<div class=\"h2 fs-20 fs-lg-32 fw-semibold\">Mercure Arras Centre Gare<\/div>\n\t\t\t\t\t\t<div class=\"fs-wysiwyg\"><p><span style=\"font-weight: 400;\">Famoso por sus plazas de una <\/span><b>incroyable riqueza arquitect\u00f3nica<\/b><span style=\"font-weight: 400;\">, la ciudad sorprende por <\/span><b>su tranquilidad<\/b><span style=\"font-weight: 400;\">. Frente a la estaci\u00f3n de TGV y a dos pasos del centro hist\u00f3rico, <a href=\"https:\/\/myallmeeting.com\/es\/hotel\/1560-mercure-arras-centre-gare\/\">el hotel Mercure Arras Centre Gare<\/a> te da la bienvenida con un <\/span><b>decoraci\u00f3n moderna en tonos c\u00e1lidos<\/b><span style=\"font-weight: 400;\">.<\/span><\/p>\n<p><span style=\"font-weight: 400;\">Su restaurante, Le 58, ofrece una cocina tradicional gourmet y generosa. A 55 minutos de Par\u00eds, este hotel de 4 estrellas es el lugar ideal para organizar un evento del tama\u00f1o que sea.<\/span><\/p>\n<p><span style=\"font-weight: 400;\">Con su <\/span><b>auditorio de 300 asientos<\/b><span style=\"font-weight: 400;\"> y su sala de exposiciones de 1200 m\u00b2, podr\u00e1s organizar f\u00e1cilmente una convenci\u00f3n o congreso. Y en sus 13 salas de reuniones encontrar\u00e1s la que se adapte a la organizaci\u00f3n de tu seminario.<\/span><\/p>\n<\/div>\n\t\t\t\t<div class=\"d-flex flex-column flex-lg-row align-items-center gap-5 gap-lg-8 justify-content-between\">\n\t\t\t<div class=\"fs-20 fs-lg-26 fw-semibold lh-xs\"><\/div>\n\t\t\t\t\t<\/div>\n\t<\/div>\n<\/div>\n<!-- END OF : Composant : block-periscope-theme-section-composant-25-texte-cta-2-images.php -->\n\n\n<!-- START OF : Composant : block-periscope-theme-section-composant-33-texte-image.php -->\n<div class=\"text-image fs-wysiwyg mb-8 mb-lg-12\" data-component=\"33-texte-image\">\n\t<div class=\"container-fluid\" style=\"--bs-gutter-x: 0\">\n\t\t<div class=\"row\" style=\"--bs-gutter-x: 0\">\n\t\t\t\t\t\t<div class=\"col-lg-6 mb-7 mb-lg-0\">\n\t\t\t\t<img decoding=\"async\" src=\"https:\/\/www.myallmeeting.com\/wp-content\/uploads\/2019\/10\/Novotel-Lens-Noyelles-953x600.jpg\" width=\"953\" height=\"600\" alt=\"\" loading=\"lazy\" class=\"w-100\" \/>\n\t\t\t<\/div>\n\t\t\t\t\t\t<div class=\"col-lg-6\">\n\t\t\t\t<div class=\"text-image__content\">\n\t\t\t\t\t\t\t\t\t\t<div class=\"fw-semibold lh-xs fs-20 fs-lg-32 ls--25 mb-5\">Novotel Lens Noyelles<\/div>\n\t\t\t\t\t\t\t\t\t\t\t\t\t\t\t<div class=\"fs-wysiwyg\">\n\t\t\t\t\t\t<p><span style=\"font-weight: 400;\">En el coraz\u00f3n de un magn\u00edfico parque, el <a href=\"https:\/\/myallmeeting.com\/es\/hotel\/0426-novotel-lens-noyelles\/\">Novotel Lens Noyelles<\/a> est\u00e1 situado en el centro del tri\u00e1ngulo Lens-Arras-Douai con f\u00e1cil acceso a la autopista, a unos 20 minutos del centro hist\u00f3rico de Lille. Este 4 estrellas ofrece <\/span><b>un dise\u00f1o cl\u00e1sico y contempor\u00e1neo<\/b><span style=\"font-weight: 400;\">.<\/span><\/p>\n<p><span style=\"font-weight: 400;\">Con <\/span><b>200 m\u00b2 de espacios para reuniones<\/b><span style=\"font-weight: 400;\">, ofrece una gama de estancias, todas modulares y abiertas al exterior para aprovechar la luz natural. Al estar perfectamente equipadas, ofrecen un verdadero confort de trabajo.<\/span><\/p>\n<p><span style=\"font-weight: 400;\">Tambi\u00e9n hay mucho por hacer despu\u00e9s del trabajo: en el c\u00e1lido bar podr\u00e1s relajarte jugando al futbol\u00edn, o tal vez prefieras salir para descubrir los museos y los tesoros arquitect\u00f3nicos de la regi\u00f3n de Lens.<\/span><\/p>\n\t\t\t\t\t<\/div>\n\t\t\t\t\t\t\t\t\t<\/div>\n\t\t\t<\/div>        \n\t\t<\/div>\n\t<\/div>\n<\/div>\n<!-- END OF : Composant : block-periscope-theme-section-composant-33-texte-image.php -->\n\n\n<!-- START OF : Composant : block-periscope-theme-section-composant-33-texte-image.php -->\n<!-- INVERSE -->\n<div class=\"text-image fs-wysiwyg mb-8 mb-lg-12\" data-component=\"33-texte-image\" data-reverse=\"oui\">\n\t<div class=\"container-fluid\" style=\"--bs-gutter-x: 0\">\n\t\t<div class=\"row\" style=\"--bs-gutter-x: 0\">\n\t\t\t<div class=\"col-lg-6\">\n\t\t\t\t<div class=\"text-image__content\">\n\t\t\t\t\t\t\t\t\t\t<div class=\"fw-semibold lh-xs fs-20 fs-lg-32 ls--25 mb-5\">Ibis Styles Amiens Centro<\/div>\n\t\t\t\t\t\t\t\t\t\t\t\t\t\t\t<div class=\"fs-wysiwyg\">\n\t\t\t\t\t\t<p><span style=\"font-weight: 400;\"><a href=\"https:\/\/myallmeeting.com\/es\/hotel\/a3p0-ibis-budget-amiens-centre-gare\/\">L\u2019Ibis Styles<\/a> te da la bienvenida al centro hist\u00f3rico de Amiens, junto a la estaci\u00f3n de tren. Con <\/span><b>un espacio creativo y dos salas de reuniones con capacidad para 14 personas cada una<\/b><span style=\"font-weight: 400;\">, es el lugar perfecto para un seminario en grupos peque\u00f1os.<\/span><\/p>\n<p><span style=\"font-weight: 400;\">Para desconectar de tus sesiones de trabajo, puedes sumergirte en el coraz\u00f3n de la ciudad y perderte por sus estrechas calles y famosos canales que rodean la majestuosa catedral g\u00f3tica.<\/span><\/p>\n<p><span style=\"font-weight: 400;\">Despu\u00e9s de un paseo por la Venecia del Norte, podr\u00e1s degustar las delicias de Italia en el restaurante del hotel que ofrece una sabrosa cocina, o terminar la velada con un c\u00f3ctel en el bar.<\/span><\/p>\n\t\t\t\t\t<\/div>\n\t\t\t\t\t\t\t\t\t<\/div>\n\t\t\t<\/div>    \n\t\t\t    \n\t\t\t<div class=\"col-lg-6 order-first order-lg-last mb-7 mb-lg-0\">\n\t\t\t\t<img decoding=\"async\" src=\"https:\/\/www.myallmeeting.com\/wp-content\/uploads\/2019\/10\/Ibis-Styles-Amiens-Centre-4-953x600.jpg\" width=\"953\" height=\"600\" alt=\"\" loading=\"lazy\" class=\"w-100\" \/>\n\t\t\t<\/div>\n\t\t\t\t\t<\/div>\n\t<\/div>\n<\/div>\n<!-- END OF : Composant : block-periscope-theme-section-composant-33-texte-image.php -->\n\n\n<!-- START OF : Composant : block-periscope-theme-section-composant-33-texte-image.php -->\n<div class=\"text-image fs-wysiwyg mb-8 mb-lg-12\" data-component=\"33-texte-image\">\n\t<div class=\"container-fluid\" style=\"--bs-gutter-x: 0\">\n\t\t<div class=\"row\" style=\"--bs-gutter-x: 0\">\n\t\t\t\t\t\t<div class=\"col-lg-6 mb-7 mb-lg-0\">\n\t\t\t\t<img decoding=\"async\" src=\"https:\/\/www.myallmeeting.com\/wp-content\/uploads\/2019\/10\/Ibis-Styles-Boulogne-sur-Mer-Centre-Cathedrale-953x600.jpg\" width=\"953\" height=\"600\" alt=\"\" loading=\"lazy\" class=\"w-100\" \/>\n\t\t\t<\/div>\n\t\t\t\t\t\t<div class=\"col-lg-6\">\n\t\t\t\t<div class=\"text-image__content\">\n\t\t\t\t\t\t\t\t\t\t<div class=\"fw-semibold lh-xs fs-20 fs-lg-32 ls--25 mb-5\">Ibis Styles Boulogne-sur-Mer Centro Catedral<\/div>\n\t\t\t\t\t\t\t\t\t\t\t\t\t\t\t<div class=\"fs-wysiwyg\">\n\t\t\t\t\t\t<p><span style=\"font-weight: 400;\">\u00a1Aqu\u00ed todo ha sido pensado para hacer de tu estancia un incentivo inolvidable que unir\u00e1 a tu equipo! Frente a las murallas del casco antiguo y la catedral, <a href=\"https:\/\/myallmeeting.com\/es\/hotel\/1367-ibis-boulogne-sur-mer\/\">este hotel<\/a> de <\/span><b>51 habitaciones c\u00e1lidas y modernas<\/b><span style=\"font-weight: 400;\">, es la base perfecta para explorar la Costa de \u00d3palo, sus inmensas playas y los tesoros que esconde\u2026<\/span><\/p>\n<p><span style=\"font-weight: 400;\">\u00bfQuieres sumergirte en el acuario m\u00e1s grande de Europa, Nausicaa, situado a solo 10 minutos del hotel? \u00bfO subir a bordo de un yate de arena? \u00bfTal vez pasear por el casco antiguo por sus calles peatonales? Solo tienes que elegir&#8230; Por lo dem\u00e1s, los servicios del hotel (parking exterior gratuito, wifi, bar con servicio las 24 horas&#8230;) te dan toda la flexibilidad necesaria para una organizaci\u00f3n perfecta.<\/span><\/p>\n\t\t\t\t\t<\/div>\n\t\t\t\t\t\t\t\t\t<\/div>\n\t\t\t<\/div>        \n\t\t<\/div>\n\t<\/div>\n<\/div>\n<!-- END OF : Composant : block-periscope-theme-section-composant-33-texte-image.php -->\n","protected":false},"excerpt":{"rendered":"","protected":false},"featured_media":16028886,"menu_order":0,"template":"","periscope_categorie_tax":[3552],"class_list":["post-16036400","article","type-article","status-publish","has-post-thumbnail","hentry","periscope_categorie_tax-tous-nos-tops-selections-es"],"acf":[],"yoast_head":"<title>Elige Alta Francia para un evento memorable - Accor MyAllMeeting.com<\/title>\n<meta name=\"robots\" content=\"index, follow, max-snippet:-1, max-image-preview:large, max-video-preview:-1\" \/>\n<link rel=\"canonical\" href=\"https:\/\/www.myallmeeting.com\/es\/wp-json\/wp\/v2\/article\/16036400\" \/>\n<meta property=\"og:locale\" content=\"es_ES\" \/>\n<meta property=\"og:type\" content=\"article\" \/>\n<meta property=\"og:title\" content=\"Elige Alta Francia para un evento memorable - Accor MyAllMeeting.com\" \/>\n<meta property=\"og:url\" content=\"https:\/\/www.myallmeeting.com\/es\/article\/elige-alta-francia-para-un-evento-memorable\/\" \/>\n<meta property=\"og:site_name\" content=\"Accor MyAllMeeting.com\" \/>\n<meta property=\"article:modified_time\" content=\"2024-07-16T09:49:48+00:00\" \/>\n<meta property=\"og:image\" content=\"http:\/\/myallmeeting.com\/wp-content\/uploads\/2019\/10\/MAM-imagery-portrait.png\" \/>\n\t<meta property=\"og:image:width\" content=\"1920\" \/>\n\t<meta property=\"og:image:height\" content=\"570\" \/>\n\t<meta property=\"og:image:type\" content=\"image\/png\" \/>\n<meta name=\"twitter:card\" content=\"summary_large_image\" \/>\n<meta name=\"twitter:label1\" content=\"Est. reading time\" \/>\n\t<meta name=\"twitter:data1\" content=\"5 minutes\" \/>\n<script type=\"application\/ld+json\" class=\"yoast-schema-graph\">{\"@context\":\"https:\/\/schema.org\",\"@graph\":[{\"@type\":\"WebPage\",\"@id\":\"https:\/\/www.myallmeeting.com\/es\/article\/elige-alta-francia-para-un-evento-memorable\/\",\"url\":\"https:\/\/www.myallmeeting.com\/es\/article\/elige-alta-francia-para-un-evento-memorable\/\",\"name\":\"Elige Alta Francia para un evento memorable - Accor MyAllMeeting.com\",\"isPartOf\":{\"@id\":\"https:\/\/www.myallmeeting.com\/es\/#website\"},\"primaryImageOfPage\":{\"@id\":\"https:\/\/www.myallmeeting.com\/es\/article\/elige-alta-francia-para-un-evento-memorable\/#primaryimage\"},\"image\":{\"@id\":\"https:\/\/www.myallmeeting.com\/es\/article\/elige-alta-francia-para-un-evento-memorable\/#primaryimage\"},\"thumbnailUrl\":\"https:\/\/www.myallmeeting.com\/wp-content\/uploads\/2019\/10\/MAM-imagery-portrait.png\",\"datePublished\":\"2019-10-23T15:51:36+00:00\",\"dateModified\":\"2024-07-16T09:49:48+00:00\",\"breadcrumb\":{\"@id\":\"https:\/\/www.myallmeeting.com\/es\/article\/elige-alta-francia-para-un-evento-memorable\/#breadcrumb\"},\"inLanguage\":\"es-ES\",\"potentialAction\":[{\"@type\":\"ReadAction\",\"target\":[\"https:\/\/www.myallmeeting.com\/es\/article\/elige-alta-francia-para-un-evento-memorable\/\"]}]},{\"@type\":\"ImageObject\",\"inLanguage\":\"es-ES\",\"@id\":\"https:\/\/www.myallmeeting.com\/es\/article\/elige-alta-francia-para-un-evento-memorable\/#primaryimage\",\"url\":\"https:\/\/www.myallmeeting.com\/wp-content\/uploads\/2019\/10\/MAM-imagery-portrait.png\",\"contentUrl\":\"https:\/\/www.myallmeeting.com\/wp-content\/uploads\/2019\/10\/MAM-imagery-portrait.png\",\"width\":1920,\"height\":570},{\"@type\":\"BreadcrumbList\",\"@id\":\"https:\/\/www.myallmeeting.com\/es\/article\/elige-alta-francia-para-un-evento-memorable\/#breadcrumb\",\"itemListElement\":[{\"@type\":\"ListItem\",\"position\":1,\"name\":\"P\u00e1gina principal\",\"item\":\"https:\/\/myallmeeting.com\/es\/\"},{\"@type\":\"ListItem\",\"position\":2,\"name\":\"Noticias\",\"item\":\"https:\/\/www.myallmeeting.com\/es\/noticias\/\"},{\"@type\":\"ListItem\",\"position\":3,\"name\":\"Elige Alta Francia para un evento memorable\"}]},{\"@type\":\"WebSite\",\"@id\":\"https:\/\/www.myallmeeting.com\/es\/#website\",\"url\":\"https:\/\/www.myallmeeting.com\/es\/\",\"name\":\"Accor MyAllMeeting.com\",\"description\":\"Les Meilleurs lieux pour vos Ev\u00e9nements Professionnels\",\"publisher\":{\"@id\":\"https:\/\/www.myallmeeting.com\/es\/#organization\"},\"potentialAction\":[{\"@type\":\"SearchAction\",\"target\":{\"@type\":\"EntryPoint\",\"urlTemplate\":\"https:\/\/www.myallmeeting.com\/es\/?s={search_term_string}\"},\"query-input\":{\"@type\":\"PropertyValueSpecification\",\"valueRequired\":true,\"valueName\":\"search_term_string\"}}],\"inLanguage\":\"es-ES\"},{\"@type\":\"Organization\",\"@id\":\"https:\/\/www.myallmeeting.com\/es\/#organization\",\"name\":\"ACCOR\",\"url\":\"https:\/\/www.myallmeeting.com\/es\/\",\"logo\":{\"@type\":\"ImageObject\",\"inLanguage\":\"es-ES\",\"@id\":\"https:\/\/www.myallmeeting.com\/es\/#\/schema\/logo\/image\/\",\"url\":\"\",\"contentUrl\":\"\",\"caption\":\"ACCOR\"},\"image\":{\"@id\":\"https:\/\/www.myallmeeting.com\/es\/#\/schema\/logo\/image\/\"}}]}<\/script>","yoast_head_json":{"title":"Elige Alta Francia para un evento memorable - Accor MyAllMeeting.com","robots":{"index":"index","follow":"follow","max-snippet":"max-snippet:-1","max-image-preview":"max-image-preview:large","max-video-preview":"max-video-preview:-1"},"canonical":"https:\/\/www.myallmeeting.com\/es\/wp-json\/wp\/v2\/article\/16036400","og_locale":"es_ES","og_type":"article","og_title":"Elige Alta Francia para un evento memorable - Accor MyAllMeeting.com","og_url":"https:\/\/www.myallmeeting.com\/es\/article\/elige-alta-francia-para-un-evento-memorable\/","og_site_name":"Accor MyAllMeeting.com","article_modified_time":"2024-07-16T09:49:48+00:00","og_image":[{"width":1920,"height":570,"url":"http:\/\/myallmeeting.com\/wp-content\/uploads\/2019\/10\/MAM-imagery-portrait.png","type":"image\/png"}],"twitter_card":"summary_large_image","twitter_misc":{"Est. reading time":"5 minutes"},"schema":{"@context":"https:\/\/schema.org","@graph":[{"@type":"WebPage","@id":"https:\/\/www.myallmeeting.com\/es\/article\/elige-alta-francia-para-un-evento-memorable\/","url":"https:\/\/www.myallmeeting.com\/es\/article\/elige-alta-francia-para-un-evento-memorable\/","name":"Elige Alta Francia para un evento memorable - Accor MyAllMeeting.com","isPartOf":{"@id":"https:\/\/www.myallmeeting.com\/es\/#website"},"primaryImageOfPage":{"@id":"https:\/\/www.myallmeeting.com\/es\/article\/elige-alta-francia-para-un-evento-memorable\/#primaryimage"},"image":{"@id":"https:\/\/www.myallmeeting.com\/es\/article\/elige-alta-francia-para-un-evento-memorable\/#primaryimage"},"thumbnailUrl":"https:\/\/www.myallmeeting.com\/wp-content\/uploads\/2019\/10\/MAM-imagery-portrait.png","datePublished":"2019-10-23T15:51:36+00:00","dateModified":"2024-07-16T09:49:48+00:00","breadcrumb":{"@id":"https:\/\/www.myallmeeting.com\/es\/article\/elige-alta-francia-para-un-evento-memorable\/#breadcrumb"},"inLanguage":"es-ES","potentialAction":[{"@type":"ReadAction","target":["https:\/\/www.myallmeeting.com\/es\/article\/elige-alta-francia-para-un-evento-memorable\/"]}]},{"@type":"ImageObject","inLanguage":"es-ES","@id":"https:\/\/www.myallmeeting.com\/es\/article\/elige-alta-francia-para-un-evento-memorable\/#primaryimage","url":"https:\/\/www.myallmeeting.com\/wp-content\/uploads\/2019\/10\/MAM-imagery-portrait.png","contentUrl":"https:\/\/www.myallmeeting.com\/wp-content\/uploads\/2019\/10\/MAM-imagery-portrait.png","width":1920,"height":570},{"@type":"BreadcrumbList","@id":"https:\/\/www.myallmeeting.com\/es\/article\/elige-alta-francia-para-un-evento-memorable\/#breadcrumb","itemListElement":[{"@type":"ListItem","position":1,"name":"P\u00e1gina principal","item":"https:\/\/myallmeeting.com\/es\/"},{"@type":"ListItem","position":2,"name":"Noticias","item":"https:\/\/www.myallmeeting.com\/es\/noticias\/"},{"@type":"ListItem","position":3,"name":"Elige Alta Francia para un evento memorable"}]},{"@type":"WebSite","@id":"https:\/\/www.myallmeeting.com\/es\/#website","url":"https:\/\/www.myallmeeting.com\/es\/","name":"Accor MyAllMeeting.com","description":"Les Meilleurs lieux pour vos Ev\u00e9nements Professionnels","publisher":{"@id":"https:\/\/www.myallmeeting.com\/es\/#organization"},"potentialAction":[{"@type":"SearchAction","target":{"@type":"EntryPoint","urlTemplate":"https:\/\/www.myallmeeting.com\/es\/?s={search_term_string}"},"query-input":{"@type":"PropertyValueSpecification","valueRequired":true,"valueName":"search_term_string"}}],"inLanguage":"es-ES"},{"@type":"Organization","@id":"https:\/\/www.myallmeeting.com\/es\/#organization","name":"ACCOR","url":"https:\/\/www.myallmeeting.com\/es\/","logo":{"@type":"ImageObject","inLanguage":"es-ES","@id":"https:\/\/www.myallmeeting.com\/es\/#\/schema\/logo\/image\/","url":"","contentUrl":"","caption":"ACCOR"},"image":{"@id":"https:\/\/www.myallmeeting.com\/es\/#\/schema\/logo\/image\/"}}]}},"_links":{"self":[{"href":"https:\/\/www.myallmeeting.com\/es\/wp-json\/wp\/v2\/article\/16036400","targetHints":{"allow":["GET"]}}],"collection":[{"href":"https:\/\/www.myallmeeting.com\/es\/wp-json\/wp\/v2\/article"}],"about":[{"href":"https:\/\/www.myallmeeting.com\/es\/wp-json\/wp\/v2\/types\/article"}],"wp:featuredmedia":[{"embeddable":true,"href":"https:\/\/www.myallmeeting.com\/es\/wp-json\/wp\/v2\/media\/16028886"}],"wp:attachment":[{"href":"https:\/\/www.myallmeeting.com\/es\/wp-json\/wp\/v2\/media?parent=16036400"}],"wp:term":[{"taxonomy":"periscope_categorie_tax","embeddable":true,"href":"https:\/\/www.myallmeeting.com\/es\/wp-json\/wp\/v2\/periscope_categorie_tax?post=16036400"}],"curies":[{"name":"wp","href":"https:\/\/api.w.org\/{rel}","templated":true}]}}