{"id":16035848,"date":"2017-05-02T18:00:16","date_gmt":"2017-05-02T16:00:16","guid":{"rendered":"https:\/\/myallmeeting.com\/article\/comment-organiser-un-workshop-efficacement\/"},"modified":"2024-07-16T12:29:52","modified_gmt":"2024-07-16T10:29:52","slug":"como-organizar-un-taller-de-forma-eficaz","status":"publish","type":"article","link":"https:\/\/www.myallmeeting.com\/es\/article\/como-organizar-un-taller-de-forma-eficaz\/","title":{"rendered":"\u00bfC\u00f3mo organizar un taller de forma eficaz?"},"content":{"rendered":"<!-- START OF : Composant : block-periscope-theme-section-composant-25-texte-cta-2-images.php -->\n<div class=\"tcta2ia bg-white fs-wysiwyg mb-lg-12\" data-component=\"25-texte-cta-2-images\">\n\t<div class=\"tcta2ia__top\">\n\t\t<div class=\"container-fluid\" style=\"--bs-gutter-x: 0\">\n\t\t\t<div class=\"row\" style=\"--bs-gutter-x: 0\">\n\t\t\t\t<div class=\"col-lg-8\">\n\t\t\t\t\t\t\t\t\t\t<div class=\"bloc-mise-en-avant__top__left\">\n\t\t\t\t\t\t<img decoding=\"async\" src=\"https:\/\/www.myallmeeting.com\/wp-content\/uploads\/2017\/05\/Workshop-2-1268x846.jpg\" class=\"pe-2 pe-lg-0\" width=\"1268\" height=\"846\" alt=\"organiser un workshop\" loading=\"lazy\" \/>\n\t\t\t\t\t<\/div>\n\t\t\t\t\t\t\t\t\t\t<div class=\"tcta2ia__bottom d-none d-lg-block pb-12 pt-lg-9 pb-lg-0 pe-lg-10\">\n\t\t\t\t\t\t\t\t\t\t\t\t<h2 class=\"fs-20 fs-lg-32 fw-semibold\">1) El objetivo<\/h2>\n\t\t\t\t\t\t\t\t\t\t\t\t\t\t\t\t\t\t<div class=\"fs-wysiwyg\"><p><span style=\"font-weight: 400;\">Espacio para la originalidad y la relajaci\u00f3n, pero con un marco claro: <\/span><b>cada taller tiene su propio desaf\u00edo<\/b><span style=\"font-weight: 400;\">. \u00bfCu\u00e1l es la prioridad actual: definir un plan de acci\u00f3n, anunciar un cambio, resolver un conflicto?\u00a0<\/span><\/p>\n<p><span style=\"font-weight: 400;\">El objetivo est\u00e1 incluido en la invitaci\u00f3n para que los participantes comprendan el proceso. Ya como actores en el evento, pueden contribuir as\u00ed a ajustar el objetivo del <\/span><i><span style=\"font-weight: 400;\">workshop<\/span><\/i><span style=\"font-weight: 400;\">, o incluso para incluir nuevas animaciones.\u00a0<\/span><b>La interacci\u00f3n<\/b><span style=\"font-weight: 400;\">, <\/span><b>principio b\u00e1sico del taller, por tanto, comienza desde el lanzamiento del proyecto.<\/b><\/p>\n<\/div>\n\t\t\t\t\t\t\t\t\t\t\t\t<div class=\"d-flex flex-column flex-lg-row align-items-center gap-5 gap-lg-8 justify-content-between\">\n\t\t\t\t\t\t\t<div class=\"fs-20 fs-lg-26 fw-semibold lh-xs\"><\/div>\n\t\t\t\t\t\t\t\t\t\t\t\t\t<\/div>\n\t\t\t\t\t<\/div>\n\t\t\t\t<\/div>\n\t\t\t\t<div class=\"col-lg-4\">\n\t\t\t\t\t<div class=\"tcta2ia__top__right t-0 r-0 bg-primary text-white pt-4 pb-4 px-2 pt-lg-8 pb-lg-16 px-lg-11 pb-xl-30\">\n\t\t\t\t\t\t\t\t\t\t\t\t\t\t\t\t\t\t<h2 class=\"unna fs-36 fs-lg-51 fs-xl-75 fs-italic fw-normal text-secondary\">\u00bfC\u00f3mo organizar un taller de forma eficaz?<\/h2>\n\t\t\t\t\t\t\t\t\t\t\t\t\t\t\t\t\t\t<h3 class=\"text-white fs-18 fs-lg-20 fs-xl-28 text-original-case\">Entre trabajo pr\u00e1ctico y actividades divertidas construyes un evento din\u00e1mico e interactivo con tu equipo.<\/h3>\n\t\t\t\t\t\t\t\t\t\t\t\t\t\t\t\t\t\t<div class=\"fs-wysiwyg mb-4 fs-lg-16 fs-xl-20\"><p><span style=\"font-weight: 400;\">Los expertos del grupo Accor te dan sus claves para<\/span><b> organizar un <\/b><b><i>workshop<\/i><\/b><span style=\"font-weight: 400;\"> y fomentar el apoyo, hacer que la gente hable o renovar las pr\u00e1cticas.<\/span><\/p>\n<\/div>\n\t\t\t\t\t\t\t\t\t\t\t\t\t\t\t\t\t\t\t\t\t\t\t\t<p class=\"m-0\"><img decoding=\"async\" src=\"https:\/\/www.myallmeeting.com\/wp-content\/uploads\/2017\/05\/4695-54-633x398.jpg\" class=\"position-relative l-0\" width=\"633\" height=\"398\" alt=\"organiser un workshop\" loading=\"lazy\" \/><\/p>\n\t\t\t\t\t\t\t\t\t\t\t<\/div>\n\t\t\t\t<\/div>\n\t\t\t<\/div>\n\t\t<\/div>\n\t<\/div>\n\t<div class=\"tcta2ia__bottom d-lg-none pb-12 py-lg-9 pe-lg-10\">\n\t\t\t\t<div class=\"h2 fs-20 fs-lg-32 fw-semibold\">1) El objetivo<\/div>\n\t\t\t\t\t\t<div class=\"fs-wysiwyg\"><p><span style=\"font-weight: 400;\">Espacio para la originalidad y la relajaci\u00f3n, pero con un marco claro: <\/span><b>cada taller tiene su propio desaf\u00edo<\/b><span style=\"font-weight: 400;\">. \u00bfCu\u00e1l es la prioridad actual: definir un plan de acci\u00f3n, anunciar un cambio, resolver un conflicto?\u00a0<\/span><\/p>\n<p><span style=\"font-weight: 400;\">El objetivo est\u00e1 incluido en la invitaci\u00f3n para que los participantes comprendan el proceso. Ya como actores en el evento, pueden contribuir as\u00ed a ajustar el objetivo del <\/span><i><span style=\"font-weight: 400;\">workshop<\/span><\/i><span style=\"font-weight: 400;\">, o incluso para incluir nuevas animaciones.\u00a0<\/span><b>La interacci\u00f3n<\/b><span style=\"font-weight: 400;\">, <\/span><b>principio b\u00e1sico del taller, por tanto, comienza desde el lanzamiento del proyecto.<\/b><\/p>\n<\/div>\n\t\t\t\t<div class=\"d-flex flex-column flex-lg-row align-items-center gap-5 gap-lg-8 justify-content-between\">\n\t\t\t<div class=\"fs-20 fs-lg-26 fw-semibold lh-xs\"><\/div>\n\t\t\t\t\t<\/div>\n\t<\/div>\n<\/div>\n<!-- END OF : Composant : block-periscope-theme-section-composant-25-texte-cta-2-images.php -->\n\n\n<!-- START OF : Composant : block-periscope-theme-section-composant-33-texte-image.php -->\n<div class=\"text-image fs-wysiwyg mb-8 mb-lg-12\" data-component=\"33-texte-image\">\n\t<div class=\"container-fluid\" style=\"--bs-gutter-x: 0\">\n\t\t<div class=\"row\" style=\"--bs-gutter-x: 0\">\n\t\t\t\t\t\t<div class=\"col-lg-6 mb-7 mb-lg-0\">\n\t\t\t\t<img decoding=\"async\" src=\"https:\/\/www.myallmeeting.com\/wp-content\/uploads\/2017\/05\/4956-39-953x600.jpg\" width=\"953\" height=\"600\" alt=\"organiser un workshop\" loading=\"lazy\" class=\"w-100\" \/>\n\t\t\t<\/div>\n\t\t\t\t\t\t<div class=\"col-lg-6\">\n\t\t\t\t<div class=\"text-image__content\">\n\t\t\t\t\t\t\t\t\t\t<div class=\"fw-semibold lh-xs fs-20 fs-lg-32 ls--25 mb-5\">2) Los participantes<\/div>\n\t\t\t\t\t\t\t\t\t\t\t\t\t\t\t<div class=\"fs-wysiwyg\">\n\t\t\t\t\t\t<p><b>Elige empleados en funci\u00f3n de su implicaci\u00f3n o habilidades, por <\/b><span style=\"font-weight: 400;\">ejemplo, en relaci\u00f3n con el objetivo definido. Las relaciones jer\u00e1rquicas no cuentan, el objetivo del <\/span><i><span style=\"font-weight: 400;\">workshop<\/span><\/i><span style=\"font-weight: 400;\"> ser\u00e1 precisamente hacerles olvidarlas.\u00a0<\/span><\/p>\n<p><span style=\"font-weight: 400;\">No todos los participantes se conocen, lo cual es la otra ventaja del taller: <\/span><b>refuerza los lazos<\/b><b>\u00a0y renueva las relaciones laborales<\/b><span style=\"font-weight: 400;\">. Todos los perfiles son bienvenidos: cuanto m\u00e1s variados sean, m\u00e1s fruct\u00edfero ser\u00e1 el <\/span><i><span style=\"font-weight: 400;\">workshop<\/span><\/i><span style=\"font-weight: 400;\">.\u00a0<\/span><\/p>\n<p><span style=\"font-weight: 400;\">En aras de la eficiencia, cuenta entre 5 y 10 personas por grupo, aunque eso signifique dividirse en subgrupos de 2 o 3 seg\u00fan las actividades.<\/span><\/p>\n\t\t\t\t\t<\/div>\n\t\t\t\t\t\t\t\t\t<\/div>\n\t\t\t<\/div>        \n\t\t<\/div>\n\t<\/div>\n<\/div>\n<!-- END OF : Composant : block-periscope-theme-section-composant-33-texte-image.php -->\n\n\n<!-- START OF : Composant : block-periscope-theme-section-composant-33-texte-image.php -->\n<!-- INVERSE -->\n<div class=\"text-image fs-wysiwyg mb-8 mb-lg-12\" data-component=\"33-texte-image\" data-reverse=\"oui\">\n\t<div class=\"container-fluid\" style=\"--bs-gutter-x: 0\">\n\t\t<div class=\"row\" style=\"--bs-gutter-x: 0\">\n\t\t\t<div class=\"col-lg-6\">\n\t\t\t\t<div class=\"text-image__content\">\n\t\t\t\t\t\t\t\t\t\t<div class=\"fw-semibold lh-xs fs-20 fs-lg-32 ls--25 mb-5\">3) El marco<\/div>\n\t\t\t\t\t\t\t\t\t\t\t\t\t\t\t<div class=\"fs-wysiwyg\">\n\t\t\t\t\t\t<p><b>La ubicaci\u00f3n es importante para el ambiente y la practicidad<\/b><span style=\"font-weight: 400;\">. \u00bfUn sal\u00f3n acogedor, una habitaci\u00f3n verde, una terraza al lado del jard\u00edn? Lo principal es salir del marco habitual y <\/span><b>tener un espacio adecuado para actividades<\/b><span style=\"font-weight: 400;\">.\u00a0<\/span><\/p>\n<p><span style=\"font-weight: 400;\">Si el <\/span><i><span style=\"font-weight: 400;\">workshop<\/span><\/i><span style=\"font-weight: 400;\"> dura varias horas, <\/span><b>planifica tiempo para descansos y convivencia<\/b><span style=\"font-weight: 400;\">. Haz del tiempo un elemento estimulante, prestando atenci\u00f3n, por ejemplo, a la duraci\u00f3n de cada animaci\u00f3n.\u00a0<\/span><b>El reloj de arena<\/b><span style=\"font-weight: 400;\">\u00a0es un objeto interesante a este respecto: se utiliza a menudo en juegos de mesa y no est\u00e1 asociado a la competici\u00f3n como puede estarlo un cron\u00f3metro.<\/span><\/p>\n\t\t\t\t\t<\/div>\n\t\t\t\t\t\t\t\t\t<\/div>\n\t\t\t<\/div>    \n\t\t\t    \n\t\t\t<div class=\"col-lg-6 order-first order-lg-last mb-7 mb-lg-0\">\n\t\t\t\t<img decoding=\"async\" src=\"https:\/\/www.myallmeeting.com\/wp-content\/uploads\/2017\/05\/Ibis-Styles-Amiens-Centre-953x600.jpg\" width=\"953\" height=\"600\" alt=\"organiser un workshop salle\" loading=\"lazy\" class=\"w-100\" \/>\n\t\t\t<\/div>\n\t\t\t\t\t<\/div>\n\t<\/div>\n<\/div>\n<!-- END OF : Composant : block-periscope-theme-section-composant-33-texte-image.php -->\n\n\n<!-- START OF : Composant : block-periscope-theme-section-composant-33-texte-image.php -->\n<div class=\"text-image fs-wysiwyg mb-8 mb-lg-12\" data-component=\"33-texte-image\">\n\t<div class=\"container-fluid\" style=\"--bs-gutter-x: 0\">\n\t\t<div class=\"row\" style=\"--bs-gutter-x: 0\">\n\t\t\t\t\t\t<div class=\"col-lg-6 mb-7 mb-lg-0\">\n\t\t\t\t<img decoding=\"async\" src=\"https:\/\/www.myallmeeting.com\/wp-content\/uploads\/2017\/05\/6029-69-953x600.jpg\" width=\"953\" height=\"600\" alt=\"organiser un workshop discussion\" loading=\"lazy\" class=\"w-100\" \/>\n\t\t\t<\/div>\n\t\t\t\t\t\t<div class=\"col-lg-6\">\n\t\t\t\t<div class=\"text-image__content\">\n\t\t\t\t\t\t\t\t\t\t<div class=\"fw-semibold lh-xs fs-20 fs-lg-32 ls--25 mb-5\">4) Animaci\u00f3n<\/div>\n\t\t\t\t\t\t\t\t\t\t\t\t\t\t\t<div class=\"fs-wysiwyg\">\n\t\t\t\t\t\t<p><span style=\"font-weight: 400;\">Dibujos, post-its, juegos de cartas, objetos ins\u00f3litos\u2026. Servir\u00e1n para<\/span><span style=\"font-weight: 400;\"> una lluvia de ideas<\/span><span style=\"font-weight: 400;\">, <\/span><b>juegos de roles o un intercambio de experiencias<\/b><span style=\"font-weight: 400;\">. Prepara tu introducci\u00f3n porque marcar\u00e1 el tono y generar\u00e1 confianza.\u00a0<\/span><\/p>\n<p><span style=\"font-weight: 400;\">Tambi\u00e9n es momento de presentaciones, con un r\u00e1pido recorrido por la mesa. <\/span><b>Cada punto de vista, cada propuesta es bienvenida<\/b><span style=\"font-weight: 400;\">. Tu humor estimular\u00e1 al grupo y ayudar\u00e1 a los m\u00e1s t\u00edmidos. Estar siempre presente para relanzar o replantear los debates.<\/span><\/p>\n<p><span style=\"font-weight: 400;\">\u00a0<\/span><\/p>\n\t\t\t\t\t<\/div>\n\t\t\t\t\t\t\t\t\t<\/div>\n\t\t\t<\/div>        \n\t\t<\/div>\n\t<\/div>\n<\/div>\n<!-- END OF : Composant : block-periscope-theme-section-composant-33-texte-image.php -->\n\n\n<!-- START OF : Composant : block-periscope-theme-section-composant-33-texte-image.php -->\n<!-- INVERSE -->\n<div class=\"text-image fs-wysiwyg mb-8 mb-lg-12\" data-component=\"33-texte-image\" data-reverse=\"oui\">\n\t<div class=\"container-fluid\" style=\"--bs-gutter-x: 0\">\n\t\t<div class=\"row\" style=\"--bs-gutter-x: 0\">\n\t\t\t<div class=\"col-lg-6\">\n\t\t\t\t<div class=\"text-image__content\">\n\t\t\t\t\t\t\t\t\t\t<div class=\"fw-semibold lh-xs fs-20 fs-lg-32 ls--25 mb-5\">5) El debriefing<\/div>\n\t\t\t\t\t\t\t\t\t\t\t\t\t\t\t<div class=\"fs-wysiwyg\">\n\t\t\t\t\t\t<p><span style=\"font-weight: 400;\">Este es el momento de elaborar una lista de acciones propuestas, de los puntos conflictivos resueltos y tambi\u00e9n de los puntos que quedan sin resolver. En tu\u00a0<\/span><b>papel de organizador<\/b><span style=\"font-weight: 400;\">, has tomado notas sobre la marcha: su restituci\u00f3n alimenta el di\u00e1logo, los participantes son invitados a reaccionar ante ellas.\u00a0<\/span><\/p>\n<p><b>La mesa redonda es la forma m\u00e1s sencilla de involucrar a todos en el debriefing<\/b><span style=\"font-weight: 400;\">. Se complementar\u00e1 ventajosamente con un cuestionario de satisfacci\u00f3n an\u00f3nimo: te ayudar\u00e1 a <\/span><b>mejorar la organizaci\u00f3n y el funcionamiento de futuros talleres<\/b><span style=\"font-weight: 400;\">. Finalmente, para la eficacia del enfoque, define con el grupo las l\u00edneas generales de un nuevo taller. Ya sea para abordar un nuevo objetivo con ellos o para involucrar a otros colaboradores.<\/span><\/p>\n\t\t\t\t\t<\/div>\n\t\t\t\t\t\t\t\t\t<\/div>\n\t\t\t<\/div>    \n\t\t\t    \n\t\t\t<div class=\"col-lg-6 order-first order-lg-last mb-7 mb-lg-0\">\n\t\t\t\t<img decoding=\"async\" src=\"https:\/\/www.myallmeeting.com\/wp-content\/uploads\/2017\/05\/Workshop-953x600.jpg\" width=\"953\" height=\"600\" alt=\"organiser un workshop participation\" loading=\"lazy\" class=\"w-100\" \/>\n\t\t\t<\/div>\n\t\t\t\t\t<\/div>\n\t<\/div>\n<\/div>\n<!-- END OF : Composant : block-periscope-theme-section-composant-33-texte-image.php -->\n\n","protected":false},"excerpt":{"rendered":"","protected":false},"featured_media":16021524,"menu_order":0,"template":"","periscope_categorie_tax":[3482],"class_list":["post-16035848","article","type-article","status-publish","has-post-thumbnail","hentry","periscope_categorie_tax-organiser-votre-reunion-es"],"acf":[],"yoast_head":"<title>\u00bfC\u00f3mo organizar un taller de forma eficaz? - Accor MyAllMeeting.com<\/title>\n<meta name=\"robots\" content=\"index, follow, max-snippet:-1, max-image-preview:large, max-video-preview:-1\" \/>\n<link rel=\"canonical\" href=\"https:\/\/www.myallmeeting.com\/es\/wp-json\/wp\/v2\/article\/16035848\" \/>\n<meta property=\"og:locale\" content=\"es_ES\" \/>\n<meta property=\"og:type\" content=\"article\" \/>\n<meta property=\"og:title\" content=\"\u00bfC\u00f3mo organizar un taller de forma eficaz? - Accor MyAllMeeting.com\" \/>\n<meta property=\"og:url\" content=\"https:\/\/www.myallmeeting.com\/es\/article\/como-organizar-un-taller-de-forma-eficaz\/\" \/>\n<meta property=\"og:site_name\" content=\"Accor MyAllMeeting.com\" \/>\n<meta property=\"article:modified_time\" content=\"2024-07-16T10:29:52+00:00\" \/>\n<meta property=\"og:image\" content=\"https:\/\/www.myallmeeting.com\/wp-content\/uploads\/2017\/05\/Workshop-3.png\" \/>\n\t<meta property=\"og:image:width\" content=\"1920\" \/>\n\t<meta property=\"og:image:height\" content=\"570\" \/>\n\t<meta property=\"og:image:type\" content=\"image\/png\" \/>\n<meta name=\"twitter:card\" content=\"summary_large_image\" \/>\n<meta name=\"twitter:label1\" content=\"Est. reading time\" \/>\n\t<meta name=\"twitter:data1\" content=\"5 minutes\" \/>\n<script type=\"application\/ld+json\" class=\"yoast-schema-graph\">{\"@context\":\"https:\/\/schema.org\",\"@graph\":[{\"@type\":\"WebPage\",\"@id\":\"https:\/\/www.myallmeeting.com\/es\/article\/como-organizar-un-taller-de-forma-eficaz\/\",\"url\":\"https:\/\/www.myallmeeting.com\/es\/article\/como-organizar-un-taller-de-forma-eficaz\/\",\"name\":\"\u00bfC\u00f3mo organizar un taller de forma eficaz? - Accor MyAllMeeting.com\",\"isPartOf\":{\"@id\":\"https:\/\/www.myallmeeting.com\/es\/#website\"},\"primaryImageOfPage\":{\"@id\":\"https:\/\/www.myallmeeting.com\/es\/article\/como-organizar-un-taller-de-forma-eficaz\/#primaryimage\"},\"image\":{\"@id\":\"https:\/\/www.myallmeeting.com\/es\/article\/como-organizar-un-taller-de-forma-eficaz\/#primaryimage\"},\"thumbnailUrl\":\"https:\/\/www.myallmeeting.com\/wp-content\/uploads\/2017\/05\/Workshop-3.png\",\"datePublished\":\"2017-05-02T16:00:16+00:00\",\"dateModified\":\"2024-07-16T10:29:52+00:00\",\"breadcrumb\":{\"@id\":\"https:\/\/www.myallmeeting.com\/es\/article\/como-organizar-un-taller-de-forma-eficaz\/#breadcrumb\"},\"inLanguage\":\"es-ES\",\"potentialAction\":[{\"@type\":\"ReadAction\",\"target\":[\"https:\/\/www.myallmeeting.com\/es\/article\/como-organizar-un-taller-de-forma-eficaz\/\"]}]},{\"@type\":\"ImageObject\",\"inLanguage\":\"es-ES\",\"@id\":\"https:\/\/www.myallmeeting.com\/es\/article\/como-organizar-un-taller-de-forma-eficaz\/#primaryimage\",\"url\":\"https:\/\/www.myallmeeting.com\/wp-content\/uploads\/2017\/05\/Workshop-3.png\",\"contentUrl\":\"https:\/\/www.myallmeeting.com\/wp-content\/uploads\/2017\/05\/Workshop-3.png\",\"width\":1920,\"height\":570},{\"@type\":\"BreadcrumbList\",\"@id\":\"https:\/\/www.myallmeeting.com\/es\/article\/como-organizar-un-taller-de-forma-eficaz\/#breadcrumb\",\"itemListElement\":[{\"@type\":\"ListItem\",\"position\":1,\"name\":\"P\u00e1gina principal\",\"item\":\"https:\/\/myallmeeting.com\/es\/\"},{\"@type\":\"ListItem\",\"position\":2,\"name\":\"Noticias\",\"item\":\"https:\/\/www.myallmeeting.com\/es\/noticias\/\"},{\"@type\":\"ListItem\",\"position\":3,\"name\":\"\u00bfC\u00f3mo organizar un taller de forma eficaz?\"}]},{\"@type\":\"WebSite\",\"@id\":\"https:\/\/www.myallmeeting.com\/es\/#website\",\"url\":\"https:\/\/www.myallmeeting.com\/es\/\",\"name\":\"Accor MyAllMeeting.com\",\"description\":\"Les Meilleurs lieux pour vos Ev\u00e9nements Professionnels\",\"publisher\":{\"@id\":\"https:\/\/www.myallmeeting.com\/es\/#organization\"},\"potentialAction\":[{\"@type\":\"SearchAction\",\"target\":{\"@type\":\"EntryPoint\",\"urlTemplate\":\"https:\/\/www.myallmeeting.com\/es\/?s={search_term_string}\"},\"query-input\":{\"@type\":\"PropertyValueSpecification\",\"valueRequired\":true,\"valueName\":\"search_term_string\"}}],\"inLanguage\":\"es-ES\"},{\"@type\":\"Organization\",\"@id\":\"https:\/\/www.myallmeeting.com\/es\/#organization\",\"name\":\"ACCOR\",\"url\":\"https:\/\/www.myallmeeting.com\/es\/\",\"logo\":{\"@type\":\"ImageObject\",\"inLanguage\":\"es-ES\",\"@id\":\"https:\/\/www.myallmeeting.com\/es\/#\/schema\/logo\/image\/\",\"url\":\"\",\"contentUrl\":\"\",\"caption\":\"ACCOR\"},\"image\":{\"@id\":\"https:\/\/www.myallmeeting.com\/es\/#\/schema\/logo\/image\/\"}}]}<\/script>","yoast_head_json":{"title":"\u00bfC\u00f3mo organizar un taller de forma eficaz? - Accor MyAllMeeting.com","robots":{"index":"index","follow":"follow","max-snippet":"max-snippet:-1","max-image-preview":"max-image-preview:large","max-video-preview":"max-video-preview:-1"},"canonical":"https:\/\/www.myallmeeting.com\/es\/wp-json\/wp\/v2\/article\/16035848","og_locale":"es_ES","og_type":"article","og_title":"\u00bfC\u00f3mo organizar un taller de forma eficaz? - Accor MyAllMeeting.com","og_url":"https:\/\/www.myallmeeting.com\/es\/article\/como-organizar-un-taller-de-forma-eficaz\/","og_site_name":"Accor MyAllMeeting.com","article_modified_time":"2024-07-16T10:29:52+00:00","og_image":[{"width":1920,"height":570,"url":"https:\/\/www.myallmeeting.com\/wp-content\/uploads\/2017\/05\/Workshop-3.png","type":"image\/png"}],"twitter_card":"summary_large_image","twitter_misc":{"Est. reading time":"5 minutes"},"schema":{"@context":"https:\/\/schema.org","@graph":[{"@type":"WebPage","@id":"https:\/\/www.myallmeeting.com\/es\/article\/como-organizar-un-taller-de-forma-eficaz\/","url":"https:\/\/www.myallmeeting.com\/es\/article\/como-organizar-un-taller-de-forma-eficaz\/","name":"\u00bfC\u00f3mo organizar un taller de forma eficaz? - Accor MyAllMeeting.com","isPartOf":{"@id":"https:\/\/www.myallmeeting.com\/es\/#website"},"primaryImageOfPage":{"@id":"https:\/\/www.myallmeeting.com\/es\/article\/como-organizar-un-taller-de-forma-eficaz\/#primaryimage"},"image":{"@id":"https:\/\/www.myallmeeting.com\/es\/article\/como-organizar-un-taller-de-forma-eficaz\/#primaryimage"},"thumbnailUrl":"https:\/\/www.myallmeeting.com\/wp-content\/uploads\/2017\/05\/Workshop-3.png","datePublished":"2017-05-02T16:00:16+00:00","dateModified":"2024-07-16T10:29:52+00:00","breadcrumb":{"@id":"https:\/\/www.myallmeeting.com\/es\/article\/como-organizar-un-taller-de-forma-eficaz\/#breadcrumb"},"inLanguage":"es-ES","potentialAction":[{"@type":"ReadAction","target":["https:\/\/www.myallmeeting.com\/es\/article\/como-organizar-un-taller-de-forma-eficaz\/"]}]},{"@type":"ImageObject","inLanguage":"es-ES","@id":"https:\/\/www.myallmeeting.com\/es\/article\/como-organizar-un-taller-de-forma-eficaz\/#primaryimage","url":"https:\/\/www.myallmeeting.com\/wp-content\/uploads\/2017\/05\/Workshop-3.png","contentUrl":"https:\/\/www.myallmeeting.com\/wp-content\/uploads\/2017\/05\/Workshop-3.png","width":1920,"height":570},{"@type":"BreadcrumbList","@id":"https:\/\/www.myallmeeting.com\/es\/article\/como-organizar-un-taller-de-forma-eficaz\/#breadcrumb","itemListElement":[{"@type":"ListItem","position":1,"name":"P\u00e1gina principal","item":"https:\/\/myallmeeting.com\/es\/"},{"@type":"ListItem","position":2,"name":"Noticias","item":"https:\/\/www.myallmeeting.com\/es\/noticias\/"},{"@type":"ListItem","position":3,"name":"\u00bfC\u00f3mo organizar un taller de forma eficaz?"}]},{"@type":"WebSite","@id":"https:\/\/www.myallmeeting.com\/es\/#website","url":"https:\/\/www.myallmeeting.com\/es\/","name":"Accor MyAllMeeting.com","description":"Les Meilleurs lieux pour vos Ev\u00e9nements Professionnels","publisher":{"@id":"https:\/\/www.myallmeeting.com\/es\/#organization"},"potentialAction":[{"@type":"SearchAction","target":{"@type":"EntryPoint","urlTemplate":"https:\/\/www.myallmeeting.com\/es\/?s={search_term_string}"},"query-input":{"@type":"PropertyValueSpecification","valueRequired":true,"valueName":"search_term_string"}}],"inLanguage":"es-ES"},{"@type":"Organization","@id":"https:\/\/www.myallmeeting.com\/es\/#organization","name":"ACCOR","url":"https:\/\/www.myallmeeting.com\/es\/","logo":{"@type":"ImageObject","inLanguage":"es-ES","@id":"https:\/\/www.myallmeeting.com\/es\/#\/schema\/logo\/image\/","url":"","contentUrl":"","caption":"ACCOR"},"image":{"@id":"https:\/\/www.myallmeeting.com\/es\/#\/schema\/logo\/image\/"}}]}},"_links":{"self":[{"href":"https:\/\/www.myallmeeting.com\/es\/wp-json\/wp\/v2\/article\/16035848","targetHints":{"allow":["GET"]}}],"collection":[{"href":"https:\/\/www.myallmeeting.com\/es\/wp-json\/wp\/v2\/article"}],"about":[{"href":"https:\/\/www.myallmeeting.com\/es\/wp-json\/wp\/v2\/types\/article"}],"wp:featuredmedia":[{"embeddable":true,"href":"https:\/\/www.myallmeeting.com\/es\/wp-json\/wp\/v2\/media\/16021524"}],"wp:attachment":[{"href":"https:\/\/www.myallmeeting.com\/es\/wp-json\/wp\/v2\/media?parent=16035848"}],"wp:term":[{"taxonomy":"periscope_categorie_tax","embeddable":true,"href":"https:\/\/www.myallmeeting.com\/es\/wp-json\/wp\/v2\/periscope_categorie_tax?post=16035848"}],"curies":[{"name":"wp","href":"https:\/\/api.w.org\/{rel}","templated":true}]}}