{"id":16035777,"date":"2018-10-11T10:08:00","date_gmt":"2018-10-11T08:08:00","guid":{"rendered":"https:\/\/myallmeeting.com\/article\/6-adresses-signees-potel-chabot-pour-un-seminaire-dexception\/"},"modified":"2024-07-16T11:02:01","modified_gmt":"2024-07-16T09:02:01","slug":"4-sedes-de-potel-chabot-para-un-seminario-excepcional","status":"publish","type":"article","link":"https:\/\/www.myallmeeting.com\/es\/article\/4-sedes-de-potel-chabot-para-un-seminario-excepcional\/","title":{"rendered":"4 sedes de Potel &amp; Chabot para un seminario excepcional"},"content":{"rendered":"<!-- START OF : Composant : block-periscope-theme-section-composant-25-texte-cta-2-images.php -->\n<div class=\"tcta2ia bg-white fs-wysiwyg mb-lg-12\" data-component=\"25-texte-cta-2-images\">\n\t<div class=\"tcta2ia__top\">\n\t\t<div class=\"container-fluid\" style=\"--bs-gutter-x: 0\">\n\t\t\t<div class=\"row\" style=\"--bs-gutter-x: 0\">\n\t\t\t\t<div class=\"col-lg-8\">\n\t\t\t\t\t\t\t\t\t\t<div class=\"bloc-mise-en-avant__top__left\">\n\t\t\t\t\t\t<img decoding=\"async\" src=\"https:\/\/www.myallmeeting.com\/wp-content\/uploads\/2018\/10\/Pavillon-Gabriel_Alcazar_4.jpg\" class=\"pe-2 pe-lg-0\" width=\"1268\" height=\"846\" alt=\"s\u00e9minaire atypique potel chabot pavillon gabriel alcazar\" loading=\"lazy\" \/>\n\t\t\t\t\t<\/div>\n\t\t\t\t\t\t\t\t\t\t<div class=\"tcta2ia__bottom d-none d-lg-block pb-12 pt-lg-9 pb-lg-0 pe-lg-10\">\n\t\t\t\t\t\t\t\t\t\t\t\t<h2 class=\"fs-20 fs-lg-32 fw-semibold\">El H\u00f4tel d&#039;\u00c9vreux un monumento hist\u00f3rico<\/h2>\n\t\t\t\t\t\t\t\t\t\t\t\t\t\t\t\t\t\t<div class=\"fs-wysiwyg\"><p>Construido en el siglo XVII, el <a href=\"https:\/\/myallmeeting.com\/es\/hotel\/pc01-hotel-devreux\/\"><strong>Hotel \u00c9vreux<\/strong><\/a> es un modelo de la arquitectura de la \u00e9poca. Con sus <strong>salones de estilo del siglo XVIII, Directoire y Napole\u00f3n III<\/strong>, es una <strong>joya del patrimonio hist\u00f3rico e inmobiliario<\/strong> de Par\u00eds que acoger\u00e1 a tu pr\u00f3ximo seminario. Del lado de la Place Vend\u00f4me, el H\u00f4tel d\u2019\u00c9vreux ofrece cuatro salones excepcionales.<br \/>\nCon sus <strong>ventanas altas<\/strong> abriendo una <strong>perspectiva \u00fanica<\/strong> en la plaza del mismo nombre, la sucesi\u00f3n de salones disfruta de una <strong>luminisidad excepcional<\/strong>. Del lado del patio, el <strong>Salon Napol\u00e9on III<\/strong> es ideal para recepciones \u00edntimas. La <strong>Salle des Billards<\/strong>, por su parte, ofrece numerosas configuraciones. Y la <strong>Salle des Tirages<\/strong>, que todav\u00eda alberga las esferas que se utilizaron en los a\u00f1os 1900 para el antepasado de la loter\u00eda, ofrece un <strong>entorno at\u00edpico<\/strong> para una presentaci\u00f3n de colecci\u00f3n, un lanzamiento de producto o una cena.<\/p>\n<\/div>\n\t\t\t\t\t\t\t\t\t\t\t\t<div class=\"d-flex flex-column flex-lg-row align-items-center gap-5 gap-lg-8 justify-content-between\">\n\t\t\t\t\t\t\t<div class=\"fs-20 fs-lg-26 fw-semibold lh-xs\"><\/div>\n\t\t\t\t\t\t\t\t\t\t\t\t\t<\/div>\n\t\t\t\t\t<\/div>\n\t\t\t\t<\/div>\n\t\t\t\t<div class=\"col-lg-4\">\n\t\t\t\t\t<div class=\"tcta2ia__top__right t-0 r-0 bg-primary text-white pt-4 pb-4 px-2 pt-lg-8 pb-lg-16 px-lg-11 pb-xl-30\">\n\t\t\t\t\t\t\t\t\t\t\t\t\t\t\t\t\t\t<h2 class=\"unna fs-36 fs-lg-51 fs-xl-75 fs-italic fw-normal text-secondary\">4 sedes de Potel &amp; Chabot para un seminario excepcional<\/h2>\n\t\t\t\t\t\t\t\t\t\t\t\t\t\t\t\t\t\t<h3 class=\"text-white fs-18 fs-lg-20 fs-xl-28 text-original-case\">Embajadora del arte de vivir franc\u00e9s desde 1820, la empresa de restauraci\u00f3n Potel &amp; Chabot crea eventos a medida para entre 2 y 5.000 personas en los cuatro rincones del mundo.<\/h3>\n\t\t\t\t\t\t\t\t\t\t\t\t\t\t\t\t\t\t<div class=\"fs-wysiwyg mb-4 fs-lg-16 fs-xl-20\"><p>Aqu\u00ed hay una selecci\u00f3n de los pabellones Potel &#038; Chabot m\u00e1s bonitos de Par\u00eds. Seminario at\u00edpico garantizado.<\/p>\n<\/div>\n\t\t\t\t\t\t\t\t\t\t\t\t\t\t\t\t\t\t\t\t\t\t\t\t<p class=\"m-0\"><img decoding=\"async\" src=\"https:\/\/www.myallmeeting.com\/wp-content\/uploads\/2018\/10\/Hotel-dEvreux-633x398.jpg\" class=\"position-relative l-0\" width=\"633\" height=\"398\" alt=\"s\u00e9minaire atypique potel chabot hotel evreux\" loading=\"lazy\" \/><\/p>\n\t\t\t\t\t\t\t\t\t\t\t<\/div>\n\t\t\t\t<\/div>\n\t\t\t<\/div>\n\t\t<\/div>\n\t<\/div>\n\t<div class=\"tcta2ia__bottom d-lg-none pb-12 py-lg-9 pe-lg-10\">\n\t\t\t\t<div class=\"h2 fs-20 fs-lg-32 fw-semibold\">El H\u00f4tel d&#039;\u00c9vreux un monumento hist\u00f3rico<\/div>\n\t\t\t\t\t\t<div class=\"fs-wysiwyg\"><p>Construido en el siglo XVII, el <a href=\"https:\/\/myallmeeting.com\/es\/hotel\/pc01-hotel-devreux\/\"><strong>Hotel \u00c9vreux<\/strong><\/a> es un modelo de la arquitectura de la \u00e9poca. Con sus <strong>salones de estilo del siglo XVIII, Directoire y Napole\u00f3n III<\/strong>, es una <strong>joya del patrimonio hist\u00f3rico e inmobiliario<\/strong> de Par\u00eds que acoger\u00e1 a tu pr\u00f3ximo seminario. Del lado de la Place Vend\u00f4me, el H\u00f4tel d\u2019\u00c9vreux ofrece cuatro salones excepcionales.<br \/>\nCon sus <strong>ventanas altas<\/strong> abriendo una <strong>perspectiva \u00fanica<\/strong> en la plaza del mismo nombre, la sucesi\u00f3n de salones disfruta de una <strong>luminisidad excepcional<\/strong>. Del lado del patio, el <strong>Salon Napol\u00e9on III<\/strong> es ideal para recepciones \u00edntimas. La <strong>Salle des Billards<\/strong>, por su parte, ofrece numerosas configuraciones. Y la <strong>Salle des Tirages<\/strong>, que todav\u00eda alberga las esferas que se utilizaron en los a\u00f1os 1900 para el antepasado de la loter\u00eda, ofrece un <strong>entorno at\u00edpico<\/strong> para una presentaci\u00f3n de colecci\u00f3n, un lanzamiento de producto o una cena.<\/p>\n<\/div>\n\t\t\t\t<div class=\"d-flex flex-column flex-lg-row align-items-center gap-5 gap-lg-8 justify-content-between\">\n\t\t\t<div class=\"fs-20 fs-lg-26 fw-semibold lh-xs\"><\/div>\n\t\t\t\t\t<\/div>\n\t<\/div>\n<\/div>\n<!-- END OF : Composant : block-periscope-theme-section-composant-25-texte-cta-2-images.php -->\n\n\n<!-- START OF : Composant : block-periscope-theme-section-composant-33-texte-image.php -->\n<div class=\"text-image fs-wysiwyg mb-8 mb-lg-12\" data-component=\"33-texte-image\">\n\t<div class=\"container-fluid\" style=\"--bs-gutter-x: 0\">\n\t\t<div class=\"row\" style=\"--bs-gutter-x: 0\">\n\t\t\t\t\t\t<div class=\"col-lg-6 mb-7 mb-lg-0\">\n\t\t\t\t<img decoding=\"async\" src=\"https:\/\/www.myallmeeting.com\/wp-content\/uploads\/2018\/10\/Pavillon-Vendome-VF-953x600.jpg\" width=\"953\" height=\"600\" alt=\"s\u00e9minaire atypique potel chabot pavillon vendome\" loading=\"lazy\" class=\"w-100\" \/>\n\t\t\t<\/div>\n\t\t\t\t\t\t<div class=\"col-lg-6\">\n\t\t\t\t<div class=\"text-image__content\">\n\t\t\t\t\t\t\t\t\t\t<div class=\"fw-semibold lh-xs fs-20 fs-lg-32 ls--25 mb-5\">El Pavillon Vend\u00f4me te abre la Salle des Coffres\u2026<\/div>\n\t\t\t\t\t\t\t\t\t\t\t\t\t\t\t<div class=\"fs-wysiwyg\">\n\t\t\t\t\t\t<p>Construido en 1930 en la prestigiosa plaza del mismo nombre, el edificio fue <strong>restaurado en 2015<\/strong> para crear un nuevo lugar de recepci\u00f3n, el <a href=\"https:\/\/myallmeeting.com\/es\/hotel\/pc06-pavillon-vendome\/\"><strong>Pavillon Vend\u00f4me<\/strong><\/a>, donde el impresionante volumen puede dar la bienvenida a <strong>todo tipo de recepciones hasta las 850 personas para un c\u00f3ctel y 550 para una cena.<\/strong><\/p>\n<p>La planta baja del Pavillon Vend\u00f4me ofrece <strong>660 m\u00b2 de espacios privatizables y personalizables<\/strong> mientras que la <strong>Salle Des Coffres<\/strong> y sus dos monumentales puertas de b\u00f3veda es ideal para los momentos m\u00e1s confidenciales en sus tres peque\u00f1os salones.<\/p>\n\t\t\t\t\t<\/div>\n\t\t\t\t\t\t\t\t\t<\/div>\n\t\t\t<\/div>        \n\t\t<\/div>\n\t<\/div>\n<\/div>\n<!-- END OF : Composant : block-periscope-theme-section-composant-33-texte-image.php -->\n\n\n<!-- START OF : Composant : block-periscope-theme-section-composant-33-texte-image.php -->\n<!-- INVERSE -->\n<div class=\"text-image fs-wysiwyg mb-8 mb-lg-12\" data-component=\"33-texte-image\" data-reverse=\"oui\">\n\t<div class=\"container-fluid\" style=\"--bs-gutter-x: 0\">\n\t\t<div class=\"row\" style=\"--bs-gutter-x: 0\">\n\t\t\t<div class=\"col-lg-6\">\n\t\t\t\t<div class=\"text-image__content\">\n\t\t\t\t\t\t\t\t\t\t<div class=\"fw-semibold lh-xs fs-20 fs-lg-32 ls--25 mb-5\">El Pavillon Gabriel como nunca lo has visto<\/div>\n\t\t\t\t\t\t\t\t\t\t\t\t\t\t\t<div class=\"fs-wysiwyg\">\n\t\t\t\t\t\t<p><strong>Completamente renovado, el <a href=\"https:\/\/myallmeeting.com\/es\/hotel\/pc03-pavillon-gabriel\/\">Pavillon Gabriel<\/a><\/strong> reabri\u00f3 sus puertas en 2018.<br \/>\nM\u00e1s grande y brillante gracias a los <strong>grandes ventanales<\/strong>, tiene <strong>4 salones modulables somptuosos<\/strong> y una <strong>capacidad total de 1.800 m2<\/strong>.<br \/>\nForma parte de una <strong>triple visi\u00f3n arquitect\u00f3nica<\/strong>: cristal y transparencia siguiendo el esp\u00edritu de los invernaderos, plantaciones que se integran en los espacios verdes de los jardines de los Campos El\u00edseos y elementos del patrimonio hist\u00f3rico restaurados.<\/p>\n<p>Un nuevo Pabell\u00f3n en la avenida m\u00e1s bonita del mundo durante un <strong>evento inolvidable<\/strong>.<\/p>\n\t\t\t\t\t<\/div>\n\t\t\t\t\t\t\t\t\t<\/div>\n\t\t\t<\/div>    \n\t\t\t    \n\t\t\t<div class=\"col-lg-6 order-first order-lg-last mb-7 mb-lg-0\">\n\t\t\t\t<img decoding=\"async\" src=\"https:\/\/www.myallmeeting.com\/wp-content\/uploads\/2018\/10\/Pavillon-Gabriel-953x500.jpg\" width=\"953\" height=\"600\" alt=\"s\u00e9minaire atypique potel chabot pavillon gabriel\" loading=\"lazy\" class=\"w-100\" \/>\n\t\t\t<\/div>\n\t\t\t\t\t<\/div>\n\t<\/div>\n<\/div>\n<!-- END OF : Composant : block-periscope-theme-section-composant-33-texte-image.php -->\n\n\n<!-- START OF : Composant : block-periscope-theme-section-composant-33-texte-image.php -->\n<div class=\"text-image fs-wysiwyg mb-8 mb-lg-12\" data-component=\"33-texte-image\">\n\t<div class=\"container-fluid\" style=\"--bs-gutter-x: 0\">\n\t\t<div class=\"row\" style=\"--bs-gutter-x: 0\">\n\t\t\t\t\t\t<div class=\"col-lg-6 mb-7 mb-lg-0\">\n\t\t\t\t<img decoding=\"async\" src=\"https:\/\/www.myallmeeting.com\/wp-content\/uploads\/2018\/10\/Cambon-Capucine-VF-953x600.jpg\" width=\"953\" height=\"600\" alt=\"s\u00e9minaire atypique potel chabot pavillon cambon capucine\" loading=\"lazy\" class=\"w-100\" \/>\n\t\t\t<\/div>\n\t\t\t\t\t\t<div class=\"col-lg-6\">\n\t\t\t\t<div class=\"text-image__content\">\n\t\t\t\t\t\t\t\t\t\t<div class=\"fw-semibold lh-xs fs-20 fs-lg-32 ls--25 mb-5\">El Pavillon Cambon Capucines para una velada de gala bajo su techo de cristal<\/div>\n\t\t\t\t\t\t\t\t\t\t\t\t\t\t\t<div class=\"fs-wysiwyg\">\n\t\t\t\t\t\t<p>Antigua sede del Cr\u00e9dit Foncier de France, en el coraz\u00f3n del tri\u00e1ngulo formado por las plazas de la \u00d3pera, de la Madeleine y Vend\u00f4me, el <a href=\"https:\/\/myallmeeting.com\/es\/hotel\/pc02-pavillon-cambon-capucines\/\"><strong>Pabell\u00f3n Cambon Capucines<\/strong><\/a> ofrece bajo su techo de cristal y sus columnas de m\u00e1rmol un <strong>volumen incomparable<\/strong>.<\/p>\n<p>Sus <strong>4 vers\u00e1tiles salones<\/strong> permiten infinitas configuraciones en <strong>casi 1.600 m2<\/strong>, como el <strong>Salon Rossini<\/strong> capaz de albergar una conferencia o recepci\u00f3n o transformarse en un auditorio de <strong>375 plazas<\/strong> para un acto previo.<\/p>\n\t\t\t\t\t<\/div>\n\t\t\t\t\t\t\t\t\t<\/div>\n\t\t\t<\/div>        \n\t\t<\/div>\n\t<\/div>\n<\/div>\n<!-- END OF : Composant : block-periscope-theme-section-composant-33-texte-image.php -->\n","protected":false},"excerpt":{"rendered":"","protected":false},"featured_media":16035778,"menu_order":0,"template":"","periscope_categorie_tax":[3552],"class_list":["post-16035777","article","type-article","status-publish","has-post-thumbnail","hentry","periscope_categorie_tax-tous-nos-tops-selections-es"],"acf":[],"yoast_head":"<title>4 sedes de Potel &amp; Chabot para un seminario excepcional - Accor MyAllMeeting.com<\/title>\n<meta name=\"robots\" content=\"index, follow, max-snippet:-1, max-image-preview:large, max-video-preview:-1\" \/>\n<link rel=\"canonical\" href=\"https:\/\/www.myallmeeting.com\/es\/wp-json\/wp\/v2\/article\/16035777\" \/>\n<meta property=\"og:locale\" content=\"es_ES\" \/>\n<meta property=\"og:type\" content=\"article\" \/>\n<meta property=\"og:title\" content=\"4 sedes de Potel &amp; Chabot para un seminario excepcional - Accor MyAllMeeting.com\" \/>\n<meta property=\"og:url\" content=\"https:\/\/www.myallmeeting.com\/es\/article\/4-sedes-de-potel-chabot-para-un-seminario-excepcional\/\" \/>\n<meta property=\"og:site_name\" content=\"Accor MyAllMeeting.com\" \/>\n<meta property=\"article:modified_time\" content=\"2024-07-16T09:02:01+00:00\" \/>\n<meta property=\"og:image\" content=\"http:\/\/myallmeeting.com\/wp-content\/uploads\/2018\/10\/Hotel-dEvreux-VF-1.jpg\" \/>\n\t<meta property=\"og:image:width\" content=\"2000\" \/>\n\t<meta property=\"og:image:height\" content=\"725\" \/>\n\t<meta property=\"og:image:type\" content=\"image\/jpeg\" \/>\n<meta name=\"twitter:card\" content=\"summary_large_image\" \/>\n<meta name=\"twitter:label1\" content=\"Est. reading time\" \/>\n\t<meta name=\"twitter:data1\" content=\"4 minutes\" \/>\n<script type=\"application\/ld+json\" class=\"yoast-schema-graph\">{\"@context\":\"https:\/\/schema.org\",\"@graph\":[{\"@type\":\"WebPage\",\"@id\":\"https:\/\/www.myallmeeting.com\/es\/article\/4-sedes-de-potel-chabot-para-un-seminario-excepcional\/\",\"url\":\"https:\/\/www.myallmeeting.com\/es\/article\/4-sedes-de-potel-chabot-para-un-seminario-excepcional\/\",\"name\":\"4 sedes de Potel &amp; Chabot para un seminario excepcional - Accor MyAllMeeting.com\",\"isPartOf\":{\"@id\":\"https:\/\/www.myallmeeting.com\/es\/#website\"},\"primaryImageOfPage\":{\"@id\":\"https:\/\/www.myallmeeting.com\/es\/article\/4-sedes-de-potel-chabot-para-un-seminario-excepcional\/#primaryimage\"},\"image\":{\"@id\":\"https:\/\/www.myallmeeting.com\/es\/article\/4-sedes-de-potel-chabot-para-un-seminario-excepcional\/#primaryimage\"},\"thumbnailUrl\":\"https:\/\/www.myallmeeting.com\/wp-content\/uploads\/2018\/10\/Hotel-dEvreux-VF-1.jpg\",\"datePublished\":\"2018-10-11T08:08:00+00:00\",\"dateModified\":\"2024-07-16T09:02:01+00:00\",\"breadcrumb\":{\"@id\":\"https:\/\/www.myallmeeting.com\/es\/article\/4-sedes-de-potel-chabot-para-un-seminario-excepcional\/#breadcrumb\"},\"inLanguage\":\"es-ES\",\"potentialAction\":[{\"@type\":\"ReadAction\",\"target\":[\"https:\/\/www.myallmeeting.com\/es\/article\/4-sedes-de-potel-chabot-para-un-seminario-excepcional\/\"]}]},{\"@type\":\"ImageObject\",\"inLanguage\":\"es-ES\",\"@id\":\"https:\/\/www.myallmeeting.com\/es\/article\/4-sedes-de-potel-chabot-para-un-seminario-excepcional\/#primaryimage\",\"url\":\"https:\/\/www.myallmeeting.com\/wp-content\/uploads\/2018\/10\/Hotel-dEvreux-VF-1.jpg\",\"contentUrl\":\"https:\/\/www.myallmeeting.com\/wp-content\/uploads\/2018\/10\/Hotel-dEvreux-VF-1.jpg\",\"width\":2000,\"height\":725},{\"@type\":\"BreadcrumbList\",\"@id\":\"https:\/\/www.myallmeeting.com\/es\/article\/4-sedes-de-potel-chabot-para-un-seminario-excepcional\/#breadcrumb\",\"itemListElement\":[{\"@type\":\"ListItem\",\"position\":1,\"name\":\"P\u00e1gina principal\",\"item\":\"https:\/\/myallmeeting.com\/es\/\"},{\"@type\":\"ListItem\",\"position\":2,\"name\":\"Noticias\",\"item\":\"https:\/\/www.myallmeeting.com\/es\/noticias\/\"},{\"@type\":\"ListItem\",\"position\":3,\"name\":\"4 sedes de Potel &amp; Chabot para un seminario excepcional\"}]},{\"@type\":\"WebSite\",\"@id\":\"https:\/\/www.myallmeeting.com\/es\/#website\",\"url\":\"https:\/\/www.myallmeeting.com\/es\/\",\"name\":\"Accor MyAllMeeting.com\",\"description\":\"Les Meilleurs lieux pour vos Ev\u00e9nements Professionnels\",\"publisher\":{\"@id\":\"https:\/\/www.myallmeeting.com\/es\/#organization\"},\"potentialAction\":[{\"@type\":\"SearchAction\",\"target\":{\"@type\":\"EntryPoint\",\"urlTemplate\":\"https:\/\/www.myallmeeting.com\/es\/?s={search_term_string}\"},\"query-input\":{\"@type\":\"PropertyValueSpecification\",\"valueRequired\":true,\"valueName\":\"search_term_string\"}}],\"inLanguage\":\"es-ES\"},{\"@type\":\"Organization\",\"@id\":\"https:\/\/www.myallmeeting.com\/es\/#organization\",\"name\":\"ACCOR\",\"url\":\"https:\/\/www.myallmeeting.com\/es\/\",\"logo\":{\"@type\":\"ImageObject\",\"inLanguage\":\"es-ES\",\"@id\":\"https:\/\/www.myallmeeting.com\/es\/#\/schema\/logo\/image\/\",\"url\":\"\",\"contentUrl\":\"\",\"caption\":\"ACCOR\"},\"image\":{\"@id\":\"https:\/\/www.myallmeeting.com\/es\/#\/schema\/logo\/image\/\"}}]}<\/script>","yoast_head_json":{"title":"4 sedes de Potel &amp; Chabot para un seminario excepcional - Accor MyAllMeeting.com","robots":{"index":"index","follow":"follow","max-snippet":"max-snippet:-1","max-image-preview":"max-image-preview:large","max-video-preview":"max-video-preview:-1"},"canonical":"https:\/\/www.myallmeeting.com\/es\/wp-json\/wp\/v2\/article\/16035777","og_locale":"es_ES","og_type":"article","og_title":"4 sedes de Potel &amp; Chabot para un seminario excepcional - Accor MyAllMeeting.com","og_url":"https:\/\/www.myallmeeting.com\/es\/article\/4-sedes-de-potel-chabot-para-un-seminario-excepcional\/","og_site_name":"Accor MyAllMeeting.com","article_modified_time":"2024-07-16T09:02:01+00:00","og_image":[{"width":2000,"height":725,"url":"http:\/\/myallmeeting.com\/wp-content\/uploads\/2018\/10\/Hotel-dEvreux-VF-1.jpg","type":"image\/jpeg"}],"twitter_card":"summary_large_image","twitter_misc":{"Est. reading time":"4 minutes"},"schema":{"@context":"https:\/\/schema.org","@graph":[{"@type":"WebPage","@id":"https:\/\/www.myallmeeting.com\/es\/article\/4-sedes-de-potel-chabot-para-un-seminario-excepcional\/","url":"https:\/\/www.myallmeeting.com\/es\/article\/4-sedes-de-potel-chabot-para-un-seminario-excepcional\/","name":"4 sedes de Potel &amp; Chabot para un seminario excepcional - Accor MyAllMeeting.com","isPartOf":{"@id":"https:\/\/www.myallmeeting.com\/es\/#website"},"primaryImageOfPage":{"@id":"https:\/\/www.myallmeeting.com\/es\/article\/4-sedes-de-potel-chabot-para-un-seminario-excepcional\/#primaryimage"},"image":{"@id":"https:\/\/www.myallmeeting.com\/es\/article\/4-sedes-de-potel-chabot-para-un-seminario-excepcional\/#primaryimage"},"thumbnailUrl":"https:\/\/www.myallmeeting.com\/wp-content\/uploads\/2018\/10\/Hotel-dEvreux-VF-1.jpg","datePublished":"2018-10-11T08:08:00+00:00","dateModified":"2024-07-16T09:02:01+00:00","breadcrumb":{"@id":"https:\/\/www.myallmeeting.com\/es\/article\/4-sedes-de-potel-chabot-para-un-seminario-excepcional\/#breadcrumb"},"inLanguage":"es-ES","potentialAction":[{"@type":"ReadAction","target":["https:\/\/www.myallmeeting.com\/es\/article\/4-sedes-de-potel-chabot-para-un-seminario-excepcional\/"]}]},{"@type":"ImageObject","inLanguage":"es-ES","@id":"https:\/\/www.myallmeeting.com\/es\/article\/4-sedes-de-potel-chabot-para-un-seminario-excepcional\/#primaryimage","url":"https:\/\/www.myallmeeting.com\/wp-content\/uploads\/2018\/10\/Hotel-dEvreux-VF-1.jpg","contentUrl":"https:\/\/www.myallmeeting.com\/wp-content\/uploads\/2018\/10\/Hotel-dEvreux-VF-1.jpg","width":2000,"height":725},{"@type":"BreadcrumbList","@id":"https:\/\/www.myallmeeting.com\/es\/article\/4-sedes-de-potel-chabot-para-un-seminario-excepcional\/#breadcrumb","itemListElement":[{"@type":"ListItem","position":1,"name":"P\u00e1gina principal","item":"https:\/\/myallmeeting.com\/es\/"},{"@type":"ListItem","position":2,"name":"Noticias","item":"https:\/\/www.myallmeeting.com\/es\/noticias\/"},{"@type":"ListItem","position":3,"name":"4 sedes de Potel &amp; Chabot para un seminario excepcional"}]},{"@type":"WebSite","@id":"https:\/\/www.myallmeeting.com\/es\/#website","url":"https:\/\/www.myallmeeting.com\/es\/","name":"Accor MyAllMeeting.com","description":"Les Meilleurs lieux pour vos Ev\u00e9nements Professionnels","publisher":{"@id":"https:\/\/www.myallmeeting.com\/es\/#organization"},"potentialAction":[{"@type":"SearchAction","target":{"@type":"EntryPoint","urlTemplate":"https:\/\/www.myallmeeting.com\/es\/?s={search_term_string}"},"query-input":{"@type":"PropertyValueSpecification","valueRequired":true,"valueName":"search_term_string"}}],"inLanguage":"es-ES"},{"@type":"Organization","@id":"https:\/\/www.myallmeeting.com\/es\/#organization","name":"ACCOR","url":"https:\/\/www.myallmeeting.com\/es\/","logo":{"@type":"ImageObject","inLanguage":"es-ES","@id":"https:\/\/www.myallmeeting.com\/es\/#\/schema\/logo\/image\/","url":"","contentUrl":"","caption":"ACCOR"},"image":{"@id":"https:\/\/www.myallmeeting.com\/es\/#\/schema\/logo\/image\/"}}]}},"_links":{"self":[{"href":"https:\/\/www.myallmeeting.com\/es\/wp-json\/wp\/v2\/article\/16035777","targetHints":{"allow":["GET"]}}],"collection":[{"href":"https:\/\/www.myallmeeting.com\/es\/wp-json\/wp\/v2\/article"}],"about":[{"href":"https:\/\/www.myallmeeting.com\/es\/wp-json\/wp\/v2\/types\/article"}],"wp:featuredmedia":[{"embeddable":true,"href":"https:\/\/www.myallmeeting.com\/es\/wp-json\/wp\/v2\/media\/16035778"}],"wp:attachment":[{"href":"https:\/\/www.myallmeeting.com\/es\/wp-json\/wp\/v2\/media?parent=16035777"}],"wp:term":[{"taxonomy":"periscope_categorie_tax","embeddable":true,"href":"https:\/\/www.myallmeeting.com\/es\/wp-json\/wp\/v2\/periscope_categorie_tax?post=16035777"}],"curies":[{"name":"wp","href":"https:\/\/api.w.org\/{rel}","templated":true}]}}