{"id":18645354,"date":"2025-03-21T12:48:23","date_gmt":"2025-03-21T11:48:23","guid":{"rendered":"https:\/\/myallmeeting.com\/?post_type=article&#038;p=18645354"},"modified":"2025-03-21T17:22:44","modified_gmt":"2025-03-21T16:22:44","slug":"novotel-oder-swissotel-zwischen-modernitat-und-raffinesse-welchen-stil-sollten-sie-fur-ihre-b2b-veranstaltungen-wahlen","status":"publish","type":"article","link":"https:\/\/www.myallmeeting.com\/de\/article\/novotel-oder-swissotel-zwischen-modernitat-und-raffinesse-welchen-stil-sollten-sie-fur-ihre-b2b-veranstaltungen-wahlen\/","title":{"rendered":"Novotel oder Swiss\u00f4tel? Zwischen Modernit\u00e4t und Raffinesse: Welchen Stil sollten Sie f\u00fcr Ihre B2B-Veranstaltungen w\u00e4hlen?"},"content":{"rendered":"<!-- START OF : Composant : block-periscope-theme-section-composant-25-texte-cta-2-images.php -->\n<div class=\"tcta2ia bg-white fs-wysiwyg mb-lg-12\" data-component=\"25-texte-cta-2-images\">\n\t<div class=\"tcta2ia__top\">\n\t\t<div class=\"container-fluid\" style=\"--bs-gutter-x: 0\">\n\t\t\t<div class=\"row\" style=\"--bs-gutter-x: 0\">\n\t\t\t\t<div class=\"col-lg-8\">\n\t\t\t\t\t\t\t\t\t\t<div class=\"bloc-mise-en-avant__top__left\">\n\t\t\t\t\t\t<img decoding=\"async\" src=\"https:\/\/www.myallmeeting.com\/wp-content\/uploads\/2025\/01\/novotel6-1-1268x846.jpeg\" class=\"pe-2 pe-lg-0\" width=\"1268\" height=\"846\" alt=\"Salle de r\u00e9union avec lumi\u00e8re naturelle\" loading=\"lazy\" \/>\n\t\t\t\t\t<\/div>\n\t\t\t\t\t\t\t\t\t\t<div class=\"tcta2ia__bottom d-none d-lg-block pb-12 pt-lg-9 pb-lg-0 pe-lg-10\">\n\t\t\t\t\t\t\t\t\t\t\t\t<h2 class=\"fs-20 fs-lg-32 fw-semibold\">Tauchen Sie bei NOVOTEL in B2B-Fachwissen ein.<\/h2>\n\t\t\t\t\t\t\t\t\t\t\t\t\t\t\t\t\t\t<div class=\"fs-wysiwyg\"><p>Die Zeit Ihrer Mitarbeitenden ist kostbar! Deshalb legen wir bei Novotel gro\u00dfen Wert auf Komfort und ein auf Ihre Bed\u00fcrfnisse zugeschnittenes Angebot f\u00fcr Gesch\u00e4ftstreffen. Wir legen Ihnen alles zu F\u00fc\u00dfen: unsere Business Ambassadors setzen alles daran, um Ihnen die Sterne vom Himmel zu holen. Engagierte Teams, die daf\u00fcr sorgen, dass Ihre beruflichen Meetings ein Erfolg werden. Smart Meetings* (*vernetzte Meetings), modernste Ausstattung <strong>\u2013<\/strong> bei Novotel haben Sie die Garantie, dass Sie Zugang zum <strong>besten Gesch\u00e4ftsumfeld<\/strong> haben. Wenn Sie sich produktive Arbeitssitzungen w\u00fcnschen, um Ihre Mitarbeitenden zu motivieren, sind Sie hier genau richtig.<\/p>\n<\/div>\n\t\t\t\t\t\t\t\t\t\t\t\t<div class=\"d-flex flex-column flex-lg-row align-items-center gap-5 gap-lg-8 justify-content-between\">\n\t\t\t\t\t\t\t<div class=\"fs-20 fs-lg-26 fw-semibold lh-xs\"><\/div>\n\t\t\t\t\t\t\t\t\t\t\t\t\t<\/div>\n\t\t\t\t\t<\/div>\n\t\t\t\t<\/div>\n\t\t\t\t<div class=\"col-lg-4\">\n\t\t\t\t\t<div class=\"tcta2ia__top__right t-0 r-0 bg-primary text-white pt-4 pb-4 px-2 pt-lg-8 pb-lg-16 px-lg-11 pb-xl-30\">\n\t\t\t\t\t\t\t\t\t\t\t\t\t\t\t\t\t\t<h2 class=\"unna fs-36 fs-lg-51 fs-xl-75 fs-italic fw-normal text-secondary\">Novotel oder Swiss\u00f4tel?  Welchen Stil zwischen Modernit\u00e4t und Raffinesse w\u00e4hlen Sie f\u00fcr Ihre B2B-Veranstaltungen? <\/h2>\n\t\t\t\t\t\t\t\t\t\t\t\t\t\t\t\t\t\t<h3 class=\"text-white fs-18 fs-lg-20 fs-xl-28 text-original-case\">Ob Sie einen modernen, einladenden Rahmen oder zeitlose Eleganz suchen, die Marken Novotel und Swiss\u00f4tel haben sich als unumg\u00e4ngliche Referenzen f\u00fcr Ihre B2B-Veranstaltungen etabliert. <\/h3>\n\t\t\t\t\t\t\t\t\t\t\t\t\t\t\t\t\t\t<div class=\"fs-wysiwyg mb-4 fs-lg-16 fs-xl-20\"><p>Bei <strong>ALL \u2013 Accor Live Limitless<\/strong> setzen wir alles daran, ma\u00dfgeschneiderte Gesch\u00e4ftstreffen und Seminare zu organisieren. Lassen Sie sich von unseren beiden Marken im mittleren Preissegment oder im Premiumbereich leiten, um Ihren Mitarbeitenden, Kunden oder Partnern ein einzigartiges und individuelles Erlebnis der B2B-Gastfreundschaft zu bieten.<\/p>\n<\/div>\n\t\t\t\t\t\t\t\t\t\t\t\t\t\t\t\t\t\t\t\t\t\t\t\t<p class=\"m-0\"><img decoding=\"async\" src=\"https:\/\/www.myallmeeting.com\/wp-content\/uploads\/2025\/01\/aja_p_6951-98__3by2-633x398.jpeg\" class=\"position-relative l-0\" width=\"633\" height=\"398\" alt=\"Salle de r\u00e9union avec lumi\u00e8re naturelle\" loading=\"lazy\" \/><\/p>\n\t\t\t\t\t\t\t\t\t\t\t<\/div>\n\t\t\t\t<\/div>\n\t\t\t<\/div>\n\t\t<\/div>\n\t<\/div>\n\t<div class=\"tcta2ia__bottom d-lg-none pb-12 py-lg-9 pe-lg-10\">\n\t\t\t\t<div class=\"h2 fs-20 fs-lg-32 fw-semibold\">Tauchen Sie bei NOVOTEL in B2B-Fachwissen ein.<\/div>\n\t\t\t\t\t\t<div class=\"fs-wysiwyg\"><p>Die Zeit Ihrer Mitarbeitenden ist kostbar! Deshalb legen wir bei Novotel gro\u00dfen Wert auf Komfort und ein auf Ihre Bed\u00fcrfnisse zugeschnittenes Angebot f\u00fcr Gesch\u00e4ftstreffen. Wir legen Ihnen alles zu F\u00fc\u00dfen: unsere Business Ambassadors setzen alles daran, um Ihnen die Sterne vom Himmel zu holen. Engagierte Teams, die daf\u00fcr sorgen, dass Ihre beruflichen Meetings ein Erfolg werden. Smart Meetings* (*vernetzte Meetings), modernste Ausstattung <strong>\u2013<\/strong> bei Novotel haben Sie die Garantie, dass Sie Zugang zum <strong>besten Gesch\u00e4ftsumfeld<\/strong> haben. Wenn Sie sich produktive Arbeitssitzungen w\u00fcnschen, um Ihre Mitarbeitenden zu motivieren, sind Sie hier genau richtig.<\/p>\n<\/div>\n\t\t\t\t<div class=\"d-flex flex-column flex-lg-row align-items-center gap-5 gap-lg-8 justify-content-between\">\n\t\t\t<div class=\"fs-20 fs-lg-26 fw-semibold lh-xs\"><\/div>\n\t\t\t\t\t<\/div>\n\t<\/div>\n<\/div>\n<!-- END OF : Composant : block-periscope-theme-section-composant-25-texte-cta-2-images.php -->\n\n\n<!-- START OF : Composant : block-periscope-theme-section-composant-26-textes-slider-cta.php -->\n<div class=\"t3icta bg-white pb-12 mb-9 fs-wysiwyg\" data-component=\"26-textes-3-images-cta\">\n\t<div class=\"t3icta__top position-relative\">\n\t\t<div class=\"container-fluid\" style=\"--bs-gutter-x: 0\">\n\t\t\t<div class=\"row\" style=\"--bs-gutter-x: 0\">\n\t\t\t\t\t\t\t\t<div class=\"col-lg-6\">\n\t\t\t\t\t<div class=\"t3icta__slider\">\n\t\t\t\t\t\t<div class=\"splide\">\n\t\t\t\t\t\t\t<div class=\"splide__track\">\n\t\t\t\t\t\t\t\t<div class=\"splide__list\">\n\t\t\t\t\t\t\t\t\t\t\t\t\t\t\t\t\t\t\t<div class=\"splide__slide\">\n\t\t\t\t\t\t\t\t\t\t\t<img decoding=\"async\" src=\"https:\/\/www.myallmeeting.com\/wp-content\/uploads\/2025\/01\/aja_p_6753-29__original-953x600.jpeg\" width=\"953\" height=\"600\" alt=\"Salle de r\u00e9union novotel\" loading=\"lazy\" \/>\n\t\t\t\t\t\t\t\t\t\t<\/div>\n\t\t\t\t\t\t\t\t\t\t\t\t\t\t\t\t\t\n\t\t\t\t\t\t\t\t<\/div>\n\t\t\t\t\t\t\t<\/div>\n\t\t\t\t\t\t\t<div class=\"splide__arrows d-none d-lg-block\">\n\t\t\t\t\t\t\t\t<button class=\"splide__arrow splide__arrow--prev px-lg-3 py-lg-4 px-xl-4 py-xl-5 px-xxl-5 py-xxl-7 position-absolute l-0 bg-white border-0\">\n\t\t\t\t\t\t\t\t\t<svg width=\"14\" height=\"27\" aria-hidden=\"true\">\n\t\t\t\t\t\t\t\t\t\t<use xlink:href=\"https:\/\/www.myallmeeting.com\/wp-content\/themes\/accor\/assets\/images\/sprite.svg#slider-prev\"><\/use>\n\t\t\t\t\t\t\t\t\t<\/svg>\n\t\t\t\t\t\t\t\t<\/button>\n\t\t\t\t\t\t\t\t<button class=\"splide__arrow splide__arrow--next px-lg-3 py-lg-4 px-xl-4 py-xl-5 px-xxl-5 py-xxl-7 position-absolute r-0 bg-white border-0\">\n\t\t\t\t\t\t\t\t\t<svg width=\"14\" height=\"27\" aria-hidden=\"true\">\n\t\t\t\t\t\t\t\t\t\t<use xlink:href=\"https:\/\/www.myallmeeting.com\/wp-content\/themes\/accor\/assets\/images\/sprite.svg#slider-prev\"><\/use>\n\t\t\t\t\t\t\t\t\t<\/svg>\n\t\t\t\t\t\t\t\t<\/button>\n\t\t\t\t\t\t\t<\/div>\n\t\t\t\t\t\t<\/div>\n\t\t\t\t\t<\/div>\n\t\t\t\t<\/div>\n\t\t\t\t\t\t\t\t<div class=\"col-lg-6\">\n\t\t\t\t\t<div class=\"t3icta__top_right mb-lg-14 px-2 py-9 px-lg-11 py-lg-0\">\n\t\t\t\t\t\t\t\n\t\t\t\t\t\t<h2 class=\"fs-20 fs-lg-23 fs-xl-27 fs-xxl-30 fw-semibold\">Die Vorteile von NOVOTEL<\/h2>\n\t\t\t\t\t\t\t\t\t\t\t\t\t\n\t\t\t\t\t\t<div class=\"fs-wysiwyg\">\n\t\t\t\t\t\t\t<p><strong>Unsere Hotels und Einrichtungen<\/strong><\/p>\n<ul>\n<li><strong>Strategische Lage: <\/strong>Stadtzentrum, N\u00e4he zu Bahnh\u00f6fen und Flugh\u00e4fen.<\/li>\n<li><strong>Flexible Besprechungsr\u00e4ume: <\/strong>angepasste R\u00e4ume ab 50 m\u00b2.<\/li>\n<li><strong>Fortschrittliche Technologie: <\/strong>LCD-Bildschirme, Projektoren und hochwertige Audiosysteme.<\/li>\n<\/ul>\n\t\t\t\t\t\t<\/div>\n\t\t\t\t\t\t\t\t\t\t\t<\/div>\n\t\t\t\t<\/div>\n\t\t\t<\/div>\n\t\t<\/div>\n\t<\/div>\n\t<div class=\"t3icta__bottom bg-beige\">\n\t\t<div class=\"container-fluid\" style=\"--bs-gutter-x: 0\">\n\t\t\t<div class=\"row\" style=\"--bs-gutter-x: 0\">\n\t\t\t\t<div class=\"col-lg-5 offset-lg-1\">\n\t\t\t\t\t<div class=\"t3icta__bottom__left\">\n\t\t\t\t\t\t\t\t\t\t\t\t<img decoding=\"async\" src=\"https:\/\/www.myallmeeting.com\/wp-content\/uploads\/2025\/01\/novotel2-633x398.jpeg\" class=\"w-100 d-lg-none\" width=\"633\" height=\"398\" alt=\"\" loading=\"lazy\" \/> <!-- Ce sont les 2 m\u00eames images : ID 0 -->\n\t\t\t\t\t\t\t\t\t\t\t\t<div class=\"px-2 py-9 px-lg-0 py-lg-0\">\n\t\t\t\t\t\t\t\t\n\t\t\t\t\t\t\t<h2 class=\"fs-20 fs-lg-23 fs-xl-27 fs-xxl-30 fw-semibold\">Unsere Dienstleistungen<\/h2>\n\t\t\t\t\t\t\t\t\t\t\t\t\t\t\t\n\t\t\t\t\t\t\t<div class=\"fs-wysiwyg mb-lg-15\">\n\t\t\t\t\t\t\t\t<ul>\n<li><strong>Ma\u00dfgeschneiderte Verpflegung<\/strong>: Gerichte zum Teilen oder komplette Men\u00fcs.<\/li>\n<li><strong>Umweltbewusstes Engagement<\/strong>: Reduzierung von Plastik, Flipcharts aus Recyclingpapier<\/li>\n<li><strong>Entspannungsangebot<\/strong>: Social Hubs, Calm-Anwendung zur Entspannung vor Beginn der Tagung.<\/li>\n<\/ul>\n\t\t\t\t\t\t\t<\/div>\n\t\t\t\t\t\t\t\t\t\t\t\t\t<\/div>\n\t\t\t\t\t\t\t\t\t\t\t\t<div class=\"t3icta__bottom__img1 d-none d-lg-block text-end ms-lg-auto\">\n\t\t\t\t\t\t\t<img decoding=\"async\" src=\"https:\/\/www.myallmeeting.com\/wp-content\/uploads\/2025\/01\/novotel2-633x398.jpeg\" width=\"633\" height=\"398\" alt=\"\" loading=\"lazy\" \/> <!-- Ce sont les 2 m\u00eames images : ID 1 -->\n\t\t\t\t\t\t<\/div>\n\t\t\t\t\t\t\t\t\t\t\t<\/div>\n\t\t\t\t<\/div>\n\t\t\t\t<div class=\"col-lg-5\">\n\t\t\t\t\t<div class=\"ps-lg-10\">\n\t\t\t\t\t\t\t\t\t\t\t\t<img decoding=\"async\" src=\"https:\/\/www.myallmeeting.com\/wp-content\/uploads\/2025\/01\/novotel1-633x398.jpeg\" class=\"t3icta__bottom__img0 position-relative d-none d-lg-block mb-15\" width=\"633\" height=\"398\" alt=\"\" loading=\"lazy\" \/> <!-- Ce sont les 2 m\u00eames images : ID 0 -->\n\t\t\t\t\t\t\t\t\t\t\t\t<div class=\"px-2 px-lg-0 mb-9\">\n\t\t\t\t\t\t\t\t\n\t\t\t\t\t\t\t<h2 class=\"fs-20 fs-lg-23 fs-xl-27 fs-xxl-30 fw-semibold\">Was Sie sonst nirgends finden.<\/h2>\n\t\t\t\t\t\t\t\t\t\t\t\t\t\t\t\t\t\t\t\t\t<div class=\"fs-wysiwyg\">\n\t\t\t\t\t\t\t\t<ul>\n<li><strong>Die Novotel Business Ambassadors<\/strong> k\u00fcmmern sich bis in die kleinsten Detail um alles. Ein individueller All-in-One-Service, der es Ihnen erm\u00f6glicht, sich auf das zu konzentrieren, was am wichtigsten ist: den Erfolg und die Produktivit\u00e4t Ihres Gesch\u00e4ftstreffens.<\/li>\n<li><strong>Unsere Pr\u00e4senz: <\/strong>538 Hotels mit Tagungsr\u00e4umen weltweit.<\/li>\n<\/ul>\n\t\t\t\t\t\t\t<\/div>\n\t\t\t\t\t\t\t\t\t\t\t\t\t<\/div>\n\t\t\t\t\t\t\t\t\t\t\t\t<div class=\"t3icta__bottom__img1 d-lg-none mx-auto\">\n\t\t\t\t\t\t\t<img decoding=\"async\" src=\"https:\/\/www.myallmeeting.com\/wp-content\/uploads\/2025\/01\/novotel1-633x398.jpeg\" width=\"633\" height=\"398\" alt=\"\" loading=\"lazy\" \/> <!-- Ce sont les 2 m\u00eames images : ID 1 -->\n\t\t\t\t\t\t<\/div>\n\t\t\t\t\t\t\t\t\t\t\t<\/div>\n\t\t\t\t<\/div>\n\t\t\t<\/div>\n\t\t<\/div>\n\t<\/div>\n\t<\/div>\n<!-- END OF : Composant : block-periscope-theme-section-composant-26-textes-slider-cta.php -->\n\n\n<!-- START OF : Composant : block-periscope-theme-section-composant-26-textes-slider-cta.php -->\n<div class=\"t3icta bg-white pb-12 mb-9 fs-wysiwyg\" data-component=\"26-textes-3-images-cta\">\n\t<div class=\"t3icta__top position-relative\">\n\t\t<div class=\"container-fluid\" style=\"--bs-gutter-x: 0\">\n\t\t\t<div class=\"row\" style=\"--bs-gutter-x: 0\">\n\t\t\t\t\t\t\t\t<div class=\"col-lg-6\">\n\t\t\t\t\t<div class=\"t3icta__slider\">\n\t\t\t\t\t\t<div class=\"splide\">\n\t\t\t\t\t\t\t<div class=\"splide__track\">\n\t\t\t\t\t\t\t\t<div class=\"splide__list\">\n\t\t\t\t\t\t\t\t\t\t\t\t\t\t\t\t\t\t\t<div class=\"splide__slide\">\n\t\t\t\t\t\t\t\t\t\t\t<img decoding=\"async\" src=\"https:\/\/www.myallmeeting.com\/wp-content\/uploads\/2025\/01\/eiffel1-953x600.jpeg\" width=\"953\" height=\"600\" alt=\"\" loading=\"lazy\" \/>\n\t\t\t\t\t\t\t\t\t\t<\/div>\n\t\t\t\t\t\t\t\t\t\t\t\t\t\t\t\t\t\n\t\t\t\t\t\t\t\t<\/div>\n\t\t\t\t\t\t\t<\/div>\n\t\t\t\t\t\t\t<div class=\"splide__arrows d-none d-lg-block\">\n\t\t\t\t\t\t\t\t<button class=\"splide__arrow splide__arrow--prev px-lg-3 py-lg-4 px-xl-4 py-xl-5 px-xxl-5 py-xxl-7 position-absolute l-0 bg-white border-0\">\n\t\t\t\t\t\t\t\t\t<svg width=\"14\" height=\"27\" aria-hidden=\"true\">\n\t\t\t\t\t\t\t\t\t\t<use xlink:href=\"https:\/\/www.myallmeeting.com\/wp-content\/themes\/accor\/assets\/images\/sprite.svg#slider-prev\"><\/use>\n\t\t\t\t\t\t\t\t\t<\/svg>\n\t\t\t\t\t\t\t\t<\/button>\n\t\t\t\t\t\t\t\t<button class=\"splide__arrow splide__arrow--next px-lg-3 py-lg-4 px-xl-4 py-xl-5 px-xxl-5 py-xxl-7 position-absolute r-0 bg-white border-0\">\n\t\t\t\t\t\t\t\t\t<svg width=\"14\" height=\"27\" aria-hidden=\"true\">\n\t\t\t\t\t\t\t\t\t\t<use xlink:href=\"https:\/\/www.myallmeeting.com\/wp-content\/themes\/accor\/assets\/images\/sprite.svg#slider-prev\"><\/use>\n\t\t\t\t\t\t\t\t\t<\/svg>\n\t\t\t\t\t\t\t\t<\/button>\n\t\t\t\t\t\t\t<\/div>\n\t\t\t\t\t\t<\/div>\n\t\t\t\t\t<\/div>\n\t\t\t\t<\/div>\n\t\t\t\t\t\t\t\t<div class=\"col-lg-6\">\n\t\t\t\t\t<div class=\"t3icta__top_right mb-lg-14 px-2 py-9 px-lg-11 py-lg-0\">\n\t\t\t\t\t\t\t\n\t\t\t\t\t\t<h2 class=\"fs-20 fs-lg-23 fs-xl-27 fs-xxl-30 fw-semibold\">Entdecken Sie unsere Flagship-Niederlassung im Herzen von PARIS: Novotel Paris Tour Eiffel<\/h2>\n\t\t\t\t\t\t\t\t\t\t\t\t\t\n\t\t\t\t\t\t<div class=\"fs-wysiwyg\">\n\t\t\t\t\t\t\t<p>In der N\u00e4he des Eiffelturms und im Herzen des dynamischen Viertels Beaugrenelle bietet das Novotel Paris Centre Tour Eiffel eine strategische Lage gegen\u00fcber der Seine. Ideal f\u00fcr Ihre Firmenveranstaltungen und Gesch\u00e4ftsaufenthalte in Paris<\/p>\n\t\t\t\t\t\t<\/div>\n\t\t\t\t\t\t\t\t\t\t\t<\/div>\n\t\t\t\t<\/div>\n\t\t\t<\/div>\n\t\t<\/div>\n\t<\/div>\n\t<div class=\"t3icta__bottom bg-beige\">\n\t\t<div class=\"container-fluid\" style=\"--bs-gutter-x: 0\">\n\t\t\t<div class=\"row\" style=\"--bs-gutter-x: 0\">\n\t\t\t\t<div class=\"col-lg-5 offset-lg-1\">\n\t\t\t\t\t<div class=\"t3icta__bottom__left\">\n\t\t\t\t\t\t\t\t\t\t\t\t<img decoding=\"async\" src=\"https:\/\/www.myallmeeting.com\/wp-content\/uploads\/2025\/01\/eiffel3-633x398.jpeg\" class=\"w-100 d-lg-none\" width=\"633\" height=\"398\" alt=\"\" loading=\"lazy\" \/> <!-- Ce sont les 2 m\u00eames images : ID 0 -->\n\t\t\t\t\t\t\t\t\t\t\t\t<div class=\"px-2 py-9 px-lg-0 py-lg-0\">\n\t\t\t\t\t\t\t\t\t\t\t\t\t\t\t\n\t\t\t\t\t\t\t<div class=\"fs-wysiwyg mb-lg-15\">\n\t\t\t\t\t\t\t\t<ul>\n<li><strong>Eine Infrastruktur, die f\u00fcr Ihre Gesch\u00e4ftstreffen, Tagungen oder Seminare gedacht ist.<\/strong><\/li>\n<\/ul>\n<p>Mit seinen vollst\u00e4ndig modulierbaren R\u00e4umlichkeiten und einem H\u00f6rsaal f\u00fcr bis zu 600 Teilnehmende ist das <a href=\"https:\/\/myallmeeting.com\/de\/hotel\/3546-novotel-paris-centre-tour-eiffel\/\" target=\"_blank\" rel=\"noopener\"><strong>Novotel Paris Tour Eiffel <\/strong><\/a>perfekt geeignet, um Ihre Mitarbeitenden, Kunden oder Partner in einer anregenden und prestigetr\u00e4chtigen Umgebung zu empfangen.<\/p>\n<ul>\n<li><strong>Ein Rahmen, der Entspannung und Leistung miteinander verbindet<\/strong><\/li>\n<\/ul>\n<p>Bieten Sie Ihren Teams eine einzigartige Arbeitsumgebung dank heller und moderner R\u00e4ume, aber auch Momente des Wohlbefindens: ein Fitnesscenter mit Blick auf die Seine und ein Schwimmbad unter einem Sonnendach, in dem Sie nach einem anstrengenden Arbeitstag neue Energie tanken k\u00f6nnen.<\/p>\n<ul>\n<li><strong>Verpflegung und Geselligkeit<\/strong><\/li>\n<\/ul>\n<p>\u00dcberraschen Sie Ihre G\u00e4ste mit einem kulinarischen Erlebnis in unserem japanischen Gourmetrestaurant Benkay, in dem die K\u00f6che ihre Kreationen vor Ihren Augen im Teppan Yaki zubereiten.<\/p>\n<ul>\n<li><strong>Optimale Erreichbarkeit<\/strong><\/li>\n<\/ul>\n<p>Das Hotel ist leicht zu erreichen, sei es mit dem Auto dank unseres Parkhauses vor Ort (kostenpflichtig) oder mit \u00f6ffentlichen Verkehrsmitteln: Metro Charles Michel (Linie 10), Metro Bir Hakeim (Linie 6) oder RER C Gare de Javel.<\/p>\n\t\t\t\t\t\t\t<\/div>\n\t\t\t\t\t\t\t\t\t\t\t\t\t<\/div>\n\t\t\t\t\t\t\t\t\t\t\t\t<div class=\"t3icta__bottom__img1 d-none d-lg-block text-end ms-lg-auto\">\n\t\t\t\t\t\t\t<img decoding=\"async\" src=\"https:\/\/www.myallmeeting.com\/wp-content\/uploads\/2025\/01\/eiffel3-633x398.jpeg\" width=\"633\" height=\"398\" alt=\"\" loading=\"lazy\" \/> <!-- Ce sont les 2 m\u00eames images : ID 1 -->\n\t\t\t\t\t\t<\/div>\n\t\t\t\t\t\t\t\t\t\t\t<\/div>\n\t\t\t\t<\/div>\n\t\t\t\t<div class=\"col-lg-5\">\n\t\t\t\t\t<div class=\"ps-lg-10\">\n\t\t\t\t\t\t\t\t\t\t\t\t<img decoding=\"async\" src=\"https:\/\/www.myallmeeting.com\/wp-content\/uploads\/2025\/01\/eiffel2-633x398.jpeg\" class=\"t3icta__bottom__img0 position-relative d-none d-lg-block mb-15\" width=\"633\" height=\"398\" alt=\"\" loading=\"lazy\" \/> <!-- Ce sont les 2 m\u00eames images : ID 0 -->\n\t\t\t\t\t\t\t\t\t\t\t\t<div class=\"px-2 px-lg-0 mb-9\">\n\t\t\t\t\t\t\t\t\n\t\t\t\t\t\t\t<h2 class=\"fs-20 fs-lg-23 fs-xl-27 fs-xxl-30 fw-semibold\">Die B2B-Vorteile des Novotel Paris Tour Eiffel<\/h2>\n\t\t\t\t\t\t\t\t\t\t\t\t\t\t\t\t\t\t\t\t\t<div class=\"fs-wysiwyg\">\n\t\t\t\t\t\t\t\t<ul>\n<li><strong>Konferenzzentrum<\/strong>: 3.000 m\u00b2 f\u00fcr jede Art von Veranstaltung, von 10 bis 600 Teilnehmenden.<\/li>\n<li><strong>H\u00f6rsaal<\/strong>: 600 m\u00b2 f\u00fcr gro\u00dfe Pr\u00e4sentationen.<\/li>\n<li><strong>Blick auf die Seine<\/strong>: angenehme und inspirierende Essbereiche.<\/li>\n<li><strong>Hybride Meetings<\/strong>: Zugriff auf die ALL CONNECT-L\u00f6sung f\u00fcr optimale Konnektivit\u00e4t.<\/li>\n<\/ul>\n\t\t\t\t\t\t\t<\/div>\n\t\t\t\t\t\t\t\t\t\t\t\t\t<\/div>\n\t\t\t\t\t\t\t\t\t\t\t\t<div class=\"t3icta__bottom__img1 d-lg-none mx-auto\">\n\t\t\t\t\t\t\t<img decoding=\"async\" src=\"https:\/\/www.myallmeeting.com\/wp-content\/uploads\/2025\/01\/eiffel2-633x398.jpeg\" width=\"633\" height=\"398\" alt=\"\" loading=\"lazy\" \/> <!-- Ce sont les 2 m\u00eames images : ID 1 -->\n\t\t\t\t\t\t<\/div>\n\t\t\t\t\t\t\t\t\t\t\t<\/div>\n\t\t\t\t<\/div>\n\t\t\t<\/div>\n\t\t<\/div>\n\t<\/div>\n\t<\/div>\n<!-- END OF : Composant : block-periscope-theme-section-composant-26-textes-slider-cta.php -->\n\n\n<!-- START OF : Composant : block-periscope-theme-section-composant-33-texte-image.php -->\n<!-- INVERSE -->\n<div class=\"text-image fs-wysiwyg mb-8 mb-lg-12\" data-component=\"33-texte-image\" data-reverse=\"oui\">\n\t<div class=\"container-fluid\" style=\"--bs-gutter-x: 0\">\n\t\t<div class=\"row\" style=\"--bs-gutter-x: 0\">\n\t\t\t<div class=\"col-lg-6\">\n\t\t\t\t<div class=\"text-image__content\">\n\t\t\t\t\t\t\t\t\t\t<div class=\"fw-semibold lh-xs fs-20 fs-lg-32 ls--25 mb-5\">Mit Swiss\u00f4tel erreichen Ihre B2B-Veranstaltungen einen eleganten H\u00f6hepunkt<\/div>\n\t\t\t\t\t\t\t\t\t\t\t\t\t\t\t<div class=\"fs-wysiwyg\">\n\t\t\t\t\t\t<p>Swiss\u00f4tel bleibt seinem Schweizer Erbe treu und zeichnet sich durch Raffinesse, Aufmerksamkeit f\u00fcr das Wohlbefinden und eine auf Nachhaltigkeit ausgerichtete Kultiviertheit aus. Unter Wahrung der Traditionen bietet diese Marke ein modernes, von der Natur inspiriertes Arbeitsumfeld. Perfekt f\u00fcr Premium-Erlebnisse, bei denen Kultur und Kunst im Vordergrund stehen.<\/p>\n\t\t\t\t\t<\/div>\n\t\t\t\t\t\t\t\t\t<\/div>\n\t\t\t<\/div>    \n\t\t\t    \n\t\t\t<div class=\"col-lg-6 order-first order-lg-last mb-7 mb-lg-0\">\n\t\t\t\t<img decoding=\"async\" src=\"https:\/\/www.myallmeeting.com\/wp-content\/uploads\/2025\/01\/swissotel1-953x600.jpeg\" width=\"953\" height=\"600\" alt=\"\" loading=\"lazy\" class=\"w-100\" \/>\n\t\t\t<\/div>\n\t\t\t\t\t<\/div>\n\t<\/div>\n<\/div>\n<!-- END OF : Composant : block-periscope-theme-section-composant-33-texte-image.php -->\n\n\n<!-- START OF : Composant : block-periscope-theme-section-composant-26-textes-slider-cta.php -->\n<div class=\"t3icta bg-white pb-12 mb-9 fs-wysiwyg\" data-component=\"26-textes-3-images-cta\">\n\t<div class=\"t3icta__top position-relative\">\n\t\t<div class=\"container-fluid\" style=\"--bs-gutter-x: 0\">\n\t\t\t<div class=\"row\" style=\"--bs-gutter-x: 0\">\n\t\t\t\t\t\t\t\t<div class=\"col-lg-6\">\n\t\t\t\t\t<div class=\"t3icta__slider\">\n\t\t\t\t\t\t<div class=\"splide\">\n\t\t\t\t\t\t\t<div class=\"splide__track\">\n\t\t\t\t\t\t\t\t<div class=\"splide__list\">\n\t\t\t\t\t\t\t\t\t\t\t\t\t\t\t\t\t\t\t<div class=\"splide__slide\">\n\t\t\t\t\t\t\t\t\t\t\t<img decoding=\"async\" src=\"https:\/\/www.myallmeeting.com\/wp-content\/uploads\/2025\/01\/b967_sm_00_p_2048x1536-953x600.jpg\" width=\"953\" height=\"600\" alt=\"\" loading=\"lazy\" \/>\n\t\t\t\t\t\t\t\t\t\t<\/div>\n\t\t\t\t\t\t\t\t\t\t\t\t\t\t\t\t\t\n\t\t\t\t\t\t\t\t<\/div>\n\t\t\t\t\t\t\t<\/div>\n\t\t\t\t\t\t\t<div class=\"splide__arrows d-none d-lg-block\">\n\t\t\t\t\t\t\t\t<button class=\"splide__arrow splide__arrow--prev px-lg-3 py-lg-4 px-xl-4 py-xl-5 px-xxl-5 py-xxl-7 position-absolute l-0 bg-white border-0\">\n\t\t\t\t\t\t\t\t\t<svg width=\"14\" height=\"27\" aria-hidden=\"true\">\n\t\t\t\t\t\t\t\t\t\t<use xlink:href=\"https:\/\/www.myallmeeting.com\/wp-content\/themes\/accor\/assets\/images\/sprite.svg#slider-prev\"><\/use>\n\t\t\t\t\t\t\t\t\t<\/svg>\n\t\t\t\t\t\t\t\t<\/button>\n\t\t\t\t\t\t\t\t<button class=\"splide__arrow splide__arrow--next px-lg-3 py-lg-4 px-xl-4 py-xl-5 px-xxl-5 py-xxl-7 position-absolute r-0 bg-white border-0\">\n\t\t\t\t\t\t\t\t\t<svg width=\"14\" height=\"27\" aria-hidden=\"true\">\n\t\t\t\t\t\t\t\t\t\t<use xlink:href=\"https:\/\/www.myallmeeting.com\/wp-content\/themes\/accor\/assets\/images\/sprite.svg#slider-prev\"><\/use>\n\t\t\t\t\t\t\t\t\t<\/svg>\n\t\t\t\t\t\t\t\t<\/button>\n\t\t\t\t\t\t\t<\/div>\n\t\t\t\t\t\t<\/div>\n\t\t\t\t\t<\/div>\n\t\t\t\t<\/div>\n\t\t\t\t\t\t\t\t<div class=\"col-lg-6\">\n\t\t\t\t\t<div class=\"t3icta__top_right mb-lg-14 px-2 py-9 px-lg-11 py-lg-0\">\n\t\t\t\t\t\t\t\n\t\t\t\t\t\t<h2 class=\"fs-20 fs-lg-23 fs-xl-27 fs-xxl-30 fw-semibold\">Die St\u00e4rken von SWISS\u00d4TEL<\/h2>\n\t\t\t\t\t\t\t\t\t\t\t\t\t\n\t\t\t\t\t\t<div class=\"fs-wysiwyg\">\n\t\t\t\t\t\t\t<p><strong>Unsere Hotels und Einrichtungen:<\/strong><\/p>\n<ul>\n<li><strong>F\u00fchrend in CSR: <\/strong>100 % der Hotels haben ein Siegel f\u00fcr Umweltfreundlichkeit.<\/li>\n<li><strong>Strategische Lage: <\/strong>Stadtzentrum, N\u00e4he zu Bahnh\u00f6fen und Flugh\u00e4fen.<\/li>\n<li><strong>Flexible und helle R\u00e4ume: <\/strong>R\u00e4ume, die f\u00fcr alle Arten von Veranstaltungen geeignet sind.<\/li>\n<\/ul>\n\t\t\t\t\t\t<\/div>\n\t\t\t\t\t\t\t\t\t\t\t<\/div>\n\t\t\t\t<\/div>\n\t\t\t<\/div>\n\t\t<\/div>\n\t<\/div>\n\t<div class=\"t3icta__bottom bg-beige\">\n\t\t<div class=\"container-fluid\" style=\"--bs-gutter-x: 0\">\n\t\t\t<div class=\"row\" style=\"--bs-gutter-x: 0\">\n\t\t\t\t<div class=\"col-lg-5 offset-lg-1\">\n\t\t\t\t\t<div class=\"t3icta__bottom__left\">\n\t\t\t\t\t\t\t\t\t\t\t\t<img decoding=\"async\" src=\"https:\/\/www.myallmeeting.com\/wp-content\/uploads\/2025\/01\/swissotel2-633x398.jpeg\" class=\"w-100 d-lg-none\" width=\"633\" height=\"398\" alt=\"\" loading=\"lazy\" \/> <!-- Ce sont les 2 m\u00eames images : ID 0 -->\n\t\t\t\t\t\t\t\t\t\t\t\t<div class=\"px-2 py-9 px-lg-0 py-lg-0\">\n\t\t\t\t\t\t\t\t\n\t\t\t\t\t\t\t<h2 class=\"fs-20 fs-lg-23 fs-xl-27 fs-xxl-30 fw-semibold\">Unsere Dienstleistungen:<\/h2>\n\t\t\t\t\t\t\t\t\t\t\t\t\t\t\t\n\t\t\t\t\t\t\t<div class=\"fs-wysiwyg mb-lg-15\">\n\t\t\t\t\t\t\t\t<ul>\n<li><strong>Pers\u00f6nlicher Empfang: <\/strong>Concierge-Service und ma\u00dfgeschneiderte Begleitung.<\/li>\n<li><strong>Abwechslungsreiche K\u00fcche: <\/strong>von lokal bis gastronomisch.<\/li>\n<li><strong>Vitality-Kaffeepausen: <\/strong>Pausen zum Energietanken und zur Steigerung der Produktivit\u00e4t.<\/li>\n<\/ul>\n\t\t\t\t\t\t\t<\/div>\n\t\t\t\t\t\t\t\t\t\t\t\t\t<\/div>\n\t\t\t\t\t\t\t\t\t\t\t\t<div class=\"t3icta__bottom__img1 d-none d-lg-block text-end ms-lg-auto\">\n\t\t\t\t\t\t\t<img decoding=\"async\" src=\"https:\/\/www.myallmeeting.com\/wp-content\/uploads\/2025\/01\/swissotel2-633x398.jpeg\" width=\"633\" height=\"398\" alt=\"\" loading=\"lazy\" \/> <!-- Ce sont les 2 m\u00eames images : ID 1 -->\n\t\t\t\t\t\t<\/div>\n\t\t\t\t\t\t\t\t\t\t\t<\/div>\n\t\t\t\t<\/div>\n\t\t\t\t<div class=\"col-lg-5\">\n\t\t\t\t\t<div class=\"ps-lg-10\">\n\t\t\t\t\t\t\t\t\t\t\t\t<img decoding=\"async\" src=\"https:\/\/www.myallmeeting.com\/wp-content\/uploads\/2025\/01\/b4s4_sm_00_p_2048x1536-633x398.jpg\" class=\"t3icta__bottom__img0 position-relative d-none d-lg-block mb-15\" width=\"633\" height=\"398\" alt=\"\" loading=\"lazy\" \/> <!-- Ce sont les 2 m\u00eames images : ID 0 -->\n\t\t\t\t\t\t\t\t\t\t\t\t<div class=\"px-2 px-lg-0 mb-9\">\n\t\t\t\t\t\t\t\t\n\t\t\t\t\t\t\t<h2 class=\"fs-20 fs-lg-23 fs-xl-27 fs-xxl-30 fw-semibold\">Was Sie sonst nirgends finden:<\/h2>\n\t\t\t\t\t\t\t\t\t\t\t\t\t\t\t\t\t\t\t\t\t<div class=\"fs-wysiwyg\">\n\t\t\t\t\t\t\t\t<ul>\n<li><strong>Von der Natur inspirierte Arbeitsbereiche <\/strong>f\u00fcr beruhigende Gesch\u00e4ftstreffen.<\/li>\n<\/ul>\n\t\t\t\t\t\t\t<\/div>\n\t\t\t\t\t\t\t\t\t\t\t\t\t<\/div>\n\t\t\t\t\t\t\t\t\t\t\t\t<div class=\"t3icta__bottom__img1 d-lg-none mx-auto\">\n\t\t\t\t\t\t\t<img decoding=\"async\" src=\"https:\/\/www.myallmeeting.com\/wp-content\/uploads\/2025\/01\/b4s4_sm_00_p_2048x1536-633x398.jpg\" width=\"633\" height=\"398\" alt=\"\" loading=\"lazy\" \/> <!-- Ce sont les 2 m\u00eames images : ID 1 -->\n\t\t\t\t\t\t<\/div>\n\t\t\t\t\t\t\t\t\t\t\t<\/div>\n\t\t\t\t<\/div>\n\t\t\t<\/div>\n\t\t<\/div>\n\t<\/div>\n\t<\/div>\n<!-- END OF : Composant : block-periscope-theme-section-composant-26-textes-slider-cta.php -->\n\n\n<!-- START OF : Composant : block-periscope-theme-section-composant-26-textes-slider-cta.php -->\n<div class=\"t3icta bg-white pb-12 mb-9 fs-wysiwyg\" data-component=\"26-textes-3-images-cta\">\n\t<div class=\"t3icta__top position-relative\">\n\t\t<div class=\"container-fluid\" style=\"--bs-gutter-x: 0\">\n\t\t\t<div class=\"row\" style=\"--bs-gutter-x: 0\">\n\t\t\t\t\t\t\t\t<div class=\"col-lg-6\">\n\t\t\t\t\t<div class=\"t3icta__slider\">\n\t\t\t\t\t\t<div class=\"splide\">\n\t\t\t\t\t\t\t<div class=\"splide__track\">\n\t\t\t\t\t\t\t\t<div class=\"splide__list\">\n\t\t\t\t\t\t\t\t\t\t\t\t\t\t\t\t\t\t\t<div class=\"splide__slide\">\n\t\t\t\t\t\t\t\t\t\t\t<img decoding=\"async\" src=\"https:\/\/www.myallmeeting.com\/wp-content\/uploads\/2025\/01\/aja_p_6017-48__original-953x600.jpeg\" width=\"953\" height=\"600\" alt=\"\" loading=\"lazy\" \/>\n\t\t\t\t\t\t\t\t\t\t<\/div>\n\t\t\t\t\t\t\t\t\t\t\t\t\t\t\t\t\t\n\t\t\t\t\t\t\t\t<\/div>\n\t\t\t\t\t\t\t<\/div>\n\t\t\t\t\t\t\t<div class=\"splide__arrows d-none d-lg-block\">\n\t\t\t\t\t\t\t\t<button class=\"splide__arrow splide__arrow--prev px-lg-3 py-lg-4 px-xl-4 py-xl-5 px-xxl-5 py-xxl-7 position-absolute l-0 bg-white border-0\">\n\t\t\t\t\t\t\t\t\t<svg width=\"14\" height=\"27\" aria-hidden=\"true\">\n\t\t\t\t\t\t\t\t\t\t<use xlink:href=\"https:\/\/www.myallmeeting.com\/wp-content\/themes\/accor\/assets\/images\/sprite.svg#slider-prev\"><\/use>\n\t\t\t\t\t\t\t\t\t<\/svg>\n\t\t\t\t\t\t\t\t<\/button>\n\t\t\t\t\t\t\t\t<button class=\"splide__arrow splide__arrow--next px-lg-3 py-lg-4 px-xl-4 py-xl-5 px-xxl-5 py-xxl-7 position-absolute r-0 bg-white border-0\">\n\t\t\t\t\t\t\t\t\t<svg width=\"14\" height=\"27\" aria-hidden=\"true\">\n\t\t\t\t\t\t\t\t\t\t<use xlink:href=\"https:\/\/www.myallmeeting.com\/wp-content\/themes\/accor\/assets\/images\/sprite.svg#slider-prev\"><\/use>\n\t\t\t\t\t\t\t\t\t<\/svg>\n\t\t\t\t\t\t\t\t<\/button>\n\t\t\t\t\t\t\t<\/div>\n\t\t\t\t\t\t<\/div>\n\t\t\t\t\t<\/div>\n\t\t\t\t<\/div>\n\t\t\t\t\t\t\t\t<div class=\"col-lg-6\">\n\t\t\t\t\t<div class=\"t3icta__top_right mb-lg-14 px-2 py-9 px-lg-11 py-lg-0\">\n\t\t\t\t\t\t\t\n\t\t\t\t\t\t<h2 class=\"fs-20 fs-lg-23 fs-xl-27 fs-xxl-30 fw-semibold\">Entdecken Sie unser Flagship: Das Swiss\u00f4tel Tallinn<\/h2>\n\t\t\t\t\t\t\t\t\t\t\t\t\t\n\t\t\t\t\t\t<div class=\"fs-wysiwyg\">\n\t\t\t\t\t\t\t<p>Willkommen im <a href=\"https:\/\/myallmeeting.com\/de\/hotel\/a5d1-swissotel-tallinn\/\" target=\"_blank\" rel=\"noopener\">Swiss\u00f4tel Tallinn<\/a> in der estnischen Hauptstadt, wo sich Luxus mit einer anspruchsvollen umweltbewussten Politik verbindet. Das Hotel befindet sich im gr\u00f6\u00dften Geb\u00e4ude der Stadt und bietet eine atemberaubende Aussicht sowie Premiumleistungen f\u00fcr international ausgerichtete B2B-Veranstaltungen.<\/p>\n<ul>\n<li><strong>Willkommen zu Ihren XXL-Konferenzen.<\/strong><\/li>\n<\/ul>\n<p>Mit einer Fl\u00e4che von 481 m\u00b2 bietet unser Ballsaal Platz f\u00fcr bis zu 500 Personen. Er ist mit <strong>sieben integrierten Dolmetscherkabinen<\/strong> ausgestattet und bietet somit einen entschiedenen Vorteil f\u00fcr gro\u00dfe internationale Konferenzen.<\/p>\n<ul>\n<li><strong>7 modulierbare Konferenzr\u00e4ume<\/strong><\/li>\n<\/ul>\n<p>Unsere Besprechungsr\u00e4ume verf\u00fcgen \u00fcber flexible Trennw\u00e4nde, mit denen Sie die Konfiguration an Ihre Bed\u00fcrfnisse anpassen k\u00f6nnen: Schaffen Sie gr\u00f6\u00dfere R\u00e4ume oder teilen Sie die R\u00e4ume f\u00fcr Workshops oder kleinere Gruppen auf.<\/p>\n<ul><\/ul>\n\t\t\t\t\t\t<\/div>\n\t\t\t\t\t\t\t\t\t\t\t<\/div>\n\t\t\t\t<\/div>\n\t\t\t<\/div>\n\t\t<\/div>\n\t<\/div>\n\t<div class=\"t3icta__bottom bg-beige\">\n\t\t<div class=\"container-fluid\" style=\"--bs-gutter-x: 0\">\n\t\t\t<div class=\"row\" style=\"--bs-gutter-x: 0\">\n\t\t\t\t<div class=\"col-lg-5 offset-lg-1\">\n\t\t\t\t\t<div class=\"t3icta__bottom__left\">\n\t\t\t\t\t\t\t\t\t\t\t\t<img decoding=\"async\" src=\"https:\/\/www.myallmeeting.com\/wp-content\/uploads\/2025\/01\/a5d1_ho_02_p_2048x1536-633x398.jpg\" class=\"w-100 d-lg-none\" width=\"633\" height=\"398\" alt=\"\" loading=\"lazy\" \/> <!-- Ce sont les 2 m\u00eames images : ID 0 -->\n\t\t\t\t\t\t\t\t\t\t\t\t<div class=\"px-2 py-9 px-lg-0 py-lg-0\">\n\t\t\t\t\t\t\t\t\t\t\t\t\t\t\t\n\t\t\t\t\t\t\t<div class=\"fs-wysiwyg mb-lg-15\">\n\t\t\t\t\t\t\t\t<ul>\n<li><strong>Eine Etage f\u00fcr Veranstaltungen mit einem hohen Datenschutzniveau.<\/strong><\/li>\n<\/ul>\n<p>Unsere Konferenzetage befindet sich im oberen Teil des Hotels und ist nur mit dem Aufzug erreichbar. Sie garantiert <strong>Sicherheit und Vertraulichkeit <\/strong>f\u00fcr Regierungsdelegationen oder Unternehmen, die Wert auf Diskretion legen.<\/p>\n<ul>\n<li><strong>Eine au\u00dfergew\u00f6hnliche Au\u00dfenterrasse.<\/strong><\/li>\n<\/ul>\n<p>Entdecken Sie die Terrasse im 6. Stock f\u00fcr entspannende Momente oder Empf\u00e4nge im Freien. Sie eignet sich perfekt f\u00fcr Cocktails und ist an sonnigen Tagen zug\u00e4nglich.<\/p>\n<ul>\n<li><strong>Ein elegantes Foyer f\u00fcr Ihre Empf\u00e4nge<\/strong><\/li>\n<\/ul>\n<p>In unserem Foyer mit seinem raffinierten Design k\u00f6nnen Sie Ihre Seminare oder Empf\u00e4nge organisieren. Das schicke Design sorgt daf\u00fcr, dass Sie nicht viel zus\u00e4tzliche Dekoration ben\u00f6tigen.<\/p>\n<ul>\n<li><strong>Ma\u00dfgeschneiderte Verpflegungsoptionen<\/strong><\/li>\n<\/ul>\n<p>Unser auf Konferenzen und Bankette spezialisiertes K\u00fcchenteam ist <strong>hochflexibel<\/strong> und bereit, individuelle Men\u00fcs nach Ihren speziellen Bed\u00fcrfnissen zu kreieren. Sie k\u00f6nnen auch die K\u00fcche des mit einem Michelin-Stern ausgezeichneten Horisont Restaurant &amp; Bar genie\u00dfen.<\/p>\n\t\t\t\t\t\t\t<\/div>\n\t\t\t\t\t\t\t\t\t\t\t\t\t<\/div>\n\t\t\t\t\t\t\t\t\t\t\t\t<div class=\"t3icta__bottom__img1 d-none d-lg-block text-end ms-lg-auto\">\n\t\t\t\t\t\t\t<img decoding=\"async\" src=\"https:\/\/www.myallmeeting.com\/wp-content\/uploads\/2025\/01\/a5d1_ho_02_p_2048x1536-633x398.jpg\" width=\"633\" height=\"398\" alt=\"\" loading=\"lazy\" \/> <!-- Ce sont les 2 m\u00eames images : ID 1 -->\n\t\t\t\t\t\t<\/div>\n\t\t\t\t\t\t\t\t\t\t\t<\/div>\n\t\t\t\t<\/div>\n\t\t\t\t<div class=\"col-lg-5\">\n\t\t\t\t\t<div class=\"ps-lg-10\">\n\t\t\t\t\t\t\t\t\t\t\t\t<img decoding=\"async\" src=\"https:\/\/www.myallmeeting.com\/wp-content\/uploads\/2025\/01\/a5d1_sm_03_p_2048x1536-633x398.jpg\" class=\"t3icta__bottom__img0 position-relative d-none d-lg-block mb-15\" width=\"633\" height=\"398\" alt=\"\" loading=\"lazy\" \/> <!-- Ce sont les 2 m\u00eames images : ID 0 -->\n\t\t\t\t\t\t\t\t\t\t\t\t<div class=\"px-2 px-lg-0 mb-9\">\n\t\t\t\t\t\t\t\t\n\t\t\t\t\t\t\t<h2 class=\"fs-20 fs-lg-23 fs-xl-27 fs-xxl-30 fw-semibold\">Die B2B-Vorteile des Swiss\u00f4tel Tallin<\/h2>\n\t\t\t\t\t\t\t\t\t\t\t\t\t\t\t\t\t\t\t\t\t<div class=\"fs-wysiwyg\">\n\t\t\t\t\t\t\t\t<ul>\n<li><strong>Flexible Konferenzr\u00e4ume<\/strong>: perfekt f\u00fcr ma\u00dfgeschneiderte Veranstaltungen.<\/li>\n<li><strong>Garantierte Vertraulichkeit<\/strong>: Premium-Etage und Exklusivit\u00e4tspolitik.<\/li>\n<li><strong>Individuelle Verpflegung<\/strong>: Men\u00fcs, die auf Ihre speziellen Bed\u00fcrfnisse zugeschnitten sind.<\/li>\n<li><strong>Premium-Konferenzfoyer<\/strong>: Ideal f\u00fcr die Ausrichtung von Empf\u00e4ngen.<\/li>\n<\/ul>\n\t\t\t\t\t\t\t<\/div>\n\t\t\t\t\t\t\t\t\t\t\t\t\t<\/div>\n\t\t\t\t\t\t\t\t\t\t\t\t<div class=\"t3icta__bottom__img1 d-lg-none mx-auto\">\n\t\t\t\t\t\t\t<img decoding=\"async\" src=\"https:\/\/www.myallmeeting.com\/wp-content\/uploads\/2025\/01\/a5d1_sm_03_p_2048x1536-633x398.jpg\" width=\"633\" height=\"398\" alt=\"\" loading=\"lazy\" \/> <!-- Ce sont les 2 m\u00eames images : ID 1 -->\n\t\t\t\t\t\t<\/div>\n\t\t\t\t\t\t\t\t\t\t\t<\/div>\n\t\t\t\t<\/div>\n\t\t\t<\/div>\n\t\t<\/div>\n\t<\/div>\n\t<\/div>\n<!-- END OF : Composant : block-periscope-theme-section-composant-26-textes-slider-cta.php -->\n\n\n<!-- START OF : Composant : block-periscope-theme-section-composant-33-texte-image.php -->\n<!-- INVERSE -->\n<div class=\"text-image fs-wysiwyg mb-8 mb-lg-12\" data-component=\"33-texte-image\" data-reverse=\"oui\">\n\t<div class=\"container-fluid\" style=\"--bs-gutter-x: 0\">\n\t\t<div class=\"row\" style=\"--bs-gutter-x: 0\">\n\t\t\t<div class=\"col-lg-6\">\n\t\t\t\t<div class=\"text-image__content\">\n\t\t\t\t\t\t\t\t\t\t\t\t\t\t\t<div class=\"fs-wysiwyg\">\n\t\t\t\t\t\t<p>Mit Novotel und Swiss\u00f4tel gibt Ihnen <strong>ALL \u2013 Accor Live Limitless <\/strong>f\u00fcr Ihre Gesch\u00e4ftsveranstaltungen die Wahl zwischen <strong>Modernit\u00e4t und Produktivit\u00e4t<\/strong> auf der einen Seite oder <strong>Raffinesse und Wohlbefinden <\/strong>auf der anderen. Jede Marke hat ihre unverkennbaren Charakteristika, um Ihren B2B-Bed\u00fcrfnissen gerecht zu werden. Kontaktieren Sie unsere Teams, um Ihre n\u00e4chste Veranstaltung zu planen und erleben Sie mit Ihren Kunden, Partnern oder Mitarbeitenden unvergessliche Gastfreundschaft.<\/p>\n\t\t\t\t\t<\/div>\n\t\t\t\t\t\t\t\t\t<\/div>\n\t\t\t<\/div>    \n\t\t\t    \n\t\t\t<div class=\"col-lg-6 order-first order-lg-last mb-7 mb-lg-0\">\n\t\t\t\t<img decoding=\"async\" src=\"https:\/\/www.myallmeeting.com\/wp-content\/uploads\/2025\/01\/aja_p_7139-42__original-953x600.jpeg\" width=\"953\" height=\"600\" alt=\"swiss\u00f4tel\" loading=\"lazy\" class=\"w-100\" \/>\n\t\t\t<\/div>\n\t\t\t\t\t<\/div>\n\t<\/div>\n<\/div>\n<!-- END OF : Composant : block-periscope-theme-section-composant-33-texte-image.php -->\n","protected":false},"excerpt":{"rendered":"<p>Ob Sie einen modernen, einladenden Rahmen oder zeitlose Eleganz suchen, die Marken Novotel und Swiss\u00f4tel haben sich als unumg\u00e4ngliche Referenzen f\u00fcr Ihre B2B-Veranstaltungen etabliert. <\/p>\n","protected":false},"featured_media":17835153,"menu_order":0,"template":"","periscope_categorie_tax":[],"class_list":["post-18645354","article","type-article","status-publish","has-post-thumbnail","hentry"],"acf":[],"yoast_head":"<title>Novotel oder Swiss\u00f4tel? Zwischen Modernit\u00e4t und Raffinesse: Welchen Stil sollten Sie f\u00fcr Ihre B2B-Veranstaltungen w\u00e4hlen? - Accor MyAllMeeting.com<\/title>\n<meta name=\"description\" content=\"Entdecken Sie die Marken Novotel und Swiss\u00f4tel f\u00fcr die Organisation von Gesch\u00e4ftsveranstaltungen von einfachen Meetings bis hin zu Tagungen.\" \/>\n<meta name=\"robots\" content=\"index, follow, max-snippet:-1, max-image-preview:large, max-video-preview:-1\" \/>\n<link rel=\"canonical\" href=\"https:\/\/www.myallmeeting.com\/de\/wp-json\/wp\/v2\/article\/18645354\" \/>\n<meta property=\"og:locale\" content=\"de_DE\" \/>\n<meta property=\"og:type\" content=\"article\" \/>\n<meta property=\"og:title\" content=\"Novotel oder Swiss\u00f4tel? Zwischen Modernit\u00e4t und Raffinesse: Welchen Stil sollten Sie f\u00fcr Ihre B2B-Veranstaltungen w\u00e4hlen? - Accor MyAllMeeting.com\" \/>\n<meta property=\"og:description\" content=\"Entdecken Sie die Marken Novotel und Swiss\u00f4tel f\u00fcr die Organisation von Gesch\u00e4ftsveranstaltungen von einfachen Meetings bis hin zu Tagungen.\" \/>\n<meta property=\"og:url\" content=\"https:\/\/www.myallmeeting.com\/de\/article\/novotel-oder-swissotel-zwischen-modernitat-und-raffinesse-welchen-stil-sollten-sie-fur-ihre-b2b-veranstaltungen-wahlen\/\" \/>\n<meta property=\"og:site_name\" content=\"Accor MyAllMeeting.com\" \/>\n<meta property=\"article:modified_time\" content=\"2025-03-21T16:22:44+00:00\" \/>\n<meta property=\"og:image\" content=\"http:\/\/myallmeeting.com\/wp-content\/uploads\/2025\/01\/MAM-baner-1920x570-2025-01-10T164627.151-1024x304.png\" \/>\n\t<meta property=\"og:image:width\" content=\"1024\" \/>\n\t<meta property=\"og:image:height\" content=\"304\" \/>\n\t<meta property=\"og:image:type\" content=\"image\/png\" \/>\n<meta name=\"twitter:card\" content=\"summary_large_image\" \/>\n<meta name=\"twitter:label1\" content=\"Est. reading time\" \/>\n\t<meta name=\"twitter:data1\" content=\"9 minutes\" \/>\n<script type=\"application\/ld+json\" class=\"yoast-schema-graph\">{\"@context\":\"https:\/\/schema.org\",\"@graph\":[{\"@type\":\"WebPage\",\"@id\":\"https:\/\/www.myallmeeting.com\/de\/article\/novotel-oder-swissotel-zwischen-modernitat-und-raffinesse-welchen-stil-sollten-sie-fur-ihre-b2b-veranstaltungen-wahlen\/\",\"url\":\"https:\/\/www.myallmeeting.com\/de\/article\/novotel-oder-swissotel-zwischen-modernitat-und-raffinesse-welchen-stil-sollten-sie-fur-ihre-b2b-veranstaltungen-wahlen\/\",\"name\":\"Novotel oder Swiss\u00f4tel? Zwischen Modernit\u00e4t und Raffinesse: Welchen Stil sollten Sie f\u00fcr Ihre B2B-Veranstaltungen w\u00e4hlen? - Accor MyAllMeeting.com\",\"isPartOf\":{\"@id\":\"https:\/\/www.myallmeeting.com\/de\/#website\"},\"primaryImageOfPage\":{\"@id\":\"https:\/\/www.myallmeeting.com\/de\/article\/novotel-oder-swissotel-zwischen-modernitat-und-raffinesse-welchen-stil-sollten-sie-fur-ihre-b2b-veranstaltungen-wahlen\/#primaryimage\"},\"image\":{\"@id\":\"https:\/\/www.myallmeeting.com\/de\/article\/novotel-oder-swissotel-zwischen-modernitat-und-raffinesse-welchen-stil-sollten-sie-fur-ihre-b2b-veranstaltungen-wahlen\/#primaryimage\"},\"thumbnailUrl\":\"https:\/\/www.myallmeeting.com\/wp-content\/uploads\/2025\/01\/MAM-baner-1920x570-2025-01-10T164627.151.png\",\"datePublished\":\"2025-03-21T11:48:23+00:00\",\"dateModified\":\"2025-03-21T16:22:44+00:00\",\"description\":\"Entdecken Sie die Marken Novotel und Swiss\u00f4tel f\u00fcr die Organisation von Gesch\u00e4ftsveranstaltungen von einfachen Meetings bis hin zu Tagungen.\",\"breadcrumb\":{\"@id\":\"https:\/\/www.myallmeeting.com\/de\/article\/novotel-oder-swissotel-zwischen-modernitat-und-raffinesse-welchen-stil-sollten-sie-fur-ihre-b2b-veranstaltungen-wahlen\/#breadcrumb\"},\"inLanguage\":\"de-DE\",\"potentialAction\":[{\"@type\":\"ReadAction\",\"target\":[\"https:\/\/www.myallmeeting.com\/de\/article\/novotel-oder-swissotel-zwischen-modernitat-und-raffinesse-welchen-stil-sollten-sie-fur-ihre-b2b-veranstaltungen-wahlen\/\"]}]},{\"@type\":\"ImageObject\",\"inLanguage\":\"de-DE\",\"@id\":\"https:\/\/www.myallmeeting.com\/de\/article\/novotel-oder-swissotel-zwischen-modernitat-und-raffinesse-welchen-stil-sollten-sie-fur-ihre-b2b-veranstaltungen-wahlen\/#primaryimage\",\"url\":\"https:\/\/www.myallmeeting.com\/wp-content\/uploads\/2025\/01\/MAM-baner-1920x570-2025-01-10T164627.151.png\",\"contentUrl\":\"https:\/\/www.myallmeeting.com\/wp-content\/uploads\/2025\/01\/MAM-baner-1920x570-2025-01-10T164627.151.png\",\"width\":1920,\"height\":570},{\"@type\":\"BreadcrumbList\",\"@id\":\"https:\/\/www.myallmeeting.com\/de\/article\/novotel-oder-swissotel-zwischen-modernitat-und-raffinesse-welchen-stil-sollten-sie-fur-ihre-b2b-veranstaltungen-wahlen\/#breadcrumb\",\"itemListElement\":[{\"@type\":\"ListItem\",\"position\":1,\"name\":\"Homepage\",\"item\":\"https:\/\/myallmeeting.com\/de\/\"},{\"@type\":\"ListItem\",\"position\":2,\"name\":\"Aktuelles\",\"item\":\"https:\/\/www.myallmeeting.com\/de\/aktuelles\/\"},{\"@type\":\"ListItem\",\"position\":3,\"name\":\"Novotel oder Swiss\u00f4tel? Zwischen Modernit\u00e4t und Raffinesse: Welchen Stil sollten Sie f\u00fcr Ihre B2B-Veranstaltungen w\u00e4hlen?\"}]},{\"@type\":\"WebSite\",\"@id\":\"https:\/\/www.myallmeeting.com\/de\/#website\",\"url\":\"https:\/\/www.myallmeeting.com\/de\/\",\"name\":\"Accor MyAllMeeting.com\",\"description\":\"Les Meilleurs lieux pour vos Ev\u00e9nements Professionnels\",\"publisher\":{\"@id\":\"https:\/\/www.myallmeeting.com\/de\/#organization\"},\"potentialAction\":[{\"@type\":\"SearchAction\",\"target\":{\"@type\":\"EntryPoint\",\"urlTemplate\":\"https:\/\/www.myallmeeting.com\/de\/?s={search_term_string}\"},\"query-input\":{\"@type\":\"PropertyValueSpecification\",\"valueRequired\":true,\"valueName\":\"search_term_string\"}}],\"inLanguage\":\"de-DE\"},{\"@type\":\"Organization\",\"@id\":\"https:\/\/www.myallmeeting.com\/de\/#organization\",\"name\":\"ACCOR\",\"url\":\"https:\/\/www.myallmeeting.com\/de\/\",\"logo\":{\"@type\":\"ImageObject\",\"inLanguage\":\"de-DE\",\"@id\":\"https:\/\/www.myallmeeting.com\/de\/#\/schema\/logo\/image\/\",\"url\":\"\",\"contentUrl\":\"\",\"caption\":\"ACCOR\"},\"image\":{\"@id\":\"https:\/\/www.myallmeeting.com\/de\/#\/schema\/logo\/image\/\"}}]}<\/script>","yoast_head_json":{"title":"Novotel oder Swiss\u00f4tel? Zwischen Modernit\u00e4t und Raffinesse: Welchen Stil sollten Sie f\u00fcr Ihre B2B-Veranstaltungen w\u00e4hlen? - Accor MyAllMeeting.com","description":"Entdecken Sie die Marken Novotel und Swiss\u00f4tel f\u00fcr die Organisation von Gesch\u00e4ftsveranstaltungen von einfachen Meetings bis hin zu Tagungen.","robots":{"index":"index","follow":"follow","max-snippet":"max-snippet:-1","max-image-preview":"max-image-preview:large","max-video-preview":"max-video-preview:-1"},"canonical":"https:\/\/www.myallmeeting.com\/de\/wp-json\/wp\/v2\/article\/18645354","og_locale":"de_DE","og_type":"article","og_title":"Novotel oder Swiss\u00f4tel? Zwischen Modernit\u00e4t und Raffinesse: Welchen Stil sollten Sie f\u00fcr Ihre B2B-Veranstaltungen w\u00e4hlen? - Accor MyAllMeeting.com","og_description":"Entdecken Sie die Marken Novotel und Swiss\u00f4tel f\u00fcr die Organisation von Gesch\u00e4ftsveranstaltungen von einfachen Meetings bis hin zu Tagungen.","og_url":"https:\/\/www.myallmeeting.com\/de\/article\/novotel-oder-swissotel-zwischen-modernitat-und-raffinesse-welchen-stil-sollten-sie-fur-ihre-b2b-veranstaltungen-wahlen\/","og_site_name":"Accor MyAllMeeting.com","article_modified_time":"2025-03-21T16:22:44+00:00","og_image":[{"width":1024,"height":304,"url":"http:\/\/myallmeeting.com\/wp-content\/uploads\/2025\/01\/MAM-baner-1920x570-2025-01-10T164627.151-1024x304.png","type":"image\/png"}],"twitter_card":"summary_large_image","twitter_misc":{"Est. reading time":"9 minutes"},"schema":{"@context":"https:\/\/schema.org","@graph":[{"@type":"WebPage","@id":"https:\/\/www.myallmeeting.com\/de\/article\/novotel-oder-swissotel-zwischen-modernitat-und-raffinesse-welchen-stil-sollten-sie-fur-ihre-b2b-veranstaltungen-wahlen\/","url":"https:\/\/www.myallmeeting.com\/de\/article\/novotel-oder-swissotel-zwischen-modernitat-und-raffinesse-welchen-stil-sollten-sie-fur-ihre-b2b-veranstaltungen-wahlen\/","name":"Novotel oder Swiss\u00f4tel? Zwischen Modernit\u00e4t und Raffinesse: Welchen Stil sollten Sie f\u00fcr Ihre B2B-Veranstaltungen w\u00e4hlen? - Accor MyAllMeeting.com","isPartOf":{"@id":"https:\/\/www.myallmeeting.com\/de\/#website"},"primaryImageOfPage":{"@id":"https:\/\/www.myallmeeting.com\/de\/article\/novotel-oder-swissotel-zwischen-modernitat-und-raffinesse-welchen-stil-sollten-sie-fur-ihre-b2b-veranstaltungen-wahlen\/#primaryimage"},"image":{"@id":"https:\/\/www.myallmeeting.com\/de\/article\/novotel-oder-swissotel-zwischen-modernitat-und-raffinesse-welchen-stil-sollten-sie-fur-ihre-b2b-veranstaltungen-wahlen\/#primaryimage"},"thumbnailUrl":"https:\/\/www.myallmeeting.com\/wp-content\/uploads\/2025\/01\/MAM-baner-1920x570-2025-01-10T164627.151.png","datePublished":"2025-03-21T11:48:23+00:00","dateModified":"2025-03-21T16:22:44+00:00","description":"Entdecken Sie die Marken Novotel und Swiss\u00f4tel f\u00fcr die Organisation von Gesch\u00e4ftsveranstaltungen von einfachen Meetings bis hin zu Tagungen.","breadcrumb":{"@id":"https:\/\/www.myallmeeting.com\/de\/article\/novotel-oder-swissotel-zwischen-modernitat-und-raffinesse-welchen-stil-sollten-sie-fur-ihre-b2b-veranstaltungen-wahlen\/#breadcrumb"},"inLanguage":"de-DE","potentialAction":[{"@type":"ReadAction","target":["https:\/\/www.myallmeeting.com\/de\/article\/novotel-oder-swissotel-zwischen-modernitat-und-raffinesse-welchen-stil-sollten-sie-fur-ihre-b2b-veranstaltungen-wahlen\/"]}]},{"@type":"ImageObject","inLanguage":"de-DE","@id":"https:\/\/www.myallmeeting.com\/de\/article\/novotel-oder-swissotel-zwischen-modernitat-und-raffinesse-welchen-stil-sollten-sie-fur-ihre-b2b-veranstaltungen-wahlen\/#primaryimage","url":"https:\/\/www.myallmeeting.com\/wp-content\/uploads\/2025\/01\/MAM-baner-1920x570-2025-01-10T164627.151.png","contentUrl":"https:\/\/www.myallmeeting.com\/wp-content\/uploads\/2025\/01\/MAM-baner-1920x570-2025-01-10T164627.151.png","width":1920,"height":570},{"@type":"BreadcrumbList","@id":"https:\/\/www.myallmeeting.com\/de\/article\/novotel-oder-swissotel-zwischen-modernitat-und-raffinesse-welchen-stil-sollten-sie-fur-ihre-b2b-veranstaltungen-wahlen\/#breadcrumb","itemListElement":[{"@type":"ListItem","position":1,"name":"Homepage","item":"https:\/\/myallmeeting.com\/de\/"},{"@type":"ListItem","position":2,"name":"Aktuelles","item":"https:\/\/www.myallmeeting.com\/de\/aktuelles\/"},{"@type":"ListItem","position":3,"name":"Novotel oder Swiss\u00f4tel? Zwischen Modernit\u00e4t und Raffinesse: Welchen Stil sollten Sie f\u00fcr Ihre B2B-Veranstaltungen w\u00e4hlen?"}]},{"@type":"WebSite","@id":"https:\/\/www.myallmeeting.com\/de\/#website","url":"https:\/\/www.myallmeeting.com\/de\/","name":"Accor MyAllMeeting.com","description":"Les Meilleurs lieux pour vos Ev\u00e9nements Professionnels","publisher":{"@id":"https:\/\/www.myallmeeting.com\/de\/#organization"},"potentialAction":[{"@type":"SearchAction","target":{"@type":"EntryPoint","urlTemplate":"https:\/\/www.myallmeeting.com\/de\/?s={search_term_string}"},"query-input":{"@type":"PropertyValueSpecification","valueRequired":true,"valueName":"search_term_string"}}],"inLanguage":"de-DE"},{"@type":"Organization","@id":"https:\/\/www.myallmeeting.com\/de\/#organization","name":"ACCOR","url":"https:\/\/www.myallmeeting.com\/de\/","logo":{"@type":"ImageObject","inLanguage":"de-DE","@id":"https:\/\/www.myallmeeting.com\/de\/#\/schema\/logo\/image\/","url":"","contentUrl":"","caption":"ACCOR"},"image":{"@id":"https:\/\/www.myallmeeting.com\/de\/#\/schema\/logo\/image\/"}}]}},"_links":{"self":[{"href":"https:\/\/www.myallmeeting.com\/de\/wp-json\/wp\/v2\/article\/18645354","targetHints":{"allow":["GET"]}}],"collection":[{"href":"https:\/\/www.myallmeeting.com\/de\/wp-json\/wp\/v2\/article"}],"about":[{"href":"https:\/\/www.myallmeeting.com\/de\/wp-json\/wp\/v2\/types\/article"}],"wp:featuredmedia":[{"embeddable":true,"href":"https:\/\/www.myallmeeting.com\/de\/wp-json\/wp\/v2\/media\/17835153"}],"wp:attachment":[{"href":"https:\/\/www.myallmeeting.com\/de\/wp-json\/wp\/v2\/media?parent=18645354"}],"wp:term":[{"taxonomy":"periscope_categorie_tax","embeddable":true,"href":"https:\/\/www.myallmeeting.com\/de\/wp-json\/wp\/v2\/periscope_categorie_tax?post=18645354"}],"curies":[{"name":"wp","href":"https:\/\/api.w.org\/{rel}","templated":true}]}}