{"id":16229989,"date":"2024-08-06T12:29:05","date_gmt":"2024-08-06T10:29:05","guid":{"rendered":"https:\/\/myallmeeting.com\/?post_type=article&#038;p=16229989"},"modified":"2024-08-07T17:03:36","modified_gmt":"2024-08-07T15:03:36","slug":"vue-mer-ou-montagne-pour-votre-evenement-estival","status":"publish","type":"article","link":"https:\/\/www.myallmeeting.com\/de\/article\/vue-mer-ou-montagne-pour-votre-evenement-estival\/","title":{"rendered":"Meer- oder Bergblick f\u00fcr Ihre Sommerveranstaltung?"},"content":{"rendered":"<!-- START OF : Composant : block-periscope-theme-section-composant-25-texte-cta-2-images.php -->\n<div class=\"tcta2ia bg-white fs-wysiwyg mb-lg-12\" data-component=\"25-texte-cta-2-images\">\n\t<div class=\"tcta2ia__top\">\n\t\t<div class=\"container-fluid\" style=\"--bs-gutter-x: 0\">\n\t\t\t<div class=\"row\" style=\"--bs-gutter-x: 0\">\n\t\t\t\t<div class=\"col-lg-8\">\n\t\t\t\t\t\t\t\t\t\t<div class=\"bloc-mise-en-avant__top__left\">\n\t\t\t\t\t\t<img decoding=\"async\" src=\"https:\/\/www.myallmeeting.com\/wp-content\/uploads\/2024\/07\/mountain-1268x846.jpg\" class=\"pe-2 pe-lg-0\" width=\"1268\" height=\"846\" alt=\"\" loading=\"lazy\" \/>\n\t\t\t\t\t<\/div>\n\t\t\t\t\t\t\t\t\t\t<div class=\"tcta2ia__bottom d-none d-lg-block pb-12 pt-lg-9 pb-lg-0 pe-lg-10\">\n\t\t\t\t\t\t\t\t\t\t\t\t<h2 class=\"fs-20 fs-lg-32 fw-semibold\">Berge vs. Meer: Ein angenehmes Dilemma der Veranstaltungsumgebung<\/h2>\n\t\t\t\t\t\t\t\t\t\t\t\t\t\t\t\t\t\t<div class=\"fs-wysiwyg\"><p>Veranstaltungen in Bergregionen und an K\u00fcsten bieten jeweils einzigartige Vorteile, die unterschiedlichen Veranstaltungszielen und Erwartungen der Teilnehmer gerecht werden. Das Verst\u00e4ndnis dieser gegens\u00e4tzlichen Umgebungen wird Ihnen dabei helfen, die ideale Kulisse auszuw\u00e4hlen, die am besten zu den Zielen Ihrer Veranstaltung passt.<\/p>\n<\/div>\n\t\t\t\t\t\t\t\t\t\t\t\t<div class=\"d-flex flex-column flex-lg-row align-items-center gap-5 gap-lg-8 justify-content-between\">\n\t\t\t\t\t\t\t<div class=\"fs-20 fs-lg-26 fw-semibold lh-xs\"><\/div>\n\t\t\t\t\t\t\t\t\t\t\t\t\t<\/div>\n\t\t\t\t\t<\/div>\n\t\t\t\t<\/div>\n\t\t\t\t<div class=\"col-lg-4\">\n\t\t\t\t\t<div class=\"tcta2ia__top__right t-0 r-0 bg-primary text-white pt-4 pb-4 px-2 pt-lg-8 pb-lg-16 px-lg-11 pb-xl-30\">\n\t\t\t\t\t\t\t\t\t\t\t\t\t\t\t\t\t\t<h2 class=\"unna fs-36 fs-lg-51 fs-xl-75 fs-italic fw-normal text-secondary\">Meer- oder Bergblick f\u00fcr Ihre Sommerveranstaltung?<\/h2>\n\t\t\t\t\t\t\t\t\t\t\t\t\t\t\t\t\t\t<h3 class=\"text-white fs-18 fs-lg-20 fs-xl-28 text-original-case\">Die Sommersaison steht vor der T\u00fcr \u2013 eine Auswahl atemberaubender Kulissen f\u00fcr Ihre n\u00e4chste Veranstaltung<\/h3>\n\t\t\t\t\t\t\t\t\t\t\t\t\t\t\t\t\t\t<div class=\"fs-wysiwyg mb-4 fs-lg-16 fs-xl-20\"><p>Mit der nahenden Sommersaison stehen Management-Fachleute und Veranstaltungsplaner vor der spannenden Aufgabe, zu entscheiden, wo sie ihre bevorstehenden Veranstaltungen und Meetings ausrichten sollen. Accor bietet ein umfangreiches Portfolio in Europa und Nordafrika und pr\u00e4sentiert eine gro\u00dfe Auswahl an atemberaubenden Standorten. Egal, ob Ihnen nun die ruhigen H\u00f6hen der Alpen oder die goldenen K\u00fcsten des Mittelmeers gefallen, lassen Sie uns die Vorteile beider Optionen erkunden, um Ihnen die Entscheidung zu erleichtern.<\/p>\n<\/div>\n\t\t\t\t\t\t\t\t\t\t\t\t\t\t\t\t\t\t\t\t\t\t\t\t<p class=\"m-0\"><img decoding=\"async\" src=\"https:\/\/www.myallmeeting.com\/wp-content\/uploads\/2024\/07\/Mercure-Monte-Igueldo-2-633x398.jpg\" class=\"position-relative l-0\" width=\"633\" height=\"398\" alt=\"\" loading=\"lazy\" \/><\/p>\n\t\t\t\t\t\t\t\t\t\t\t<\/div>\n\t\t\t\t<\/div>\n\t\t\t<\/div>\n\t\t<\/div>\n\t<\/div>\n\t<div class=\"tcta2ia__bottom d-lg-none pb-12 py-lg-9 pe-lg-10\">\n\t\t\t\t<div class=\"h2 fs-20 fs-lg-32 fw-semibold\">Berge vs. Meer: Ein angenehmes Dilemma der Veranstaltungsumgebung<\/div>\n\t\t\t\t\t\t<div class=\"fs-wysiwyg\"><p>Veranstaltungen in Bergregionen und an K\u00fcsten bieten jeweils einzigartige Vorteile, die unterschiedlichen Veranstaltungszielen und Erwartungen der Teilnehmer gerecht werden. Das Verst\u00e4ndnis dieser gegens\u00e4tzlichen Umgebungen wird Ihnen dabei helfen, die ideale Kulisse auszuw\u00e4hlen, die am besten zu den Zielen Ihrer Veranstaltung passt.<\/p>\n<\/div>\n\t\t\t\t<div class=\"d-flex flex-column flex-lg-row align-items-center gap-5 gap-lg-8 justify-content-between\">\n\t\t\t<div class=\"fs-20 fs-lg-26 fw-semibold lh-xs\"><\/div>\n\t\t\t\t\t<\/div>\n\t<\/div>\n<\/div>\n<!-- END OF : Composant : block-periscope-theme-section-composant-25-texte-cta-2-images.php -->\n\n\n<!-- START OF : Composant : block-periscope-theme-section-composant-33-texte-image.php -->\n<div class=\"text-image fs-wysiwyg mb-8 mb-lg-12\" data-component=\"33-texte-image\">\n\t<div class=\"container-fluid\" style=\"--bs-gutter-x: 0\">\n\t\t<div class=\"row\" style=\"--bs-gutter-x: 0\">\n\t\t\t\t\t\t<div class=\"col-lg-6 mb-7 mb-lg-0\">\n\t\t\t\t<img decoding=\"async\" src=\"https:\/\/www.myallmeeting.com\/wp-content\/uploads\/2024\/07\/mountain-2-953x600.jpg\" width=\"953\" height=\"600\" alt=\"\" loading=\"lazy\" class=\"w-100\" \/>\n\t\t\t<\/div>\n\t\t\t\t\t\t<div class=\"col-lg-6\">\n\t\t\t\t<div class=\"text-image__content\">\n\t\t\t\t\t\t\t\t\t\t<div class=\"fw-semibold lh-xs fs-20 fs-lg-32 ls--25 mb-5\">Inspiration in den Gipfeln<\/div>\n\t\t\t\t\t\t\t\t\t\t\t\t\t\t\t<div class=\"fs-wysiwyg\">\n\t\t\t\t\t\t<p>Atmen Sie die frische Luft ein und tanken Sie neue Energie, w\u00e4hrend Sie au\u00dfergew\u00f6hnliche Landschaften bewundern. Hier sind drei wichtige Vorteile der Wahl von Bergstandorten:<\/p>\n<ol>\n<li><strong>Ruhe und Konzentration:<\/strong> Bergorte bieten eine ruhige, ablenkungsfreie Umgebung, die ideal f\u00fcr Konzentration und Produktivit\u00e4t ist. Die nat\u00fcrliche Sch\u00f6nheit der Umgebung f\u00f6rdert Kreativit\u00e4t und Inspiration und ist daher perfekt f\u00fcr strategische Meetings und Brainstorming-Sitzungen.<\/li>\n<li><strong>Abenteuer und Teambuilding:<\/strong> Berggel\u00e4nde bietet M\u00f6glichkeiten f\u00fcr Outdoor-Aktivit\u00e4ten wie Wandern, Skifahren und Mountainbiken. Die Integration dieser Aktivit\u00e4ten in Ihre Veranstaltungsagenda kann f\u00fcr unterhaltsame Teambuilding-Erlebnisse sorgen und die Moral st\u00e4rken.<\/li>\n<li><strong>Atemberaubende Aussichten:<\/strong> Mit ihren Panoramablicken bieten Bergorte eine spektakul\u00e4re Kulisse f\u00fcr jede Veranstaltung und gro\u00dfartige M\u00f6glichkeiten f\u00fcr beeindruckende Teamfotos.<\/li>\n<\/ol>\n\t\t\t\t\t<\/div>\n\t\t\t\t\t\t\t\t\t<\/div>\n\t\t\t<\/div>        \n\t\t<\/div>\n\t<\/div>\n<\/div>\n<!-- END OF : Composant : block-periscope-theme-section-composant-33-texte-image.php -->\n\n\n<!-- START OF : Composant : block-periscope-theme-section-composant-34-texte-image-slider.php -->\n<!-- INVERSE -->\n<div class=\"text-image-slider fs-wysiwyg mb-8 mb-lg-12\" data-component=\"34-texte-image-slider\" data-reverse=\"oui\">\n<div class=\"container-fluid\" style=\"--bs-gutter-x: 0\">\n\t\t<div class=\"row\" style=\"--bs-gutter-x: 0\">\n\t\t\t<div class=\"col-lg-6\">\n\t\t\t\t<div class=\"text-image-slider__content mb-7 mb-lg-0\">\n\t\t\t\t\t\t\t\t\t\t<div class=\"fw-semibold lh-xs fs-20 fs-lg-32 ls--25 mb-5\">Accor Hotels mit Bergblick und Tagungsr\u00e4umen :<\/div>\n\t\t\t\t\t\t\t\t\t\t\t\t\t\t\t<div class=\"fs-wysiwyg\">\n\t\t\t\t\t\t<p><strong><a href=\"https:\/\/myallmeeting.com\/de\/hotel\/b803-mercure-peyragudes-loudenvielle-pyrenees\/\">Mercure Peyragudes Loudenvielle Pyrenees<\/a> (Frankreich)<\/strong><\/p>\n<ul>\n<li><strong>Eine Oase in den Pyren\u00e4en:<\/strong> Dieses 4-Sterne-Hotel begr\u00fc\u00dft Sie ideal gelegen im Dorf Loudenvielle und verbindet rustikalen Charme mit modernen Annehmlichkeiten. Genie\u00dfen Sie einen beheizten Pool mit Bergblick, einen gem\u00fctlichen Kamin und ein Restaurant, das frische, saisonale Produkte serviert. Das Hotel bietet einen atemberaubenden Bergblick sowie einen direkten Zugang zu Intersport-Verleihen und der SKYVALL-Seilbahn. Diese Location mit mehreren Tagungsr\u00e4umen mit herrlichem Bergblick wird Sie mit Sicherheit beeindrucken.<\/li>\n<\/ul>\n<p><strong><a href=\"https:\/\/myallmeeting.com\/de\/hotel\/0371-hotel-mercure-andorra\/\">Mercure Andorra Hotel<\/a> (Andorra)<\/strong><\/p>\n<ul>\n<li><strong>Das Herz von Andorra:<\/strong> Dieses 4-Sterne-Resort in Andorra la Vella inmitten der Pyren\u00e4en eignet sich perfekt zum Skifahren, Wandern, Radfahren und f\u00fcr kulturelle Aktivit\u00e4ten &#8211; allesamt gro\u00dfartige M\u00f6glichkeiten f\u00fcr Teambuilding. Es gibt auch zwei Pools, ein Hamam, eine Sauna und einen Whirlpool, wo Sie nach einem langen Tag entspannen k\u00f6nnen. Zudem stehen Ihnen drei ger\u00e4umige Tagungsr\u00e4ume, die all Ihren gesch\u00e4ftlichen Anforderungen gerecht werden, zur Verf\u00fcgung.<\/li>\n<\/ul>\n<p><strong><a href=\"https:\/\/myallmeeting.com\/de\/hotel\/9076-hotel-mercure-krynica-zdroj-resort-spa\/\">Hotel Mercure Krynica Zdroj Resort &amp; Spa<\/a> (Polen)<\/strong><\/p>\n<ul>\n<li><strong>Polnische Oase:<\/strong> Erleben Sie authentische polnische Gastfreundschaft in diesem 4-Sterne-Hotel in der malerischen Berglandschaft von Krynica-Zdr\u00f3j, nur 500 m vom Stadtzentrum entfernt. In der N\u00e4he erreichen Sie zudem Wander- und Radwege sowie Skipisten, was es ideal f\u00fcr Gesch\u00e4fts- und Urlaubsreisende macht. Das Hotel bietet komfortable, ger\u00e4umige Zimmer, voll ausgestattete Tagungsr\u00e4ume f\u00fcr Ihr perfektes Meeting in den Bergen und ein gehobenes Restaurant, in dem Sie abends mit Ihren Kollegen entspannen k\u00f6nnen.<\/li>\n<\/ul>\n<p><strong><a href=\"https:\/\/myallmeeting.com\/de\/hotel\/b5i0-novotel-megeve-mont-blanc\/\">Novotel Meg\u00e8ve Mont-Blanc Hotel<\/a> (Frankreich)<\/strong><\/p>\n<ul>\n<li><strong>Charmanter Chalet-Kurzurlaub:<\/strong> Dieses moderne 4-Sterne-Chalet in der N\u00e4he der Skipisten des Mont Blanc und des Zentrums von Meg\u00e8ve bietet einen einfachen Zugang zu Gesch\u00e4ften, Restaurants und Aktivit\u00e4ten. Genie\u00dfen Sie Rabatte auf Skiausr\u00fcstung und einen Shuttleservice zu den Pisten. Ihnen stehen vier Tagungsr\u00e4ume zur Auswahl, und Sie k\u00f6nnen nach einem Tag voller Meetings im ruhigen Spa- und Balneotherapiebereich des Chalets entspannen.<\/li>\n<\/ul>\n<p><strong><a href=\"https:\/\/myallmeeting.com\/de\/hotel\/2940-mercure-hotel-garmisch-partenkirchen\/\">Mercure Hotel Garmisch-Partenkirchen<\/a> (Deutschland)<\/strong><\/p>\n<p><strong>Bayerischer Panoramablick:<\/strong> Dieses 4-Sterne-Hotel am Fu\u00dfe der Zugspitze, inmitten malerischer Seen, bietet sieben Tagungsr\u00e4ume, ein Rhetorikstudio sowie einen Freizeitbereich mit einem Pool, einem Fitnessraum und einer Sauna. Genie\u00dfen Sie die nahe gelegenen Wanderwege, Skigebiete und den Partnachklamm. Das Hotel verf\u00fcgt au\u00dferdem \u00fcber einen entspannten Biergarten mit Alpenblick und ein klassisches bayerisches Biergartenrestaurant, um mit Ihren Kollegen auf ein erfolgreiches Meeting anzusto\u00dfen.<\/p>\n\t\t\t\t\t<\/div>\n\t\t\t\t\t\t\t\t\t<\/div>\n\t\t\t\t\t\t\t\t<div class=\"text-center d-lg-none px-8\">\n\t\t\t\t\t<!-- M\u00eame image -->\n\t\t\t\t\t<img decoding=\"async\" src=\"https:\/\/www.myallmeeting.com\/wp-content\/uploads\/2024\/08\/Mercure-Loudenvielle-Pyrenees-Peyragudes-1-633x398.jpg\" width=\"633\" height=\"398\" alt=\"\" loading=\"lazy\">\n\t\t\t\t<\/div>\n\t\t\t\t\t\t\t<\/div>        \n\t\t\t<div class=\"col-lg-6 order-first order-lg-last\">\n\t\t\t\t<div class=\"text-image-slider__slider mb-7 mb-lg-12\">\n\t\t\t\t\t\t\t\t\t\t<div class=\"splide\">\n\t\t\t\t\t\t<div class=\"splide__track\">\n\t\t\t\t\t\t\t<div class=\"splide__list\">\n\t\t\t\t\t\t\t\t\t\t\t\t\t\t\t\t<div class=\"splide__slide\">\n\t\t\t\t\t\t\t\t\t<img decoding=\"async\" src=\"https:\/\/www.myallmeeting.com\/wp-content\/uploads\/2024\/07\/MAM-imagery-slider-952x600-14.png\" width=\"953\" height=\"600\" alt=\"\" loading=\"lazy\">\n\t\t\t\t\t\t\t\t<\/div>\n\t\t\t\t\t\t\t\t\t\t\t\t\t\t\t\t\t\t\t\t\t\t\t\t\t<div class=\"splide__slide\">\n\t\t\t\t\t\t\t\t\t<img decoding=\"async\" src=\"https:\/\/www.myallmeeting.com\/wp-content\/uploads\/2024\/07\/MAM-imagery-slider-952x600-15.png\" width=\"953\" height=\"600\" alt=\"\" loading=\"lazy\">\n\t\t\t\t\t\t\t\t<\/div>\n\t\t\t\t\t\t\t\t\t\t\t\t\t\t\t\t\t\t\t\t\t\t\t\t\t<div class=\"splide__slide\">\n\t\t\t\t\t\t\t\t\t<img decoding=\"async\" src=\"https:\/\/www.myallmeeting.com\/wp-content\/uploads\/2024\/07\/MAM-imagery-slider-952x600-16.png\" width=\"953\" height=\"600\" alt=\"\" loading=\"lazy\">\n\t\t\t\t\t\t\t\t<\/div>\n\t\t\t\t\t\t\t\t\t\t\t\t\t\t\t\t\t\t\t\t\t\t\t\t\t<div class=\"splide__slide\">\n\t\t\t\t\t\t\t\t\t<img decoding=\"async\" src=\"https:\/\/www.myallmeeting.com\/wp-content\/uploads\/2024\/07\/MAM-imagery-slider-952x600-17.png\" width=\"953\" height=\"600\" alt=\"\" loading=\"lazy\">\n\t\t\t\t\t\t\t\t<\/div>\n\t\t\t\t\t\t\t\t\t\t\t\t\t\t\t\t\t\t\t\t\t\t\t\t\t<div class=\"splide__slide\">\n\t\t\t\t\t\t\t\t\t<img decoding=\"async\" src=\"https:\/\/www.myallmeeting.com\/wp-content\/uploads\/2024\/07\/MAM-imagery-slider-952x600-18.png\" width=\"953\" height=\"600\" alt=\"\" loading=\"lazy\">\n\t\t\t\t\t\t\t\t<\/div>\n\t\t\t\t\t\t\t\t\t\t\t\t\t\t\t\t\t\t\t\t\t\t\t\t<\/div>\n\t\t\t\t\t\t<\/div>\n\t\t\t\t\t\t<div class=\"splide__arrows d-none d-lg-block\">\n\t\t\t\t\t\t\t<button class=\"splide__arrow splide__arrow--prev px-lg-3 py-lg-4 px-xl-4 py-xl-5 px-xxl-5 py-xxl-7 position-absolute l-0 bg-white border-0\">\n\t\t\t\t\t\t\t\t<svg width=\"14\" height=\"27\" aria-hidden=\"true\">\n\t\t\t\t\t\t\t\t\t<use xlink:href=\"https:\/\/www.myallmeeting.com\/wp-content\/themes\/accor\/assets\/images\/sprite.svg#slider-prev\"><\/use>\n\t\t\t\t\t\t\t\t<\/svg>\n\t\t\t\t\t\t\t<\/button>\n\t\t\t\t\t\t\t<button class=\"splide__arrow splide__arrow--next px-lg-3 py-lg-4 px-xl-4 py-xl-5 px-xxl-5 py-xxl-7 position-absolute r-0 bg-white border-0\">\n\t\t\t\t\t\t\t\t<svg width=\"14\" height=\"27\" aria-hidden=\"true\">\n\t\t\t\t\t\t\t\t\t<use xlink:href=\"https:\/\/www.myallmeeting.com\/wp-content\/themes\/accor\/assets\/images\/sprite.svg#slider-prev\"><\/use>\n\t\t\t\t\t\t\t\t<\/svg>\n\t\t\t\t\t\t\t<\/button>\n\t\t\t\t\t\t<\/div>\n\t\t\t\t\t<\/div>\n\t\t\t\t\t\t\t\t\t<\/div>\n\t\t\t\t\t\t\t\t\t<div class=\"text-image-slider__content d-none d-lg-block\">\n\t\t\t\t\t<!-- M\u00eame image -->\n\t\t\t\t\t<img decoding=\"async\" src=\"https:\/\/www.myallmeeting.com\/wp-content\/uploads\/2024\/08\/Mercure-Loudenvielle-Pyrenees-Peyragudes-1-633x398.jpg\" width=\"633\" height=\"398\" alt=\"\" loading=\"lazy\">\n\t\t\t\t<\/div>\n\t\t\t\t\t\t\t<\/div>\n\t\t<\/div>\n\t<\/div>\n<\/div>\n<!-- END OF : Composant : block-periscope-theme-section-composant-34-texte-image-slider.php -->\n\n\n<!-- START OF : Composant : block-periscope-theme-section-composant-33-texte-image.php -->\n<div class=\"text-image fs-wysiwyg mb-8 mb-lg-12\" data-component=\"33-texte-image\">\n\t<div class=\"container-fluid\" style=\"--bs-gutter-x: 0\">\n\t\t<div class=\"row\" style=\"--bs-gutter-x: 0\">\n\t\t\t\t\t\t<div class=\"col-lg-6 mb-7 mb-lg-0\">\n\t\t\t\t<img decoding=\"async\" src=\"https:\/\/www.myallmeeting.com\/wp-content\/uploads\/2024\/07\/Novotel-Thalassa-Le-Touquet-1-953x600.jpg\" width=\"953\" height=\"600\" alt=\"\" loading=\"lazy\" class=\"w-100\" \/>\n\t\t\t<\/div>\n\t\t\t\t\t\t<div class=\"col-lg-6\">\n\t\t\t\t<div class=\"text-image__content\">\n\t\t\t\t\t\t\t\t\t\t<div class=\"fw-semibold lh-xs fs-20 fs-lg-32 ls--25 mb-5\">Ruhe an der K\u00fcste<\/div>\n\t\t\t\t\t\t\t\t\t\t\t\t\t\t\t<div class=\"fs-wysiwyg\">\n\t\t\t\t\t\t<p>Atmen Sie die salzige Meeresluft ein und lassen Sie uns drei wichtige Vorteile der Wahl von Standorten am Meer hervorheben:<\/p>\n<ol>\n<li><strong>Entspannung und Erholung:<\/strong> K\u00fcstenorte sind von Natur aus entspannend. Das beruhigende Ger\u00e4usch der Wellen und die sanfte Meeresbrise schaffen eine perfekte Umgebung zum Entspannen und Stressabbau und eignen sich somit ideal f\u00fcr Retreats und Veranstaltungen mit dem Schwerpunkt Wellness.<\/li>\n<li><strong>Lebendige Atmosph\u00e4re:<\/strong> K\u00fcstenorte wie die franz\u00f6sische Riviera oder die marokkanische K\u00fcste strotzen oft vor Energie. Ihre reiche Kultur, k\u00f6stliche K\u00fcche und ihr pulsierendes Nachtleben k\u00f6nnen Ihrer Veranstaltung einen zus\u00e4tzlichen Kick verleihen, und die Teilnehmer k\u00f6nnen in ihrer Freizeit viel entdecken.<\/li>\n<li><strong>Wasseraktivit\u00e4ten und Freizeitgestaltung:<\/strong> Die Einbeziehung von Wasseraktivit\u00e4ten wie Segeln, Schnorcheln oder Spiele am Strand in das Programm kann gro\u00dfartige Teambuilding-Erlebnisse bieten und bleibende Erinnerungen schaffen.<\/li>\n<\/ol>\n\t\t\t\t\t<\/div>\n\t\t\t\t\t\t\t\t\t<\/div>\n\t\t\t<\/div>        \n\t\t<\/div>\n\t<\/div>\n<\/div>\n<!-- END OF : Composant : block-periscope-theme-section-composant-33-texte-image.php -->\n\n\n<!-- START OF : Composant : block-periscope-theme-section-composant-34-texte-image-slider.php -->\n<!-- INVERSE -->\n<div class=\"text-image-slider fs-wysiwyg mb-8 mb-lg-12\" data-component=\"34-texte-image-slider\" data-reverse=\"oui\">\n<div class=\"container-fluid\" style=\"--bs-gutter-x: 0\">\n\t\t<div class=\"row\" style=\"--bs-gutter-x: 0\">\n\t\t\t<div class=\"col-lg-6\">\n\t\t\t\t<div class=\"text-image-slider__content mb-7 mb-lg-0\">\n\t\t\t\t\t\t\t\t\t\t<div class=\"fw-semibold lh-xs fs-20 fs-lg-32 ls--25 mb-5\">Accor Hotels mit Meerblick und Tagungsr\u00e4umen :<\/div>\n\t\t\t\t\t\t\t\t\t\t\t\t\t\t\t<div class=\"fs-wysiwyg\">\n\t\t\t\t\t\t<p><strong><a href=\"https:\/\/myallmeeting.com\/de\/hotel\/1987-mercure-san-sebastian-monte-igueldo\/\">Mercure San Sebasti\u00e1n Monte Igueldo<\/a> (Spanien)<\/strong><\/p>\n<ul>\n<li><strong>Baskisches Gl\u00fcck:<\/strong> Dieses Hotel auf dem Berg Igueldo bietet einen atemberaubenden Panoramablick auf das Meer und die Bucht von La Concha &#8211; perfekt f\u00fcr K\u00fcstenfoto-Hintergr\u00fcnde. Es verf\u00fcgt \u00fcber einen Au\u00dfenpool, mehrere Tagungsr\u00e4ume und ein Restaurant mit baskischer K\u00fcche. Nach dem Arbeitstag erreichen Sie das Stadtzentrum bequem mit einer historischen Eisenbahn, um die wundersch\u00f6nen Str\u00e4nde von San Sebasti\u00e1n und die ber\u00fchmte Pintxo-K\u00fcche zu erkunden.<\/li>\n<\/ul>\n<p><strong><a href=\"https:\/\/myallmeeting.com\/de\/hotel\/1971-mercure-villa-romanazzi-carducci-bari\/\">Mercure Villa Romanazzi Carducci Bari<\/a> (Italien)<\/strong><\/p>\n<ul>\n<li><strong>Sch\u00f6nes Bari:<\/strong> Dieses Hotel begr\u00fc\u00dft Sie nur 500 m vom Stadtzentrum entfernt mit einem atemberaubenden Blick auf die K\u00fcste. Es bietet 20 kolossale Veranstaltungsr\u00e4ume f\u00fcr jeden Anlass, ein Fitnessstudio, ein Spa und das k\u00f6stliche Ristorante Carducci, das Sie am Ende des Tages mit Ihren Kollegen genie\u00dfen k\u00f6nnen. Es ist vom Flughafen aus leicht zu erreichen und liegt in der N\u00e4he historischer Sehensw\u00fcrdigkeiten; es ist also eine gute Wahl f\u00fcr eine Gesch\u00e4ftsreise ans Meer.<\/li>\n<\/ul>\n<p><strong><a href=\"https:\/\/myallmeeting.com\/de\/hotel\/b4t5-movenpick-hotel-the-hague\/\">M\u00f6venpick Hotel Den Haag<\/a> (Niederlande)<\/strong><\/p>\n<ul>\n<li><strong>Holl\u00e4ndische Freude: <\/strong>Dieses Green-Globe-zertifizierte Hotel begr\u00fc\u00dft Sie in erstklassiger Lage in der N\u00e4he der wichtigsten Sehensw\u00fcrdigkeiten und der Str\u00e4nde, die f\u00fcr Entspannung sorgen. Es bietet 72 moderne Zimmer, ger\u00e4umige Badezimmer mit ebenerdigen Regenduschen, ein Fitnessstudio und drei multifunktionale Tagungsr\u00e4ume, die sich perfekt f\u00fcr alle Ihre Gesch\u00e4fts- und Freizeitbed\u00fcrfnisse eignen.<span>\n<p><\/span><\/li>\n<\/ul>\n<p><strong><a href=\"https:\/\/myallmeeting.com\/de\/hotel\/3040-pullman-timi-ama-sardegna\/\">Pullman Almar Timi Ama Resort &amp; Spa<\/a> (Italien)<\/strong><\/p>\n<ul>\n<li><strong>Bezaubernder Zufluchtsort am Tyrrhenischen Meer:<\/strong> Dieses 5-Sterne-Hotel im S\u00fcdosten Sardiniens \u00fcberblickt die Bucht von Porto Giunco \u200b\u200bund bietet gro\u00dfartige M\u00f6glichkeiten f\u00fcr Teamfotos. Je nachdem, wie viele Personen an Ihrem Meeting teilnehmen, stehen Ihnen vier wundersch\u00f6ne Konferenzr\u00e4ume zur Auswahl. Au\u00dferdem gibt es ein Meeres-Spa, einen Golfplatz sowie verschiedene Outdoor-Aktivit\u00e4ten und Wassersportarten in der N\u00e4he, die zahlreiche M\u00f6glichkeiten f\u00fcr Teambuilding bieten.<\/li>\n<\/ul>\n<p><strong><a href=\"https:\/\/myallmeeting.com\/de\/hotel\/0449-novotel-thalassa-le-touquet\/\">Novotel Thalassa Le Touquet<\/a> (Frankreich)<\/strong><\/p>\n<ul>\n<li><strong>Die Perle der Opalk\u00fcste:<\/strong> Genie\u00dfen Sie den Meerblick, so weit das Auge reicht. Mit neun Tagungsr\u00e4umen, einem beheizten Meerwasserpool, einem Fitnessstudio, einem Spa und Thalassotherapie-Behandlungen mit Meerwasser ist dies einer der traumhaftesten Orte f\u00fcr Ihre n\u00e4chste Gesch\u00e4ftsreise. Ihr Team kann nach den Meetings bei einer breiten Palette an Wellness-Aktivit\u00e4ten entspannen oder einen langen Spaziergang am atemberaubenden Strand machen, der nur wenige Schritte entfernt ist.<\/li>\n<\/ul>\n<ul><\/ul>\n\t\t\t\t\t<\/div>\n\t\t\t\t\t\t\t\t\t<\/div>\n\t\t\t\t\t\t\t\t<div class=\"text-center d-lg-none px-8\">\n\t\t\t\t\t<!-- M\u00eame image -->\n\t\t\t\t\t<img decoding=\"async\" src=\"https:\/\/www.myallmeeting.com\/wp-content\/uploads\/2024\/08\/Movenpick-The-Hague-2-633x398.jpg\" width=\"633\" height=\"398\" alt=\"\" loading=\"lazy\">\n\t\t\t\t<\/div>\n\t\t\t\t\t\t\t<\/div>        \n\t\t\t<div class=\"col-lg-6 order-first order-lg-last\">\n\t\t\t\t<div class=\"text-image-slider__slider mb-7 mb-lg-12\">\n\t\t\t\t\t\t\t\t\t\t<div class=\"splide\">\n\t\t\t\t\t\t<div class=\"splide__track\">\n\t\t\t\t\t\t\t<div class=\"splide__list\">\n\t\t\t\t\t\t\t\t\t\t\t\t\t\t\t\t<div class=\"splide__slide\">\n\t\t\t\t\t\t\t\t\t<img decoding=\"async\" src=\"https:\/\/www.myallmeeting.com\/wp-content\/uploads\/2024\/07\/MAM-imagery-slider-952x600-19.png\" width=\"953\" height=\"600\" alt=\"\" loading=\"lazy\">\n\t\t\t\t\t\t\t\t<\/div>\n\t\t\t\t\t\t\t\t\t\t\t\t\t\t\t\t\t\t\t\t\t\t\t\t\t<div class=\"splide__slide\">\n\t\t\t\t\t\t\t\t\t<img decoding=\"async\" src=\"https:\/\/www.myallmeeting.com\/wp-content\/uploads\/2024\/07\/MAM-imagery-slider-952x600-20.png\" width=\"953\" height=\"600\" alt=\"\" loading=\"lazy\">\n\t\t\t\t\t\t\t\t<\/div>\n\t\t\t\t\t\t\t\t\t\t\t\t\t\t\t\t\t\t\t\t\t\t\t\t\t<div class=\"splide__slide\">\n\t\t\t\t\t\t\t\t\t<img decoding=\"async\" src=\"https:\/\/www.myallmeeting.com\/wp-content\/uploads\/2024\/07\/MAM-imagery-slider-952x600-21.png\" width=\"953\" height=\"600\" alt=\"\" loading=\"lazy\">\n\t\t\t\t\t\t\t\t<\/div>\n\t\t\t\t\t\t\t\t\t\t\t\t\t\t\t\t\t\t\t\t\t\t\t\t\t<div class=\"splide__slide\">\n\t\t\t\t\t\t\t\t\t<img decoding=\"async\" src=\"https:\/\/www.myallmeeting.com\/wp-content\/uploads\/2024\/07\/MAM-imagery-slider-952x600-22.png\" width=\"953\" height=\"600\" alt=\"\" loading=\"lazy\">\n\t\t\t\t\t\t\t\t<\/div>\n\t\t\t\t\t\t\t\t\t\t\t\t\t\t\t\t\t\t\t\t\t\t\t\t\t<div class=\"splide__slide\">\n\t\t\t\t\t\t\t\t\t<img decoding=\"async\" src=\"https:\/\/www.myallmeeting.com\/wp-content\/uploads\/2024\/07\/MAM-imagery-slider-952x600-23.png\" width=\"953\" height=\"600\" alt=\"\" loading=\"lazy\">\n\t\t\t\t\t\t\t\t<\/div>\n\t\t\t\t\t\t\t\t\t\t\t\t\t\t\t\t\t\t\t\t\t\t\t\t<\/div>\n\t\t\t\t\t\t<\/div>\n\t\t\t\t\t\t<div class=\"splide__arrows d-none d-lg-block\">\n\t\t\t\t\t\t\t<button class=\"splide__arrow splide__arrow--prev px-lg-3 py-lg-4 px-xl-4 py-xl-5 px-xxl-5 py-xxl-7 position-absolute l-0 bg-white border-0\">\n\t\t\t\t\t\t\t\t<svg width=\"14\" height=\"27\" aria-hidden=\"true\">\n\t\t\t\t\t\t\t\t\t<use xlink:href=\"https:\/\/www.myallmeeting.com\/wp-content\/themes\/accor\/assets\/images\/sprite.svg#slider-prev\"><\/use>\n\t\t\t\t\t\t\t\t<\/svg>\n\t\t\t\t\t\t\t<\/button>\n\t\t\t\t\t\t\t<button class=\"splide__arrow splide__arrow--next px-lg-3 py-lg-4 px-xl-4 py-xl-5 px-xxl-5 py-xxl-7 position-absolute r-0 bg-white border-0\">\n\t\t\t\t\t\t\t\t<svg width=\"14\" height=\"27\" aria-hidden=\"true\">\n\t\t\t\t\t\t\t\t\t<use xlink:href=\"https:\/\/www.myallmeeting.com\/wp-content\/themes\/accor\/assets\/images\/sprite.svg#slider-prev\"><\/use>\n\t\t\t\t\t\t\t\t<\/svg>\n\t\t\t\t\t\t\t<\/button>\n\t\t\t\t\t\t<\/div>\n\t\t\t\t\t<\/div>\n\t\t\t\t\t\t\t\t\t<\/div>\n\t\t\t\t\t\t\t\t\t<div class=\"text-image-slider__content d-none d-lg-block\">\n\t\t\t\t\t<!-- M\u00eame image -->\n\t\t\t\t\t<img decoding=\"async\" src=\"https:\/\/www.myallmeeting.com\/wp-content\/uploads\/2024\/08\/Movenpick-The-Hague-2-633x398.jpg\" width=\"633\" height=\"398\" alt=\"\" loading=\"lazy\">\n\t\t\t\t<\/div>\n\t\t\t\t\t\t\t<\/div>\n\t\t<\/div>\n\t<\/div>\n<\/div>\n<!-- END OF : Composant : block-periscope-theme-section-composant-34-texte-image-slider.php -->\n\n\n<!-- START OF : Composant : block-periscope-theme-section-composant-33-texte-image.php -->\n<div class=\"text-image fs-wysiwyg mb-8 mb-lg-12\" data-component=\"33-texte-image\">\n\t<div class=\"container-fluid\" style=\"--bs-gutter-x: 0\">\n\t\t<div class=\"row\" style=\"--bs-gutter-x: 0\">\n\t\t\t\t\t\t<div class=\"col-lg-6 mb-7 mb-lg-0\">\n\t\t\t\t<img decoding=\"async\" src=\"https:\/\/www.myallmeeting.com\/wp-content\/uploads\/2024\/07\/Mountain-team-building-953x555.jpg\" width=\"953\" height=\"600\" alt=\"\" loading=\"lazy\" class=\"w-100\" \/>\n\t\t\t<\/div>\n\t\t\t\t\t\t<div class=\"col-lg-6\">\n\t\t\t\t<div class=\"text-image__content\">\n\t\t\t\t\t\t\t\t\t\t<div class=\"fw-semibold lh-xs fs-20 fs-lg-32 ls--25 mb-5\">Erinnerungsw\u00fcrdige Erlebnisse f\u00fcr Teilnehmer schaffen<\/div>\n\t\t\t\t\t\t\t\t\t\t\t\t\t\t\t<div class=\"fs-wysiwyg\">\n\t\t\t\t\t\t<p><strong>Saisonale Aktivit\u00e4ten:<\/strong> Planen Sie Ihre Veranstaltungen je nach Wetter und lokalen Veranstaltungen. Sommerveranstaltungen in den Bergen k\u00f6nnen Wandern, Klettern und Mountainbiken beinhalten, w\u00e4hrend Orte am Meer Beachvolleyball, Wassersport und Bootsfahrten anbieten. An Orten am Meer finden im Sommer oft viele lokale Veranstaltungen statt, an denen die Teilnehmer in ihrer Freizeit Spa\u00df haben k\u00f6nnen.<\/p>\n<p><strong>Kulturelle Integration:<\/strong> Verbessern Sie das Veranstaltungserlebnis, indem Sie die lokale Kultur und Traditionen integrieren. Ob es sich um einen traditionellen Schweizer Fondue-Abend in den Alpen oder eine marokkanische Musiknacht am Meer handelt &#8211; diese kulturellen Akzente k\u00f6nnen Ihre Veranstaltung zu etwas ganz Besonderem machen.<\/p>\n\t\t\t\t\t<\/div>\n\t\t\t\t\t\t\t\t\t<\/div>\n\t\t\t<\/div>        \n\t\t<\/div>\n\t<\/div>\n<\/div>\n<!-- END OF : Composant : block-periscope-theme-section-composant-33-texte-image.php -->\n\n\n<!-- START OF : Composant : block-periscope-theme-section-composant-33-texte-image.php -->\n<!-- INVERSE -->\n<div class=\"text-image fs-wysiwyg mb-8 mb-lg-12\" data-component=\"33-texte-image\" data-reverse=\"oui\">\n\t<div class=\"container-fluid\" style=\"--bs-gutter-x: 0\">\n\t\t<div class=\"row\" style=\"--bs-gutter-x: 0\">\n\t\t\t<div class=\"col-lg-6\">\n\t\t\t\t<div class=\"text-image__content\">\n\t\t\t\t\t\t\t\t\t\t<div class=\"fw-semibold lh-xs fs-20 fs-lg-32 ls--25 mb-5\">Wie Accor helfen kann<\/div>\n\t\t\t\t\t\t\t\t\t\t\t\t\t\t\t<div class=\"fs-wysiwyg\">\n\t\t\t\t\t\t<p>Accor ist mehr als nur ein Anbieter von Tagungsorten; wir sind Experten f\u00fcr erweiterte Gastfreundschaft und bieten Buchern von Events eine umfassende Unterst\u00fctzung und Beratung. Unser professionelles Team setzt sich daf\u00fcr ein, dass jede Veranstaltung, unabh\u00e4ngig von Gr\u00f6\u00dfe oder Budget, einwandfrei durchgef\u00fchrt wird. Wir verstehen die einzigartigen Anforderungen verschiedener Veranstaltungsformate und sind in der Lage, ma\u00dfgeschneiderte L\u00f6sungen bereitzustellen, die Erfolg garantieren.<\/p>\n<p>Unser Engagement f\u00fcr Spitzenleistungen geht \u00fcber die Bereitstellung wundersch\u00f6ner noch Standorte hinaus. Wir bieten eine umfassende Palette an Services, darunter Veranstaltungsplanung, Koordination vor Ort und Nachbereitung der Veranstaltung, um von Anfang bis Ende ein nahtloses Erlebnis zu gew\u00e4hrleisten. Bei Accor k\u00f6nnen Sie darauf vertrauen, dass jedes Detail mit gr\u00f6\u00dfter Sorgfalt und Professionalit\u00e4t behandelt wird.<\/p>\n<p><strong>Zusammenfassung<\/strong><\/p>\n<p>Die Wahl zwischen einem Veranstaltungsort in den Bergen oder am Meer f\u00fcr Ihre Sommerveranstaltung muss keine Entweder-oder-Entscheidung sein. Mit dem umfangreichen Portfolio von Accor haben Sie die Flexibilit\u00e4t, ein ma\u00dfgeschneidertes Eventerlebnis zu schaffen, das Ihren Bed\u00fcrfnissen am besten entspricht. Indem Sie die einzigartigen St\u00e4rken jedes Standorts nutzen, k\u00f6nnen Sie sicherstellen, dass Ihr Event nicht nur erfolgreich, sondern auch unvergesslich wird. Ganz gleich, ob Sie die ruhige Atmosph\u00e4re der Berge oder die schillernde Energie der K\u00fcste suchen &#8211; die Veranstaltungsorte von Accor bieten die perfekte Umgebung, um Ihre Teilnehmer zu inspirieren und zu begeistern.<\/p>\n\t\t\t\t\t<\/div>\n\t\t\t\t\t\t\t\t\t<\/div>\n\t\t\t<\/div>    \n\t\t\t    \n\t\t\t<div class=\"col-lg-6 order-first order-lg-last mb-7 mb-lg-0\">\n\t\t\t\t<img decoding=\"async\" src=\"https:\/\/www.myallmeeting.com\/wp-content\/uploads\/2024\/07\/6568-72-1-953x600.jpg\" width=\"953\" height=\"600\" alt=\"\" loading=\"lazy\" class=\"w-100\" \/>\n\t\t\t<\/div>\n\t\t\t\t\t<\/div>\n\t<\/div>\n<\/div>\n<!-- END OF : Composant : block-periscope-theme-section-composant-33-texte-image.php -->\n","protected":false},"excerpt":{"rendered":"<p>Entscheiden Sie sich mit Accor zwischen Meer oder Bergen f\u00fcr Ihre n\u00e4chste Veranstaltung.<\/p>\n","protected":false},"featured_media":16226659,"menu_order":0,"template":"","periscope_categorie_tax":[],"class_list":["post-16229989","article","type-article","status-publish","has-post-thumbnail","hentry"],"acf":[],"yoast_head":"<title>Meer- oder Bergblick f\u00fcr Ihre Sommerveranstaltung? - Accor MyAllMeeting.com<\/title>\n<meta name=\"robots\" content=\"index, follow, max-snippet:-1, max-image-preview:large, max-video-preview:-1\" \/>\n<link rel=\"canonical\" href=\"https:\/\/www.myallmeeting.com\/de\/wp-json\/wp\/v2\/article\/16229989\" \/>\n<meta property=\"og:locale\" content=\"de_DE\" \/>\n<meta property=\"og:type\" content=\"article\" \/>\n<meta property=\"og:title\" content=\"Meer- oder Bergblick f\u00fcr Ihre Sommerveranstaltung? - Accor MyAllMeeting.com\" \/>\n<meta property=\"og:description\" content=\"Entscheiden Sie sich mit Accor zwischen Meer oder Bergen f\u00fcr Ihre n\u00e4chste Veranstaltung.\" \/>\n<meta property=\"og:url\" content=\"https:\/\/www.myallmeeting.com\/de\/article\/vue-mer-ou-montagne-pour-votre-evenement-estival\/\" \/>\n<meta property=\"og:site_name\" content=\"Accor MyAllMeeting.com\" \/>\n<meta property=\"article:modified_time\" content=\"2024-08-07T15:03:36+00:00\" \/>\n<meta property=\"og:image\" content=\"http:\/\/myallmeeting.com\/wp-content\/uploads\/2024\/08\/MAM-imagery-1920-x-570-px-Baniere-3.png\" \/>\n\t<meta property=\"og:image:width\" content=\"1920\" \/>\n\t<meta property=\"og:image:height\" content=\"570\" \/>\n\t<meta property=\"og:image:type\" content=\"image\/png\" \/>\n<meta name=\"twitter:card\" content=\"summary_large_image\" \/>\n<meta name=\"twitter:label1\" content=\"Est. reading time\" \/>\n\t<meta name=\"twitter:data1\" content=\"12 minutes\" \/>\n<script type=\"application\/ld+json\" class=\"yoast-schema-graph\">{\"@context\":\"https:\/\/schema.org\",\"@graph\":[{\"@type\":\"WebPage\",\"@id\":\"https:\/\/www.myallmeeting.com\/de\/article\/vue-mer-ou-montagne-pour-votre-evenement-estival\/\",\"url\":\"https:\/\/www.myallmeeting.com\/de\/article\/vue-mer-ou-montagne-pour-votre-evenement-estival\/\",\"name\":\"Meer- oder Bergblick f\u00fcr Ihre Sommerveranstaltung? - Accor MyAllMeeting.com\",\"isPartOf\":{\"@id\":\"https:\/\/www.myallmeeting.com\/de\/#website\"},\"primaryImageOfPage\":{\"@id\":\"https:\/\/www.myallmeeting.com\/de\/article\/vue-mer-ou-montagne-pour-votre-evenement-estival\/#primaryimage\"},\"image\":{\"@id\":\"https:\/\/www.myallmeeting.com\/de\/article\/vue-mer-ou-montagne-pour-votre-evenement-estival\/#primaryimage\"},\"thumbnailUrl\":\"https:\/\/www.myallmeeting.com\/wp-content\/uploads\/2024\/08\/MAM-imagery-1920-x-570-px-Baniere-3.png\",\"datePublished\":\"2024-08-06T10:29:05+00:00\",\"dateModified\":\"2024-08-07T15:03:36+00:00\",\"breadcrumb\":{\"@id\":\"https:\/\/www.myallmeeting.com\/de\/article\/vue-mer-ou-montagne-pour-votre-evenement-estival\/#breadcrumb\"},\"inLanguage\":\"de-DE\",\"potentialAction\":[{\"@type\":\"ReadAction\",\"target\":[\"https:\/\/www.myallmeeting.com\/de\/article\/vue-mer-ou-montagne-pour-votre-evenement-estival\/\"]}]},{\"@type\":\"ImageObject\",\"inLanguage\":\"de-DE\",\"@id\":\"https:\/\/www.myallmeeting.com\/de\/article\/vue-mer-ou-montagne-pour-votre-evenement-estival\/#primaryimage\",\"url\":\"https:\/\/www.myallmeeting.com\/wp-content\/uploads\/2024\/08\/MAM-imagery-1920-x-570-px-Baniere-3.png\",\"contentUrl\":\"https:\/\/www.myallmeeting.com\/wp-content\/uploads\/2024\/08\/MAM-imagery-1920-x-570-px-Baniere-3.png\",\"width\":1920,\"height\":570},{\"@type\":\"BreadcrumbList\",\"@id\":\"https:\/\/www.myallmeeting.com\/de\/article\/vue-mer-ou-montagne-pour-votre-evenement-estival\/#breadcrumb\",\"itemListElement\":[{\"@type\":\"ListItem\",\"position\":1,\"name\":\"Homepage\",\"item\":\"https:\/\/myallmeeting.com\/de\/\"},{\"@type\":\"ListItem\",\"position\":2,\"name\":\"Aktuelles\",\"item\":\"https:\/\/www.myallmeeting.com\/de\/aktuelles\/\"},{\"@type\":\"ListItem\",\"position\":3,\"name\":\"Meer- oder Bergblick f\u00fcr Ihre Sommerveranstaltung?\"}]},{\"@type\":\"WebSite\",\"@id\":\"https:\/\/www.myallmeeting.com\/de\/#website\",\"url\":\"https:\/\/www.myallmeeting.com\/de\/\",\"name\":\"Accor MyAllMeeting.com\",\"description\":\"Les Meilleurs lieux pour vos Ev\u00e9nements Professionnels\",\"publisher\":{\"@id\":\"https:\/\/www.myallmeeting.com\/de\/#organization\"},\"potentialAction\":[{\"@type\":\"SearchAction\",\"target\":{\"@type\":\"EntryPoint\",\"urlTemplate\":\"https:\/\/www.myallmeeting.com\/de\/?s={search_term_string}\"},\"query-input\":{\"@type\":\"PropertyValueSpecification\",\"valueRequired\":true,\"valueName\":\"search_term_string\"}}],\"inLanguage\":\"de-DE\"},{\"@type\":\"Organization\",\"@id\":\"https:\/\/www.myallmeeting.com\/de\/#organization\",\"name\":\"ACCOR\",\"url\":\"https:\/\/www.myallmeeting.com\/de\/\",\"logo\":{\"@type\":\"ImageObject\",\"inLanguage\":\"de-DE\",\"@id\":\"https:\/\/www.myallmeeting.com\/de\/#\/schema\/logo\/image\/\",\"url\":\"\",\"contentUrl\":\"\",\"caption\":\"ACCOR\"},\"image\":{\"@id\":\"https:\/\/www.myallmeeting.com\/de\/#\/schema\/logo\/image\/\"}}]}<\/script>","yoast_head_json":{"title":"Meer- oder Bergblick f\u00fcr Ihre Sommerveranstaltung? - Accor MyAllMeeting.com","robots":{"index":"index","follow":"follow","max-snippet":"max-snippet:-1","max-image-preview":"max-image-preview:large","max-video-preview":"max-video-preview:-1"},"canonical":"https:\/\/www.myallmeeting.com\/de\/wp-json\/wp\/v2\/article\/16229989","og_locale":"de_DE","og_type":"article","og_title":"Meer- oder Bergblick f\u00fcr Ihre Sommerveranstaltung? - Accor MyAllMeeting.com","og_description":"Entscheiden Sie sich mit Accor zwischen Meer oder Bergen f\u00fcr Ihre n\u00e4chste Veranstaltung.","og_url":"https:\/\/www.myallmeeting.com\/de\/article\/vue-mer-ou-montagne-pour-votre-evenement-estival\/","og_site_name":"Accor MyAllMeeting.com","article_modified_time":"2024-08-07T15:03:36+00:00","og_image":[{"width":1920,"height":570,"url":"http:\/\/myallmeeting.com\/wp-content\/uploads\/2024\/08\/MAM-imagery-1920-x-570-px-Baniere-3.png","type":"image\/png"}],"twitter_card":"summary_large_image","twitter_misc":{"Est. reading time":"12 minutes"},"schema":{"@context":"https:\/\/schema.org","@graph":[{"@type":"WebPage","@id":"https:\/\/www.myallmeeting.com\/de\/article\/vue-mer-ou-montagne-pour-votre-evenement-estival\/","url":"https:\/\/www.myallmeeting.com\/de\/article\/vue-mer-ou-montagne-pour-votre-evenement-estival\/","name":"Meer- oder Bergblick f\u00fcr Ihre Sommerveranstaltung? - Accor MyAllMeeting.com","isPartOf":{"@id":"https:\/\/www.myallmeeting.com\/de\/#website"},"primaryImageOfPage":{"@id":"https:\/\/www.myallmeeting.com\/de\/article\/vue-mer-ou-montagne-pour-votre-evenement-estival\/#primaryimage"},"image":{"@id":"https:\/\/www.myallmeeting.com\/de\/article\/vue-mer-ou-montagne-pour-votre-evenement-estival\/#primaryimage"},"thumbnailUrl":"https:\/\/www.myallmeeting.com\/wp-content\/uploads\/2024\/08\/MAM-imagery-1920-x-570-px-Baniere-3.png","datePublished":"2024-08-06T10:29:05+00:00","dateModified":"2024-08-07T15:03:36+00:00","breadcrumb":{"@id":"https:\/\/www.myallmeeting.com\/de\/article\/vue-mer-ou-montagne-pour-votre-evenement-estival\/#breadcrumb"},"inLanguage":"de-DE","potentialAction":[{"@type":"ReadAction","target":["https:\/\/www.myallmeeting.com\/de\/article\/vue-mer-ou-montagne-pour-votre-evenement-estival\/"]}]},{"@type":"ImageObject","inLanguage":"de-DE","@id":"https:\/\/www.myallmeeting.com\/de\/article\/vue-mer-ou-montagne-pour-votre-evenement-estival\/#primaryimage","url":"https:\/\/www.myallmeeting.com\/wp-content\/uploads\/2024\/08\/MAM-imagery-1920-x-570-px-Baniere-3.png","contentUrl":"https:\/\/www.myallmeeting.com\/wp-content\/uploads\/2024\/08\/MAM-imagery-1920-x-570-px-Baniere-3.png","width":1920,"height":570},{"@type":"BreadcrumbList","@id":"https:\/\/www.myallmeeting.com\/de\/article\/vue-mer-ou-montagne-pour-votre-evenement-estival\/#breadcrumb","itemListElement":[{"@type":"ListItem","position":1,"name":"Homepage","item":"https:\/\/myallmeeting.com\/de\/"},{"@type":"ListItem","position":2,"name":"Aktuelles","item":"https:\/\/www.myallmeeting.com\/de\/aktuelles\/"},{"@type":"ListItem","position":3,"name":"Meer- oder Bergblick f\u00fcr Ihre Sommerveranstaltung?"}]},{"@type":"WebSite","@id":"https:\/\/www.myallmeeting.com\/de\/#website","url":"https:\/\/www.myallmeeting.com\/de\/","name":"Accor MyAllMeeting.com","description":"Les Meilleurs lieux pour vos Ev\u00e9nements Professionnels","publisher":{"@id":"https:\/\/www.myallmeeting.com\/de\/#organization"},"potentialAction":[{"@type":"SearchAction","target":{"@type":"EntryPoint","urlTemplate":"https:\/\/www.myallmeeting.com\/de\/?s={search_term_string}"},"query-input":{"@type":"PropertyValueSpecification","valueRequired":true,"valueName":"search_term_string"}}],"inLanguage":"de-DE"},{"@type":"Organization","@id":"https:\/\/www.myallmeeting.com\/de\/#organization","name":"ACCOR","url":"https:\/\/www.myallmeeting.com\/de\/","logo":{"@type":"ImageObject","inLanguage":"de-DE","@id":"https:\/\/www.myallmeeting.com\/de\/#\/schema\/logo\/image\/","url":"","contentUrl":"","caption":"ACCOR"},"image":{"@id":"https:\/\/www.myallmeeting.com\/de\/#\/schema\/logo\/image\/"}}]}},"_links":{"self":[{"href":"https:\/\/www.myallmeeting.com\/de\/wp-json\/wp\/v2\/article\/16229989","targetHints":{"allow":["GET"]}}],"collection":[{"href":"https:\/\/www.myallmeeting.com\/de\/wp-json\/wp\/v2\/article"}],"about":[{"href":"https:\/\/www.myallmeeting.com\/de\/wp-json\/wp\/v2\/types\/article"}],"wp:featuredmedia":[{"embeddable":true,"href":"https:\/\/www.myallmeeting.com\/de\/wp-json\/wp\/v2\/media\/16226659"}],"wp:attachment":[{"href":"https:\/\/www.myallmeeting.com\/de\/wp-json\/wp\/v2\/media?parent=16229989"}],"wp:term":[{"taxonomy":"periscope_categorie_tax","embeddable":true,"href":"https:\/\/www.myallmeeting.com\/de\/wp-json\/wp\/v2\/periscope_categorie_tax?post=16229989"}],"curies":[{"name":"wp","href":"https:\/\/api.w.org\/{rel}","templated":true}]}}