{"id":16224935,"date":"2019-11-25T12:11:02","date_gmt":"2019-11-25T11:11:02","guid":{"rendered":"https:\/\/myallmeeting.com\/article\/prenez-un-bol-dair-frais-lors-de-votre-seminaire-en-charente-maritime\/"},"modified":"2024-07-22T15:04:05","modified_gmt":"2024-07-22T13:04:05","slug":"prenez-un-bol-dair-frais-lors-de-votre-seminaire-en-charente-maritime","status":"publish","type":"article","link":"https:\/\/www.myallmeeting.com\/de\/article\/prenez-un-bol-dair-frais-lors-de-votre-seminaire-en-charente-maritime\/","title":{"rendered":"Atmen Sie frische Luft w\u00e4hrend Ihres Seminars in der Charente-Maritime!\u00a0"},"content":{"rendered":"<!-- START OF : Composant : block-periscope-theme-section-composant-25-texte-cta-2-images.php -->\n<div class=\"tcta2ia bg-white fs-wysiwyg mb-lg-12\" data-component=\"25-texte-cta-2-images\">\n\t<div class=\"tcta2ia__top\">\n\t\t<div class=\"container-fluid\" style=\"--bs-gutter-x: 0\">\n\t\t\t<div class=\"row\" style=\"--bs-gutter-x: 0\">\n\t\t\t\t<div class=\"col-lg-8\">\n\t\t\t\t\t\t\t\t\t\t<div class=\"bloc-mise-en-avant__top__left\">\n\t\t\t\t\t\t<img decoding=\"async\" src=\"https:\/\/www.myallmeeting.com\/wp-content\/uploads\/2019\/11\/4677-41-2-1268x846.jpg\" class=\"pe-2 pe-lg-0\" width=\"1268\" height=\"846\" alt=\"\" loading=\"lazy\" \/>\n\t\t\t\t\t<\/div>\n\t\t\t\t\t\t\t\t\t\t<div class=\"tcta2ia__bottom d-none d-lg-block pb-12 pt-lg-9 pb-lg-0 pe-lg-10\">\n\t\t\t\t\t\t\t\t\t\t\t\t<h2 class=\"fs-20 fs-lg-32 fw-semibold\">La Grande Terrasse H\u00f4tel &amp; Spa La Rochelle \u2013 MGallery<\/h2>\n\t\t\t\t\t\t\t\t\t\t\t\t\t\t\t\t\t\t<div class=\"fs-wysiwyg\"><p><span data-contrast=\"none\">Wenn Sie die Majest\u00e4t des Meeres dem Trubel der Stadt vorziehen, dann sind Sie im <\/span><a href=\"https:\/\/myallmeeting.com\/de\/hotel\/7479-la-grande-terrasse-hotel-spa-la-rochelle-mgallery\/\"><b><span data-contrast=\"none\">MGallery La Terrasse La Rochelle<\/span><\/b><\/a><span data-contrast=\"none\"> genau richtig. Ein hochmodernes Spa, eine Naturterrasse und eine k\u00f6stliche K\u00fcche&#8230; In diesem Boutique-Hotel finden Sie alles, was Sie brauchen, um sich wie in einem <\/span><b><span data-contrast=\"none\">Meer aus Ruhe und Wohlbefinden<\/span><\/b><span data-contrast=\"none\"> zu f\u00fchlen!<\/span><span data-ccp-props=\"{&quot;134233117&quot;:true,&quot;134233118&quot;:true,&quot;134245417&quot;:true,&quot;201341983&quot;:0,&quot;335551550&quot;:6,&quot;335551620&quot;:6,&quot;335557856&quot;:16119028,&quot;335559738&quot;:165,&quot;335559739&quot;:165,&quot;335559740&quot;:240}\">\u00a0<\/span><\/p>\n<p><span data-contrast=\"none\">Eine entspannende Erfahrung, die Sie w\u00e4hrend Ihrer Arbeitssitzungen verl\u00e4ngern k\u00f6nnen. <\/span><b><span data-contrast=\"none\">Bis zu 120 Personen<\/span><\/b><span data-contrast=\"none\"> k\u00f6nnen in den sechs modulierbaren R\u00e4umen untergebracht werden, die alle Tageslicht haben und von denen einige sogar einen atemberaubenden Blick auf die Inseln Aix und Ol\u00e9ron bieten.<\/span><span data-ccp-props=\"{&quot;134233117&quot;:true,&quot;134233118&quot;:true,&quot;134245417&quot;:true,&quot;201341983&quot;:0,&quot;335551550&quot;:6,&quot;335551620&quot;:6,&quot;335557856&quot;:16119028,&quot;335559738&quot;:165,&quot;335559739&quot;:165,&quot;335559740&quot;:240}\">\u00a0<\/span><\/p>\n<p><span data-contrast=\"none\">Verpassen Sie auf keinen Fall die Gelegenheit, das Festland zu verlassen. Entdecken Sie diese Juwelen der Natur zu Fu\u00df, mit dem Fahrrad oder mit dem Boot!<\/span><span data-ccp-props=\"{&quot;134233117&quot;:true,&quot;134233118&quot;:true,&quot;134245417&quot;:true,&quot;201341983&quot;:0,&quot;335551550&quot;:6,&quot;335551620&quot;:6,&quot;335557856&quot;:16119028,&quot;335559738&quot;:165,&quot;335559739&quot;:165,&quot;335559740&quot;:240}\">\u00a0<\/span><\/p>\n<p><span data-contrast=\"none\">\u202f<\/span><span data-ccp-props=\"{&quot;134245417&quot;:true,&quot;134245418&quot;:false,&quot;134245529&quot;:false,&quot;201341983&quot;:0,&quot;335551550&quot;:1,&quot;335551620&quot;:1,&quot;335557856&quot;:16119028,&quot;335559685&quot;:0,&quot;335559737&quot;:0,&quot;335559738&quot;:0,&quot;335559739&quot;:165,&quot;335559740&quot;:240,&quot;335559991&quot;:0}\">\u00a0<\/span><\/p>\n<\/div>\n\t\t\t\t\t\t\t\t\t\t\t\t<div class=\"d-flex flex-column flex-lg-row align-items-center gap-5 gap-lg-8 justify-content-between\">\n\t\t\t\t\t\t\t<div class=\"fs-20 fs-lg-26 fw-semibold lh-xs\"><\/div>\n\t\t\t\t\t\t\t\t\t\t\t\t\t<\/div>\n\t\t\t\t\t<\/div>\n\t\t\t\t<\/div>\n\t\t\t\t<div class=\"col-lg-4\">\n\t\t\t\t\t<div class=\"tcta2ia__top__right t-0 r-0 bg-primary text-white pt-4 pb-4 px-2 pt-lg-8 pb-lg-16 px-lg-11 pb-xl-30\">\n\t\t\t\t\t\t\t\t\t\t\t\t\t\t\t\t\t\t<h2 class=\"unna fs-36 fs-lg-51 fs-xl-75 fs-italic fw-normal text-secondary\">Atmen Sie frische Luft w\u00e4hrend Ihres Seminars in der Charente-Maritime! <\/h2>\n\t\t\t\t\t\t\t\t\t\t\t\t\t\t\t\t\t\t<h3 class=\"text-white fs-18 fs-lg-20 fs-xl-28 text-original-case\">Hier sind vier au\u00dfergew\u00f6hnliche Reiseziele, bei denen Sie in der ersten Reihe sitzen! <\/h3>\n\t\t\t\t\t\t\t\t\t\t\t\t\t\t\t\t\t\t<div class=\"fs-wysiwyg mb-4 fs-lg-16 fs-xl-20\"><p>F\u00fcr Ihren n\u00e4chsten gesch\u00e4ftlichen Aufenthalt empfehlen wir Ihnen, sich in einem unserer sch\u00f6nsten D\u00e9partements niederzulassen&#8230;<\/p>\n<p>Das Departement Charente-Maritime bietet seinen Besuchern mit seinen emblematischen Inseln, seinen hochgelegenen Orten und seinen beeindruckenden Salzg\u00e4rten ein unvergessliches Schauspiel.<\/p>\n<\/div>\n\t\t\t\t\t\t\t\t\t\t\t\t\t\t\t\t\t\t\t\t\t\t\t\t<p class=\"m-0\"><img decoding=\"async\" src=\"https:\/\/www.myallmeeting.com\/wp-content\/uploads\/2019\/11\/4576-44-633x398.jpg\" class=\"position-relative l-0\" width=\"633\" height=\"398\" alt=\"\" loading=\"lazy\" \/><\/p>\n\t\t\t\t\t\t\t\t\t\t\t<\/div>\n\t\t\t\t<\/div>\n\t\t\t<\/div>\n\t\t<\/div>\n\t<\/div>\n\t<div class=\"tcta2ia__bottom d-lg-none pb-12 py-lg-9 pe-lg-10\">\n\t\t\t\t<div class=\"h2 fs-20 fs-lg-32 fw-semibold\">La Grande Terrasse H\u00f4tel &amp; Spa La Rochelle \u2013 MGallery<\/div>\n\t\t\t\t\t\t<div class=\"fs-wysiwyg\"><p><span data-contrast=\"none\">Wenn Sie die Majest\u00e4t des Meeres dem Trubel der Stadt vorziehen, dann sind Sie im <\/span><a href=\"https:\/\/myallmeeting.com\/de\/hotel\/7479-la-grande-terrasse-hotel-spa-la-rochelle-mgallery\/\"><b><span data-contrast=\"none\">MGallery La Terrasse La Rochelle<\/span><\/b><\/a><span data-contrast=\"none\"> genau richtig. Ein hochmodernes Spa, eine Naturterrasse und eine k\u00f6stliche K\u00fcche&#8230; In diesem Boutique-Hotel finden Sie alles, was Sie brauchen, um sich wie in einem <\/span><b><span data-contrast=\"none\">Meer aus Ruhe und Wohlbefinden<\/span><\/b><span data-contrast=\"none\"> zu f\u00fchlen!<\/span><span data-ccp-props=\"{&quot;134233117&quot;:true,&quot;134233118&quot;:true,&quot;134245417&quot;:true,&quot;201341983&quot;:0,&quot;335551550&quot;:6,&quot;335551620&quot;:6,&quot;335557856&quot;:16119028,&quot;335559738&quot;:165,&quot;335559739&quot;:165,&quot;335559740&quot;:240}\">\u00a0<\/span><\/p>\n<p><span data-contrast=\"none\">Eine entspannende Erfahrung, die Sie w\u00e4hrend Ihrer Arbeitssitzungen verl\u00e4ngern k\u00f6nnen. <\/span><b><span data-contrast=\"none\">Bis zu 120 Personen<\/span><\/b><span data-contrast=\"none\"> k\u00f6nnen in den sechs modulierbaren R\u00e4umen untergebracht werden, die alle Tageslicht haben und von denen einige sogar einen atemberaubenden Blick auf die Inseln Aix und Ol\u00e9ron bieten.<\/span><span data-ccp-props=\"{&quot;134233117&quot;:true,&quot;134233118&quot;:true,&quot;134245417&quot;:true,&quot;201341983&quot;:0,&quot;335551550&quot;:6,&quot;335551620&quot;:6,&quot;335557856&quot;:16119028,&quot;335559738&quot;:165,&quot;335559739&quot;:165,&quot;335559740&quot;:240}\">\u00a0<\/span><\/p>\n<p><span data-contrast=\"none\">Verpassen Sie auf keinen Fall die Gelegenheit, das Festland zu verlassen. Entdecken Sie diese Juwelen der Natur zu Fu\u00df, mit dem Fahrrad oder mit dem Boot!<\/span><span data-ccp-props=\"{&quot;134233117&quot;:true,&quot;134233118&quot;:true,&quot;134245417&quot;:true,&quot;201341983&quot;:0,&quot;335551550&quot;:6,&quot;335551620&quot;:6,&quot;335557856&quot;:16119028,&quot;335559738&quot;:165,&quot;335559739&quot;:165,&quot;335559740&quot;:240}\">\u00a0<\/span><\/p>\n<p><span data-contrast=\"none\">\u202f<\/span><span data-ccp-props=\"{&quot;134245417&quot;:true,&quot;134245418&quot;:false,&quot;134245529&quot;:false,&quot;201341983&quot;:0,&quot;335551550&quot;:1,&quot;335551620&quot;:1,&quot;335557856&quot;:16119028,&quot;335559685&quot;:0,&quot;335559737&quot;:0,&quot;335559738&quot;:0,&quot;335559739&quot;:165,&quot;335559740&quot;:240,&quot;335559991&quot;:0}\">\u00a0<\/span><\/p>\n<\/div>\n\t\t\t\t<div class=\"d-flex flex-column flex-lg-row align-items-center gap-5 gap-lg-8 justify-content-between\">\n\t\t\t<div class=\"fs-20 fs-lg-26 fw-semibold lh-xs\"><\/div>\n\t\t\t\t\t<\/div>\n\t<\/div>\n<\/div>\n<!-- END OF : Composant : block-periscope-theme-section-composant-25-texte-cta-2-images.php -->\n\n\n<!-- START OF : Composant : block-periscope-theme-section-composant-33-texte-image.php -->\n<div class=\"text-image fs-wysiwyg mb-8 mb-lg-12\" data-component=\"33-texte-image\">\n\t<div class=\"container-fluid\" style=\"--bs-gutter-x: 0\">\n\t\t<div class=\"row\" style=\"--bs-gutter-x: 0\">\n\t\t\t\t\t\t<div class=\"col-lg-6 mb-7 mb-lg-0\">\n\t\t\t\t<img decoding=\"async\" src=\"https:\/\/www.myallmeeting.com\/wp-content\/uploads\/2019\/11\/4686-37-953x600.jpg\" width=\"953\" height=\"600\" alt=\"\" loading=\"lazy\" class=\"w-100\" \/>\n\t\t\t<\/div>\n\t\t\t\t\t\t<div class=\"col-lg-6\">\n\t\t\t\t<div class=\"text-image__content\">\n\t\t\t\t\t\t\t\t\t\t<div class=\"fw-semibold lh-xs fs-20 fs-lg-32 ls--25 mb-5\">Novotel Thalassa Ol\u00e9ron Saint-Trojan<\/div>\n\t\t\t\t\t\t\t\t\t\t\t\t\t\t\t<div class=\"fs-wysiwyg\">\n\t\t\t\t\t\t<p><span data-contrast=\"none\">Besuchen Sie das <\/span><b><span data-contrast=\"none\"><a href=\"https:\/\/myallmeeting.com\/de\/hotel\/0417-novotel-thalassa-oleron-saint-trojan\/\">Novotel Thalassa Ol\u00e9ron Saint-Trojan<\/a>, um auf der wundersch\u00f6nen Insel Ol\u00e9ron neue Energie zu tanken. Hier steht Entspannung an erster Stelle!<\/span><\/b><span data-ccp-props=\"{&quot;134233117&quot;:true,&quot;134233118&quot;:true,&quot;134245417&quot;:true,&quot;201341983&quot;:0,&quot;335551550&quot;:6,&quot;335551620&quot;:6,&quot;335557856&quot;:16119028,&quot;335559738&quot;:165,&quot;335559739&quot;:165,&quot;335559740&quot;:240}\">\u00a0<\/span><\/p>\n<p><span data-contrast=\"none\">Dieses 4-Sterne-Hotel verf\u00fcgt \u00fcber einen direkten Zugang zum Strand, ein Hallenbad mit Meerblick, ein auf Meeresfr\u00fcchte spezialisiertes Restaurant und vor allem \u00fcber ein au\u00dfergew\u00f6hnliches Thalassotherapie-Institut. <\/span><b><span data-contrast=\"none\">Drei Besprechungsr\u00e4ume von ca. 50 m\u00b2<\/span><\/b><span data-contrast=\"none\"> erm\u00f6glichen ein ungest\u00f6rtes Arbeiten. <\/span><b><span data-contrast=\"none\">Perfekt ausgestattet, tragen sie zum Erfolg Ihrer Veranstaltung und zum Wohlbefinden Ihrer Teilnehmer bei&#8230;<\/span><\/b><span data-ccp-props=\"{&quot;134245417&quot;:true,&quot;201341983&quot;:0,&quot;335551550&quot;:6,&quot;335551620&quot;:6,&quot;335557856&quot;:16119028,&quot;335559738&quot;:165,&quot;335559739&quot;:165,&quot;335559740&quot;:240}\">\u00a0<\/span><\/p>\n<p><span data-contrast=\"none\">Wenn die Insel Ol\u00e9ron, ihre Austernstra\u00dfe, ihre bunten H\u00e4user und ihr pr\u00e4chtiges Schloss Sie in ihren Bann ziehen, z\u00f6gern Sie nicht! Sie wissen, wo Sie \u00fcbernachten k\u00f6nnen. Wir erwarten Sie!<\/span><span data-ccp-props=\"{&quot;134245417&quot;:true,&quot;201341983&quot;:0,&quot;335551550&quot;:6,&quot;335551620&quot;:6,&quot;335557856&quot;:16119028,&quot;335559738&quot;:165,&quot;335559739&quot;:165,&quot;335559740&quot;:240}\">\u00a0<\/span><\/p>\n\t\t\t\t\t<\/div>\n\t\t\t\t\t\t\t\t\t<\/div>\n\t\t\t<\/div>        \n\t\t<\/div>\n\t<\/div>\n<\/div>\n<!-- END OF : Composant : block-periscope-theme-section-composant-33-texte-image.php -->\n\n\n<!-- START OF : Composant : block-periscope-theme-section-composant-33-texte-image.php -->\n<!-- INVERSE -->\n<div class=\"text-image fs-wysiwyg mb-8 mb-lg-12\" data-component=\"33-texte-image\" data-reverse=\"oui\">\n\t<div class=\"container-fluid\" style=\"--bs-gutter-x: 0\">\n\t\t<div class=\"row\" style=\"--bs-gutter-x: 0\">\n\t\t\t<div class=\"col-lg-6\">\n\t\t\t\t<div class=\"text-image__content\">\n\t\t\t\t\t\t\t\t\t\t<div class=\"fw-semibold lh-xs fs-20 fs-lg-32 ls--25 mb-5\">Mercure Rochefort La Corderie Royale<\/div>\n\t\t\t\t\t\t\t\t\t\t\t\t\t\t\t<div class=\"fs-wysiwyg\">\n\t\t\t\t\t\t<p><span data-contrast=\"none\">Die <a href=\"https:\/\/myallmeeting.com\/de\/hotel\/b2q7-hotel-mercure-rochefort-la-corderie-royale-opening-april-2018\/\">Corderie Royale<\/a> in Rochefort ist Zeuge des goldenen Zeitalters der Charente-Maritime und eine Institution. Bis ins 19. Jahrhundert wurden hier Taue f\u00fcr Segelschiffe hergestellt. Heute ist die riesige Fabrik ein Museum. Aber hier kann man auch \u00fcbernachten!<\/span><span data-ccp-props=\"{&quot;134233117&quot;:true,&quot;134233118&quot;:true,&quot;134245417&quot;:true,&quot;201341983&quot;:0,&quot;335551550&quot;:6,&quot;335551620&quot;:6,&quot;335557856&quot;:16119028,&quot;335559738&quot;:165,&quot;335559739&quot;:165,&quot;335559740&quot;:240}\">\u00a0<\/span><\/p>\n<p><span data-contrast=\"none\">Das Hotel respektiert den Geist des Ortes. Mit einer <\/span><b><span data-contrast=\"none\">Fl\u00e4che von 370 m\u00b2, 5 hellen Zimmern, einem Innengarten mit B\u00e4umen und nicht zu vergessen den modernen und ger\u00e4umigen Zimmern<\/span><\/b><span data-contrast=\"none\"> eignet sich dieser prestigetr\u00e4chtige Rahmen hervorragend zum Arbeiten, insbesondere bei Kongressen und anderen wichtigen Veranstaltungen.<\/span><span data-ccp-props=\"{&quot;134245417&quot;:true,&quot;201341983&quot;:0,&quot;335551550&quot;:6,&quot;335551620&quot;:6,&quot;335557856&quot;:16119028,&quot;335559738&quot;:165,&quot;335559739&quot;:165,&quot;335559740&quot;:240}\">\u00a0<\/span><\/p>\n\t\t\t\t\t<\/div>\n\t\t\t\t\t\t\t\t\t<\/div>\n\t\t\t<\/div>    \n\t\t\t    \n\t\t\t<div class=\"col-lg-6 order-first order-lg-last mb-7 mb-lg-0\">\n\t\t\t\t<img decoding=\"async\" src=\"https:\/\/www.myallmeeting.com\/wp-content\/uploads\/2019\/11\/5332-93-953x600.jpg\" width=\"953\" height=\"600\" alt=\"\" loading=\"lazy\" class=\"w-100\" \/>\n\t\t\t<\/div>\n\t\t\t\t\t<\/div>\n\t<\/div>\n<\/div>\n<!-- END OF : Composant : block-periscope-theme-section-composant-33-texte-image.php -->\n\n\n<!-- START OF : Composant : block-periscope-theme-section-composant-33-texte-image.php -->\n<div class=\"text-image fs-wysiwyg mb-8 mb-lg-12\" data-component=\"33-texte-image\">\n\t<div class=\"container-fluid\" style=\"--bs-gutter-x: 0\">\n\t\t<div class=\"row\" style=\"--bs-gutter-x: 0\">\n\t\t\t\t\t\t<div class=\"col-lg-6 mb-7 mb-lg-0\">\n\t\t\t\t<img decoding=\"async\" src=\"https:\/\/www.myallmeeting.com\/wp-content\/uploads\/2019\/11\/3598-69-953x600.jpg\" width=\"953\" height=\"600\" alt=\"\" loading=\"lazy\" class=\"w-100\" \/>\n\t\t\t<\/div>\n\t\t\t\t\t\t<div class=\"col-lg-6\">\n\t\t\t\t<div class=\"text-image__content\">\n\t\t\t\t\t\t\t\t\t\t<div class=\"fw-semibold lh-xs fs-20 fs-lg-32 ls--25 mb-5\">Ibis Styles La Rochelle Centre<\/div>\n\t\t\t\t\t\t\t\t\t\t\t\t\t\t\t<div class=\"fs-wysiwyg\">\n\t\t\t\t\t\t<p><span data-contrast=\"none\">Das<a href=\"https:\/\/myallmeeting.com\/de\/hotel\/0914-ibis-styles-la-rochelle-centre\/\"> Ibis Styles La Rochelle<\/a> liegt nur einen Steinwurf vom pr\u00e4chtigen Uhrturm und den Kais entfernt. Am charmanten Yachthafen k\u00f6nnen Sie nach Herzenslust flanieren und die Lebensart der Charentais genie\u00dfen.<\/span><span data-ccp-props=\"{&quot;134233117&quot;:true,&quot;134233118&quot;:true,&quot;134245417&quot;:true,&quot;201341983&quot;:0,&quot;335551550&quot;:6,&quot;335551620&quot;:6,&quot;335557856&quot;:16119028,&quot;335559738&quot;:165,&quot;335559739&quot;:165,&quot;335559740&quot;:240}\">\u00a0<\/span><\/p>\n<p><span data-contrast=\"none\">Dieses ruhige und gem\u00fctliche Hotel wird Sie nicht entt\u00e4uschen, wenn es um Ihre Arbeit geht. Ein <\/span><b><span data-contrast=\"none\">30 m\u00b2 gro\u00dfer MICE-Saal mit 25 Sitzpl\u00e4tzen oder 40 Sitzpl\u00e4tzen im Theatersaal steht Ihnen zur Verf\u00fcgung<\/span><\/b><span data-contrast=\"none\">. Die elegante Lounge mit Tischfu\u00dfball und integrierter Ruhezone l\u00e4dt zum Spielen ein. Und weil es nachweislich funktioniert, sollten Sie auch Ihrer Kreativit\u00e4t freien Lauf lassen!<\/span><span data-ccp-props=\"{&quot;134245417&quot;:true,&quot;201341983&quot;:0,&quot;335551550&quot;:6,&quot;335551620&quot;:6,&quot;335557856&quot;:16119028,&quot;335559738&quot;:165,&quot;335559739&quot;:165,&quot;335559740&quot;:240}\">\u00a0<\/span><\/p>\n\t\t\t\t\t<\/div>\n\t\t\t\t\t\t\t\t\t<\/div>\n\t\t\t<\/div>        \n\t\t<\/div>\n\t<\/div>\n<\/div>\n<!-- END OF : Composant : block-periscope-theme-section-composant-33-texte-image.php -->\n","protected":false},"excerpt":{"rendered":"","protected":false},"featured_media":16036962,"menu_order":0,"template":"","periscope_categorie_tax":[3514],"class_list":["post-16224935","article","type-article","status-publish","has-post-thumbnail","hentry","periscope_categorie_tax-tous-nos-tops-selections-de"],"acf":[],"yoast_head":"<title>Atmen Sie frische Luft w\u00e4hrend Ihres Seminars in der Charente-Maritime!\u00a0 - Accor MyAllMeeting.com<\/title>\n<meta name=\"robots\" content=\"index, follow, max-snippet:-1, max-image-preview:large, max-video-preview:-1\" \/>\n<link rel=\"canonical\" href=\"https:\/\/www.myallmeeting.com\/de\/wp-json\/wp\/v2\/article\/16224935\" \/>\n<meta property=\"og:locale\" content=\"de_DE\" \/>\n<meta property=\"og:type\" content=\"article\" \/>\n<meta property=\"og:title\" content=\"Atmen Sie frische Luft w\u00e4hrend Ihres Seminars in der Charente-Maritime!\u00a0 - Accor MyAllMeeting.com\" \/>\n<meta property=\"og:url\" content=\"https:\/\/www.myallmeeting.com\/de\/article\/prenez-un-bol-dair-frais-lors-de-votre-seminaire-en-charente-maritime\/\" \/>\n<meta property=\"og:site_name\" content=\"Accor MyAllMeeting.com\" \/>\n<meta property=\"article:modified_time\" content=\"2024-07-22T13:04:05+00:00\" \/>\n<meta property=\"og:image\" content=\"https:\/\/www.myallmeeting.com\/wp-content\/uploads\/2019\/11\/4671-26.jpg\" \/>\n\t<meta property=\"og:image:width\" content=\"1024\" \/>\n\t<meta property=\"og:image:height\" content=\"683\" \/>\n\t<meta property=\"og:image:type\" content=\"image\/jpeg\" \/>\n<meta name=\"twitter:card\" content=\"summary_large_image\" \/>\n<meta name=\"twitter:label1\" content=\"Est. reading time\" \/>\n\t<meta name=\"twitter:data1\" content=\"4 minutes\" \/>\n<script type=\"application\/ld+json\" class=\"yoast-schema-graph\">{\"@context\":\"https:\/\/schema.org\",\"@graph\":[{\"@type\":\"WebPage\",\"@id\":\"https:\/\/www.myallmeeting.com\/de\/article\/prenez-un-bol-dair-frais-lors-de-votre-seminaire-en-charente-maritime\/\",\"url\":\"https:\/\/www.myallmeeting.com\/de\/article\/prenez-un-bol-dair-frais-lors-de-votre-seminaire-en-charente-maritime\/\",\"name\":\"Atmen Sie frische Luft w\u00e4hrend Ihres Seminars in der Charente-Maritime!\u00a0 - Accor MyAllMeeting.com\",\"isPartOf\":{\"@id\":\"https:\/\/www.myallmeeting.com\/de\/#website\"},\"primaryImageOfPage\":{\"@id\":\"https:\/\/www.myallmeeting.com\/de\/article\/prenez-un-bol-dair-frais-lors-de-votre-seminaire-en-charente-maritime\/#primaryimage\"},\"image\":{\"@id\":\"https:\/\/www.myallmeeting.com\/de\/article\/prenez-un-bol-dair-frais-lors-de-votre-seminaire-en-charente-maritime\/#primaryimage\"},\"thumbnailUrl\":\"https:\/\/www.myallmeeting.com\/wp-content\/uploads\/2019\/11\/4671-26.jpg\",\"datePublished\":\"2019-11-25T11:11:02+00:00\",\"dateModified\":\"2024-07-22T13:04:05+00:00\",\"breadcrumb\":{\"@id\":\"https:\/\/www.myallmeeting.com\/de\/article\/prenez-un-bol-dair-frais-lors-de-votre-seminaire-en-charente-maritime\/#breadcrumb\"},\"inLanguage\":\"de-DE\",\"potentialAction\":[{\"@type\":\"ReadAction\",\"target\":[\"https:\/\/www.myallmeeting.com\/de\/article\/prenez-un-bol-dair-frais-lors-de-votre-seminaire-en-charente-maritime\/\"]}]},{\"@type\":\"ImageObject\",\"inLanguage\":\"de-DE\",\"@id\":\"https:\/\/www.myallmeeting.com\/de\/article\/prenez-un-bol-dair-frais-lors-de-votre-seminaire-en-charente-maritime\/#primaryimage\",\"url\":\"https:\/\/www.myallmeeting.com\/wp-content\/uploads\/2019\/11\/4671-26.jpg\",\"contentUrl\":\"https:\/\/www.myallmeeting.com\/wp-content\/uploads\/2019\/11\/4671-26.jpg\",\"width\":1024,\"height\":683,\"caption\":\"Longe-c\u00f4te\"},{\"@type\":\"BreadcrumbList\",\"@id\":\"https:\/\/www.myallmeeting.com\/de\/article\/prenez-un-bol-dair-frais-lors-de-votre-seminaire-en-charente-maritime\/#breadcrumb\",\"itemListElement\":[{\"@type\":\"ListItem\",\"position\":1,\"name\":\"Homepage\",\"item\":\"https:\/\/myallmeeting.com\/de\/\"},{\"@type\":\"ListItem\",\"position\":2,\"name\":\"Aktuelles\",\"item\":\"https:\/\/www.myallmeeting.com\/de\/aktuelles\/\"},{\"@type\":\"ListItem\",\"position\":3,\"name\":\"Atmen Sie frische Luft w\u00e4hrend Ihres Seminars in der Charente-Maritime!\u00a0\"}]},{\"@type\":\"WebSite\",\"@id\":\"https:\/\/www.myallmeeting.com\/de\/#website\",\"url\":\"https:\/\/www.myallmeeting.com\/de\/\",\"name\":\"Accor MyAllMeeting.com\",\"description\":\"Les Meilleurs lieux pour vos Ev\u00e9nements Professionnels\",\"publisher\":{\"@id\":\"https:\/\/www.myallmeeting.com\/de\/#organization\"},\"potentialAction\":[{\"@type\":\"SearchAction\",\"target\":{\"@type\":\"EntryPoint\",\"urlTemplate\":\"https:\/\/www.myallmeeting.com\/de\/?s={search_term_string}\"},\"query-input\":{\"@type\":\"PropertyValueSpecification\",\"valueRequired\":true,\"valueName\":\"search_term_string\"}}],\"inLanguage\":\"de-DE\"},{\"@type\":\"Organization\",\"@id\":\"https:\/\/www.myallmeeting.com\/de\/#organization\",\"name\":\"ACCOR\",\"url\":\"https:\/\/www.myallmeeting.com\/de\/\",\"logo\":{\"@type\":\"ImageObject\",\"inLanguage\":\"de-DE\",\"@id\":\"https:\/\/www.myallmeeting.com\/de\/#\/schema\/logo\/image\/\",\"url\":\"\",\"contentUrl\":\"\",\"caption\":\"ACCOR\"},\"image\":{\"@id\":\"https:\/\/www.myallmeeting.com\/de\/#\/schema\/logo\/image\/\"}}]}<\/script>","yoast_head_json":{"title":"Atmen Sie frische Luft w\u00e4hrend Ihres Seminars in der Charente-Maritime!\u00a0 - Accor MyAllMeeting.com","robots":{"index":"index","follow":"follow","max-snippet":"max-snippet:-1","max-image-preview":"max-image-preview:large","max-video-preview":"max-video-preview:-1"},"canonical":"https:\/\/www.myallmeeting.com\/de\/wp-json\/wp\/v2\/article\/16224935","og_locale":"de_DE","og_type":"article","og_title":"Atmen Sie frische Luft w\u00e4hrend Ihres Seminars in der Charente-Maritime!\u00a0 - Accor MyAllMeeting.com","og_url":"https:\/\/www.myallmeeting.com\/de\/article\/prenez-un-bol-dair-frais-lors-de-votre-seminaire-en-charente-maritime\/","og_site_name":"Accor MyAllMeeting.com","article_modified_time":"2024-07-22T13:04:05+00:00","og_image":[{"width":1024,"height":683,"url":"https:\/\/www.myallmeeting.com\/wp-content\/uploads\/2019\/11\/4671-26.jpg","type":"image\/jpeg"}],"twitter_card":"summary_large_image","twitter_misc":{"Est. reading time":"4 minutes"},"schema":{"@context":"https:\/\/schema.org","@graph":[{"@type":"WebPage","@id":"https:\/\/www.myallmeeting.com\/de\/article\/prenez-un-bol-dair-frais-lors-de-votre-seminaire-en-charente-maritime\/","url":"https:\/\/www.myallmeeting.com\/de\/article\/prenez-un-bol-dair-frais-lors-de-votre-seminaire-en-charente-maritime\/","name":"Atmen Sie frische Luft w\u00e4hrend Ihres Seminars in der Charente-Maritime!\u00a0 - Accor MyAllMeeting.com","isPartOf":{"@id":"https:\/\/www.myallmeeting.com\/de\/#website"},"primaryImageOfPage":{"@id":"https:\/\/www.myallmeeting.com\/de\/article\/prenez-un-bol-dair-frais-lors-de-votre-seminaire-en-charente-maritime\/#primaryimage"},"image":{"@id":"https:\/\/www.myallmeeting.com\/de\/article\/prenez-un-bol-dair-frais-lors-de-votre-seminaire-en-charente-maritime\/#primaryimage"},"thumbnailUrl":"https:\/\/www.myallmeeting.com\/wp-content\/uploads\/2019\/11\/4671-26.jpg","datePublished":"2019-11-25T11:11:02+00:00","dateModified":"2024-07-22T13:04:05+00:00","breadcrumb":{"@id":"https:\/\/www.myallmeeting.com\/de\/article\/prenez-un-bol-dair-frais-lors-de-votre-seminaire-en-charente-maritime\/#breadcrumb"},"inLanguage":"de-DE","potentialAction":[{"@type":"ReadAction","target":["https:\/\/www.myallmeeting.com\/de\/article\/prenez-un-bol-dair-frais-lors-de-votre-seminaire-en-charente-maritime\/"]}]},{"@type":"ImageObject","inLanguage":"de-DE","@id":"https:\/\/www.myallmeeting.com\/de\/article\/prenez-un-bol-dair-frais-lors-de-votre-seminaire-en-charente-maritime\/#primaryimage","url":"https:\/\/www.myallmeeting.com\/wp-content\/uploads\/2019\/11\/4671-26.jpg","contentUrl":"https:\/\/www.myallmeeting.com\/wp-content\/uploads\/2019\/11\/4671-26.jpg","width":1024,"height":683,"caption":"Longe-c\u00f4te"},{"@type":"BreadcrumbList","@id":"https:\/\/www.myallmeeting.com\/de\/article\/prenez-un-bol-dair-frais-lors-de-votre-seminaire-en-charente-maritime\/#breadcrumb","itemListElement":[{"@type":"ListItem","position":1,"name":"Homepage","item":"https:\/\/myallmeeting.com\/de\/"},{"@type":"ListItem","position":2,"name":"Aktuelles","item":"https:\/\/www.myallmeeting.com\/de\/aktuelles\/"},{"@type":"ListItem","position":3,"name":"Atmen Sie frische Luft w\u00e4hrend Ihres Seminars in der Charente-Maritime!\u00a0"}]},{"@type":"WebSite","@id":"https:\/\/www.myallmeeting.com\/de\/#website","url":"https:\/\/www.myallmeeting.com\/de\/","name":"Accor MyAllMeeting.com","description":"Les Meilleurs lieux pour vos Ev\u00e9nements Professionnels","publisher":{"@id":"https:\/\/www.myallmeeting.com\/de\/#organization"},"potentialAction":[{"@type":"SearchAction","target":{"@type":"EntryPoint","urlTemplate":"https:\/\/www.myallmeeting.com\/de\/?s={search_term_string}"},"query-input":{"@type":"PropertyValueSpecification","valueRequired":true,"valueName":"search_term_string"}}],"inLanguage":"de-DE"},{"@type":"Organization","@id":"https:\/\/www.myallmeeting.com\/de\/#organization","name":"ACCOR","url":"https:\/\/www.myallmeeting.com\/de\/","logo":{"@type":"ImageObject","inLanguage":"de-DE","@id":"https:\/\/www.myallmeeting.com\/de\/#\/schema\/logo\/image\/","url":"","contentUrl":"","caption":"ACCOR"},"image":{"@id":"https:\/\/www.myallmeeting.com\/de\/#\/schema\/logo\/image\/"}}]}},"_links":{"self":[{"href":"https:\/\/www.myallmeeting.com\/de\/wp-json\/wp\/v2\/article\/16224935","targetHints":{"allow":["GET"]}}],"collection":[{"href":"https:\/\/www.myallmeeting.com\/de\/wp-json\/wp\/v2\/article"}],"about":[{"href":"https:\/\/www.myallmeeting.com\/de\/wp-json\/wp\/v2\/types\/article"}],"wp:featuredmedia":[{"embeddable":true,"href":"https:\/\/www.myallmeeting.com\/de\/wp-json\/wp\/v2\/media\/16036962"}],"wp:attachment":[{"href":"https:\/\/www.myallmeeting.com\/de\/wp-json\/wp\/v2\/media?parent=16224935"}],"wp:term":[{"taxonomy":"periscope_categorie_tax","embeddable":true,"href":"https:\/\/www.myallmeeting.com\/de\/wp-json\/wp\/v2\/periscope_categorie_tax?post=16224935"}],"curies":[{"name":"wp","href":"https:\/\/api.w.org\/{rel}","templated":true}]}}