{"id":16223795,"date":"2023-07-02T17:59:16","date_gmt":"2023-07-02T15:59:16","guid":{"rendered":"https:\/\/myallmeeting.com\/article\/les-8-hotels-en-europe-ou-organiser-votre-seminaire-en-bord-de-mer\/"},"modified":"2024-07-19T16:19:08","modified_gmt":"2024-07-19T14:19:08","slug":"les-8-hotels-en-europe-ou-organiser-votre-seminaire-en-bord-de-mer","status":"publish","type":"article","link":"https:\/\/www.myallmeeting.com\/de\/article\/les-8-hotels-en-europe-ou-organiser-votre-seminaire-en-bord-de-mer\/","title":{"rendered":"Die 8 Hotels in Europa, in denen Sie Ihr Seminar am Meer abhalten k\u00f6nnen\u2026"},"content":{"rendered":"<!-- START OF : Composant : block-periscope-theme-section-composant-25-texte-cta-2-images.php -->\n<div class=\"tcta2ia bg-white fs-wysiwyg mb-lg-12\" data-component=\"25-texte-cta-2-images\">\n\t<div class=\"tcta2ia__top\">\n\t\t<div class=\"container-fluid\" style=\"--bs-gutter-x: 0\">\n\t\t\t<div class=\"row\" style=\"--bs-gutter-x: 0\">\n\t\t\t\t<div class=\"col-lg-8\">\n\t\t\t\t\t\t\t\t\t\t<div class=\"bloc-mise-en-avant__top__left\">\n\t\t\t\t\t\t<img decoding=\"async\" src=\"https:\/\/www.myallmeeting.com\/wp-content\/uploads\/2023\/07\/4886-64-1-1268x846.jpg\" class=\"pe-2 pe-lg-0\" width=\"1268\" height=\"846\" alt=\"\" loading=\"lazy\" \/>\n\t\t\t\t\t<\/div>\n\t\t\t\t\t\t\t\t\t\t<div class=\"tcta2ia__bottom d-none d-lg-block pb-12 pt-lg-9 pb-lg-0 pe-lg-10\">\n\t\t\t\t\t\t\t\t\t\t\t\t<h2 class=\"fs-20 fs-lg-32 fw-semibold\">Sofitel Grand Sopot<\/h2>\n\t\t\t\t\t\t\t\t\t\t\t\t\t\t\t\t\t\t<div class=\"fs-wysiwyg\"><h3>Die Belle-\u00c9poque an der Ostsee<\/h3>\n<p>Die <strong>126 Zimmer und Suiten<\/strong> dieses 5-Sterne-Hotels erwarten Sie in einem wundersch\u00f6nen Geb\u00e4ude aus der Zeit zwischen den beiden Weltkriegen. Das <a href=\"https:\/\/myallmeeting.com\/de\/hotel\/3419-sofitel-grand-sopot\/\"><strong>Sofitel Grand Sopot<\/strong><\/a> bietet diskreten Luxus und ein <strong>Fitness- und Spa-Zentrum<\/strong>, das auf Ihre Mitarbeiter wartet. Der Privatstrand grenzt an den gr\u00f6\u00dften Holzsteg Europas!<\/p>\n<p>Weicher, feiner Sand, umsp\u00fclt von der <strong>Ostsee<\/strong>, in der Bucht von <strong>Danzig<\/strong>. Zwischen zwei Ausfl\u00fcgen k\u00f6nnen Sie Ihre Tagungen in <strong>5 Tagungsr\u00e4umen<\/strong> abhalten, darunter der Ball Room, ein wundersch\u00f6ner, 250 m2 gro\u00dfer Konferenzraum mit gepflegtem Dekor.<\/p>\n<\/div>\n\t\t\t\t\t\t\t\t\t\t\t\t<div class=\"d-flex flex-column flex-lg-row align-items-center gap-5 gap-lg-8 justify-content-between\">\n\t\t\t\t\t\t\t<div class=\"fs-20 fs-lg-26 fw-semibold lh-xs\"><\/div>\n\t\t\t\t\t\t\t\t\t\t\t\t\t<\/div>\n\t\t\t\t\t<\/div>\n\t\t\t\t<\/div>\n\t\t\t\t<div class=\"col-lg-4\">\n\t\t\t\t\t<div class=\"tcta2ia__top__right t-0 r-0 bg-primary text-white pt-4 pb-4 px-2 pt-lg-8 pb-lg-16 px-lg-11 pb-xl-30\">\n\t\t\t\t\t\t\t\t\t\t\t\t\t\t\t\t\t\t<h2 class=\"unna fs-36 fs-lg-51 fs-xl-75 fs-italic fw-normal text-secondary\">Die 8 Hotels in Europa, in denen Sie Ihr Seminar am Meer abhalten k\u00f6nnen&#8230;<\/h2>\n\t\t\t\t\t\t\t\t\t\t\t\t\t\t\t\t\t\t\t\t\t\t\t\t<div class=\"fs-wysiwyg mb-4 fs-lg-16 fs-xl-20\"><p>Sind Sie eher f\u00fcr die pl\u00e4tschernde Ostsee, den rauschenden Atlantik oder das endlose Blau des Mittelmeers? Wenn Sie sich noch nicht sicher sind, k\u00f6nnen Sie mit Accor und seinen zahlreichen Standorten die weiten K\u00fcsten Europas erkunden und Ihre Incentives organisieren! Demonstrieren Sie es in 8 Hotels an 8 traumhaften Orten!<\/p>\n<\/div>\n\t\t\t\t\t\t\t\t\t\t\t\t\t\t\t\t\t\t\t\t\t\t\t\t<p class=\"m-0\"><img decoding=\"async\" src=\"https:\/\/www.myallmeeting.com\/wp-content\/uploads\/2023\/07\/4071-37-633x398.jpg\" class=\"position-relative l-0\" width=\"633\" height=\"398\" alt=\"\" loading=\"lazy\" \/><\/p>\n\t\t\t\t\t\t\t\t\t\t\t<\/div>\n\t\t\t\t<\/div>\n\t\t\t<\/div>\n\t\t<\/div>\n\t<\/div>\n\t<div class=\"tcta2ia__bottom d-lg-none pb-12 py-lg-9 pe-lg-10\">\n\t\t\t\t<div class=\"h2 fs-20 fs-lg-32 fw-semibold\">Sofitel Grand Sopot<\/div>\n\t\t\t\t\t\t<div class=\"fs-wysiwyg\"><h3>Die Belle-\u00c9poque an der Ostsee<\/h3>\n<p>Die <strong>126 Zimmer und Suiten<\/strong> dieses 5-Sterne-Hotels erwarten Sie in einem wundersch\u00f6nen Geb\u00e4ude aus der Zeit zwischen den beiden Weltkriegen. Das <a href=\"https:\/\/myallmeeting.com\/de\/hotel\/3419-sofitel-grand-sopot\/\"><strong>Sofitel Grand Sopot<\/strong><\/a> bietet diskreten Luxus und ein <strong>Fitness- und Spa-Zentrum<\/strong>, das auf Ihre Mitarbeiter wartet. Der Privatstrand grenzt an den gr\u00f6\u00dften Holzsteg Europas!<\/p>\n<p>Weicher, feiner Sand, umsp\u00fclt von der <strong>Ostsee<\/strong>, in der Bucht von <strong>Danzig<\/strong>. Zwischen zwei Ausfl\u00fcgen k\u00f6nnen Sie Ihre Tagungen in <strong>5 Tagungsr\u00e4umen<\/strong> abhalten, darunter der Ball Room, ein wundersch\u00f6ner, 250 m2 gro\u00dfer Konferenzraum mit gepflegtem Dekor.<\/p>\n<\/div>\n\t\t\t\t<div class=\"d-flex flex-column flex-lg-row align-items-center gap-5 gap-lg-8 justify-content-between\">\n\t\t\t<div class=\"fs-20 fs-lg-26 fw-semibold lh-xs\"><\/div>\n\t\t\t\t\t<\/div>\n\t<\/div>\n<\/div>\n<!-- END OF : Composant : block-periscope-theme-section-composant-25-texte-cta-2-images.php -->\n\n\n<!-- START OF : Composant : block-periscope-theme-section-composant-33-texte-image.php -->\n<div class=\"text-image fs-wysiwyg mb-8 mb-lg-12\" data-component=\"33-texte-image\">\n\t<div class=\"container-fluid\" style=\"--bs-gutter-x: 0\">\n\t\t<div class=\"row\" style=\"--bs-gutter-x: 0\">\n\t\t\t\t\t\t<div class=\"col-lg-6 mb-7 mb-lg-0\">\n\t\t\t\t<img decoding=\"async\" src=\"https:\/\/www.myallmeeting.com\/wp-content\/uploads\/2023\/07\/2567-03-953x600.jpg\" width=\"953\" height=\"600\" alt=\"\" loading=\"lazy\" class=\"w-100\" \/>\n\t\t\t<\/div>\n\t\t\t\t\t\t<div class=\"col-lg-6\">\n\t\t\t\t<div class=\"text-image__content\">\n\t\t\t\t\t\t\t\t\t\t<div class=\"fw-semibold lh-xs fs-20 fs-lg-32 ls--25 mb-5\">Mercure Brighton Seafront<\/div>\n\t\t\t\t\t\t\t\t\t\t\t\t\t\t\t<div class=\"fs-wysiwyg\">\n\t\t\t\t\t\t<h3>Der \u00c4rmelkanal liegt Ihnen zu F\u00fc\u00dfen<\/h3>\n<p>Die Gassen und traditionellen Pubs von <strong>The Lanes,<\/strong> dem alten Fischerviertel von <strong>Brighton<\/strong>, sind nur wenige Schritte vom 4-Sterne <a href=\"https:\/\/myallmeeting.com\/de\/hotel\/8335-mercure-brighton-seafront-hotel\/\"><strong>Mercure Brighton Seafront<\/strong> <\/a>entfernt. Dieses Hotel mit <strong>116 Zimmern<\/strong> und einer viktorianisch inspirierten Einrichtung befindet sich direkt an der <strong>Strandpromenade<\/strong>.<\/p>\n<p>Die h\u00fcbsche Promenade entlang des <strong>\u00c4rmelkanals<\/strong> wird von kunstvollen Holzstegen ges\u00e4umt. <strong>8 Tagungsr\u00e4ume<\/strong> f\u00fcr bis zu 150 Personen erleichtern das Arbeiten in <strong>Unteraussch\u00fcssen<\/strong>.<\/p>\n\t\t\t\t\t<\/div>\n\t\t\t\t\t\t\t\t\t<\/div>\n\t\t\t<\/div>        \n\t\t<\/div>\n\t<\/div>\n<\/div>\n<!-- END OF : Composant : block-periscope-theme-section-composant-33-texte-image.php -->\n\n\n<!-- START OF : Composant : block-periscope-theme-section-composant-33-texte-image.php -->\n<!-- INVERSE -->\n<div class=\"text-image fs-wysiwyg mb-8 mb-lg-12\" data-component=\"33-texte-image\" data-reverse=\"oui\">\n\t<div class=\"container-fluid\" style=\"--bs-gutter-x: 0\">\n\t\t<div class=\"row\" style=\"--bs-gutter-x: 0\">\n\t\t\t<div class=\"col-lg-6\">\n\t\t\t\t<div class=\"text-image__content\">\n\t\t\t\t\t\t\t\t\t\t<div class=\"fw-semibold lh-xs fs-20 fs-lg-32 ls--25 mb-5\">Mercure Benidorm<\/div>\n\t\t\t\t\t\t\t\t\t\t\t\t\t\t\t<div class=\"fs-wysiwyg\">\n\t\t\t\t\t\t<h3>Gastronomie an der Costa Blanca<\/h3>\n<p>Paella, Tapas und andere Leckerbissen der spanischen Gastronomie! <strong>Malaspina<\/strong>, das Restaurant des <a href=\"https:\/\/myallmeeting.com\/de\/hotel\/b6i8-mercure-benidorm-ouverture-juin-2022\/\"><strong>Mercure Benidorm,<\/strong><\/a> veredelt sie: ein Versprechen f\u00fcr gesellige Momente, die den Zusammenhalt Ihrer Teams f\u00f6rdern.<\/p>\n<p>Vom Hotel (186 Zimmer) aus sind die Str\u00e4nde <strong>Poniente<\/strong> und <strong>Levante<\/strong> von <strong>Beniborm<\/strong> zu Fu\u00df erreichbar, ebenso wie der <strong>Balcon de Mediterraneo<\/strong>, ein h\u00fcbscher Mosaikbalkon, der die Bucht dieses beliebten Ferienortes in der Provinz <strong>Alicante<\/strong> \u00fcberblickt.<\/p>\n<p>Der 50 m2 gro\u00dfe Tagungsraum bietet Ihnen die M\u00f6glichkeit, sich ein herzliches Teambuilding auszudenken.<\/p>\n\t\t\t\t\t<\/div>\n\t\t\t\t\t\t\t\t\t<\/div>\n\t\t\t<\/div>    \n\t\t\t    \n\t\t\t<div class=\"col-lg-6 order-first order-lg-last mb-7 mb-lg-0\">\n\t\t\t\t<img decoding=\"async\" src=\"https:\/\/www.myallmeeting.com\/wp-content\/uploads\/2023\/07\/6306-58-953x600.jpg\" width=\"953\" height=\"600\" alt=\"\" loading=\"lazy\" class=\"w-100\" \/>\n\t\t\t<\/div>\n\t\t\t\t\t<\/div>\n\t<\/div>\n<\/div>\n<!-- END OF : Composant : block-periscope-theme-section-composant-33-texte-image.php -->\n\n\n<!-- START OF : Composant : block-periscope-theme-section-composant-33-texte-image.php -->\n<div class=\"text-image fs-wysiwyg mb-8 mb-lg-12\" data-component=\"33-texte-image\">\n\t<div class=\"container-fluid\" style=\"--bs-gutter-x: 0\">\n\t\t<div class=\"row\" style=\"--bs-gutter-x: 0\">\n\t\t\t\t\t\t<div class=\"col-lg-6 mb-7 mb-lg-0\">\n\t\t\t\t<img decoding=\"async\" src=\"https:\/\/www.myallmeeting.com\/wp-content\/uploads\/2023\/07\/4670-77-953x600.jpg\" width=\"953\" height=\"600\" alt=\"\" loading=\"lazy\" class=\"w-100\" \/>\n\t\t\t<\/div>\n\t\t\t\t\t\t<div class=\"col-lg-6\">\n\t\t\t\t<div class=\"text-image__content\">\n\t\t\t\t\t\t\t\t\t\t<div class=\"fw-semibold lh-xs fs-20 fs-lg-32 ls--25 mb-5\">Ibis Styles Nieuwpoort<\/div>\n\t\t\t\t\t\t\t\t\t\t\t\t\t\t\t<div class=\"fs-wysiwyg\">\n\t\t\t\t\t\t<h3>Nordsee, D\u00fcnen und wei\u00dfer Sand!<\/h3>\n<p>Lange, feine Sandstr\u00e4nde und ihre kleinen D\u00fcnen s\u00e4umen die K\u00fcste des \u201eflachen Landes\u201c. Eine Landschaft, die verf\u00fchrt und ein Seminar an der frischen Luft verspricht, das Sie Ihren Mitarbeitern in der K\u00fcstenstadt Nieuwpoort (oder Nieuwpoort) bieten k\u00f6nnen.<\/p>\n<p>Besuchen Sie das<a href=\"https:\/\/myallmeeting.com\/de\/hotel\/9716-ibis-styles-nieuwpoort\/\"><strong> ibis Styles Nieuwpoort<\/strong><\/a> in einem modernen und designorientierten Ambiente, wo <strong>2 Tagungsr\u00e4ume,<\/strong> 55 und 40 m2, Ihre Tagung beherbergen werden.<\/p>\n<p>Dieses 3-Sterne-Hotel mit 97 Zimmern verf\u00fcgt \u00fcber ein <strong>Hallenbad und eine Sauna<\/strong> &#8211; genau das Richtige, um sich nach einem langen Spaziergang aufzuw\u00e4rmen!<\/p>\n\t\t\t\t\t<\/div>\n\t\t\t\t\t\t\t\t\t<\/div>\n\t\t\t<\/div>        \n\t\t<\/div>\n\t<\/div>\n<\/div>\n<!-- END OF : Composant : block-periscope-theme-section-composant-33-texte-image.php -->\n\n\n<!-- START OF : Composant : block-periscope-theme-section-composant-33-texte-image.php -->\n<!-- INVERSE -->\n<div class=\"text-image fs-wysiwyg mb-8 mb-lg-12\" data-component=\"33-texte-image\" data-reverse=\"oui\">\n\t<div class=\"container-fluid\" style=\"--bs-gutter-x: 0\">\n\t\t<div class=\"row\" style=\"--bs-gutter-x: 0\">\n\t\t\t<div class=\"col-lg-6\">\n\t\t\t\t<div class=\"text-image__content\">\n\t\t\t\t\t\t\t\t\t\t<div class=\"fw-semibold lh-xs fs-20 fs-lg-32 ls--25 mb-5\">Novotel Thalassa Le Touquet<\/div>\n\t\t\t\t\t\t\t\t\t\t\t\t\t\t\t<div class=\"fs-wysiwyg\">\n\t\t\t\t\t\t<h3>Wellness an der C\u00f4te d&#8217;Opale<\/h3>\n<p>Auf der einen Seite das Meer, soweit das Auge reicht, auf der anderen Seite die D\u00fcne&#8230; Das <a href=\"https:\/\/myallmeeting.com\/de\/hotel\/0449-novotel-thalassa-le-touquet\/\"><strong>Novotel Thalassa Le Touquet<\/strong><\/a> hat also eine gute Lage!<\/p>\n<p>Dieses 4-Sterne-Hotel mit 145 Zimmern, das 2019 komplett renoviert wird, vergisst dennoch nicht, nahe am Stadtzentrum dieses typischen Badeortes aus dem 19. Jahrhundert zu sein, der von anglo-normannischen Villen bev\u00f6lkert wird.<\/p>\n<p>Zwischen dem <strong>beheizten Meerwasserschwimmbad<\/strong>, dem <strong>Fitness- und Spa-Zentrum<\/strong> und der <strong>Thalassotherapie<\/strong> mit Meerwasserbehandlungen werden sich <strong>Ihre Teams wohlf\u00fchlen,<\/strong> sobald sie aus einem der<strong> 9 Tagungsr\u00e4ume<\/strong> des Hotels herauskommen.<\/p>\n\t\t\t\t\t<\/div>\n\t\t\t\t\t\t\t\t\t<\/div>\n\t\t\t<\/div>    \n\t\t\t    \n\t\t\t<div class=\"col-lg-6 order-first order-lg-last mb-7 mb-lg-0\">\n\t\t\t\t<img decoding=\"async\" src=\"https:\/\/www.myallmeeting.com\/wp-content\/uploads\/2023\/07\/5155-03-953x600.jpg\" width=\"953\" height=\"600\" alt=\"\" loading=\"lazy\" class=\"w-100\" \/>\n\t\t\t<\/div>\n\t\t\t\t\t<\/div>\n\t<\/div>\n<\/div>\n<!-- END OF : Composant : block-periscope-theme-section-composant-33-texte-image.php -->\n\n\n<!-- START OF : Composant : block-periscope-theme-section-composant-33-texte-image.php -->\n<div class=\"text-image fs-wysiwyg mb-8 mb-lg-12\" data-component=\"33-texte-image\">\n\t<div class=\"container-fluid\" style=\"--bs-gutter-x: 0\">\n\t\t<div class=\"row\" style=\"--bs-gutter-x: 0\">\n\t\t\t\t\t\t<div class=\"col-lg-6 mb-7 mb-lg-0\">\n\t\t\t\t<img decoding=\"async\" src=\"https:\/\/www.myallmeeting.com\/wp-content\/uploads\/2023\/07\/timi-ama-953x600.jpg\" width=\"953\" height=\"600\" alt=\"\" loading=\"lazy\" class=\"w-100\" \/>\n\t\t\t<\/div>\n\t\t\t\t\t\t<div class=\"col-lg-6\">\n\t\t\t\t<div class=\"text-image__content\">\n\t\t\t\t\t\t\t\t\t\t<div class=\"fw-semibold lh-xs fs-20 fs-lg-32 ls--25 mb-5\">Pullman Almar Timi Ama Resort &amp; Spa<\/div>\n\t\t\t\t\t\t\t\t\t\t\t\t\t\t\t<div class=\"fs-wysiwyg\">\n\t\t\t\t\t\t<h3>Eine zauberhafte Auszeit am Thyrrenischen Meer<\/h3>\n<p>Fahren Sie in den S\u00fcdosten <strong>Sardiniens<\/strong>, wo Sie im <a href=\"https:\/\/myallmeeting.com\/de\/hotel\/3040-pullman-timi-ama-sardegna\/\"><strong>Pullman Almar Timi Luxus<\/strong><\/a>, Ruhe und Genuss erwarten&#8230;<\/p>\n<p>Dieses 5-Sterne-Hotel mit 275 Zimmern befindet sich im Herzen des Naturschutzgebiets <strong>Capo Carbonara<\/strong> und \u00fcberblickt die <strong>Bucht von Porto Giunco<\/strong>, was einen atemberaubenden Ausblick verspricht!<\/p>\n<p>Sicherlich werden die <strong>4 sehr sch\u00f6nen Konferenzr\u00e4ume<\/strong>, der gr\u00f6\u00dfte mit 210 m2, die \u00dcberlegungen Ihrer Teams erleichtern, aber es besteht kein Zweifel, dass Ihre Mitarbeiter sich vom Schwimmbad, dem Fitnesscenter, einem der <strong>4 Restaurants<\/strong> dieses herrlichen Komplexes oder dem nahe gelegenen <strong>Golfplatz<\/strong> verf\u00fchren lassen werden.<\/p>\n\t\t\t\t\t<\/div>\n\t\t\t\t\t\t\t\t\t<\/div>\n\t\t\t<\/div>        \n\t\t<\/div>\n\t<\/div>\n<\/div>\n<!-- END OF : Composant : block-periscope-theme-section-composant-33-texte-image.php -->\n\n\n<!-- START OF : Composant : block-periscope-theme-section-composant-33-texte-image.php -->\n<!-- INVERSE -->\n<div class=\"text-image fs-wysiwyg mb-8 mb-lg-12\" data-component=\"33-texte-image\" data-reverse=\"oui\">\n\t<div class=\"container-fluid\" style=\"--bs-gutter-x: 0\">\n\t\t<div class=\"row\" style=\"--bs-gutter-x: 0\">\n\t\t\t<div class=\"col-lg-6\">\n\t\t\t\t<div class=\"text-image__content\">\n\t\t\t\t\t\t\t\t\t\t<div class=\"fw-semibold lh-xs fs-20 fs-lg-32 ls--25 mb-5\">Rixos Premium Dubrovnik<\/div>\n\t\t\t\t\t\t\t\t\t\t\t\t\t\t\t<div class=\"fs-wysiwyg\">\n\t\t\t\t\t\t<h3>Im Herzen der Perle der Adria<\/h3>\n<p>Dubrovnik, das zum UNESCO-Weltkulturerbe geh\u00f6rt und auch als \u201ePerle der Adria\u201c bezeichnet wird! Vorteile, die Ihre Mitarbeiter f\u00fcr ein Wohnseminar im <a href=\"https:\/\/myallmeeting.com\/de\/hotel\/b1h9-rixos-premium-dubrovnik\/\"><strong>Rixos Premium Dubrovnik<\/strong><\/a> begeistern k\u00f6nnen.<\/p>\n<p>Die meisten der 310 Zimmer dieses 5-Sterne-Hotels liegen direkt am tiefblauen Meer.<\/p>\n<p>Nach der Arbeit in den <strong>f\u00fcnf Tagungsr\u00e4umen<\/strong> (mit einer Gesamtkapazit\u00e4t von 900 Personen!) geht es weiter in die mittelalterliche Altstadt, die nur einen Steinwurf entfernt ist und in der die ber\u00fchmte Serie Game of Thrones gedreht wurde. Die Drehorte k\u00f6nnen besichtigt werden &#8211; eine gute Idee f\u00fcr ein Incentive!<\/p>\n\t\t\t\t\t<\/div>\n\t\t\t\t\t\t\t\t\t<\/div>\n\t\t\t<\/div>    \n\t\t\t    \n\t\t\t<div class=\"col-lg-6 order-first order-lg-last mb-7 mb-lg-0\">\n\t\t\t\t<img decoding=\"async\" src=\"https:\/\/www.myallmeeting.com\/wp-content\/uploads\/2023\/07\/rixos-953x600.jpg\" width=\"953\" height=\"600\" alt=\"\" loading=\"lazy\" class=\"w-100\" \/>\n\t\t\t<\/div>\n\t\t\t\t\t<\/div>\n\t<\/div>\n<\/div>\n<!-- END OF : Composant : block-periscope-theme-section-composant-33-texte-image.php -->\n\n\n<!-- START OF : Composant : block-periscope-theme-section-composant-33-texte-image.php -->\n<div class=\"text-image fs-wysiwyg mb-8 mb-lg-12\" data-component=\"33-texte-image\">\n\t<div class=\"container-fluid\" style=\"--bs-gutter-x: 0\">\n\t\t<div class=\"row\" style=\"--bs-gutter-x: 0\">\n\t\t\t\t\t\t<div class=\"col-lg-6 mb-7 mb-lg-0\">\n\t\t\t\t<img decoding=\"async\" src=\"https:\/\/www.myallmeeting.com\/wp-content\/uploads\/2023\/07\/monte-carlo-953x600.jpg\" width=\"953\" height=\"600\" alt=\"\" loading=\"lazy\" class=\"w-100\" \/>\n\t\t\t<\/div>\n\t\t\t\t\t\t<div class=\"col-lg-6\">\n\t\t\t\t<div class=\"text-image__content\">\n\t\t\t\t\t\t\t\t\t\t<div class=\"fw-semibold lh-xs fs-20 fs-lg-32 ls--25 mb-5\">Fairmont Monte Carlo<\/div>\n\t\t\t\t\t\t\t\t\t\t\t\t\t\t\t<div class=\"fs-wysiwyg\">\n\t\t\t\t\t\t<h3>Ein &#8216;k\u00f6nigliches&#8217; Hotel<\/h3>\n<p>Das <a href=\"https:\/\/myallmeeting.com\/de\/hotel\/a598-fairmont-monte-carlo\/\"><strong>Fairmont Monte Carlo<\/strong><\/a>, das zwischen dem Mittelmeer und dem legend\u00e4ren Casino von Monte Carlo errichtet wurde, zeichnet sich als Luxushotel in Monaco aus, ein emblematisches Resort-Hotel im Herzen des monegassischen F\u00fcrstentums.<\/p>\n<p>Das 4-Sterne-Hotel mit 596 Zimmern verf\u00fcgt \u00fcber 17 Tagungsr\u00e4ume f\u00fcr Ihre Veranstaltungen.<\/p>\n\t\t\t\t\t<\/div>\n\t\t\t\t\t\t\t\t\t<\/div>\n\t\t\t<\/div>        \n\t\t<\/div>\n\t<\/div>\n<\/div>\n<!-- END OF : Composant : block-periscope-theme-section-composant-33-texte-image.php -->\n","protected":false},"excerpt":{"rendered":"<p>Entdecken Sie die 8 exotischen Hotels f\u00fcr ein Seminar am Meer.<\/p>\n","protected":false},"featured_media":16223739,"menu_order":0,"template":"","periscope_categorie_tax":[3514],"class_list":["post-16223795","article","type-article","status-publish","has-post-thumbnail","hentry","periscope_categorie_tax-tous-nos-tops-selections-de"],"acf":[],"yoast_head":"<title>Die 8 Hotels in Europa, in denen Sie Ihr Seminar am Meer abhalten k\u00f6nnen\u2026 - Accor MyAllMeeting.com<\/title>\n<meta name=\"robots\" content=\"index, follow, max-snippet:-1, max-image-preview:large, max-video-preview:-1\" \/>\n<link rel=\"canonical\" href=\"https:\/\/www.myallmeeting.com\/de\/wp-json\/wp\/v2\/article\/16223795\" \/>\n<meta property=\"og:locale\" content=\"de_DE\" \/>\n<meta property=\"og:type\" content=\"article\" \/>\n<meta property=\"og:title\" content=\"Die 8 Hotels in Europa, in denen Sie Ihr Seminar am Meer abhalten k\u00f6nnen\u2026 - Accor MyAllMeeting.com\" \/>\n<meta property=\"og:description\" content=\"Entdecken Sie die 8 exotischen Hotels f\u00fcr ein Seminar am Meer.\" \/>\n<meta property=\"og:url\" content=\"https:\/\/www.myallmeeting.com\/de\/article\/les-8-hotels-en-europe-ou-organiser-votre-seminaire-en-bord-de-mer\/\" \/>\n<meta property=\"og:site_name\" content=\"Accor MyAllMeeting.com\" \/>\n<meta property=\"article:modified_time\" content=\"2024-07-19T14:19:08+00:00\" \/>\n<meta property=\"og:image\" content=\"http:\/\/myallmeeting.com\/wp-content\/uploads\/2023\/07\/MAM-imagery-1920-x-570-px-Baniere-3-1024x304.png\" \/>\n\t<meta property=\"og:image:width\" content=\"1024\" \/>\n\t<meta property=\"og:image:height\" content=\"304\" \/>\n\t<meta property=\"og:image:type\" content=\"image\/png\" \/>\n<meta name=\"twitter:card\" content=\"summary_large_image\" \/>\n<meta name=\"twitter:label1\" content=\"Est. reading time\" \/>\n\t<meta name=\"twitter:data1\" content=\"7 minutes\" \/>\n<script type=\"application\/ld+json\" class=\"yoast-schema-graph\">{\"@context\":\"https:\/\/schema.org\",\"@graph\":[{\"@type\":\"WebPage\",\"@id\":\"https:\/\/www.myallmeeting.com\/de\/article\/les-8-hotels-en-europe-ou-organiser-votre-seminaire-en-bord-de-mer\/\",\"url\":\"https:\/\/www.myallmeeting.com\/de\/article\/les-8-hotels-en-europe-ou-organiser-votre-seminaire-en-bord-de-mer\/\",\"name\":\"Die 8 Hotels in Europa, in denen Sie Ihr Seminar am Meer abhalten k\u00f6nnen\u2026 - Accor MyAllMeeting.com\",\"isPartOf\":{\"@id\":\"https:\/\/www.myallmeeting.com\/de\/#website\"},\"primaryImageOfPage\":{\"@id\":\"https:\/\/www.myallmeeting.com\/de\/article\/les-8-hotels-en-europe-ou-organiser-votre-seminaire-en-bord-de-mer\/#primaryimage\"},\"image\":{\"@id\":\"https:\/\/www.myallmeeting.com\/de\/article\/les-8-hotels-en-europe-ou-organiser-votre-seminaire-en-bord-de-mer\/#primaryimage\"},\"thumbnailUrl\":\"https:\/\/www.myallmeeting.com\/wp-content\/uploads\/2023\/07\/MAM-imagery-1920-x-570-px-Baniere-3.png\",\"datePublished\":\"2023-07-02T15:59:16+00:00\",\"dateModified\":\"2024-07-19T14:19:08+00:00\",\"breadcrumb\":{\"@id\":\"https:\/\/www.myallmeeting.com\/de\/article\/les-8-hotels-en-europe-ou-organiser-votre-seminaire-en-bord-de-mer\/#breadcrumb\"},\"inLanguage\":\"de-DE\",\"potentialAction\":[{\"@type\":\"ReadAction\",\"target\":[\"https:\/\/www.myallmeeting.com\/de\/article\/les-8-hotels-en-europe-ou-organiser-votre-seminaire-en-bord-de-mer\/\"]}]},{\"@type\":\"ImageObject\",\"inLanguage\":\"de-DE\",\"@id\":\"https:\/\/www.myallmeeting.com\/de\/article\/les-8-hotels-en-europe-ou-organiser-votre-seminaire-en-bord-de-mer\/#primaryimage\",\"url\":\"https:\/\/www.myallmeeting.com\/wp-content\/uploads\/2023\/07\/MAM-imagery-1920-x-570-px-Baniere-3.png\",\"contentUrl\":\"https:\/\/www.myallmeeting.com\/wp-content\/uploads\/2023\/07\/MAM-imagery-1920-x-570-px-Baniere-3.png\",\"width\":1920,\"height\":570},{\"@type\":\"BreadcrumbList\",\"@id\":\"https:\/\/www.myallmeeting.com\/de\/article\/les-8-hotels-en-europe-ou-organiser-votre-seminaire-en-bord-de-mer\/#breadcrumb\",\"itemListElement\":[{\"@type\":\"ListItem\",\"position\":1,\"name\":\"Homepage\",\"item\":\"https:\/\/myallmeeting.com\/de\/\"},{\"@type\":\"ListItem\",\"position\":2,\"name\":\"Aktuelles\",\"item\":\"https:\/\/www.myallmeeting.com\/de\/aktuelles\/\"},{\"@type\":\"ListItem\",\"position\":3,\"name\":\"Die 8 Hotels in Europa, in denen Sie Ihr Seminar am Meer abhalten k\u00f6nnen\u2026\"}]},{\"@type\":\"WebSite\",\"@id\":\"https:\/\/www.myallmeeting.com\/de\/#website\",\"url\":\"https:\/\/www.myallmeeting.com\/de\/\",\"name\":\"Accor MyAllMeeting.com\",\"description\":\"Les Meilleurs lieux pour vos Ev\u00e9nements Professionnels\",\"publisher\":{\"@id\":\"https:\/\/www.myallmeeting.com\/de\/#organization\"},\"potentialAction\":[{\"@type\":\"SearchAction\",\"target\":{\"@type\":\"EntryPoint\",\"urlTemplate\":\"https:\/\/www.myallmeeting.com\/de\/?s={search_term_string}\"},\"query-input\":{\"@type\":\"PropertyValueSpecification\",\"valueRequired\":true,\"valueName\":\"search_term_string\"}}],\"inLanguage\":\"de-DE\"},{\"@type\":\"Organization\",\"@id\":\"https:\/\/www.myallmeeting.com\/de\/#organization\",\"name\":\"ACCOR\",\"url\":\"https:\/\/www.myallmeeting.com\/de\/\",\"logo\":{\"@type\":\"ImageObject\",\"inLanguage\":\"de-DE\",\"@id\":\"https:\/\/www.myallmeeting.com\/de\/#\/schema\/logo\/image\/\",\"url\":\"\",\"contentUrl\":\"\",\"caption\":\"ACCOR\"},\"image\":{\"@id\":\"https:\/\/www.myallmeeting.com\/de\/#\/schema\/logo\/image\/\"}}]}<\/script>","yoast_head_json":{"title":"Die 8 Hotels in Europa, in denen Sie Ihr Seminar am Meer abhalten k\u00f6nnen\u2026 - Accor MyAllMeeting.com","robots":{"index":"index","follow":"follow","max-snippet":"max-snippet:-1","max-image-preview":"max-image-preview:large","max-video-preview":"max-video-preview:-1"},"canonical":"https:\/\/www.myallmeeting.com\/de\/wp-json\/wp\/v2\/article\/16223795","og_locale":"de_DE","og_type":"article","og_title":"Die 8 Hotels in Europa, in denen Sie Ihr Seminar am Meer abhalten k\u00f6nnen\u2026 - Accor MyAllMeeting.com","og_description":"Entdecken Sie die 8 exotischen Hotels f\u00fcr ein Seminar am Meer.","og_url":"https:\/\/www.myallmeeting.com\/de\/article\/les-8-hotels-en-europe-ou-organiser-votre-seminaire-en-bord-de-mer\/","og_site_name":"Accor MyAllMeeting.com","article_modified_time":"2024-07-19T14:19:08+00:00","og_image":[{"width":1024,"height":304,"url":"http:\/\/myallmeeting.com\/wp-content\/uploads\/2023\/07\/MAM-imagery-1920-x-570-px-Baniere-3-1024x304.png","type":"image\/png"}],"twitter_card":"summary_large_image","twitter_misc":{"Est. reading time":"7 minutes"},"schema":{"@context":"https:\/\/schema.org","@graph":[{"@type":"WebPage","@id":"https:\/\/www.myallmeeting.com\/de\/article\/les-8-hotels-en-europe-ou-organiser-votre-seminaire-en-bord-de-mer\/","url":"https:\/\/www.myallmeeting.com\/de\/article\/les-8-hotels-en-europe-ou-organiser-votre-seminaire-en-bord-de-mer\/","name":"Die 8 Hotels in Europa, in denen Sie Ihr Seminar am Meer abhalten k\u00f6nnen\u2026 - Accor MyAllMeeting.com","isPartOf":{"@id":"https:\/\/www.myallmeeting.com\/de\/#website"},"primaryImageOfPage":{"@id":"https:\/\/www.myallmeeting.com\/de\/article\/les-8-hotels-en-europe-ou-organiser-votre-seminaire-en-bord-de-mer\/#primaryimage"},"image":{"@id":"https:\/\/www.myallmeeting.com\/de\/article\/les-8-hotels-en-europe-ou-organiser-votre-seminaire-en-bord-de-mer\/#primaryimage"},"thumbnailUrl":"https:\/\/www.myallmeeting.com\/wp-content\/uploads\/2023\/07\/MAM-imagery-1920-x-570-px-Baniere-3.png","datePublished":"2023-07-02T15:59:16+00:00","dateModified":"2024-07-19T14:19:08+00:00","breadcrumb":{"@id":"https:\/\/www.myallmeeting.com\/de\/article\/les-8-hotels-en-europe-ou-organiser-votre-seminaire-en-bord-de-mer\/#breadcrumb"},"inLanguage":"de-DE","potentialAction":[{"@type":"ReadAction","target":["https:\/\/www.myallmeeting.com\/de\/article\/les-8-hotels-en-europe-ou-organiser-votre-seminaire-en-bord-de-mer\/"]}]},{"@type":"ImageObject","inLanguage":"de-DE","@id":"https:\/\/www.myallmeeting.com\/de\/article\/les-8-hotels-en-europe-ou-organiser-votre-seminaire-en-bord-de-mer\/#primaryimage","url":"https:\/\/www.myallmeeting.com\/wp-content\/uploads\/2023\/07\/MAM-imagery-1920-x-570-px-Baniere-3.png","contentUrl":"https:\/\/www.myallmeeting.com\/wp-content\/uploads\/2023\/07\/MAM-imagery-1920-x-570-px-Baniere-3.png","width":1920,"height":570},{"@type":"BreadcrumbList","@id":"https:\/\/www.myallmeeting.com\/de\/article\/les-8-hotels-en-europe-ou-organiser-votre-seminaire-en-bord-de-mer\/#breadcrumb","itemListElement":[{"@type":"ListItem","position":1,"name":"Homepage","item":"https:\/\/myallmeeting.com\/de\/"},{"@type":"ListItem","position":2,"name":"Aktuelles","item":"https:\/\/www.myallmeeting.com\/de\/aktuelles\/"},{"@type":"ListItem","position":3,"name":"Die 8 Hotels in Europa, in denen Sie Ihr Seminar am Meer abhalten k\u00f6nnen\u2026"}]},{"@type":"WebSite","@id":"https:\/\/www.myallmeeting.com\/de\/#website","url":"https:\/\/www.myallmeeting.com\/de\/","name":"Accor MyAllMeeting.com","description":"Les Meilleurs lieux pour vos Ev\u00e9nements Professionnels","publisher":{"@id":"https:\/\/www.myallmeeting.com\/de\/#organization"},"potentialAction":[{"@type":"SearchAction","target":{"@type":"EntryPoint","urlTemplate":"https:\/\/www.myallmeeting.com\/de\/?s={search_term_string}"},"query-input":{"@type":"PropertyValueSpecification","valueRequired":true,"valueName":"search_term_string"}}],"inLanguage":"de-DE"},{"@type":"Organization","@id":"https:\/\/www.myallmeeting.com\/de\/#organization","name":"ACCOR","url":"https:\/\/www.myallmeeting.com\/de\/","logo":{"@type":"ImageObject","inLanguage":"de-DE","@id":"https:\/\/www.myallmeeting.com\/de\/#\/schema\/logo\/image\/","url":"","contentUrl":"","caption":"ACCOR"},"image":{"@id":"https:\/\/www.myallmeeting.com\/de\/#\/schema\/logo\/image\/"}}]}},"_links":{"self":[{"href":"https:\/\/www.myallmeeting.com\/de\/wp-json\/wp\/v2\/article\/16223795","targetHints":{"allow":["GET"]}}],"collection":[{"href":"https:\/\/www.myallmeeting.com\/de\/wp-json\/wp\/v2\/article"}],"about":[{"href":"https:\/\/www.myallmeeting.com\/de\/wp-json\/wp\/v2\/types\/article"}],"wp:featuredmedia":[{"embeddable":true,"href":"https:\/\/www.myallmeeting.com\/de\/wp-json\/wp\/v2\/media\/16223739"}],"wp:attachment":[{"href":"https:\/\/www.myallmeeting.com\/de\/wp-json\/wp\/v2\/media?parent=16223795"}],"wp:term":[{"taxonomy":"periscope_categorie_tax","embeddable":true,"href":"https:\/\/www.myallmeeting.com\/de\/wp-json\/wp\/v2\/periscope_categorie_tax?post=16223795"}],"curies":[{"name":"wp","href":"https:\/\/api.w.org\/{rel}","templated":true}]}}