{"id":16038101,"date":"2019-06-20T18:07:17","date_gmt":"2019-06-20T16:07:17","guid":{"rendered":"https:\/\/myallmeeting.com\/article\/notre-selection-de-rooftops-accor-pour-vos-soirees-estivales\/"},"modified":"2024-07-12T09:27:26","modified_gmt":"2024-07-12T07:27:26","slug":"unsere-auswahl-an-accor-dachern-fur-ihre-sommerabende","status":"publish","type":"article","link":"https:\/\/www.myallmeeting.com\/de\/article\/unsere-auswahl-an-accor-dachern-fur-ihre-sommerabende\/","title":{"rendered":"Unsere Auswahl an Accor-D\u00e4chern f\u00fcr Ihre Sommerabende\u00a0"},"content":{"rendered":"<!-- START OF : Composant : block-periscope-theme-section-composant-25-texte-cta-2-images.php -->\n<div class=\"tcta2ia bg-white fs-wysiwyg mb-lg-12\" data-component=\"25-texte-cta-2-images\">\n\t<div class=\"tcta2ia__top\">\n\t\t<div class=\"container-fluid\" style=\"--bs-gutter-x: 0\">\n\t\t\t<div class=\"row\" style=\"--bs-gutter-x: 0\">\n\t\t\t\t<div class=\"col-lg-8\">\n\t\t\t\t\t\t\t\t\t\t<div class=\"bloc-mise-en-avant__top__left\">\n\t\t\t\t\t\t<img decoding=\"async\" src=\"https:\/\/www.myallmeeting.com\/wp-content\/uploads\/2019\/06\/Mercure-Villeneuve-Loubet-Plage-4-1268x846.jpg\" class=\"pe-2 pe-lg-0\" width=\"1268\" height=\"846\" alt=\"\" loading=\"lazy\" \/>\n\t\t\t\t\t<\/div>\n\t\t\t\t\t\t\t\t\t\t<div class=\"tcta2ia__bottom d-none d-lg-block pb-12 pt-lg-9 pb-lg-0 pe-lg-10\">\n\t\t\t\t\t\t\t\t\t\t\t\t<h2 class=\"fs-20 fs-lg-32 fw-semibold\">Sainte-Barbe H\u00f4tel &amp; Spa Le Conquet \u2013 MGallery ****<\/h2>\n\t\t\t\t\t\t\t\t\t\t\t\t\t\t\t\t\t\t<div class=\"fs-wysiwyg\"><p><span data-contrast=\"none\">Drei\u00dfig Minuten vom Flughafen Brest entfernt bietet die zwischen Himmel und Meer schwebende Dachterrasse des <\/span><a href=\"https:\/\/myallmeeting.com\/de\/hotel\/b1k8-sainte-barbe-hotel-spa-le-conquet-mgalleryopening-may-2019\/\"><b><span data-contrast=\"none\">4-Sterne-Hotels MGallery<\/span><\/b><\/a><span data-contrast=\"none\"> eine k\u00f6stliche Cocktailkarte <\/span><b><span data-contrast=\"none\">an einem magischen Ort mit au\u00dfergew\u00f6hnlichen Sonnenunterg\u00e4ngen.\u00a0<\/span><\/b><span data-ccp-props=\"{&quot;134245417&quot;:true,&quot;134245418&quot;:true,&quot;134245529&quot;:true,&quot;201341983&quot;:0,&quot;335551550&quot;:6,&quot;335551620&quot;:6,&quot;335557856&quot;:16119028,&quot;335559738&quot;:165,&quot;335559739&quot;:165,&quot;335559740&quot;:240}\">\u00a0<\/span><\/p>\n<p><span data-contrast=\"none\">Das Panorama-Fischrestaurant, das von einem Chefkoch geleitet wird, der seine Ausbildung in der besten franz\u00f6sischen Gastronomie absolviert hat, zelebriert den Reichtum der bretonischen K\u00fcste in einem gem\u00fctlichen und raffinierten Ambiente.<\/span><span data-ccp-props=\"{&quot;134245417&quot;:true,&quot;201341983&quot;:0,&quot;335551550&quot;:6,&quot;335551620&quot;:6,&quot;335557856&quot;:16119028,&quot;335559738&quot;:165,&quot;335559739&quot;:165,&quot;335559740&quot;:240}\">\u00a0<\/span><\/p>\n<\/div>\n\t\t\t\t\t\t\t\t\t\t\t\t<div class=\"d-flex flex-column flex-lg-row align-items-center gap-5 gap-lg-8 justify-content-between\">\n\t\t\t\t\t\t\t<div class=\"fs-20 fs-lg-26 fw-semibold lh-xs\"><\/div>\n\t\t\t\t\t\t\t\t\t\t\t\t\t<\/div>\n\t\t\t\t\t<\/div>\n\t\t\t\t<\/div>\n\t\t\t\t<div class=\"col-lg-4\">\n\t\t\t\t\t<div class=\"tcta2ia__top__right t-0 r-0 bg-primary text-white pt-4 pb-4 px-2 pt-lg-8 pb-lg-16 px-lg-11 pb-xl-30\">\n\t\t\t\t\t\t\t\t\t\t\t\t\t\t\t\t\t\t<h2 class=\"unna fs-36 fs-lg-51 fs-xl-75 fs-italic fw-normal text-secondary\">Unsere Auswahl an Accor-D\u00e4chern f\u00fcr Ihre Sommerabende <\/h2>\n\t\t\t\t\t\t\t\t\t\t\t\t\t\t\t\t\t\t<h3 class=\"text-white fs-18 fs-lg-20 fs-xl-28 text-original-case\">Mercure Villeneuve-Loubet Plage ****<\/h3>\n\t\t\t\t\t\t\t\t\t\t\t\t\t\t\t\t\t\t<div class=\"fs-wysiwyg mb-4 fs-lg-16 fs-xl-20\"><p><span data-contrast=\"none\">Baie des Anges, zwischen Nizza und Antibes, bietet <a href=\"https:\/\/myallmeeting.com\/de\/hotel\/mercure-villeneuve-loubet-plage\/\">dieses 4-Sterne-Hotel<\/a> im kalifornischen Stil eine Dachterrasse mit Swimmingpool und einem atemberaubenden Panoramablick auf das Mittelmeer.\u00a0<\/span><span data-ccp-props=\"{&quot;134245417&quot;:true,&quot;134245418&quot;:true,&quot;134245529&quot;:true,&quot;201341983&quot;:0,&quot;335551550&quot;:6,&quot;335551620&quot;:6,&quot;335557856&quot;:16119028,&quot;335559738&quot;:165,&quot;335559739&quot;:165,&quot;335559740&quot;:240}\">\u00a0<\/span><\/p>\n<p><span data-contrast=\"none\">Das Open-Air-Restaurant <\/span><b><span data-contrast=\"none\">Les Terrasses de Syracuse<\/span><\/b><span data-contrast=\"none\"> bietet mediterrane K\u00fcche f\u00fcr ein Abendessen oder einen Cocktail mit unvergesslichem Ausblick. Auf der Terrasse rund um den Swimmingpool k\u00f6nnen Sie den atemberaubenden Blick auf das Meer genie\u00dfen.<\/span><span data-ccp-props=\"{&quot;134245417&quot;:true,&quot;201341983&quot;:0,&quot;335551550&quot;:6,&quot;335551620&quot;:6,&quot;335557856&quot;:16119028,&quot;335559738&quot;:165,&quot;335559739&quot;:165,&quot;335559740&quot;:240}\">\u00a0<\/span><\/p>\n<\/div>\n\t\t\t\t\t\t\t\t\t\t\t\t\t\t\t\t\t\t\t\t\t\t\t\t<p class=\"m-0\"><img decoding=\"async\" src=\"https:\/\/www.myallmeeting.com\/wp-content\/uploads\/2019\/06\/5117-03-633x398.jpg\" class=\"position-relative l-0\" width=\"633\" height=\"398\" alt=\"\" loading=\"lazy\" \/><\/p>\n\t\t\t\t\t\t\t\t\t\t\t<\/div>\n\t\t\t\t<\/div>\n\t\t\t<\/div>\n\t\t<\/div>\n\t<\/div>\n\t<div class=\"tcta2ia__bottom d-lg-none pb-12 py-lg-9 pe-lg-10\">\n\t\t\t\t<div class=\"h2 fs-20 fs-lg-32 fw-semibold\">Sainte-Barbe H\u00f4tel &amp; Spa Le Conquet \u2013 MGallery ****<\/div>\n\t\t\t\t\t\t<div class=\"fs-wysiwyg\"><p><span data-contrast=\"none\">Drei\u00dfig Minuten vom Flughafen Brest entfernt bietet die zwischen Himmel und Meer schwebende Dachterrasse des <\/span><a href=\"https:\/\/myallmeeting.com\/de\/hotel\/b1k8-sainte-barbe-hotel-spa-le-conquet-mgalleryopening-may-2019\/\"><b><span data-contrast=\"none\">4-Sterne-Hotels MGallery<\/span><\/b><\/a><span data-contrast=\"none\"> eine k\u00f6stliche Cocktailkarte <\/span><b><span data-contrast=\"none\">an einem magischen Ort mit au\u00dfergew\u00f6hnlichen Sonnenunterg\u00e4ngen.\u00a0<\/span><\/b><span data-ccp-props=\"{&quot;134245417&quot;:true,&quot;134245418&quot;:true,&quot;134245529&quot;:true,&quot;201341983&quot;:0,&quot;335551550&quot;:6,&quot;335551620&quot;:6,&quot;335557856&quot;:16119028,&quot;335559738&quot;:165,&quot;335559739&quot;:165,&quot;335559740&quot;:240}\">\u00a0<\/span><\/p>\n<p><span data-contrast=\"none\">Das Panorama-Fischrestaurant, das von einem Chefkoch geleitet wird, der seine Ausbildung in der besten franz\u00f6sischen Gastronomie absolviert hat, zelebriert den Reichtum der bretonischen K\u00fcste in einem gem\u00fctlichen und raffinierten Ambiente.<\/span><span data-ccp-props=\"{&quot;134245417&quot;:true,&quot;201341983&quot;:0,&quot;335551550&quot;:6,&quot;335551620&quot;:6,&quot;335557856&quot;:16119028,&quot;335559738&quot;:165,&quot;335559739&quot;:165,&quot;335559740&quot;:240}\">\u00a0<\/span><\/p>\n<\/div>\n\t\t\t\t<div class=\"d-flex flex-column flex-lg-row align-items-center gap-5 gap-lg-8 justify-content-between\">\n\t\t\t<div class=\"fs-20 fs-lg-26 fw-semibold lh-xs\"><\/div>\n\t\t\t\t\t<\/div>\n\t<\/div>\n<\/div>\n<!-- END OF : Composant : block-periscope-theme-section-composant-25-texte-cta-2-images.php -->\n\n\n<!-- START OF : Composant : block-periscope-theme-section-composant-33-texte-image.php -->\n<div class=\"text-image fs-wysiwyg mb-8 mb-lg-12\" data-component=\"33-texte-image\">\n\t<div class=\"container-fluid\" style=\"--bs-gutter-x: 0\">\n\t\t<div class=\"row\" style=\"--bs-gutter-x: 0\">\n\t\t\t\t\t\t<div class=\"col-lg-6 mb-7 mb-lg-0\">\n\t\t\t\t<img decoding=\"async\" src=\"https:\/\/www.myallmeeting.com\/wp-content\/uploads\/2019\/06\/Novotel-Nice-Centre-Vieux-Nice-1-953x600.jpg\" width=\"953\" height=\"600\" alt=\"\" loading=\"lazy\" class=\"w-100\" \/>\n\t\t\t<\/div>\n\t\t\t\t\t\t<div class=\"col-lg-6\">\n\t\t\t\t<div class=\"text-image__content\">\n\t\t\t\t\t\t\t\t\t\t<div class=\"fw-semibold lh-xs fs-20 fs-lg-32 ls--25 mb-5\">Novotel Nice Centre Vieux-Nice ****<\/div>\n\t\t\t\t\t\t\t\t\t\t\t\t\t\t\t<div class=\"fs-wysiwyg\">\n\t\t\t\t\t\t<p><span data-contrast=\"none\">5 Minuten vom Stadtzentrum und der Promenade des Anglais entfernt, bietet das <a href=\"https:\/\/myallmeeting.com\/de\/hotel\/1103-novotel-nice-centre-vieux-nice\/\">Novotel Nice Centre Vieux-Nice <\/a><\/span><b><span data-contrast=\"none\">von der Dachterrasse aus einen Panoramablick \u00fcber die Stadt<\/span><\/b><span data-contrast=\"none\">. Ein Bereich mit Swimmingpool und Bar, ideal f\u00fcr einen sommerlichen Cocktailabend.\u00a0<\/span><span data-ccp-props=\"{&quot;134245417&quot;:true,&quot;134245418&quot;:true,&quot;134245529&quot;:true,&quot;201341983&quot;:0,&quot;335551550&quot;:6,&quot;335551620&quot;:6,&quot;335557856&quot;:16119028,&quot;335559738&quot;:165,&quot;335559739&quot;:165,&quot;335559740&quot;:240}\">\u00a0<\/span><\/p>\n<p><span data-contrast=\"none\">F\u00fcr das leibliche Wohl sorgt das Restaurant Le Pois Chiche, das mit <\/span><b><span data-contrast=\"none\">dem Label \u201eCuisine Nissarde\u201c<\/span><\/b><span data-contrast=\"none\"> f\u00fcr sein Engagement f\u00fcr die regionale K\u00fcche und die Verwendung lokaler Produkte ausgezeichnet wurde.<\/span><span data-ccp-props=\"{&quot;134245417&quot;:true,&quot;201341983&quot;:0,&quot;335551550&quot;:6,&quot;335551620&quot;:6,&quot;335557856&quot;:16119028,&quot;335559738&quot;:165,&quot;335559739&quot;:165,&quot;335559740&quot;:240}\">\u00a0<\/span><\/p>\n\t\t\t\t\t<\/div>\n\t\t\t\t\t\t\t\t\t<\/div>\n\t\t\t<\/div>        \n\t\t<\/div>\n\t<\/div>\n<\/div>\n<!-- END OF : Composant : block-periscope-theme-section-composant-33-texte-image.php -->\n\n\n<!-- START OF : Composant : block-periscope-theme-section-composant-33-texte-image.php -->\n<!-- INVERSE -->\n<div class=\"text-image fs-wysiwyg mb-8 mb-lg-12\" data-component=\"33-texte-image\" data-reverse=\"oui\">\n\t<div class=\"container-fluid\" style=\"--bs-gutter-x: 0\">\n\t\t<div class=\"row\" style=\"--bs-gutter-x: 0\">\n\t\t\t<div class=\"col-lg-6\">\n\t\t\t\t<div class=\"text-image__content\">\n\t\t\t\t\t\t\t\t\t\t<div class=\"fw-semibold lh-xs fs-20 fs-lg-32 ls--25 mb-5\">Pullman Montpellier Centre ****<\/div>\n\t\t\t\t\t\t\t\t\t\t\t\t\t\t\t<div class=\"fs-wysiwyg\">\n\t\t\t\t\t\t<p><span data-contrast=\"none\"><a href=\"https:\/\/myallmeeting.com\/de\/hotel\/1294-pullman-la-pleiade-montpellier-centre\/\">Das Hotel<\/a> liegt im Herzen des historischen Zentrums von Montpellier, in der N\u00e4he der Place de la Com\u00e9die und des Gesch\u00e4ftsviertels \u201ePolygone\u201c, und \u00fcberragt die Stadt von seiner Dachterrasse aus.\u00a0<\/span><span data-ccp-props=\"{&quot;134245417&quot;:true,&quot;134245418&quot;:true,&quot;134245529&quot;:true,&quot;201341983&quot;:0,&quot;335551550&quot;:6,&quot;335551620&quot;:6,&quot;335557856&quot;:16119028,&quot;335559738&quot;:165,&quot;335559739&quot;:165,&quot;335559740&quot;:240}\">\u00a0<\/span><\/p>\n<p><span data-contrast=\"none\">Es verf\u00fcgt \u00fcber einen Swimmingpool und ein <\/span><b><span data-contrast=\"none\">Restaurant mit Panoramablick<\/span><\/b><span data-contrast=\"none\">. Genie\u00dfen Sie die <\/span><b><span data-contrast=\"none\">raffinierte K\u00fcche mit mediterranen Aromen<\/span><\/b><span data-contrast=\"none\"> oder schl\u00fcrfen Sie leckere Cocktails.<\/span><span data-ccp-props=\"{&quot;134245417&quot;:true,&quot;201341983&quot;:0,&quot;335551550&quot;:6,&quot;335551620&quot;:6,&quot;335557856&quot;:16119028,&quot;335559738&quot;:165,&quot;335559739&quot;:165,&quot;335559740&quot;:240}\">\u00a0<\/span><\/p>\n\t\t\t\t\t<\/div>\n\t\t\t\t\t\t\t\t\t<\/div>\n\t\t\t<\/div>    \n\t\t\t    \n\t\t\t<div class=\"col-lg-6 order-first order-lg-last mb-7 mb-lg-0\">\n\t\t\t\t<img decoding=\"async\" src=\"https:\/\/www.myallmeeting.com\/wp-content\/uploads\/2019\/06\/6757-44-953x600.jpg\" width=\"953\" height=\"600\" alt=\"\" loading=\"lazy\" class=\"w-100\" \/>\n\t\t\t<\/div>\n\t\t\t\t\t<\/div>\n\t<\/div>\n<\/div>\n<!-- END OF : Composant : block-periscope-theme-section-composant-33-texte-image.php -->\n\n\n<!-- START OF : Composant : block-periscope-theme-section-composant-33-texte-image.php -->\n<div class=\"text-image fs-wysiwyg mb-8 mb-lg-12\" data-component=\"33-texte-image\">\n\t<div class=\"container-fluid\" style=\"--bs-gutter-x: 0\">\n\t\t<div class=\"row\" style=\"--bs-gutter-x: 0\">\n\t\t\t\t\t\t<div class=\"col-lg-6 mb-7 mb-lg-0\">\n\t\t\t\t<img decoding=\"async\" src=\"https:\/\/www.myallmeeting.com\/wp-content\/uploads\/2019\/06\/Mama-Shelter-Toulouse-1-953x600.jpg\" width=\"953\" height=\"600\" alt=\"\" loading=\"lazy\" class=\"w-100\" \/>\n\t\t\t<\/div>\n\t\t\t\t\t\t<div class=\"col-lg-6\">\n\t\t\t\t<div class=\"text-image__content\">\n\t\t\t\t\t\t\t\t\t\t<div class=\"fw-semibold lh-xs fs-20 fs-lg-32 ls--25 mb-5\">Mama Shelter Toulouse<\/div>\n\t\t\t\t\t\t\t\t\t\t\t\t\t\t\t<div class=\"fs-wysiwyg\">\n\t\t\t\t\t\t<p><span data-contrast=\"none\" xml:lang=\"DE-DE\" lang=\"DE-DE\" class=\"TextRun SCXW137192691 BCX0\"><span class=\"NormalTextRun SCXW137192691 BCX0\" data-ccp-parastyle=\"Heading 4\" data-ccp-parastyle-linked-defn=\"{&quot;ObjectId&quot;:&quot;7f294608-24db-46ed-8200-acf2c2272bfb|11&quot;,&quot;ClassId&quot;:1073872969,&quot;Properties&quot;:[469777841,&quot;Calibri Light&quot;,469777842,&quot;&quot;,469777843,&quot;&quot;,469777844,&quot;Calibri Light&quot;,469769226,&quot;Calibri Light&quot;,268442635,&quot;22&quot;,469775450,&quot;Titre 4 Car&quot;,201340122,&quot;1&quot;,134234082,&quot;true&quot;,134233614,&quot;true&quot;,469778129,&quot;Titre4Car&quot;,335572020,&quot;9&quot;,134234072,&quot;true&quot;,134231262,&quot;true&quot;,134224901,&quot;true&quot;,201342446,&quot;0&quot;,201342447,&quot;4&quot;,201342448,&quot;2&quot;,201342449,&quot;0&quot;,201341986,&quot;0&quot;,335551500,&quot;9851951&quot;,469778324,&quot;Default Paragraph Font&quot;]}\">Mitten in der Pink City, hinter der Fassade eines ehemaligen Kinos am <\/span><\/span><span data-contrast=\"none\" xml:lang=\"DE-DE\" lang=\"DE-DE\" class=\"TextRun SCXW137192691 BCX0\"><span class=\"NormalTextRun SCXW137192691 BCX0\" data-ccp-parastyle=\"Heading 4\">Boulevard Lazare-Carnot<\/span><\/span><span data-contrast=\"none\" xml:lang=\"DE-DE\" lang=\"DE-DE\" class=\"TextRun SCXW137192691 BCX0\"><span class=\"NormalTextRun SCXW137192691 BCX0\" data-ccp-parastyle=\"Heading 4\">, verbirgt sich das <a href=\"https:\/\/myallmeeting.com\/de\/hotel\/b395-mama-shelter-toulouse-opening-october-2018\/\">Mama <\/a><\/span><span class=\"NormalTextRun SpellingErrorV2Themed SCXW137192691 BCX0\" data-ccp-parastyle=\"Heading 4\">Shelter<\/span><span class=\"NormalTextRun SCXW137192691 BCX0\" data-ccp-parastyle=\"Heading 4\">. Von seinem ber\u00fchmten <\/span><\/span><span data-contrast=\"none\" xml:lang=\"DE-DE\" lang=\"DE-DE\" class=\"TextRun SCXW137192691 BCX0\"><span class=\"NormalTextRun SCXW137192691 BCX0\" data-ccp-parastyle=\"Heading 4\">Dach im \u201e<\/span><span class=\"NormalTextRun SpellingErrorV2Themed SCXW137192691 BCX0\" data-ccp-parastyle=\"Heading 4\">Tropicoal<\/span><span class=\"NormalTextRun SCXW137192691 BCX0\" data-ccp-parastyle=\"Heading 4\">\u201c-Stil<\/span><\/span><span data-contrast=\"none\" xml:lang=\"DE-DE\" lang=\"DE-DE\" class=\"TextRun SCXW137192691 BCX0\"><span class=\"NormalTextRun SCXW137192691 BCX0\" data-ccp-parastyle=\"Heading 4\"> aus kann man das Panorama bewundern, w\u00e4hrend man einen lokalen Wein oder eine frisch gebackene Pizza genie\u00dft.<\/span><\/span><span class=\"EOP SCXW137192691 BCX0\" data-ccp-props=\"{&quot;134245417&quot;:true,&quot;134245418&quot;:true,&quot;134245529&quot;:true,&quot;201341983&quot;:0,&quot;335551550&quot;:6,&quot;335551620&quot;:6,&quot;335557856&quot;:16119028,&quot;335559738&quot;:165,&quot;335559739&quot;:165,&quot;335559740&quot;:240}\">\u00a0<\/span><\/p>\n\t\t\t\t\t<\/div>\n\t\t\t\t\t\t\t\t\t<\/div>\n\t\t\t<\/div>        \n\t\t<\/div>\n\t<\/div>\n<\/div>\n<!-- END OF : Composant : block-periscope-theme-section-composant-33-texte-image.php -->\n\n\n<!-- START OF : Composant : block-periscope-theme-section-composant-33-texte-image.php -->\n<!-- INVERSE -->\n<div class=\"text-image fs-wysiwyg mb-8 mb-lg-12\" data-component=\"33-texte-image\" data-reverse=\"oui\">\n\t<div class=\"container-fluid\" style=\"--bs-gutter-x: 0\">\n\t\t<div class=\"row\" style=\"--bs-gutter-x: 0\">\n\t\t\t<div class=\"col-lg-6\">\n\t\t\t\t<div class=\"text-image__content\">\n\t\t\t\t\t\t\t\t\t\t<div class=\"fw-semibold lh-xs fs-20 fs-lg-32 ls--25 mb-5\">Sofitel Marseille Vieux Port *****<\/div>\n\t\t\t\t\t\t\t\t\t\t\t\t\t\t\t<div class=\"fs-wysiwyg\">\n\t\t\t\t\t\t<p><span data-contrast=\"none\">Von seiner Bar Sky Lounge Dantes aus bietet das <\/span><a href=\"https:\/\/myallmeeting.com\/de\/hotel\/0542-sofitel-marseille-vieux-port\/\"><span data-contrast=\"none\">Sofitel Marseille Vieux-Port<\/span><\/a><span data-contrast=\"none\"> das sch\u00f6nste Panorama der Stadt mit den Segelbooten unten und dem Mucem. <\/span><b><span data-contrast=\"none\">Auf der Dachterrasse kann man in bequemen Sesseln die frische Seeluft genie\u00dfen<\/span><\/b><span data-contrast=\"none\"> und einen leckeren Cocktail schl\u00fcrfen.<\/span><span data-ccp-props=\"{&quot;134245417&quot;:true,&quot;201341983&quot;:0,&quot;335551550&quot;:6,&quot;335551620&quot;:6,&quot;335557856&quot;:16119028,&quot;335559738&quot;:165,&quot;335559739&quot;:165,&quot;335559740&quot;:240}\">\u00a0<\/span><\/p>\n<p><span data-ccp-props=\"{&quot;134245417&quot;:true,&quot;201341983&quot;:0,&quot;335551550&quot;:1,&quot;335551620&quot;:1,&quot;335559738&quot;:0,&quot;335559739&quot;:160,&quot;335559740&quot;:259}\">\u00a0<\/span><\/p>\n<p><span data-contrast=\"none\">Unter all diesen D\u00e4chern wird es nicht das Schwierigste sein, auf MonMeeting.com zu buchen, sondern zu entscheiden, auf welchem Dach Ihr n\u00e4chster Sommerabend im Freien stattfinden soll.\u00a0<\/span><span data-ccp-props=\"{&quot;134245417&quot;:true,&quot;134245418&quot;:true,&quot;134245529&quot;:true,&quot;201341983&quot;:0,&quot;335551550&quot;:2,&quot;335551620&quot;:2,&quot;335557856&quot;:16119028,&quot;335559738&quot;:165,&quot;335559739&quot;:165,&quot;335559740&quot;:240}\">\u00a0<\/span><\/p>\n<p><span data-ccp-props=\"{&quot;134245417&quot;:true,&quot;201341983&quot;:0,&quot;335551550&quot;:1,&quot;335551620&quot;:1,&quot;335559738&quot;:0,&quot;335559739&quot;:160,&quot;335559740&quot;:259}\">\u00a0<\/span><\/p>\n\t\t\t\t\t<\/div>\n\t\t\t\t\t\t\t\t\t<\/div>\n\t\t\t<\/div>    \n\t\t\t    \n\t\t\t<div class=\"col-lg-6 order-first order-lg-last mb-7 mb-lg-0\">\n\t\t\t\t<img decoding=\"async\" src=\"https:\/\/www.myallmeeting.com\/wp-content\/uploads\/2019\/06\/Sofitel-Marseille-Vieux-Port-6-953x600.jpg\" width=\"953\" height=\"600\" alt=\"\" loading=\"lazy\" class=\"w-100\" \/>\n\t\t\t<\/div>\n\t\t\t\t\t<\/div>\n\t<\/div>\n<\/div>\n<!-- END OF : Composant : block-periscope-theme-section-composant-33-texte-image.php -->\n","protected":false},"excerpt":{"rendered":"","protected":false},"featured_media":15964880,"menu_order":0,"template":"","periscope_categorie_tax":[3514],"class_list":["post-16038101","article","type-article","status-publish","has-post-thumbnail","hentry","periscope_categorie_tax-tous-nos-tops-selections-de"],"acf":[],"yoast_head":"<title>Unsere Auswahl an Accor-D\u00e4chern f\u00fcr Ihre Sommerabende\u00a0 - Accor MyAllMeeting.com<\/title>\n<meta name=\"robots\" content=\"index, follow, max-snippet:-1, max-image-preview:large, max-video-preview:-1\" \/>\n<link rel=\"canonical\" href=\"https:\/\/www.myallmeeting.com\/de\/wp-json\/wp\/v2\/article\/16038101\" \/>\n<meta property=\"og:locale\" content=\"de_DE\" \/>\n<meta property=\"og:type\" content=\"article\" \/>\n<meta property=\"og:title\" content=\"Unsere Auswahl an Accor-D\u00e4chern f\u00fcr Ihre Sommerabende\u00a0 - Accor MyAllMeeting.com\" \/>\n<meta property=\"og:url\" content=\"https:\/\/www.myallmeeting.com\/de\/article\/unsere-auswahl-an-accor-dachern-fur-ihre-sommerabende\/\" \/>\n<meta property=\"og:site_name\" content=\"Accor MyAllMeeting.com\" \/>\n<meta property=\"article:modified_time\" content=\"2024-07-12T07:27:26+00:00\" \/>\n<meta property=\"og:image\" content=\"http:\/\/myallmeeting.com\/wp-content\/uploads\/2019\/06\/Sofitel-Marseille-Vieux-Port-1024x304.png\" \/>\n\t<meta property=\"og:image:width\" content=\"1024\" \/>\n\t<meta property=\"og:image:height\" content=\"304\" \/>\n\t<meta property=\"og:image:type\" content=\"image\/png\" \/>\n<meta name=\"twitter:card\" content=\"summary_large_image\" \/>\n<meta name=\"twitter:label1\" content=\"Est. reading time\" \/>\n\t<meta name=\"twitter:data1\" content=\"4 minutes\" \/>\n<script type=\"application\/ld+json\" class=\"yoast-schema-graph\">{\"@context\":\"https:\/\/schema.org\",\"@graph\":[{\"@type\":\"WebPage\",\"@id\":\"https:\/\/www.myallmeeting.com\/de\/article\/unsere-auswahl-an-accor-dachern-fur-ihre-sommerabende\/\",\"url\":\"https:\/\/www.myallmeeting.com\/de\/article\/unsere-auswahl-an-accor-dachern-fur-ihre-sommerabende\/\",\"name\":\"Unsere Auswahl an Accor-D\u00e4chern f\u00fcr Ihre Sommerabende\u00a0 - Accor MyAllMeeting.com\",\"isPartOf\":{\"@id\":\"https:\/\/www.myallmeeting.com\/de\/#website\"},\"primaryImageOfPage\":{\"@id\":\"https:\/\/www.myallmeeting.com\/de\/article\/unsere-auswahl-an-accor-dachern-fur-ihre-sommerabende\/#primaryimage\"},\"image\":{\"@id\":\"https:\/\/www.myallmeeting.com\/de\/article\/unsere-auswahl-an-accor-dachern-fur-ihre-sommerabende\/#primaryimage\"},\"thumbnailUrl\":\"https:\/\/www.myallmeeting.com\/wp-content\/uploads\/2019\/06\/Sofitel-Marseille-Vieux-Port.png\",\"datePublished\":\"2019-06-20T16:07:17+00:00\",\"dateModified\":\"2024-07-12T07:27:26+00:00\",\"breadcrumb\":{\"@id\":\"https:\/\/www.myallmeeting.com\/de\/article\/unsere-auswahl-an-accor-dachern-fur-ihre-sommerabende\/#breadcrumb\"},\"inLanguage\":\"de-DE\",\"potentialAction\":[{\"@type\":\"ReadAction\",\"target\":[\"https:\/\/www.myallmeeting.com\/de\/article\/unsere-auswahl-an-accor-dachern-fur-ihre-sommerabende\/\"]}]},{\"@type\":\"ImageObject\",\"inLanguage\":\"de-DE\",\"@id\":\"https:\/\/www.myallmeeting.com\/de\/article\/unsere-auswahl-an-accor-dachern-fur-ihre-sommerabende\/#primaryimage\",\"url\":\"https:\/\/www.myallmeeting.com\/wp-content\/uploads\/2019\/06\/Sofitel-Marseille-Vieux-Port.png\",\"contentUrl\":\"https:\/\/www.myallmeeting.com\/wp-content\/uploads\/2019\/06\/Sofitel-Marseille-Vieux-Port.png\",\"width\":1920,\"height\":570},{\"@type\":\"BreadcrumbList\",\"@id\":\"https:\/\/www.myallmeeting.com\/de\/article\/unsere-auswahl-an-accor-dachern-fur-ihre-sommerabende\/#breadcrumb\",\"itemListElement\":[{\"@type\":\"ListItem\",\"position\":1,\"name\":\"Homepage\",\"item\":\"https:\/\/myallmeeting.com\/de\/\"},{\"@type\":\"ListItem\",\"position\":2,\"name\":\"Aktuelles\",\"item\":\"https:\/\/www.myallmeeting.com\/de\/aktuelles\/\"},{\"@type\":\"ListItem\",\"position\":3,\"name\":\"Unsere Auswahl an Accor-D\u00e4chern f\u00fcr Ihre Sommerabende\u00a0\"}]},{\"@type\":\"WebSite\",\"@id\":\"https:\/\/www.myallmeeting.com\/de\/#website\",\"url\":\"https:\/\/www.myallmeeting.com\/de\/\",\"name\":\"Accor MyAllMeeting.com\",\"description\":\"Les Meilleurs lieux pour vos Ev\u00e9nements Professionnels\",\"publisher\":{\"@id\":\"https:\/\/www.myallmeeting.com\/de\/#organization\"},\"potentialAction\":[{\"@type\":\"SearchAction\",\"target\":{\"@type\":\"EntryPoint\",\"urlTemplate\":\"https:\/\/www.myallmeeting.com\/de\/?s={search_term_string}\"},\"query-input\":{\"@type\":\"PropertyValueSpecification\",\"valueRequired\":true,\"valueName\":\"search_term_string\"}}],\"inLanguage\":\"de-DE\"},{\"@type\":\"Organization\",\"@id\":\"https:\/\/www.myallmeeting.com\/de\/#organization\",\"name\":\"ACCOR\",\"url\":\"https:\/\/www.myallmeeting.com\/de\/\",\"logo\":{\"@type\":\"ImageObject\",\"inLanguage\":\"de-DE\",\"@id\":\"https:\/\/www.myallmeeting.com\/de\/#\/schema\/logo\/image\/\",\"url\":\"\",\"contentUrl\":\"\",\"caption\":\"ACCOR\"},\"image\":{\"@id\":\"https:\/\/www.myallmeeting.com\/de\/#\/schema\/logo\/image\/\"}}]}<\/script>","yoast_head_json":{"title":"Unsere Auswahl an Accor-D\u00e4chern f\u00fcr Ihre Sommerabende\u00a0 - Accor MyAllMeeting.com","robots":{"index":"index","follow":"follow","max-snippet":"max-snippet:-1","max-image-preview":"max-image-preview:large","max-video-preview":"max-video-preview:-1"},"canonical":"https:\/\/www.myallmeeting.com\/de\/wp-json\/wp\/v2\/article\/16038101","og_locale":"de_DE","og_type":"article","og_title":"Unsere Auswahl an Accor-D\u00e4chern f\u00fcr Ihre Sommerabende\u00a0 - Accor MyAllMeeting.com","og_url":"https:\/\/www.myallmeeting.com\/de\/article\/unsere-auswahl-an-accor-dachern-fur-ihre-sommerabende\/","og_site_name":"Accor MyAllMeeting.com","article_modified_time":"2024-07-12T07:27:26+00:00","og_image":[{"width":1024,"height":304,"url":"http:\/\/myallmeeting.com\/wp-content\/uploads\/2019\/06\/Sofitel-Marseille-Vieux-Port-1024x304.png","type":"image\/png"}],"twitter_card":"summary_large_image","twitter_misc":{"Est. reading time":"4 minutes"},"schema":{"@context":"https:\/\/schema.org","@graph":[{"@type":"WebPage","@id":"https:\/\/www.myallmeeting.com\/de\/article\/unsere-auswahl-an-accor-dachern-fur-ihre-sommerabende\/","url":"https:\/\/www.myallmeeting.com\/de\/article\/unsere-auswahl-an-accor-dachern-fur-ihre-sommerabende\/","name":"Unsere Auswahl an Accor-D\u00e4chern f\u00fcr Ihre Sommerabende\u00a0 - Accor MyAllMeeting.com","isPartOf":{"@id":"https:\/\/www.myallmeeting.com\/de\/#website"},"primaryImageOfPage":{"@id":"https:\/\/www.myallmeeting.com\/de\/article\/unsere-auswahl-an-accor-dachern-fur-ihre-sommerabende\/#primaryimage"},"image":{"@id":"https:\/\/www.myallmeeting.com\/de\/article\/unsere-auswahl-an-accor-dachern-fur-ihre-sommerabende\/#primaryimage"},"thumbnailUrl":"https:\/\/www.myallmeeting.com\/wp-content\/uploads\/2019\/06\/Sofitel-Marseille-Vieux-Port.png","datePublished":"2019-06-20T16:07:17+00:00","dateModified":"2024-07-12T07:27:26+00:00","breadcrumb":{"@id":"https:\/\/www.myallmeeting.com\/de\/article\/unsere-auswahl-an-accor-dachern-fur-ihre-sommerabende\/#breadcrumb"},"inLanguage":"de-DE","potentialAction":[{"@type":"ReadAction","target":["https:\/\/www.myallmeeting.com\/de\/article\/unsere-auswahl-an-accor-dachern-fur-ihre-sommerabende\/"]}]},{"@type":"ImageObject","inLanguage":"de-DE","@id":"https:\/\/www.myallmeeting.com\/de\/article\/unsere-auswahl-an-accor-dachern-fur-ihre-sommerabende\/#primaryimage","url":"https:\/\/www.myallmeeting.com\/wp-content\/uploads\/2019\/06\/Sofitel-Marseille-Vieux-Port.png","contentUrl":"https:\/\/www.myallmeeting.com\/wp-content\/uploads\/2019\/06\/Sofitel-Marseille-Vieux-Port.png","width":1920,"height":570},{"@type":"BreadcrumbList","@id":"https:\/\/www.myallmeeting.com\/de\/article\/unsere-auswahl-an-accor-dachern-fur-ihre-sommerabende\/#breadcrumb","itemListElement":[{"@type":"ListItem","position":1,"name":"Homepage","item":"https:\/\/myallmeeting.com\/de\/"},{"@type":"ListItem","position":2,"name":"Aktuelles","item":"https:\/\/www.myallmeeting.com\/de\/aktuelles\/"},{"@type":"ListItem","position":3,"name":"Unsere Auswahl an Accor-D\u00e4chern f\u00fcr Ihre Sommerabende\u00a0"}]},{"@type":"WebSite","@id":"https:\/\/www.myallmeeting.com\/de\/#website","url":"https:\/\/www.myallmeeting.com\/de\/","name":"Accor MyAllMeeting.com","description":"Les Meilleurs lieux pour vos Ev\u00e9nements Professionnels","publisher":{"@id":"https:\/\/www.myallmeeting.com\/de\/#organization"},"potentialAction":[{"@type":"SearchAction","target":{"@type":"EntryPoint","urlTemplate":"https:\/\/www.myallmeeting.com\/de\/?s={search_term_string}"},"query-input":{"@type":"PropertyValueSpecification","valueRequired":true,"valueName":"search_term_string"}}],"inLanguage":"de-DE"},{"@type":"Organization","@id":"https:\/\/www.myallmeeting.com\/de\/#organization","name":"ACCOR","url":"https:\/\/www.myallmeeting.com\/de\/","logo":{"@type":"ImageObject","inLanguage":"de-DE","@id":"https:\/\/www.myallmeeting.com\/de\/#\/schema\/logo\/image\/","url":"","contentUrl":"","caption":"ACCOR"},"image":{"@id":"https:\/\/www.myallmeeting.com\/de\/#\/schema\/logo\/image\/"}}]}},"_links":{"self":[{"href":"https:\/\/www.myallmeeting.com\/de\/wp-json\/wp\/v2\/article\/16038101","targetHints":{"allow":["GET"]}}],"collection":[{"href":"https:\/\/www.myallmeeting.com\/de\/wp-json\/wp\/v2\/article"}],"about":[{"href":"https:\/\/www.myallmeeting.com\/de\/wp-json\/wp\/v2\/types\/article"}],"wp:featuredmedia":[{"embeddable":true,"href":"https:\/\/www.myallmeeting.com\/de\/wp-json\/wp\/v2\/media\/15964880"}],"wp:attachment":[{"href":"https:\/\/www.myallmeeting.com\/de\/wp-json\/wp\/v2\/media?parent=16038101"}],"wp:term":[{"taxonomy":"periscope_categorie_tax","embeddable":true,"href":"https:\/\/www.myallmeeting.com\/de\/wp-json\/wp\/v2\/periscope_categorie_tax?post=16038101"}],"curies":[{"name":"wp","href":"https:\/\/api.w.org\/{rel}","templated":true}]}}