{"id":16038083,"date":"2022-04-29T15:43:28","date_gmt":"2022-04-29T13:43:28","guid":{"rendered":"https:\/\/myallmeeting.com\/article\/decouvrez-nos-4-meilleurs-hotels-pour-organiser-un-seminaire-au-pays-basque\/"},"modified":"2024-07-16T12:38:06","modified_gmt":"2024-07-16T10:38:06","slug":"entdecken-sie-unsere-4-besten-hotels-fur-die-organisation-eines-seminars-im-spanischen-baskenland","status":"publish","type":"article","link":"https:\/\/www.myallmeeting.com\/de\/article\/entdecken-sie-unsere-4-besten-hotels-fur-die-organisation-eines-seminars-im-spanischen-baskenland\/","title":{"rendered":"Entdecken Sie unsere 4 besten Hotels f\u00fcr die Organisation eines Seminars im spanischen Baskenland\u00a0"},"content":{"rendered":"<!-- START OF : Composant : block-periscope-theme-section-composant-25-texte-cta-2-images.php -->\n<div class=\"tcta2ia bg-white fs-wysiwyg mb-lg-12\" data-component=\"25-texte-cta-2-images\">\n\t<div class=\"tcta2ia__top\">\n\t\t<div class=\"container-fluid\" style=\"--bs-gutter-x: 0\">\n\t\t\t<div class=\"row\" style=\"--bs-gutter-x: 0\">\n\t\t\t\t<div class=\"col-lg-8\">\n\t\t\t\t\t\t\t\t\t\t<div class=\"bloc-mise-en-avant__top__left\">\n\t\t\t\t\t\t<img decoding=\"async\" src=\"https:\/\/www.myallmeeting.com\/wp-content\/uploads\/2022\/04\/Mercure-San-Sebastian-Monte-Igueldo-2-1268x846.jpg\" class=\"pe-2 pe-lg-0\" width=\"1268\" height=\"846\" alt=\"\" loading=\"lazy\" \/>\n\t\t\t\t\t<\/div>\n\t\t\t\t\t\t\t\t\t\t<div class=\"tcta2ia__bottom d-none d-lg-block pb-12 pt-lg-9 pb-lg-0 pe-lg-10\">\n\t\t\t\t\t\t\t\t\t\t\t\t<h2 class=\"fs-20 fs-lg-32 fw-semibold\">Ibis Bilbao Centro<\/h2>\n\t\t\t\t\t\t\t\t\t\t\t\t\t\t\t\t\t\t<div class=\"fs-wysiwyg\"><p><span data-contrast=\"none\">Das Guggenheim-Museum ist Ihnen ein Begriff, oder? Das Museum, das nur 10 Gehminuten vom <\/span><a href=\"https:\/\/myallmeeting.com\/de\/hotel\/6141-ibis-bilbao-centro\/\"><b><span data-contrast=\"none\">Ibis Bilbao Centro<\/span><\/b><\/a><span data-contrast=\"none\"> entfernt liegt, hat schon Galadinner mit Videomapping-Projektionen auf den Tischen veranstaltet. Eine ausgezeichnete Idee, um Teilnehmer zu \u00fcberraschen, die es gewohnt sind (oder es sogar satt haben), Mapping-Shows auf Fassaden zu sehen, und die nach so vielen Stunden Schulung eine Pause brauchen!<\/span><span data-ccp-props=\"{&quot;134233117&quot;:false,&quot;134233118&quot;:false,&quot;134245417&quot;:true,&quot;201341983&quot;:0,&quot;335551550&quot;:6,&quot;335551620&quot;:6,&quot;335557856&quot;:16119028,&quot;335559738&quot;:165,&quot;335559739&quot;:165,&quot;335559740&quot;:240}\">\u00a0<\/span><\/p>\n<p><span data-contrast=\"none\">Generell sind <\/span><b><span data-contrast=\"none\">Bilbao und seine Umgebung einfach sensationell, und das gastronomische Angebot ist nicht minder spektakul\u00e4r<\/span><\/b><span data-contrast=\"none\">. Wir empfehlen Ihnen, einen Besuch in das Programm Ihrer Veranstaltung aufzunehmen: Halten Sie unbedingt an der Plaza Nueva oder gehen Sie \u00fcber den Zubizuri \u2013 unverzichtbare Orte im Stadtzentrum, die sich ganz in der N\u00e4he des Hotels befinden und die Ihre Teilnehmer sicher nie vergessen werden.<\/span><span data-ccp-props=\"{&quot;134233117&quot;:false,&quot;134233118&quot;:false,&quot;134245417&quot;:true,&quot;201341983&quot;:0,&quot;335551550&quot;:6,&quot;335551620&quot;:6,&quot;335557856&quot;:16119028,&quot;335559738&quot;:165,&quot;335559739&quot;:165,&quot;335559740&quot;:240}\">\u00a0<\/span><\/p>\n<p><b><span data-contrast=\"none\">Das Hotel verf\u00fcgt \u00fcber zwei Konferenzr\u00e4ume<\/span><\/b><span data-contrast=\"none\"> \u2013 einen mit 90 m\u00b2 und einen mit 45 m\u00b2 \u2013, die Sie separat nutzen oder zu einem Raum f\u00fcr bis zu 95 Teilnehmer zusammenlegen k\u00f6nnen.<\/span><span data-ccp-props=\"{&quot;134233117&quot;:false,&quot;134233118&quot;:false,&quot;134245417&quot;:true,&quot;201341983&quot;:0,&quot;335551550&quot;:6,&quot;335551620&quot;:6,&quot;335557856&quot;:16119028,&quot;335559738&quot;:165,&quot;335559739&quot;:165,&quot;335559740&quot;:240}\">\u00a0<\/span><\/p>\n<\/div>\n\t\t\t\t\t\t\t\t\t\t\t\t<div class=\"d-flex flex-column flex-lg-row align-items-center gap-5 gap-lg-8 justify-content-between\">\n\t\t\t\t\t\t\t<div class=\"fs-20 fs-lg-26 fw-semibold lh-xs\"><\/div>\n\t\t\t\t\t\t\t\t\t\t\t\t\t<\/div>\n\t\t\t\t\t<\/div>\n\t\t\t\t<\/div>\n\t\t\t\t<div class=\"col-lg-4\">\n\t\t\t\t\t<div class=\"tcta2ia__top__right t-0 r-0 bg-primary text-white pt-4 pb-4 px-2 pt-lg-8 pb-lg-16 px-lg-11 pb-xl-30\">\n\t\t\t\t\t\t\t\t\t\t\t\t\t\t\t\t\t\t<h2 class=\"unna fs-36 fs-lg-51 fs-xl-75 fs-italic fw-normal text-secondary\">Entdecken Sie unsere 4 besten Hotels f\u00fcr die Organisation eines Seminars im spanischen Baskenland <\/h2>\n\t\t\t\t\t\t\t\t\t\t\t\t\t\t\t\t\t\t<h3 class=\"text-white fs-18 fs-lg-20 fs-xl-28 text-original-case\">Vielleicht verstehen Sie die baskische Sprache nicht, aber das Guggenheim-Museum, der Strand von La Concha oder nat\u00fcrlich die Pintxos-Bars sagen Ihnen sicherlich etwas.<\/h3>\n\t\t\t\t\t\t\t\t\t\t\t\t\t\t\t\t\t\t<div class=\"fs-wysiwyg mb-4 fs-lg-16 fs-xl-20\"><p><span data-contrast=\"none\" xml:lang=\"DE-DE\" lang=\"DE-DE\" class=\"TextRun SCXW239093370 BCX0\"><span class=\"NormalTextRun SCXW239093370 BCX0\">Abgesehen von diesen Klischees hat das spanische Baskenland auch f\u00fcr die Organisation von Veranstaltungen viel zu bieten. Entdecken Sie unsere 4 besten Hotels, wenn es um die Organisation von Veranstaltungen geht.<\/span><\/span><\/p>\n<\/div>\n\t\t\t\t\t\t\t\t\t\t\t\t\t\t\t\t\t\t\t\t\t\t\t\t<p class=\"m-0\"><img decoding=\"async\" src=\"https:\/\/www.myallmeeting.com\/wp-content\/uploads\/2022\/04\/Ibis-Bilbao-Centro-2-633x398.jpg\" class=\"position-relative l-0\" width=\"633\" height=\"398\" alt=\"\" loading=\"lazy\" \/><\/p>\n\t\t\t\t\t\t\t\t\t\t\t<\/div>\n\t\t\t\t<\/div>\n\t\t\t<\/div>\n\t\t<\/div>\n\t<\/div>\n\t<div class=\"tcta2ia__bottom d-lg-none pb-12 py-lg-9 pe-lg-10\">\n\t\t\t\t<div class=\"h2 fs-20 fs-lg-32 fw-semibold\">Ibis Bilbao Centro<\/div>\n\t\t\t\t\t\t<div class=\"fs-wysiwyg\"><p><span data-contrast=\"none\">Das Guggenheim-Museum ist Ihnen ein Begriff, oder? Das Museum, das nur 10 Gehminuten vom <\/span><a href=\"https:\/\/myallmeeting.com\/de\/hotel\/6141-ibis-bilbao-centro\/\"><b><span data-contrast=\"none\">Ibis Bilbao Centro<\/span><\/b><\/a><span data-contrast=\"none\"> entfernt liegt, hat schon Galadinner mit Videomapping-Projektionen auf den Tischen veranstaltet. Eine ausgezeichnete Idee, um Teilnehmer zu \u00fcberraschen, die es gewohnt sind (oder es sogar satt haben), Mapping-Shows auf Fassaden zu sehen, und die nach so vielen Stunden Schulung eine Pause brauchen!<\/span><span data-ccp-props=\"{&quot;134233117&quot;:false,&quot;134233118&quot;:false,&quot;134245417&quot;:true,&quot;201341983&quot;:0,&quot;335551550&quot;:6,&quot;335551620&quot;:6,&quot;335557856&quot;:16119028,&quot;335559738&quot;:165,&quot;335559739&quot;:165,&quot;335559740&quot;:240}\">\u00a0<\/span><\/p>\n<p><span data-contrast=\"none\">Generell sind <\/span><b><span data-contrast=\"none\">Bilbao und seine Umgebung einfach sensationell, und das gastronomische Angebot ist nicht minder spektakul\u00e4r<\/span><\/b><span data-contrast=\"none\">. Wir empfehlen Ihnen, einen Besuch in das Programm Ihrer Veranstaltung aufzunehmen: Halten Sie unbedingt an der Plaza Nueva oder gehen Sie \u00fcber den Zubizuri \u2013 unverzichtbare Orte im Stadtzentrum, die sich ganz in der N\u00e4he des Hotels befinden und die Ihre Teilnehmer sicher nie vergessen werden.<\/span><span data-ccp-props=\"{&quot;134233117&quot;:false,&quot;134233118&quot;:false,&quot;134245417&quot;:true,&quot;201341983&quot;:0,&quot;335551550&quot;:6,&quot;335551620&quot;:6,&quot;335557856&quot;:16119028,&quot;335559738&quot;:165,&quot;335559739&quot;:165,&quot;335559740&quot;:240}\">\u00a0<\/span><\/p>\n<p><b><span data-contrast=\"none\">Das Hotel verf\u00fcgt \u00fcber zwei Konferenzr\u00e4ume<\/span><\/b><span data-contrast=\"none\"> \u2013 einen mit 90 m\u00b2 und einen mit 45 m\u00b2 \u2013, die Sie separat nutzen oder zu einem Raum f\u00fcr bis zu 95 Teilnehmer zusammenlegen k\u00f6nnen.<\/span><span data-ccp-props=\"{&quot;134233117&quot;:false,&quot;134233118&quot;:false,&quot;134245417&quot;:true,&quot;201341983&quot;:0,&quot;335551550&quot;:6,&quot;335551620&quot;:6,&quot;335557856&quot;:16119028,&quot;335559738&quot;:165,&quot;335559739&quot;:165,&quot;335559740&quot;:240}\">\u00a0<\/span><\/p>\n<\/div>\n\t\t\t\t<div class=\"d-flex flex-column flex-lg-row align-items-center gap-5 gap-lg-8 justify-content-between\">\n\t\t\t<div class=\"fs-20 fs-lg-26 fw-semibold lh-xs\"><\/div>\n\t\t\t\t\t<\/div>\n\t<\/div>\n<\/div>\n<!-- END OF : Composant : block-periscope-theme-section-composant-25-texte-cta-2-images.php -->\n\n\n<!-- START OF : Composant : block-periscope-theme-section-composant-33-texte-image.php -->\n<div class=\"text-image fs-wysiwyg mb-8 mb-lg-12\" data-component=\"33-texte-image\">\n\t<div class=\"container-fluid\" style=\"--bs-gutter-x: 0\">\n\t\t<div class=\"row\" style=\"--bs-gutter-x: 0\">\n\t\t\t\t\t\t<div class=\"col-lg-6 mb-7 mb-lg-0\">\n\t\t\t\t<img decoding=\"async\" src=\"https:\/\/www.myallmeeting.com\/wp-content\/uploads\/2022\/04\/Ibis-Styles-Pamplona-2-953x600.jpg\" width=\"953\" height=\"600\" alt=\"\" loading=\"lazy\" class=\"w-100\" \/>\n\t\t\t<\/div>\n\t\t\t\t\t\t<div class=\"col-lg-6\">\n\t\t\t\t<div class=\"text-image__content\">\n\t\t\t\t\t\t\t\t\t\t<div class=\"fw-semibold lh-xs fs-20 fs-lg-32 ls--25 mb-5\">Ibis Styles Pamplona<\/div>\n\t\t\t\t\t\t\t\t\t\t\t\t\t\t\t<div class=\"fs-wysiwyg\">\n\t\t\t\t\t\t<p><span data-contrast=\"none\">Wir wissen, dass es in Navarra und nicht im Baskenland liegt, aber dieses frisch renovierte <a href=\"https:\/\/myallmeeting.com\/de\/hotel\/b367-ibis-styles-pamplona-noain\/\">Hotel<\/a> l\u00e4dt dazu ein, sich dort niederzulassen und zu arbeiten. Seine Einrichtungen und seine Dekoration versetzen Sie in uralte W\u00e4lder, auf k\u00fcnstliche Seen, Wanderwege und in die gr\u00fcnsten Landschaften Nordspaniens.<\/span><span data-ccp-props=\"{&quot;134233117&quot;:false,&quot;134233118&quot;:false,&quot;134245417&quot;:true,&quot;201341983&quot;:0,&quot;335551550&quot;:6,&quot;335551620&quot;:6,&quot;335557856&quot;:16119028,&quot;335559738&quot;:165,&quot;335559739&quot;:165,&quot;335559740&quot;:240}\">\u00a0<\/span><\/p>\n<p><span data-contrast=\"none\">Das Hotel liegt in einer ruhigen Gegend, nur 1 Minute vom Flughafen Pamplona entfernt. <\/span><b><span data-contrast=\"none\">Es verf\u00fcgt \u00fcber 60 Zimmer und einen 76 m\u00b2 gro\u00dfen Konferenzraum <\/span><\/b><span data-contrast=\"none\">(f\u00fcr bis zu 50 Personen), um Seminare in kleinen Gruppen und hochgradig personalisierte Schulungen abhalten zu k\u00f6nnen.\u00a0<\/span><span data-ccp-props=\"{&quot;134233117&quot;:false,&quot;134233118&quot;:false,&quot;134245417&quot;:true,&quot;201341983&quot;:0,&quot;335551550&quot;:6,&quot;335551620&quot;:6,&quot;335557856&quot;:16119028,&quot;335559738&quot;:165,&quot;335559739&quot;:165,&quot;335559740&quot;:240}\">\u00a0<\/span><\/p>\n<p><span data-contrast=\"none\">Da Sie w\u00e4hrend Ihrer Besprechungen Entspannung und Pausen ben\u00f6tigen, sollten Sie die Gelegenheit nutzen und einen Ausflug zum Parque de los Sentidos, einem gro\u00dfen botanischen Garten und beliebten touristischen Ziel in der Region, der nur wenige Gehminuten entfernt liegt, in Ihr Programm aufnehmen.\u00a0<\/span><span data-ccp-props=\"{&quot;134233117&quot;:false,&quot;134233118&quot;:false,&quot;134245417&quot;:true,&quot;201341983&quot;:0,&quot;335551550&quot;:6,&quot;335551620&quot;:6,&quot;335557856&quot;:16119028,&quot;335559738&quot;:165,&quot;335559739&quot;:165,&quot;335559740&quot;:240}\">\u00a0<\/span><\/p>\n<p><span data-contrast=\"none\">Au\u00dferdem befindet sich in 5 km Entfernung das historische Zentrum, das durchgehend von einem Stadtbus angefahren wird, und ein Restaurant im Hotel, das seine Speisekarte zu jeder Jahreszeit \u00e4ndert, damit Sie das Beste von Navarra entdecken k\u00f6nnen.<\/span><span data-ccp-props=\"{&quot;134233117&quot;:false,&quot;134233118&quot;:false,&quot;134245417&quot;:true,&quot;201341983&quot;:0,&quot;335551550&quot;:6,&quot;335551620&quot;:6,&quot;335557856&quot;:16119028,&quot;335559738&quot;:165,&quot;335559739&quot;:165,&quot;335559740&quot;:240}\">\u00a0<\/span><\/p>\n\t\t\t\t\t<\/div>\n\t\t\t\t\t\t\t\t\t<\/div>\n\t\t\t<\/div>        \n\t\t<\/div>\n\t<\/div>\n<\/div>\n<!-- END OF : Composant : block-periscope-theme-section-composant-33-texte-image.php -->\n\n\n<!-- START OF : Composant : block-periscope-theme-section-composant-33-texte-image.php -->\n<!-- INVERSE -->\n<div class=\"text-image fs-wysiwyg mb-8 mb-lg-12\" data-component=\"33-texte-image\" data-reverse=\"oui\">\n\t<div class=\"container-fluid\" style=\"--bs-gutter-x: 0\">\n\t\t<div class=\"row\" style=\"--bs-gutter-x: 0\">\n\t\t\t<div class=\"col-lg-6\">\n\t\t\t\t<div class=\"text-image__content\">\n\t\t\t\t\t\t\t\t\t\t<div class=\"fw-semibold lh-xs fs-20 fs-lg-32 ls--25 mb-5\">Mercure Jardines de Albia<\/div>\n\t\t\t\t\t\t\t\t\t\t\t\t\t\t\t<div class=\"fs-wysiwyg\">\n\t\t\t\t\t\t<p><span data-contrast=\"none\"><a href=\"https:\/\/myallmeeting.com\/de\/hotel\/a057-mercure-bilbao-jardines-de-albia\/\">Dieses Hotel<\/a> liegt zwischen den G\u00e4rten von Albia und der Ria von Bilbao und ist der ideale Ort, um die Konzentration der Teilnehmer zu f\u00f6rdern, die hier von Gr\u00fcn und Meer umgeben sind. <\/span><b><span data-contrast=\"none\">Das Hotel verf\u00fcgt \u00fcber 138 Zimmer, ein Spa zum Entspannen (oder bei Bedarf auch mehr), ein Restaurant und vier Konferenzr\u00e4ume mit 115 m\u00b2, 95 m\u00b2, 76 m\u00b2 und 44 m\u00b2, die bis zu 130 Personen Platz bieten.<\/span><\/b><span data-ccp-props=\"{&quot;134233117&quot;:false,&quot;134233118&quot;:false,&quot;134245417&quot;:true,&quot;201341983&quot;:0,&quot;335551550&quot;:6,&quot;335551620&quot;:6,&quot;335557856&quot;:16119028,&quot;335559738&quot;:165,&quot;335559739&quot;:165,&quot;335559740&quot;:240}\">\u00a0<\/span><\/p>\n<p><span data-contrast=\"none\">In Ihrem Programm zwischen den Schulungen k\u00f6nnen Sie die Teilnehmer dazu einladen, bestimmte Wassersportarten wie Kajakfahren auszu\u00fcben, an der Ria entlang zu spazieren oder mit den \u201e\u00f6rtlichen Entdeckungstouren\u201c das historische Zentrum und die lokalen Gesch\u00e4fte zu erkunden \u2013 eine gute M\u00f6glichkeit, vollst\u00e4ndig in die Kultur und die Gastronomie einzutauchen.\u00a0<\/span><span data-ccp-props=\"{&quot;134233117&quot;:false,&quot;134233118&quot;:false,&quot;134245417&quot;:true,&quot;201341983&quot;:0,&quot;335551550&quot;:6,&quot;335551620&quot;:6,&quot;335557856&quot;:16119028,&quot;335559738&quot;:165,&quot;335559739&quot;:165,&quot;335559740&quot;:240}\">\u00a0<\/span><\/p>\n<p><span data-contrast=\"none\">Durch Partnerschaften mit einheimischen Handwerkern und Lieferanten unterst\u00fctzt Sie das Hotelpersonal bei der Organisation von kulturellen und gastronomischen Erlebnissen: Der Lebensmittelladen Antonio Mart\u00edn mit seinem getrockneten Kabeljau, das Regenschirmgesch\u00e4ft Leoz oder die Hutmacherei Gorostiaga sind nur einige der \u201elokalen Entdeckungen\u201c, die Sie in Bilbao erwarten.<\/span><span data-ccp-props=\"{&quot;134233117&quot;:false,&quot;134233118&quot;:false,&quot;134245417&quot;:true,&quot;201341983&quot;:0,&quot;335551550&quot;:6,&quot;335551620&quot;:6,&quot;335557856&quot;:16119028,&quot;335559738&quot;:165,&quot;335559739&quot;:165,&quot;335559740&quot;:240}\">\u00a0<\/span><\/p>\n\t\t\t\t\t<\/div>\n\t\t\t\t\t\t\t\t\t<\/div>\n\t\t\t<\/div>    \n\t\t\t    \n\t\t\t<div class=\"col-lg-6 order-first order-lg-last mb-7 mb-lg-0\">\n\t\t\t\t<img decoding=\"async\" src=\"https:\/\/www.myallmeeting.com\/wp-content\/uploads\/2022\/04\/Mercure-Jardines-de-Albia-3-953x600.jpg\" width=\"953\" height=\"600\" alt=\"\" loading=\"lazy\" class=\"w-100\" \/>\n\t\t\t<\/div>\n\t\t\t\t\t<\/div>\n\t<\/div>\n<\/div>\n<!-- END OF : Composant : block-periscope-theme-section-composant-33-texte-image.php -->\n\n\n<!-- START OF : Composant : block-periscope-theme-section-composant-33-texte-image.php -->\n<div class=\"text-image fs-wysiwyg mb-8 mb-lg-12\" data-component=\"33-texte-image\">\n\t<div class=\"container-fluid\" style=\"--bs-gutter-x: 0\">\n\t\t<div class=\"row\" style=\"--bs-gutter-x: 0\">\n\t\t\t\t\t\t<div class=\"col-lg-6 mb-7 mb-lg-0\">\n\t\t\t\t<img decoding=\"async\" src=\"https:\/\/www.myallmeeting.com\/wp-content\/uploads\/2022\/04\/Mercure-San-Sebastian-Monte-Igueldo-2-1-953x600.jpg\" width=\"953\" height=\"600\" alt=\"\" loading=\"lazy\" class=\"w-100\" \/>\n\t\t\t<\/div>\n\t\t\t\t\t\t<div class=\"col-lg-6\">\n\t\t\t\t<div class=\"text-image__content\">\n\t\t\t\t\t\t\t\t\t\t<div class=\"fw-semibold lh-xs fs-20 fs-lg-32 ls--25 mb-5\">Mercure San Sebasti\u00e1n Monte Igueldo<\/div>\n\t\t\t\t\t\t\t\t\t\t\t\t\t\t\t<div class=\"fs-wysiwyg\">\n\t\t\t\t\t\t<p><span data-contrast=\"none\">Concha zu seinen F\u00fc\u00dfen, ist die Terrasse mit Pool des <a href=\"https:\/\/myallmeeting.com\/de\/hotel\/1987-mercure-san-sebastian-monte-igueldo\/\">Mercure San Sebasti\u00e1n Monte Igueldo<\/a> mit der Stadt und somit mit all ihren Sehensw\u00fcrdigkeiten, Freizeitm\u00f6glichkeiten und Restaurants verbunden\u2026 <\/span><b><span data-contrast=\"none\">durch eine Jahrhunderte alte Seilbahn!<\/span><\/b><span data-contrast=\"none\">\u00a0<\/span><span data-ccp-props=\"{&quot;134233117&quot;:false,&quot;134233118&quot;:false,&quot;134245417&quot;:true,&quot;201341983&quot;:0,&quot;335551550&quot;:6,&quot;335551620&quot;:6,&quot;335557856&quot;:16119028,&quot;335559738&quot;:165,&quot;335559739&quot;:165,&quot;335559740&quot;:240}\">\u00a0<\/span><\/p>\n<p><span data-contrast=\"none\">Diese Standseilbahn ist eine der gro\u00dfen Touristenattraktionen der Stadt und stellt zweifellos ein originelles Transportmittel f\u00fcr Ihre Teilnehmer dar, die am Ende eines Schulungstages einen Ausflug machen und die auf\u202f<\/span><i><span data-contrast=\"none\">Pintxos<\/span><\/i><span data-contrast=\"none\">\u202fbasierende Gastronomie sowie das gesamte historische Zentrum erkunden zu k\u00f6nnen: der Palast Miramar, das Museum San Telmo\u2026<\/span><span data-ccp-props=\"{&quot;134233117&quot;:false,&quot;134233118&quot;:false,&quot;134245417&quot;:true,&quot;201341983&quot;:0,&quot;335551550&quot;:6,&quot;335551620&quot;:6,&quot;335557856&quot;:16119028,&quot;335559738&quot;:165,&quot;335559739&quot;:165,&quot;335559740&quot;:240}\">\u00a0<\/span><\/p>\n<p><span data-contrast=\"none\">Das Hotel verf\u00fcgt au\u00dferdem \u00fcber ein Restaurant, El Torre\u00f3n, mit Blick auf die Bucht, in dem Sie ein <\/span><b><span data-contrast=\"none\">Mittag- oder Abendessen f\u00fcr bis zu 250 Personen<\/span><\/b><span data-contrast=\"none\"> organisieren k\u00f6nnen.\u00a0<\/span><span data-ccp-props=\"{&quot;134233117&quot;:false,&quot;134233118&quot;:false,&quot;134245417&quot;:true,&quot;201341983&quot;:0,&quot;335551550&quot;:6,&quot;335551620&quot;:6,&quot;335557856&quot;:16119028,&quot;335559738&quot;:165,&quot;335559739&quot;:165,&quot;335559740&quot;:240}\">\u00a0<\/span><\/p>\n<p><b><span data-contrast=\"none\">Nutzen Sie die Terrasse mit Pool und die f\u00fcnf Konferenzr\u00e4ume<\/span><\/b><span data-contrast=\"none\"> (387 m\u00b2, 200 m\u00b2, 127 m\u00b2, 93 m\u00b2 und 89 m\u00b2) und planen Sie das Seminar in verschiedenen Bereichen des Hotels, um das Gehirn mit Sauerstoff zu versorgen und die Konzentration zu f\u00f6rdern.<\/span><span data-ccp-props=\"{&quot;134233117&quot;:false,&quot;134233118&quot;:false,&quot;134245417&quot;:true,&quot;201341983&quot;:0,&quot;335551550&quot;:6,&quot;335551620&quot;:6,&quot;335557856&quot;:16119028,&quot;335559738&quot;:165,&quot;335559739&quot;:165,&quot;335559740&quot;:240}\">\u00a0<\/span><\/p>\n\t\t\t\t\t<\/div>\n\t\t\t\t\t\t\t\t\t<\/div>\n\t\t\t<\/div>        \n\t\t<\/div>\n\t<\/div>\n<\/div>\n<!-- END OF : Composant : block-periscope-theme-section-composant-33-texte-image.php -->\n","protected":false},"excerpt":{"rendered":"","protected":false},"featured_media":15963870,"menu_order":0,"template":"","periscope_categorie_tax":[3514],"class_list":["post-16038083","article","type-article","status-publish","has-post-thumbnail","hentry","periscope_categorie_tax-tous-nos-tops-selections-de"],"acf":[],"yoast_head":"<title>Entdecken Sie unsere 4 besten Hotels f\u00fcr die Organisation eines Seminars im spanischen Baskenland\u00a0 - Accor MyAllMeeting.com<\/title>\n<meta name=\"robots\" content=\"index, follow, max-snippet:-1, max-image-preview:large, max-video-preview:-1\" \/>\n<link rel=\"canonical\" href=\"https:\/\/www.myallmeeting.com\/de\/wp-json\/wp\/v2\/article\/16038083\" \/>\n<meta property=\"og:locale\" content=\"de_DE\" \/>\n<meta property=\"og:type\" content=\"article\" \/>\n<meta property=\"og:title\" content=\"Entdecken Sie unsere 4 besten Hotels f\u00fcr die Organisation eines Seminars im spanischen Baskenland\u00a0 - Accor MyAllMeeting.com\" \/>\n<meta property=\"og:url\" content=\"https:\/\/www.myallmeeting.com\/de\/article\/entdecken-sie-unsere-4-besten-hotels-fur-die-organisation-eines-seminars-im-spanischen-baskenland\/\" \/>\n<meta property=\"og:site_name\" content=\"Accor MyAllMeeting.com\" \/>\n<meta property=\"article:modified_time\" content=\"2024-07-16T10:38:06+00:00\" \/>\n<meta property=\"og:image\" content=\"http:\/\/myallmeeting.com\/wp-content\/uploads\/2022\/04\/MAM-imagery-1920-x-570-px-1.png\" \/>\n\t<meta property=\"og:image:width\" content=\"1920\" \/>\n\t<meta property=\"og:image:height\" content=\"570\" \/>\n\t<meta property=\"og:image:type\" content=\"image\/png\" \/>\n<meta name=\"twitter:card\" content=\"summary_large_image\" \/>\n<meta name=\"twitter:label1\" content=\"Est. reading time\" \/>\n\t<meta name=\"twitter:data1\" content=\"5 minutes\" \/>\n<script type=\"application\/ld+json\" class=\"yoast-schema-graph\">{\"@context\":\"https:\/\/schema.org\",\"@graph\":[{\"@type\":\"WebPage\",\"@id\":\"https:\/\/www.myallmeeting.com\/de\/article\/entdecken-sie-unsere-4-besten-hotels-fur-die-organisation-eines-seminars-im-spanischen-baskenland\/\",\"url\":\"https:\/\/www.myallmeeting.com\/de\/article\/entdecken-sie-unsere-4-besten-hotels-fur-die-organisation-eines-seminars-im-spanischen-baskenland\/\",\"name\":\"Entdecken Sie unsere 4 besten Hotels f\u00fcr die Organisation eines Seminars im spanischen Baskenland\u00a0 - Accor MyAllMeeting.com\",\"isPartOf\":{\"@id\":\"https:\/\/www.myallmeeting.com\/de\/#website\"},\"primaryImageOfPage\":{\"@id\":\"https:\/\/www.myallmeeting.com\/de\/article\/entdecken-sie-unsere-4-besten-hotels-fur-die-organisation-eines-seminars-im-spanischen-baskenland\/#primaryimage\"},\"image\":{\"@id\":\"https:\/\/www.myallmeeting.com\/de\/article\/entdecken-sie-unsere-4-besten-hotels-fur-die-organisation-eines-seminars-im-spanischen-baskenland\/#primaryimage\"},\"thumbnailUrl\":\"https:\/\/www.myallmeeting.com\/wp-content\/uploads\/2022\/04\/MAM-imagery-1920-x-570-px-1.png\",\"datePublished\":\"2022-04-29T13:43:28+00:00\",\"dateModified\":\"2024-07-16T10:38:06+00:00\",\"breadcrumb\":{\"@id\":\"https:\/\/www.myallmeeting.com\/de\/article\/entdecken-sie-unsere-4-besten-hotels-fur-die-organisation-eines-seminars-im-spanischen-baskenland\/#breadcrumb\"},\"inLanguage\":\"de-DE\",\"potentialAction\":[{\"@type\":\"ReadAction\",\"target\":[\"https:\/\/www.myallmeeting.com\/de\/article\/entdecken-sie-unsere-4-besten-hotels-fur-die-organisation-eines-seminars-im-spanischen-baskenland\/\"]}]},{\"@type\":\"ImageObject\",\"inLanguage\":\"de-DE\",\"@id\":\"https:\/\/www.myallmeeting.com\/de\/article\/entdecken-sie-unsere-4-besten-hotels-fur-die-organisation-eines-seminars-im-spanischen-baskenland\/#primaryimage\",\"url\":\"https:\/\/www.myallmeeting.com\/wp-content\/uploads\/2022\/04\/MAM-imagery-1920-x-570-px-1.png\",\"contentUrl\":\"https:\/\/www.myallmeeting.com\/wp-content\/uploads\/2022\/04\/MAM-imagery-1920-x-570-px-1.png\",\"width\":1920,\"height\":570},{\"@type\":\"BreadcrumbList\",\"@id\":\"https:\/\/www.myallmeeting.com\/de\/article\/entdecken-sie-unsere-4-besten-hotels-fur-die-organisation-eines-seminars-im-spanischen-baskenland\/#breadcrumb\",\"itemListElement\":[{\"@type\":\"ListItem\",\"position\":1,\"name\":\"Homepage\",\"item\":\"https:\/\/myallmeeting.com\/de\/\"},{\"@type\":\"ListItem\",\"position\":2,\"name\":\"Aktuelles\",\"item\":\"https:\/\/www.myallmeeting.com\/de\/aktuelles\/\"},{\"@type\":\"ListItem\",\"position\":3,\"name\":\"Entdecken Sie unsere 4 besten Hotels f\u00fcr die Organisation eines Seminars im spanischen Baskenland\u00a0\"}]},{\"@type\":\"WebSite\",\"@id\":\"https:\/\/www.myallmeeting.com\/de\/#website\",\"url\":\"https:\/\/www.myallmeeting.com\/de\/\",\"name\":\"Accor MyAllMeeting.com\",\"description\":\"Les Meilleurs lieux pour vos Ev\u00e9nements Professionnels\",\"publisher\":{\"@id\":\"https:\/\/www.myallmeeting.com\/de\/#organization\"},\"potentialAction\":[{\"@type\":\"SearchAction\",\"target\":{\"@type\":\"EntryPoint\",\"urlTemplate\":\"https:\/\/www.myallmeeting.com\/de\/?s={search_term_string}\"},\"query-input\":{\"@type\":\"PropertyValueSpecification\",\"valueRequired\":true,\"valueName\":\"search_term_string\"}}],\"inLanguage\":\"de-DE\"},{\"@type\":\"Organization\",\"@id\":\"https:\/\/www.myallmeeting.com\/de\/#organization\",\"name\":\"ACCOR\",\"url\":\"https:\/\/www.myallmeeting.com\/de\/\",\"logo\":{\"@type\":\"ImageObject\",\"inLanguage\":\"de-DE\",\"@id\":\"https:\/\/www.myallmeeting.com\/de\/#\/schema\/logo\/image\/\",\"url\":\"\",\"contentUrl\":\"\",\"caption\":\"ACCOR\"},\"image\":{\"@id\":\"https:\/\/www.myallmeeting.com\/de\/#\/schema\/logo\/image\/\"}}]}<\/script>","yoast_head_json":{"title":"Entdecken Sie unsere 4 besten Hotels f\u00fcr die Organisation eines Seminars im spanischen Baskenland\u00a0 - Accor MyAllMeeting.com","robots":{"index":"index","follow":"follow","max-snippet":"max-snippet:-1","max-image-preview":"max-image-preview:large","max-video-preview":"max-video-preview:-1"},"canonical":"https:\/\/www.myallmeeting.com\/de\/wp-json\/wp\/v2\/article\/16038083","og_locale":"de_DE","og_type":"article","og_title":"Entdecken Sie unsere 4 besten Hotels f\u00fcr die Organisation eines Seminars im spanischen Baskenland\u00a0 - Accor MyAllMeeting.com","og_url":"https:\/\/www.myallmeeting.com\/de\/article\/entdecken-sie-unsere-4-besten-hotels-fur-die-organisation-eines-seminars-im-spanischen-baskenland\/","og_site_name":"Accor MyAllMeeting.com","article_modified_time":"2024-07-16T10:38:06+00:00","og_image":[{"width":1920,"height":570,"url":"http:\/\/myallmeeting.com\/wp-content\/uploads\/2022\/04\/MAM-imagery-1920-x-570-px-1.png","type":"image\/png"}],"twitter_card":"summary_large_image","twitter_misc":{"Est. reading time":"5 minutes"},"schema":{"@context":"https:\/\/schema.org","@graph":[{"@type":"WebPage","@id":"https:\/\/www.myallmeeting.com\/de\/article\/entdecken-sie-unsere-4-besten-hotels-fur-die-organisation-eines-seminars-im-spanischen-baskenland\/","url":"https:\/\/www.myallmeeting.com\/de\/article\/entdecken-sie-unsere-4-besten-hotels-fur-die-organisation-eines-seminars-im-spanischen-baskenland\/","name":"Entdecken Sie unsere 4 besten Hotels f\u00fcr die Organisation eines Seminars im spanischen Baskenland\u00a0 - Accor MyAllMeeting.com","isPartOf":{"@id":"https:\/\/www.myallmeeting.com\/de\/#website"},"primaryImageOfPage":{"@id":"https:\/\/www.myallmeeting.com\/de\/article\/entdecken-sie-unsere-4-besten-hotels-fur-die-organisation-eines-seminars-im-spanischen-baskenland\/#primaryimage"},"image":{"@id":"https:\/\/www.myallmeeting.com\/de\/article\/entdecken-sie-unsere-4-besten-hotels-fur-die-organisation-eines-seminars-im-spanischen-baskenland\/#primaryimage"},"thumbnailUrl":"https:\/\/www.myallmeeting.com\/wp-content\/uploads\/2022\/04\/MAM-imagery-1920-x-570-px-1.png","datePublished":"2022-04-29T13:43:28+00:00","dateModified":"2024-07-16T10:38:06+00:00","breadcrumb":{"@id":"https:\/\/www.myallmeeting.com\/de\/article\/entdecken-sie-unsere-4-besten-hotels-fur-die-organisation-eines-seminars-im-spanischen-baskenland\/#breadcrumb"},"inLanguage":"de-DE","potentialAction":[{"@type":"ReadAction","target":["https:\/\/www.myallmeeting.com\/de\/article\/entdecken-sie-unsere-4-besten-hotels-fur-die-organisation-eines-seminars-im-spanischen-baskenland\/"]}]},{"@type":"ImageObject","inLanguage":"de-DE","@id":"https:\/\/www.myallmeeting.com\/de\/article\/entdecken-sie-unsere-4-besten-hotels-fur-die-organisation-eines-seminars-im-spanischen-baskenland\/#primaryimage","url":"https:\/\/www.myallmeeting.com\/wp-content\/uploads\/2022\/04\/MAM-imagery-1920-x-570-px-1.png","contentUrl":"https:\/\/www.myallmeeting.com\/wp-content\/uploads\/2022\/04\/MAM-imagery-1920-x-570-px-1.png","width":1920,"height":570},{"@type":"BreadcrumbList","@id":"https:\/\/www.myallmeeting.com\/de\/article\/entdecken-sie-unsere-4-besten-hotels-fur-die-organisation-eines-seminars-im-spanischen-baskenland\/#breadcrumb","itemListElement":[{"@type":"ListItem","position":1,"name":"Homepage","item":"https:\/\/myallmeeting.com\/de\/"},{"@type":"ListItem","position":2,"name":"Aktuelles","item":"https:\/\/www.myallmeeting.com\/de\/aktuelles\/"},{"@type":"ListItem","position":3,"name":"Entdecken Sie unsere 4 besten Hotels f\u00fcr die Organisation eines Seminars im spanischen Baskenland\u00a0"}]},{"@type":"WebSite","@id":"https:\/\/www.myallmeeting.com\/de\/#website","url":"https:\/\/www.myallmeeting.com\/de\/","name":"Accor MyAllMeeting.com","description":"Les Meilleurs lieux pour vos Ev\u00e9nements Professionnels","publisher":{"@id":"https:\/\/www.myallmeeting.com\/de\/#organization"},"potentialAction":[{"@type":"SearchAction","target":{"@type":"EntryPoint","urlTemplate":"https:\/\/www.myallmeeting.com\/de\/?s={search_term_string}"},"query-input":{"@type":"PropertyValueSpecification","valueRequired":true,"valueName":"search_term_string"}}],"inLanguage":"de-DE"},{"@type":"Organization","@id":"https:\/\/www.myallmeeting.com\/de\/#organization","name":"ACCOR","url":"https:\/\/www.myallmeeting.com\/de\/","logo":{"@type":"ImageObject","inLanguage":"de-DE","@id":"https:\/\/www.myallmeeting.com\/de\/#\/schema\/logo\/image\/","url":"","contentUrl":"","caption":"ACCOR"},"image":{"@id":"https:\/\/www.myallmeeting.com\/de\/#\/schema\/logo\/image\/"}}]}},"_links":{"self":[{"href":"https:\/\/www.myallmeeting.com\/de\/wp-json\/wp\/v2\/article\/16038083","targetHints":{"allow":["GET"]}}],"collection":[{"href":"https:\/\/www.myallmeeting.com\/de\/wp-json\/wp\/v2\/article"}],"about":[{"href":"https:\/\/www.myallmeeting.com\/de\/wp-json\/wp\/v2\/types\/article"}],"wp:featuredmedia":[{"embeddable":true,"href":"https:\/\/www.myallmeeting.com\/de\/wp-json\/wp\/v2\/media\/15963870"}],"wp:attachment":[{"href":"https:\/\/www.myallmeeting.com\/de\/wp-json\/wp\/v2\/media?parent=16038083"}],"wp:term":[{"taxonomy":"periscope_categorie_tax","embeddable":true,"href":"https:\/\/www.myallmeeting.com\/de\/wp-json\/wp\/v2\/periscope_categorie_tax?post=16038083"}],"curies":[{"name":"wp","href":"https:\/\/api.w.org\/{rel}","templated":true}]}}