{"id":16037581,"date":"2017-06-09T17:22:49","date_gmt":"2017-06-09T15:22:49","guid":{"rendered":"https:\/\/myallmeeting.com\/article\/une-vue-de-reve-pour-un-seminaire-haut-de-gamme-au-sofitel-marseille-vieux-port\/"},"modified":"2024-07-16T18:04:33","modified_gmt":"2024-07-16T16:04:33","slug":"eine-traumaussicht-fur-ein-high-end-seminar-im-sofitel-marseille-vieux-port","status":"publish","type":"article","link":"https:\/\/www.myallmeeting.com\/de\/article\/eine-traumaussicht-fur-ein-high-end-seminar-im-sofitel-marseille-vieux-port\/","title":{"rendered":"Eine Traumaussicht f\u00fcr ein High-End-Seminar im Sofitel Marseille Vieux-Port\u00a0"},"content":{"rendered":"<!-- START OF : Composant : block-periscope-theme-section-composant-25-texte-cta-2-images.php -->\n<div class=\"tcta2ia bg-white fs-wysiwyg mb-lg-12\" data-component=\"25-texte-cta-2-images\">\n\t<div class=\"tcta2ia__top\">\n\t\t<div class=\"container-fluid\" style=\"--bs-gutter-x: 0\">\n\t\t\t<div class=\"row\" style=\"--bs-gutter-x: 0\">\n\t\t\t\t<div class=\"col-lg-8\">\n\t\t\t\t\t\t\t\t\t\t<div class=\"bloc-mise-en-avant__top__left\">\n\t\t\t\t\t\t<img decoding=\"async\" src=\"https:\/\/www.myallmeeting.com\/wp-content\/uploads\/2017\/06\/6829-91-1268x846.jpg\" class=\"pe-2 pe-lg-0\" width=\"1268\" height=\"846\" alt=\"s\u00e9minaire haut de gamme salle banquet vue\" loading=\"lazy\" \/>\n\t\t\t\t\t<\/div>\n\t\t\t\t\t\t\t\t\t\t<div class=\"tcta2ia__bottom d-none d-lg-block pb-12 pt-lg-9 pb-lg-0 pe-lg-10\">\n\t\t\t\t\t\t\t\t\t\t\t\t<h2 class=\"fs-20 fs-lg-32 fw-semibold\">Das Hotel verf\u00fcgt \u00fcber 7 Tagungsr\u00e4ume mit einer Kapazit\u00e4t von bis zu 130 Personen f\u00fcr Seminare und 220 Personen f\u00fcr Cocktails. <\/h2>\n\t\t\t\t\t\t\t\t\t\t\t\t\t\t\t\t\t\t<div class=\"fs-wysiwyg\"><p><span data-contrast=\"none\">Die modularen Salons mit Panoramablick und Terrassen k\u00f6nnen privatisiert werden, ebenso wie die Brasserie, die <\/span><b><span data-contrast=\"none\">als \u201eBeste Hotelterrasse Europas\u201c mit dem Prix Vill\u00e9giature ausgezeichnet<\/span><\/b><span data-contrast=\"none\"> wurde.<\/span><span data-ccp-props=\"{&quot;134245417&quot;:true,&quot;201341983&quot;:0,&quot;335551550&quot;:6,&quot;335551620&quot;:6,&quot;335557856&quot;:16119028,&quot;335559738&quot;:165,&quot;335559739&quot;:165,&quot;335559740&quot;:240}\">\u00a0<\/span><\/p>\n<p><span data-contrast=\"none\">Sie k\u00f6nnen auch ein Restaurant um 7 Uhr habene und Mansarde, mit Dach 100m2 f\u00fcr einen Brunch f\u00fcr 250 Personen oder einen Abend f\u00fcr bis zu 350 Personen. Wenn Sie einen Kongress, eine Produkteinf\u00fchrung oder ein mehrt\u00e4giges Jahresseminar organisieren m\u00f6chten, kann das Hotel auch vollst\u00e4ndig privat genutzt werden.<\/span><span data-ccp-props=\"{&quot;134245417&quot;:true,&quot;201341983&quot;:0,&quot;335551550&quot;:6,&quot;335551620&quot;:6,&quot;335557856&quot;:16119028,&quot;335559738&quot;:165,&quot;335559739&quot;:165,&quot;335559740&quot;:240}\">\u00a0<\/span><\/p>\n<\/div>\n\t\t\t\t\t\t\t\t\t\t\t\t<div class=\"d-flex flex-column flex-lg-row align-items-center gap-5 gap-lg-8 justify-content-between\">\n\t\t\t\t\t\t\t<div class=\"fs-20 fs-lg-26 fw-semibold lh-xs\"><\/div>\n\t\t\t\t\t\t\t\t\t\t\t\t\t<\/div>\n\t\t\t\t\t<\/div>\n\t\t\t\t<\/div>\n\t\t\t\t<div class=\"col-lg-4\">\n\t\t\t\t\t<div class=\"tcta2ia__top__right t-0 r-0 bg-primary text-white pt-4 pb-4 px-2 pt-lg-8 pb-lg-16 px-lg-11 pb-xl-30\">\n\t\t\t\t\t\t\t\t\t\t\t\t\t\t\t\t\t\t<h2 class=\"unna fs-36 fs-lg-51 fs-xl-75 fs-italic fw-normal text-secondary\">Eine Traumaussicht f\u00fcr ein High-End-Seminar im Sofitel Marseille Vieux-Port <\/h2>\n\t\t\t\t\t\t\t\t\t\t\t\t\t\t\t\t\t\t<h3 class=\"text-white fs-18 fs-lg-20 fs-xl-28 text-original-case\">Mit einem au\u00dfergew\u00f6hnlichen Ausschuss, einem au\u00dfergew\u00f6hnlichen Rahmen. Das Sofitel Marseille Vieux-Port \u00f6ffnet seine T\u00fcren f\u00fcr Sie\u202falle Arten von Veranstaltungen, vom vertraulichen Vorstand bis zur veranstalteten Jahreskonferenz.\u202fEin 5-Sterne-Hotel\u202fmit stichhaltigen Argumenten\u202feine einzigartige und authentische Umgebung. <\/h3>\n\t\t\t\t\t\t\t\t\t\t\t\t\t\t\t\t\t\t<div class=\"fs-wysiwyg mb-4 fs-lg-16 fs-xl-20\"><p><span data-contrast=\"none\">Ein au\u00dfergew\u00f6hnliches Komitee, ein au\u00dfergew\u00f6hnlicher Rahmen. Das Sofitel Marseille Vieux-Port \u00f6ffnet Ihnen seine T\u00fcren f\u00fcr <\/span><b><span data-contrast=\"none\">alle Arten von Veranstaltungen<\/span><\/b><span data-contrast=\"none\">, von der vertraulichen Vorstandssitzung bis hin zur Jahreskonferenz. <\/span><b><span data-contrast=\"none\">Ein 5-Sterne-Hotel <\/span><\/b><span data-contrast=\"none\">mit \u00fcberzeugenden Argumenten<\/span><b><span data-contrast=\"none\"> in einer einzigartigen und authentischen Umgebung<\/span><\/b><span data-contrast=\"none\">.<\/span><span data-ccp-props=\"{&quot;134245417&quot;:true,&quot;201341983&quot;:0,&quot;335551550&quot;:6,&quot;335551620&quot;:6,&quot;335557856&quot;:16119028,&quot;335559738&quot;:0,&quot;335559739&quot;:165,&quot;335559740&quot;:240}\">\u00a0<\/span><\/p>\n<p><span data-contrast=\"none\">Mit Blick auf den Alten Hafen und seine 3.000 Boote bietet das<\/span><b><span data-contrast=\"none\"> Sofitel Marseille Vieux-Port<\/span><\/b><span data-contrast=\"none\"> die sch\u00f6nste Aussicht auf die phok\u00e4ische Stadt.<\/span><span data-ccp-props=\"{&quot;134233117&quot;:true,&quot;134233118&quot;:true,&quot;134245417&quot;:true,&quot;201341983&quot;:0,&quot;335551550&quot;:6,&quot;335551620&quot;:6,&quot;335557856&quot;:16119028,&quot;335559738&quot;:165,&quot;335559739&quot;:165,&quot;335559740&quot;:240}\">\u00a0<\/span><\/p>\n<p><span data-contrast=\"none\">Dieses 180\u00b0-Panorama befindet sich auf dem H\u00fcgel Saint-Victor, zwischen dem Fort Saint-Jean &#8211; gegen\u00fcber dem Marseillais, um die Boote der Bev\u00f6lkerung unter Ludwig XIV. zu sch\u00fctzen &#8211; und dem Fort Saint-Nicolas und zeigt auch die Kathedrale des Majors und das <\/span><b><span data-contrast=\"none\">Fort Saint-Nicolas Mucem<\/span><\/b><span data-contrast=\"none\"> (Museum der europ\u00e4ischen und mediterranen Zivilisationen), das anl\u00e4sslich der Ernennung von Marseille zur <\/span><b><span data-contrast=\"none\">Kulturhauptstadt<\/span><\/b><span data-contrast=\"none\"> errichtet wurde.<\/span><span data-ccp-props=\"{&quot;134245417&quot;:true,&quot;201341983&quot;:0,&quot;335551550&quot;:6,&quot;335551620&quot;:6,&quot;335557856&quot;:16119028,&quot;335559738&quot;:165,&quot;335559739&quot;:165,&quot;335559740&quot;:240}\">\u00a0<\/span><\/p>\n<p><span data-contrast=\"none\">Ein au\u00dfergew\u00f6hnlicher Ort, der seinen Freizeit- und Gesch\u00e4ftsbesuchern ein Spektakel lebendiger Geschichte und eine echte Sauerstoffblase \u00fcber Marseille bietet.<\/span><span data-ccp-props=\"{&quot;134233117&quot;:true,&quot;134233118&quot;:true,&quot;134245417&quot;:true,&quot;201341983&quot;:0,&quot;335551550&quot;:6,&quot;335551620&quot;:6,&quot;335557856&quot;:16119028,&quot;335559738&quot;:165,&quot;335559739&quot;:165,&quot;335559740&quot;:240}\">\u00a0<\/span><\/p>\n<p><span data-contrast=\"none\">Ein einzigartiger und intimer Rahmen, um auf der herrlichen 150 m\u00b2 gro\u00dfen Terrasse eine Tagung auf hohem Niveau zu veranstalten, z.B. eine Vorstandssitzung, eine Aufsichtsratssitzung oder einen exquisiten Cocktail2 in der Bar <\/span><b><span data-contrast=\"none\">Les Dantes<\/span><\/b><span data-contrast=\"none\">, einer der beliebtesten Adressen der Stadt.<\/span><span data-ccp-props=\"{&quot;134245417&quot;:true,&quot;201341983&quot;:0,&quot;335551550&quot;:6,&quot;335551620&quot;:6,&quot;335557856&quot;:16119028,&quot;335559738&quot;:165,&quot;335559739&quot;:165,&quot;335559740&quot;:240}\">\u00a0<\/span><\/p>\n<\/div>\n\t\t\t\t\t\t\t\t\t\t\t\t\t\t\t\t\t\t\t\t\t\t\t\t<p class=\"m-0\"><img decoding=\"async\" src=\"https:\/\/www.myallmeeting.com\/wp-content\/uploads\/2017\/06\/6829-81-633x398.jpg\" class=\"position-relative l-0\" width=\"633\" height=\"398\" alt=\"s\u00e9minaire haut de gamme salle r\u00e9union restaurant vue\" loading=\"lazy\" \/><\/p>\n\t\t\t\t\t\t\t\t\t\t\t<\/div>\n\t\t\t\t<\/div>\n\t\t\t<\/div>\n\t\t<\/div>\n\t<\/div>\n\t<div class=\"tcta2ia__bottom d-lg-none pb-12 py-lg-9 pe-lg-10\">\n\t\t\t\t<div class=\"h2 fs-20 fs-lg-32 fw-semibold\">Das Hotel verf\u00fcgt \u00fcber 7 Tagungsr\u00e4ume mit einer Kapazit\u00e4t von bis zu 130 Personen f\u00fcr Seminare und 220 Personen f\u00fcr Cocktails. <\/div>\n\t\t\t\t\t\t<div class=\"fs-wysiwyg\"><p><span data-contrast=\"none\">Die modularen Salons mit Panoramablick und Terrassen k\u00f6nnen privatisiert werden, ebenso wie die Brasserie, die <\/span><b><span data-contrast=\"none\">als \u201eBeste Hotelterrasse Europas\u201c mit dem Prix Vill\u00e9giature ausgezeichnet<\/span><\/b><span data-contrast=\"none\"> wurde.<\/span><span data-ccp-props=\"{&quot;134245417&quot;:true,&quot;201341983&quot;:0,&quot;335551550&quot;:6,&quot;335551620&quot;:6,&quot;335557856&quot;:16119028,&quot;335559738&quot;:165,&quot;335559739&quot;:165,&quot;335559740&quot;:240}\">\u00a0<\/span><\/p>\n<p><span data-contrast=\"none\">Sie k\u00f6nnen auch ein Restaurant um 7 Uhr habene und Mansarde, mit Dach 100m2 f\u00fcr einen Brunch f\u00fcr 250 Personen oder einen Abend f\u00fcr bis zu 350 Personen. Wenn Sie einen Kongress, eine Produkteinf\u00fchrung oder ein mehrt\u00e4giges Jahresseminar organisieren m\u00f6chten, kann das Hotel auch vollst\u00e4ndig privat genutzt werden.<\/span><span data-ccp-props=\"{&quot;134245417&quot;:true,&quot;201341983&quot;:0,&quot;335551550&quot;:6,&quot;335551620&quot;:6,&quot;335557856&quot;:16119028,&quot;335559738&quot;:165,&quot;335559739&quot;:165,&quot;335559740&quot;:240}\">\u00a0<\/span><\/p>\n<\/div>\n\t\t\t\t<div class=\"d-flex flex-column flex-lg-row align-items-center gap-5 gap-lg-8 justify-content-between\">\n\t\t\t<div class=\"fs-20 fs-lg-26 fw-semibold lh-xs\"><\/div>\n\t\t\t\t\t<\/div>\n\t<\/div>\n<\/div>\n<!-- END OF : Composant : block-periscope-theme-section-composant-25-texte-cta-2-images.php -->\n\n\n<!-- START OF : Composant : block-periscope-theme-section-composant-33-texte-image.php -->\n<div class=\"text-image fs-wysiwyg mb-8 mb-lg-12\" data-component=\"33-texte-image\">\n\t<div class=\"container-fluid\" style=\"--bs-gutter-x: 0\">\n\t\t<div class=\"row\" style=\"--bs-gutter-x: 0\">\n\t\t\t\t\t\t<div class=\"col-lg-6 mb-7 mb-lg-0\">\n\t\t\t\t<img decoding=\"async\" src=\"https:\/\/www.myallmeeting.com\/wp-content\/uploads\/2017\/06\/6096-09-953x600.jpg\" width=\"953\" height=\"600\" alt=\"s\u00e9minaire haut de gamme restaurant rooftop\" loading=\"lazy\" class=\"w-100\" \/>\n\t\t\t<\/div>\n\t\t\t\t\t\t<div class=\"col-lg-6\">\n\t\t\t\t<div class=\"text-image__content\">\n\t\t\t\t\t\t\t\t\t\t<div class=\"fw-semibold lh-xs fs-20 fs-lg-32 ls--25 mb-5\">Das Hotel verf\u00fcgt \u00fcber: <\/div>\n\t\t\t\t\t\t\t\t\t\t\t\t\t\t\t<div class=\"fs-wysiwyg\">\n\t\t\t\t\t\t<ul>\n<li data-leveltext=\"-\" data-font=\"Lato\" data-listid=\"1\" data-list-defn-props=\"{&quot;335551671&quot;:0,&quot;335552541&quot;:1,&quot;335559685&quot;:720,&quot;335559991&quot;:360,&quot;469769226&quot;:&quot;Lato&quot;,&quot;469769242&quot;:[8226],&quot;469777803&quot;:&quot;left&quot;,&quot;469777804&quot;:&quot;-&quot;}\" aria-setsize=\"-1\" data-aria-posinset=\"0\" data-aria-level=\"1\"><b><span data-contrast=\"none\">134 Zimmer und Suiten<\/span><\/b><span data-contrast=\"none\">, die mit traditionellen Materialien wie Holz, Koralle und Perlmutt wie die Kabinen einer Luxusjacht eingerichtet sind. Das <\/span><b><span data-contrast=\"none\">Gourmetrestaurant Les Trois Forts<\/span><\/b><span data-contrast=\"none\">, das seit 23 Jahren vom franz\u00f6sischen <\/span><b><span data-contrast=\"none\">Meisterkoch Dominique Fr\u00e9rard<\/span><\/b><span data-contrast=\"none\"> gef\u00fchrt wird, der eine mediterrane und provenzalische K\u00fcche mit asiatischen Einfl\u00fcssen bietet;<\/span><span data-ccp-props=\"{&quot;134233117&quot;:true,&quot;134233118&quot;:true,&quot;134245417&quot;:true,&quot;201341983&quot;:0,&quot;335551550&quot;:6,&quot;335551620&quot;:6,&quot;335557856&quot;:16119028,&quot;335559685&quot;:720,&quot;335559738&quot;:165,&quot;335559739&quot;:165,&quot;335559740&quot;:240,&quot;335559991&quot;:360}\"> <\/span><\/li>\n<li data-leveltext=\"-\" data-font=\"Lato\" data-listid=\"1\" data-list-defn-props=\"{&quot;335551671&quot;:0,&quot;335552541&quot;:1,&quot;335559685&quot;:720,&quot;335559991&quot;:360,&quot;469769226&quot;:&quot;Lato&quot;,&quot;469769242&quot;:[8226],&quot;469777803&quot;:&quot;left&quot;,&quot;469777804&quot;:&quot;-&quot;}\" aria-setsize=\"-1\" data-aria-posinset=\"0\" data-aria-level=\"1\">Ein <b><span data-contrast=\"none\">Sofitel SoSpa<\/span><\/b><span data-contrast=\"none\">, ideal zum Entspannen oder um sich in Form zu bringen: Hammam, Sauna, Entspannungsbad und Fitnessraum sind rund um die Uhr ge\u00f6ffnet;<\/span><span data-ccp-props=\"{&quot;134245417&quot;:true,&quot;201341983&quot;:0,&quot;335551550&quot;:6,&quot;335551620&quot;:6,&quot;335557856&quot;:16119028,&quot;335559685&quot;:720,&quot;335559738&quot;:165,&quot;335559739&quot;:165,&quot;335559740&quot;:240,&quot;335559991&quot;:360}\"> <\/span><\/li>\n<li data-leveltext=\"-\" data-font=\"Lato\" data-listid=\"1\" data-list-defn-props=\"{&quot;335551671&quot;:0,&quot;335552541&quot;:1,&quot;335559685&quot;:720,&quot;335559991&quot;:360,&quot;469769226&quot;:&quot;Lato&quot;,&quot;469769242&quot;:[8226],&quot;469777803&quot;:&quot;left&quot;,&quot;469777804&quot;:&quot;-&quot;}\" aria-setsize=\"-1\" data-aria-posinset=\"0\" data-aria-level=\"1\">Und ein <b><i><span data-contrast=\"none\">Gesch\u00e4ftsraum<\/span><\/i><\/b><span data-contrast=\"none\">, das zu jeder Tages- und Nachtzeit zur Verf\u00fcgung steht.<\/span><span data-ccp-props=\"{&quot;134245417&quot;:true,&quot;201341983&quot;:0,&quot;335551550&quot;:6,&quot;335551620&quot;:6,&quot;335557856&quot;:16119028,&quot;335559685&quot;:720,&quot;335559738&quot;:165,&quot;335559739&quot;:165,&quot;335559740&quot;:240,&quot;335559991&quot;:360}\">\u00a0<\/span><\/li>\n<\/ul>\n<p><span data-contrast=\"none\">Schlie\u00dflich liegt das <\/span><b><span data-contrast=\"none\">Sofitel Marseille Vieux-Port<\/span><\/b><span data-contrast=\"none\"> ideal f\u00fcr Aktivit\u00e4ten. An 300 Tagen im Jahr gibt es Bootsausfl\u00fcge zu den Buchten oder Regatten nach Rioul und zum ber\u00fchmten Ch\u00e2teau d&#8217;If des Grafen von Monte Christo.<\/span><span data-ccp-props=\"{&quot;134245417&quot;:true,&quot;201341983&quot;:0,&quot;335551550&quot;:6,&quot;335551620&quot;:6,&quot;335557856&quot;:16119028,&quot;335559738&quot;:165,&quot;335559739&quot;:165,&quot;335559740&quot;:240}\">\u00a0<\/span><\/p>\n<p><span data-contrast=\"none\">Oder eher lokal, eine entspannende Partie P\u00e9tanque auf der Bowlingbahn vor dem Hotel, gefolgt von einem Cocktail in der <\/span><b><i><span data-contrast=\"none\">Sky Lounge<\/span><\/i><\/b><span data-contrast=\"none\">, um den Sonnenuntergang \u00fcber dem Mittelmeer zu genie\u00dfen&#8230;<\/span><span data-ccp-props=\"{&quot;134245417&quot;:true,&quot;201341983&quot;:0,&quot;335551550&quot;:6,&quot;335551620&quot;:6,&quot;335557856&quot;:16119028,&quot;335559738&quot;:165,&quot;335559739&quot;:165,&quot;335559740&quot;:240}\">\u00a0<\/span><\/p>\n<p><span data-ccp-props=\"{&quot;134245417&quot;:true,&quot;201341983&quot;:0,&quot;335551550&quot;:1,&quot;335551620&quot;:1,&quot;335559738&quot;:0,&quot;335559739&quot;:160,&quot;335559740&quot;:259}\">\u00a0<\/span><\/p>\n\t\t\t\t\t<\/div>\n\t\t\t\t\t\t\t\t\t<\/div>\n\t\t\t<\/div>        \n\t\t<\/div>\n\t<\/div>\n<\/div>\n<!-- END OF : Composant : block-periscope-theme-section-composant-33-texte-image.php -->\n","protected":false},"excerpt":{"rendered":"","protected":false},"featured_media":16034301,"menu_order":0,"template":"","periscope_categorie_tax":[3637],"class_list":["post-16037581","article","type-article","status-publish","has-post-thumbnail","hentry","periscope_categorie_tax-decouvrez-nos-adresses-de"],"acf":[],"yoast_head":"<title>Eine Traumaussicht f\u00fcr ein High-End-Seminar im Sofitel Marseille Vieux-Port\u00a0 - Accor MyAllMeeting.com<\/title>\n<meta name=\"robots\" content=\"index, follow, max-snippet:-1, max-image-preview:large, max-video-preview:-1\" \/>\n<link rel=\"canonical\" href=\"https:\/\/www.myallmeeting.com\/de\/wp-json\/wp\/v2\/article\/16037581\" \/>\n<meta property=\"og:locale\" content=\"de_DE\" \/>\n<meta property=\"og:type\" content=\"article\" \/>\n<meta property=\"og:title\" content=\"Eine Traumaussicht f\u00fcr ein High-End-Seminar im Sofitel Marseille Vieux-Port\u00a0 - Accor MyAllMeeting.com\" \/>\n<meta property=\"og:url\" content=\"https:\/\/www.myallmeeting.com\/de\/article\/eine-traumaussicht-fur-ein-high-end-seminar-im-sofitel-marseille-vieux-port\/\" \/>\n<meta property=\"og:site_name\" content=\"Accor MyAllMeeting.com\" \/>\n<meta property=\"article:modified_time\" content=\"2024-07-16T16:04:33+00:00\" \/>\n<meta property=\"og:image\" content=\"http:\/\/myallmeeting.com\/wp-content\/uploads\/2017\/06\/Marseille.png\" \/>\n\t<meta property=\"og:image:width\" content=\"1920\" \/>\n\t<meta property=\"og:image:height\" content=\"570\" \/>\n\t<meta property=\"og:image:type\" content=\"image\/png\" \/>\n<meta name=\"twitter:card\" content=\"summary_large_image\" \/>\n<meta name=\"twitter:label1\" content=\"Est. reading time\" \/>\n\t<meta name=\"twitter:data1\" content=\"4 minutes\" \/>\n<script type=\"application\/ld+json\" class=\"yoast-schema-graph\">{\"@context\":\"https:\/\/schema.org\",\"@graph\":[{\"@type\":\"WebPage\",\"@id\":\"https:\/\/www.myallmeeting.com\/de\/article\/eine-traumaussicht-fur-ein-high-end-seminar-im-sofitel-marseille-vieux-port\/\",\"url\":\"https:\/\/www.myallmeeting.com\/de\/article\/eine-traumaussicht-fur-ein-high-end-seminar-im-sofitel-marseille-vieux-port\/\",\"name\":\"Eine Traumaussicht f\u00fcr ein High-End-Seminar im Sofitel Marseille Vieux-Port\u00a0 - Accor MyAllMeeting.com\",\"isPartOf\":{\"@id\":\"https:\/\/www.myallmeeting.com\/de\/#website\"},\"primaryImageOfPage\":{\"@id\":\"https:\/\/www.myallmeeting.com\/de\/article\/eine-traumaussicht-fur-ein-high-end-seminar-im-sofitel-marseille-vieux-port\/#primaryimage\"},\"image\":{\"@id\":\"https:\/\/www.myallmeeting.com\/de\/article\/eine-traumaussicht-fur-ein-high-end-seminar-im-sofitel-marseille-vieux-port\/#primaryimage\"},\"thumbnailUrl\":\"https:\/\/www.myallmeeting.com\/wp-content\/uploads\/2017\/06\/Marseille.png\",\"datePublished\":\"2017-06-09T15:22:49+00:00\",\"dateModified\":\"2024-07-16T16:04:33+00:00\",\"breadcrumb\":{\"@id\":\"https:\/\/www.myallmeeting.com\/de\/article\/eine-traumaussicht-fur-ein-high-end-seminar-im-sofitel-marseille-vieux-port\/#breadcrumb\"},\"inLanguage\":\"de-DE\",\"potentialAction\":[{\"@type\":\"ReadAction\",\"target\":[\"https:\/\/www.myallmeeting.com\/de\/article\/eine-traumaussicht-fur-ein-high-end-seminar-im-sofitel-marseille-vieux-port\/\"]}]},{\"@type\":\"ImageObject\",\"inLanguage\":\"de-DE\",\"@id\":\"https:\/\/www.myallmeeting.com\/de\/article\/eine-traumaussicht-fur-ein-high-end-seminar-im-sofitel-marseille-vieux-port\/#primaryimage\",\"url\":\"https:\/\/www.myallmeeting.com\/wp-content\/uploads\/2017\/06\/Marseille.png\",\"contentUrl\":\"https:\/\/www.myallmeeting.com\/wp-content\/uploads\/2017\/06\/Marseille.png\",\"width\":1920,\"height\":570},{\"@type\":\"BreadcrumbList\",\"@id\":\"https:\/\/www.myallmeeting.com\/de\/article\/eine-traumaussicht-fur-ein-high-end-seminar-im-sofitel-marseille-vieux-port\/#breadcrumb\",\"itemListElement\":[{\"@type\":\"ListItem\",\"position\":1,\"name\":\"Homepage\",\"item\":\"https:\/\/myallmeeting.com\/de\/\"},{\"@type\":\"ListItem\",\"position\":2,\"name\":\"Aktuelles\",\"item\":\"https:\/\/www.myallmeeting.com\/de\/aktuelles\/\"},{\"@type\":\"ListItem\",\"position\":3,\"name\":\"Eine Traumaussicht f\u00fcr ein High-End-Seminar im Sofitel Marseille Vieux-Port\u00a0\"}]},{\"@type\":\"WebSite\",\"@id\":\"https:\/\/www.myallmeeting.com\/de\/#website\",\"url\":\"https:\/\/www.myallmeeting.com\/de\/\",\"name\":\"Accor MyAllMeeting.com\",\"description\":\"Les Meilleurs lieux pour vos Ev\u00e9nements Professionnels\",\"publisher\":{\"@id\":\"https:\/\/www.myallmeeting.com\/de\/#organization\"},\"potentialAction\":[{\"@type\":\"SearchAction\",\"target\":{\"@type\":\"EntryPoint\",\"urlTemplate\":\"https:\/\/www.myallmeeting.com\/de\/?s={search_term_string}\"},\"query-input\":{\"@type\":\"PropertyValueSpecification\",\"valueRequired\":true,\"valueName\":\"search_term_string\"}}],\"inLanguage\":\"de-DE\"},{\"@type\":\"Organization\",\"@id\":\"https:\/\/www.myallmeeting.com\/de\/#organization\",\"name\":\"ACCOR\",\"url\":\"https:\/\/www.myallmeeting.com\/de\/\",\"logo\":{\"@type\":\"ImageObject\",\"inLanguage\":\"de-DE\",\"@id\":\"https:\/\/www.myallmeeting.com\/de\/#\/schema\/logo\/image\/\",\"url\":\"\",\"contentUrl\":\"\",\"caption\":\"ACCOR\"},\"image\":{\"@id\":\"https:\/\/www.myallmeeting.com\/de\/#\/schema\/logo\/image\/\"}}]}<\/script>","yoast_head_json":{"title":"Eine Traumaussicht f\u00fcr ein High-End-Seminar im Sofitel Marseille Vieux-Port\u00a0 - Accor MyAllMeeting.com","robots":{"index":"index","follow":"follow","max-snippet":"max-snippet:-1","max-image-preview":"max-image-preview:large","max-video-preview":"max-video-preview:-1"},"canonical":"https:\/\/www.myallmeeting.com\/de\/wp-json\/wp\/v2\/article\/16037581","og_locale":"de_DE","og_type":"article","og_title":"Eine Traumaussicht f\u00fcr ein High-End-Seminar im Sofitel Marseille Vieux-Port\u00a0 - Accor MyAllMeeting.com","og_url":"https:\/\/www.myallmeeting.com\/de\/article\/eine-traumaussicht-fur-ein-high-end-seminar-im-sofitel-marseille-vieux-port\/","og_site_name":"Accor MyAllMeeting.com","article_modified_time":"2024-07-16T16:04:33+00:00","og_image":[{"width":1920,"height":570,"url":"http:\/\/myallmeeting.com\/wp-content\/uploads\/2017\/06\/Marseille.png","type":"image\/png"}],"twitter_card":"summary_large_image","twitter_misc":{"Est. reading time":"4 minutes"},"schema":{"@context":"https:\/\/schema.org","@graph":[{"@type":"WebPage","@id":"https:\/\/www.myallmeeting.com\/de\/article\/eine-traumaussicht-fur-ein-high-end-seminar-im-sofitel-marseille-vieux-port\/","url":"https:\/\/www.myallmeeting.com\/de\/article\/eine-traumaussicht-fur-ein-high-end-seminar-im-sofitel-marseille-vieux-port\/","name":"Eine Traumaussicht f\u00fcr ein High-End-Seminar im Sofitel Marseille Vieux-Port\u00a0 - Accor MyAllMeeting.com","isPartOf":{"@id":"https:\/\/www.myallmeeting.com\/de\/#website"},"primaryImageOfPage":{"@id":"https:\/\/www.myallmeeting.com\/de\/article\/eine-traumaussicht-fur-ein-high-end-seminar-im-sofitel-marseille-vieux-port\/#primaryimage"},"image":{"@id":"https:\/\/www.myallmeeting.com\/de\/article\/eine-traumaussicht-fur-ein-high-end-seminar-im-sofitel-marseille-vieux-port\/#primaryimage"},"thumbnailUrl":"https:\/\/www.myallmeeting.com\/wp-content\/uploads\/2017\/06\/Marseille.png","datePublished":"2017-06-09T15:22:49+00:00","dateModified":"2024-07-16T16:04:33+00:00","breadcrumb":{"@id":"https:\/\/www.myallmeeting.com\/de\/article\/eine-traumaussicht-fur-ein-high-end-seminar-im-sofitel-marseille-vieux-port\/#breadcrumb"},"inLanguage":"de-DE","potentialAction":[{"@type":"ReadAction","target":["https:\/\/www.myallmeeting.com\/de\/article\/eine-traumaussicht-fur-ein-high-end-seminar-im-sofitel-marseille-vieux-port\/"]}]},{"@type":"ImageObject","inLanguage":"de-DE","@id":"https:\/\/www.myallmeeting.com\/de\/article\/eine-traumaussicht-fur-ein-high-end-seminar-im-sofitel-marseille-vieux-port\/#primaryimage","url":"https:\/\/www.myallmeeting.com\/wp-content\/uploads\/2017\/06\/Marseille.png","contentUrl":"https:\/\/www.myallmeeting.com\/wp-content\/uploads\/2017\/06\/Marseille.png","width":1920,"height":570},{"@type":"BreadcrumbList","@id":"https:\/\/www.myallmeeting.com\/de\/article\/eine-traumaussicht-fur-ein-high-end-seminar-im-sofitel-marseille-vieux-port\/#breadcrumb","itemListElement":[{"@type":"ListItem","position":1,"name":"Homepage","item":"https:\/\/myallmeeting.com\/de\/"},{"@type":"ListItem","position":2,"name":"Aktuelles","item":"https:\/\/www.myallmeeting.com\/de\/aktuelles\/"},{"@type":"ListItem","position":3,"name":"Eine Traumaussicht f\u00fcr ein High-End-Seminar im Sofitel Marseille Vieux-Port\u00a0"}]},{"@type":"WebSite","@id":"https:\/\/www.myallmeeting.com\/de\/#website","url":"https:\/\/www.myallmeeting.com\/de\/","name":"Accor MyAllMeeting.com","description":"Les Meilleurs lieux pour vos Ev\u00e9nements Professionnels","publisher":{"@id":"https:\/\/www.myallmeeting.com\/de\/#organization"},"potentialAction":[{"@type":"SearchAction","target":{"@type":"EntryPoint","urlTemplate":"https:\/\/www.myallmeeting.com\/de\/?s={search_term_string}"},"query-input":{"@type":"PropertyValueSpecification","valueRequired":true,"valueName":"search_term_string"}}],"inLanguage":"de-DE"},{"@type":"Organization","@id":"https:\/\/www.myallmeeting.com\/de\/#organization","name":"ACCOR","url":"https:\/\/www.myallmeeting.com\/de\/","logo":{"@type":"ImageObject","inLanguage":"de-DE","@id":"https:\/\/www.myallmeeting.com\/de\/#\/schema\/logo\/image\/","url":"","contentUrl":"","caption":"ACCOR"},"image":{"@id":"https:\/\/www.myallmeeting.com\/de\/#\/schema\/logo\/image\/"}}]}},"_links":{"self":[{"href":"https:\/\/www.myallmeeting.com\/de\/wp-json\/wp\/v2\/article\/16037581","targetHints":{"allow":["GET"]}}],"collection":[{"href":"https:\/\/www.myallmeeting.com\/de\/wp-json\/wp\/v2\/article"}],"about":[{"href":"https:\/\/www.myallmeeting.com\/de\/wp-json\/wp\/v2\/types\/article"}],"wp:featuredmedia":[{"embeddable":true,"href":"https:\/\/www.myallmeeting.com\/de\/wp-json\/wp\/v2\/media\/16034301"}],"wp:attachment":[{"href":"https:\/\/www.myallmeeting.com\/de\/wp-json\/wp\/v2\/media?parent=16037581"}],"wp:term":[{"taxonomy":"periscope_categorie_tax","embeddable":true,"href":"https:\/\/www.myallmeeting.com\/de\/wp-json\/wp\/v2\/periscope_categorie_tax?post=16037581"}],"curies":[{"name":"wp","href":"https:\/\/api.w.org\/{rel}","templated":true}]}}