{"id":16037567,"date":"2020-02-26T14:06:18","date_gmt":"2020-02-26T13:06:18","guid":{"rendered":"https:\/\/myallmeeting.com\/article\/un-seminaire-face-aux-embruns-au-pays-basque\/"},"modified":"2024-07-16T17:53:01","modified_gmt":"2024-07-16T15:53:01","slug":"ein-seminar-zum-thema-meeresgischt-im-baskenland","status":"publish","type":"article","link":"https:\/\/www.myallmeeting.com\/de\/article\/ein-seminar-zum-thema-meeresgischt-im-baskenland\/","title":{"rendered":"Ein Seminar zum Thema Meeresgischt im Baskenland\u00a0"},"content":{"rendered":"<!-- START OF : Composant : block-periscope-theme-section-composant-25-texte-cta-2-images.php -->\n<div class=\"tcta2ia bg-white fs-wysiwyg mb-lg-12\" data-component=\"25-texte-cta-2-images\">\n\t<div class=\"tcta2ia__top\">\n\t\t<div class=\"container-fluid\" style=\"--bs-gutter-x: 0\">\n\t\t\t<div class=\"row\" style=\"--bs-gutter-x: 0\">\n\t\t\t\t<div class=\"col-lg-8\">\n\t\t\t\t\t\t\t\t\t\t<div class=\"bloc-mise-en-avant__top__left\">\n\t\t\t\t\t\t<img decoding=\"async\" src=\"https:\/\/www.myallmeeting.com\/wp-content\/uploads\/2020\/02\/5541-34-1268x846.jpg\" class=\"pe-2 pe-lg-0\" width=\"1268\" height=\"846\" alt=\"\" loading=\"lazy\" \/>\n\t\t\t\t\t<\/div>\n\t\t\t\t\t\t\t\t\t\t<div class=\"tcta2ia__bottom d-none d-lg-block pb-12 pt-lg-9 pb-lg-0 pe-lg-10\">\n\t\t\t\t\t\t\t\t\t\t\t\t<h2 class=\"fs-20 fs-lg-32 fw-semibold\">Novotel Resort &amp; Spa Biarritz Anglet<\/h2>\n\t\t\t\t\t\t\t\t\t\t\t\t\t\t\t\t\t\t<div class=\"fs-wysiwyg\"><p><span data-contrast=\"none\"><a href=\"https:\/\/myallmeeting.com\/de\/hotel\/0994-novotel-resort-spa-biarritz-anglet\/\">Das 4-Sterne-Hote<\/a>l mit <\/span><b><span data-contrast=\"none\">104 Zimmern<\/span><\/b><span data-contrast=\"none\"> und Restaurant liegt in einem beliebten K\u00fcstenst\u00e4dtchen in der N\u00e4he von Biarritz. <\/span><b><span data-contrast=\"none\">Zwischen Sauna, Fitnessraum, Behandlungskabinen und dem von April bis Oktober beheizten Schwimmbad<\/span><\/b><span data-contrast=\"none\"> werden Sie, wenn Sie nicht gerade vom Atlantik und seinen Surfspots angezogen werden, Ihren Arbeitstag mit Momenten des Wohlbefindens und der Entspannung bereichern!\u00a0<\/span><span data-ccp-props=\"{&quot;134245417&quot;:true,&quot;201341983&quot;:0,&quot;335551550&quot;:6,&quot;335551620&quot;:6,&quot;335557856&quot;:16119028,&quot;335559738&quot;:165,&quot;335559739&quot;:165,&quot;335559740&quot;:240}\">\u00a0<\/span><\/p>\n<p><span data-contrast=\"none\">Mit seinen <\/span><b><span data-contrast=\"none\">sechs Tagungsr\u00e4umen<\/span><\/b><span data-contrast=\"none\">, alle mit Tageslicht durchflutet, und einer <\/span><b><span data-contrast=\"none\">maximalen Fl\u00e4che von 250 m\u00b2 bietet das Hotel Platz f\u00fcr bis zu 230 Personen. <\/span><\/b><span data-contrast=\"none\">Je nach gew\u00e4hlter Konfiguration ist das Hotel der ideale Ort f\u00fcr die Organisation eines gro\u00dfen Seminars.<\/span><span data-ccp-props=\"{&quot;134245417&quot;:true,&quot;201341983&quot;:0,&quot;335551550&quot;:6,&quot;335551620&quot;:6,&quot;335557856&quot;:16119028,&quot;335559738&quot;:165,&quot;335559739&quot;:165,&quot;335559740&quot;:240}\">\u00a0<\/span><\/p>\n<\/div>\n\t\t\t\t\t\t\t\t\t\t\t\t<div class=\"d-flex flex-column flex-lg-row align-items-center gap-5 gap-lg-8 justify-content-between\">\n\t\t\t\t\t\t\t<div class=\"fs-20 fs-lg-26 fw-semibold lh-xs\"><\/div>\n\t\t\t\t\t\t\t\t\t\t\t\t\t<\/div>\n\t\t\t\t\t<\/div>\n\t\t\t\t<\/div>\n\t\t\t\t<div class=\"col-lg-4\">\n\t\t\t\t\t<div class=\"tcta2ia__top__right t-0 r-0 bg-primary text-white pt-4 pb-4 px-2 pt-lg-8 pb-lg-16 px-lg-11 pb-xl-30\">\n\t\t\t\t\t\t\t\t\t\t\t\t\t\t\t\t\t\t<h2 class=\"unna fs-36 fs-lg-51 fs-xl-75 fs-italic fw-normal text-secondary\">Ein Seminar zum Thema Meeresgischt im Baskenland <\/h2>\n\t\t\t\t\t\t\t\t\t\t\t\t\t\t\t\t\t\t<h3 class=\"text-white fs-18 fs-lg-20 fs-xl-28 text-original-case\">Hier finden Sie unsere Auswahl an Hotels, deren Empfang und Service Ihre Organisation erleichtern. <\/h3>\n\t\t\t\t\t\t\t\t\t\t\t\t\t\t\t\t\t\t<div class=\"fs-wysiwyg mb-4 fs-lg-16 fs-xl-20\"><p><span data-contrast=\"none\">Die Atlantikk\u00fcste mit ihren endlosen feinen Sandstr\u00e4nden ist majest\u00e4tisch! Kurz vor Spanien endet sie im <\/span><a href=\"https:\/\/myallmeeting.com\/destination\/cote-basque-terre-de-caractere-seminaire-exigeant\/\"><span data-contrast=\"none\">Baskenland<\/span><\/a><span data-contrast=\"none\">, einer Region mit starkem Charakter, die stolz auf ihre Geschichte und ihre Sch\u00f6nheit ist. <\/span><b><span data-contrast=\"none\">Dank des Flughafens von Biarritz und der Bahnh\u00f6fe von Biarritz und Bayonne leicht zu erreichen<\/span><\/b><span data-contrast=\"none\">, ist es der ideale Ort f\u00fcr <\/span><b><span data-contrast=\"none\">dynamische Seminare<\/span><\/b><span data-contrast=\"none\">, scharf wie der Pfeffer von Espelette!<\/span><span data-ccp-props=\"{&quot;134245417&quot;:true,&quot;134245418&quot;:true,&quot;134245529&quot;:true,&quot;201341983&quot;:0,&quot;335551550&quot;:6,&quot;335551620&quot;:6,&quot;335557856&quot;:16119028,&quot;335559738&quot;:165,&quot;335559739&quot;:165,&quot;335559740&quot;:240}\">\u00a0<\/span><\/p>\n<p>&nbsp;<\/p>\n<\/div>\n\t\t\t\t\t\t\t\t\t\t\t\t\t\t\t\t\t\t\t\t\t\t\t\t<p class=\"m-0\"><img decoding=\"async\" src=\"https:\/\/www.myallmeeting.com\/wp-content\/uploads\/2020\/02\/4158-73-633x398.jpg\" class=\"position-relative l-0\" width=\"633\" height=\"398\" alt=\"\" loading=\"lazy\" \/><\/p>\n\t\t\t\t\t\t\t\t\t\t\t<\/div>\n\t\t\t\t<\/div>\n\t\t\t<\/div>\n\t\t<\/div>\n\t<\/div>\n\t<div class=\"tcta2ia__bottom d-lg-none pb-12 py-lg-9 pe-lg-10\">\n\t\t\t\t<div class=\"h2 fs-20 fs-lg-32 fw-semibold\">Novotel Resort &amp; Spa Biarritz Anglet<\/div>\n\t\t\t\t\t\t<div class=\"fs-wysiwyg\"><p><span data-contrast=\"none\"><a href=\"https:\/\/myallmeeting.com\/de\/hotel\/0994-novotel-resort-spa-biarritz-anglet\/\">Das 4-Sterne-Hote<\/a>l mit <\/span><b><span data-contrast=\"none\">104 Zimmern<\/span><\/b><span data-contrast=\"none\"> und Restaurant liegt in einem beliebten K\u00fcstenst\u00e4dtchen in der N\u00e4he von Biarritz. <\/span><b><span data-contrast=\"none\">Zwischen Sauna, Fitnessraum, Behandlungskabinen und dem von April bis Oktober beheizten Schwimmbad<\/span><\/b><span data-contrast=\"none\"> werden Sie, wenn Sie nicht gerade vom Atlantik und seinen Surfspots angezogen werden, Ihren Arbeitstag mit Momenten des Wohlbefindens und der Entspannung bereichern!\u00a0<\/span><span data-ccp-props=\"{&quot;134245417&quot;:true,&quot;201341983&quot;:0,&quot;335551550&quot;:6,&quot;335551620&quot;:6,&quot;335557856&quot;:16119028,&quot;335559738&quot;:165,&quot;335559739&quot;:165,&quot;335559740&quot;:240}\">\u00a0<\/span><\/p>\n<p><span data-contrast=\"none\">Mit seinen <\/span><b><span data-contrast=\"none\">sechs Tagungsr\u00e4umen<\/span><\/b><span data-contrast=\"none\">, alle mit Tageslicht durchflutet, und einer <\/span><b><span data-contrast=\"none\">maximalen Fl\u00e4che von 250 m\u00b2 bietet das Hotel Platz f\u00fcr bis zu 230 Personen. <\/span><\/b><span data-contrast=\"none\">Je nach gew\u00e4hlter Konfiguration ist das Hotel der ideale Ort f\u00fcr die Organisation eines gro\u00dfen Seminars.<\/span><span data-ccp-props=\"{&quot;134245417&quot;:true,&quot;201341983&quot;:0,&quot;335551550&quot;:6,&quot;335551620&quot;:6,&quot;335557856&quot;:16119028,&quot;335559738&quot;:165,&quot;335559739&quot;:165,&quot;335559740&quot;:240}\">\u00a0<\/span><\/p>\n<\/div>\n\t\t\t\t<div class=\"d-flex flex-column flex-lg-row align-items-center gap-5 gap-lg-8 justify-content-between\">\n\t\t\t<div class=\"fs-20 fs-lg-26 fw-semibold lh-xs\"><\/div>\n\t\t\t\t\t<\/div>\n\t<\/div>\n<\/div>\n<!-- END OF : Composant : block-periscope-theme-section-composant-25-texte-cta-2-images.php -->\n\n\n<!-- START OF : Composant : block-periscope-theme-section-composant-33-texte-image.php -->\n<div class=\"text-image fs-wysiwyg mb-8 mb-lg-12\" data-component=\"33-texte-image\">\n\t<div class=\"container-fluid\" style=\"--bs-gutter-x: 0\">\n\t\t<div class=\"row\" style=\"--bs-gutter-x: 0\">\n\t\t\t\t\t\t<div class=\"col-lg-6 mb-7 mb-lg-0\">\n\t\t\t\t<img decoding=\"async\" src=\"https:\/\/www.myallmeeting.com\/wp-content\/uploads\/2020\/02\/3118-22-953x600.jpg\" width=\"953\" height=\"600\" alt=\"\" loading=\"lazy\" class=\"w-100\" \/>\n\t\t\t<\/div>\n\t\t\t\t\t\t<div class=\"col-lg-6\">\n\t\t\t\t<div class=\"text-image__content\">\n\t\t\t\t\t\t\t\t\t\t<div class=\"fw-semibold lh-xs fs-20 fs-lg-32 ls--25 mb-5\">Ibis Bayonne Centre<\/div>\n\t\t\t\t\t\t\t\t\t\t\t\t\t\t\t<div class=\"fs-wysiwyg\">\n\t\t\t\t\t\t<p><span data-contrast=\"none\">Bayonne ist eine geschichtstr\u00e4chtige Stadt, in der ein Bummel eine Augenweide ist: Bei einem Spaziergang durch die Stra\u00dfen entdecken Sie die von Vauban im 17. Jahrhundert errichtete Stadtmauer, eine Kathedrale aus dem 14. Jahrhundert, die ber\u00fchmten Arenen, den Adour&#8230; Die <\/span><b><span data-contrast=\"none\">87 Zimmer<\/span><\/b><span data-contrast=\"none\"> des <a href=\"https:\/\/myallmeeting.com\/de\/hotel\/1639-ibis-bayonne-centre\/\">Ibis Bayonne Centre<\/a> hei\u00dfen Sie im Herzen der Stadt willkommen.\u00a0<\/span><span data-ccp-props=\"{&quot;134245417&quot;:true,&quot;134245418&quot;:true,&quot;134245529&quot;:true,&quot;201341983&quot;:0,&quot;335551550&quot;:6,&quot;335551620&quot;:6,&quot;335557856&quot;:16119028,&quot;335559738&quot;:165,&quot;335559739&quot;:165,&quot;335559740&quot;:240}\">\u00a0<\/span><\/p>\n<p><span data-contrast=\"none\">Ein g\u00fcnstiger Rahmen f\u00fcr die Organisation eines <\/span><b><span data-contrast=\"none\">Aufenthalts, der auf menschlicher Ebene<\/span><\/b><span data-contrast=\"none\"> zwischen Arbeit und Entdeckung anregt. <\/span><b><span data-contrast=\"none\">Zwei Tagungsr\u00e4ume von jeweils 55 m\u00b2<\/span><\/b><span data-contrast=\"none\"> stehen Ihnen zur Verf\u00fcgung, und Sie k\u00f6nnen mit einem Cocktail in der Hand auf der <\/span><b><span data-contrast=\"none\">begr\u00fcnten Terrasse<\/span><\/b><span data-contrast=\"none\"> oder im Hotelrestaurant neue Energie tanken, bevor Sie in die Stadt aufbrechen.<\/span><span data-ccp-props=\"{&quot;134245417&quot;:true,&quot;201341983&quot;:0,&quot;335551550&quot;:6,&quot;335551620&quot;:6,&quot;335557856&quot;:16119028,&quot;335559738&quot;:165,&quot;335559739&quot;:165,&quot;335559740&quot;:240}\">\u00a0<\/span><\/p>\n\t\t\t\t\t<\/div>\n\t\t\t\t\t\t\t\t\t<\/div>\n\t\t\t<\/div>        \n\t\t<\/div>\n\t<\/div>\n<\/div>\n<!-- END OF : Composant : block-periscope-theme-section-composant-33-texte-image.php -->\n\n\n<!-- START OF : Composant : block-periscope-theme-section-composant-33-texte-image.php -->\n<!-- INVERSE -->\n<div class=\"text-image fs-wysiwyg mb-8 mb-lg-12\" data-component=\"33-texte-image\" data-reverse=\"oui\">\n\t<div class=\"container-fluid\" style=\"--bs-gutter-x: 0\">\n\t\t<div class=\"row\" style=\"--bs-gutter-x: 0\">\n\t\t\t<div class=\"col-lg-6\">\n\t\t\t\t<div class=\"text-image__content\">\n\t\t\t\t\t\t\t\t\t\t<div class=\"fw-semibold lh-xs fs-20 fs-lg-32 ls--25 mb-5\">Sofitel Biarritz Le Miramar Thalassa sea &amp; spa<\/div>\n\t\t\t\t\t\t\t\t\t\t\t\t\t\t\t<div class=\"fs-wysiwyg\">\n\t\t\t\t\t\t<p><span data-contrast=\"none\">Blick auf das Meer, das Stadtzentrum von Biarritz und das Casino in unmittelbarer N\u00e4he, private Terrasse, Panorama-Meerwasser-Au\u00dfenpool, Thalassotherapie-Institut, in der N\u00e4he von San Sebastian und dem Golf von Biarritz Le Phare&#8230; Dieses F\u00fcnf-Sterne-Hotel bietet alles, was Sie f\u00fcr einen unvergesslichen Urlaub an der Atlantikk\u00fcste ben\u00f6tigen &#8211; ob privat oder gesch\u00e4ftlich.\u00a0<\/span><span data-ccp-props=\"{&quot;134245417&quot;:true,&quot;134245418&quot;:true,&quot;134245529&quot;:true,&quot;201341983&quot;:0,&quot;335551550&quot;:6,&quot;335551620&quot;:6,&quot;335557856&quot;:16119028,&quot;335559738&quot;:165,&quot;335559739&quot;:165,&quot;335559740&quot;:240}\">\u00a0<\/span><\/p>\n<p><span data-contrast=\"none\">Das <a href=\"https:\/\/myallmeeting.com\/de\/hotel\/2049-sofitel-biarritz-le-miramar-thalassa-sea-spa\/\">Sofitel Biarritz<\/a> ist der ideale Ausgangspunkt, um die <\/span><b><span data-contrast=\"none\">baskische Atmosph\u00e4re, Geschichte und Kultur zu entdecken und zu genie\u00dfen<\/span><\/b><span data-contrast=\"none\">. Warum nicht im Restaurant des Hotels beginnen? Unsere K\u00f6che freuen sich darauf, Sie mit lokalen Spezialit\u00e4ten zu verw\u00f6hnen.<\/span><span data-ccp-props=\"{&quot;134245417&quot;:true,&quot;201341983&quot;:0,&quot;335551550&quot;:6,&quot;335551620&quot;:6,&quot;335557856&quot;:16119028,&quot;335559738&quot;:165,&quot;335559739&quot;:165,&quot;335559740&quot;:240}\">\u00a0<\/span><\/p>\n\t\t\t\t\t<\/div>\n\t\t\t\t\t\t\t\t\t<\/div>\n\t\t\t<\/div>    \n\t\t\t    \n\t\t\t<div class=\"col-lg-6 order-first order-lg-last mb-7 mb-lg-0\">\n\t\t\t\t<img decoding=\"async\" src=\"https:\/\/www.myallmeeting.com\/wp-content\/uploads\/2020\/02\/1067-39-953x600.jpg\" width=\"953\" height=\"600\" alt=\"\" loading=\"lazy\" class=\"w-100\" \/>\n\t\t\t<\/div>\n\t\t\t\t\t<\/div>\n\t<\/div>\n<\/div>\n<!-- END OF : Composant : block-periscope-theme-section-composant-33-texte-image.php -->\n\n\n<!-- START OF : Composant : block-periscope-theme-section-composant-33-texte-image.php -->\n<div class=\"text-image fs-wysiwyg mb-8 mb-lg-12\" data-component=\"33-texte-image\">\n\t<div class=\"container-fluid\" style=\"--bs-gutter-x: 0\">\n\t\t<div class=\"row\" style=\"--bs-gutter-x: 0\">\n\t\t\t\t\t\t<div class=\"col-lg-6 mb-7 mb-lg-0\">\n\t\t\t\t<img decoding=\"async\" src=\"https:\/\/www.myallmeeting.com\/wp-content\/uploads\/2020\/02\/7194-77-953x600.jpg\" width=\"953\" height=\"600\" alt=\"\" loading=\"lazy\" class=\"w-100\" \/>\n\t\t\t<\/div>\n\t\t\t\t\t\t<div class=\"col-lg-6\">\n\t\t\t\t<div class=\"text-image__content\">\n\t\t\t\t\t\t\t\t\t\t<div class=\"fw-semibold lh-xs fs-20 fs-lg-32 ls--25 mb-5\">Jo &amp; Joe Hossegor<\/div>\n\t\t\t\t\t\t\t\t\t\t\t\t\t\t\t<div class=\"fs-wysiwyg\">\n\t\t\t\t\t\t<p><span data-contrast=\"none\">Seit zwei Jahren bieten die <\/span><span data-contrast=\"none\">Jo &amp; Joe Hotels<\/span><span data-contrast=\"none\"> ein neues Konzept an, das die <\/span><b><span data-contrast=\"none\">Gastfreundschaft revolutioniert<\/span><\/b><span data-contrast=\"none\">. Man f\u00fchlt sich wie zu Hause, und auch hier k\u00f6nnen Seminare im \u201eStart-up-Modus\u201c organisiert werden, ein <\/span><b><span data-contrast=\"none\">spritziger, kreativer Austausch.<\/span><\/b><span data-contrast=\"none\">..\u00a0<\/span><span data-ccp-props=\"{&quot;134245417&quot;:true,&quot;201341983&quot;:0,&quot;335551550&quot;:6,&quot;335551620&quot;:6,&quot;335557856&quot;:16119028,&quot;335559738&quot;:165,&quot;335559739&quot;:165,&quot;335559740&quot;:240}\">\u00a0<\/span><\/p>\n<p><span data-contrast=\"none\">Hier k\u00f6nnen Sie konstruktive Arbeitstreffen oder sogar Sitzungen abhalten. Teambuilding, warum nicht, die K\u00fcche ist da, es kann kollaborativ sein! <\/span><b><span data-contrast=\"none\">30 Minuten n\u00f6rdlich von Bayonne<\/span><\/b><span data-contrast=\"none\"> steht Ihnen im <\/span><a href=\"https:\/\/myallmeeting.com\/de\/hotel\/b0r3-jojoe-hossegor\/\"><span data-contrast=\"none\">Jo &amp; Joe Hossegor<\/span><\/a><span data-contrast=\"none\">, einem riesigen Komplex im baskisch-landestypischen Stil, ein <\/span><b><span data-contrast=\"none\">40 m\u00b2 gro\u00dfer Konferenzraum<\/span><\/b><span data-contrast=\"none\"> zur Verf\u00fcgung. Es liegt nur wenige Schritte vom Strand entfernt und verf\u00fcgt \u00fcber einen <\/span><b><span data-contrast=\"none\">1000 m\u00b2 gro\u00dfen Garten<\/span><\/b><span data-contrast=\"none\">, in dem Sie sich abseits der tosenden Wellen des Atlantiks entspannen k\u00f6nnen.<\/span><span data-ccp-props=\"{&quot;134245417&quot;:true,&quot;201341983&quot;:0,&quot;335551550&quot;:6,&quot;335551620&quot;:6,&quot;335557856&quot;:16119028,&quot;335559738&quot;:165,&quot;335559739&quot;:165,&quot;335559740&quot;:240}\">\u00a0<\/span><\/p>\n<p>&nbsp;<\/p>\n\t\t\t\t\t<\/div>\n\t\t\t\t\t\t\t\t\t<\/div>\n\t\t\t<\/div>        \n\t\t<\/div>\n\t<\/div>\n<\/div>\n<!-- END OF : Composant : block-periscope-theme-section-composant-33-texte-image.php -->\n","protected":false},"excerpt":{"rendered":"","protected":false},"featured_media":16034092,"menu_order":0,"template":"","periscope_categorie_tax":[3514],"class_list":["post-16037567","article","type-article","status-publish","has-post-thumbnail","hentry","periscope_categorie_tax-tous-nos-tops-selections-de"],"acf":[],"yoast_head":"<title>Ein Seminar zum Thema Meeresgischt im Baskenland\u00a0 - Accor MyAllMeeting.com<\/title>\n<meta name=\"robots\" content=\"index, follow, max-snippet:-1, max-image-preview:large, max-video-preview:-1\" \/>\n<link rel=\"canonical\" href=\"https:\/\/www.myallmeeting.com\/de\/wp-json\/wp\/v2\/article\/16037567\" \/>\n<meta property=\"og:locale\" content=\"de_DE\" \/>\n<meta property=\"og:type\" content=\"article\" \/>\n<meta property=\"og:title\" content=\"Ein Seminar zum Thema Meeresgischt im Baskenland\u00a0 - Accor MyAllMeeting.com\" \/>\n<meta property=\"og:url\" content=\"https:\/\/www.myallmeeting.com\/de\/article\/ein-seminar-zum-thema-meeresgischt-im-baskenland\/\" \/>\n<meta property=\"og:site_name\" content=\"Accor MyAllMeeting.com\" \/>\n<meta property=\"article:modified_time\" content=\"2024-07-16T15:53:01+00:00\" \/>\n<meta property=\"og:image\" content=\"http:\/\/myallmeeting.com\/wp-content\/uploads\/2020\/02\/Biarritz.png\" \/>\n\t<meta property=\"og:image:width\" content=\"1920\" \/>\n\t<meta property=\"og:image:height\" content=\"570\" \/>\n\t<meta property=\"og:image:type\" content=\"image\/png\" \/>\n<meta name=\"twitter:card\" content=\"summary_large_image\" \/>\n<meta name=\"twitter:label1\" content=\"Est. reading time\" \/>\n\t<meta name=\"twitter:data1\" content=\"5 minutes\" \/>\n<script type=\"application\/ld+json\" class=\"yoast-schema-graph\">{\"@context\":\"https:\/\/schema.org\",\"@graph\":[{\"@type\":\"WebPage\",\"@id\":\"https:\/\/www.myallmeeting.com\/de\/article\/ein-seminar-zum-thema-meeresgischt-im-baskenland\/\",\"url\":\"https:\/\/www.myallmeeting.com\/de\/article\/ein-seminar-zum-thema-meeresgischt-im-baskenland\/\",\"name\":\"Ein Seminar zum Thema Meeresgischt im Baskenland\u00a0 - Accor MyAllMeeting.com\",\"isPartOf\":{\"@id\":\"https:\/\/www.myallmeeting.com\/de\/#website\"},\"primaryImageOfPage\":{\"@id\":\"https:\/\/www.myallmeeting.com\/de\/article\/ein-seminar-zum-thema-meeresgischt-im-baskenland\/#primaryimage\"},\"image\":{\"@id\":\"https:\/\/www.myallmeeting.com\/de\/article\/ein-seminar-zum-thema-meeresgischt-im-baskenland\/#primaryimage\"},\"thumbnailUrl\":\"https:\/\/www.myallmeeting.com\/wp-content\/uploads\/2020\/02\/Biarritz.png\",\"datePublished\":\"2020-02-26T13:06:18+00:00\",\"dateModified\":\"2024-07-16T15:53:01+00:00\",\"breadcrumb\":{\"@id\":\"https:\/\/www.myallmeeting.com\/de\/article\/ein-seminar-zum-thema-meeresgischt-im-baskenland\/#breadcrumb\"},\"inLanguage\":\"de-DE\",\"potentialAction\":[{\"@type\":\"ReadAction\",\"target\":[\"https:\/\/www.myallmeeting.com\/de\/article\/ein-seminar-zum-thema-meeresgischt-im-baskenland\/\"]}]},{\"@type\":\"ImageObject\",\"inLanguage\":\"de-DE\",\"@id\":\"https:\/\/www.myallmeeting.com\/de\/article\/ein-seminar-zum-thema-meeresgischt-im-baskenland\/#primaryimage\",\"url\":\"https:\/\/www.myallmeeting.com\/wp-content\/uploads\/2020\/02\/Biarritz.png\",\"contentUrl\":\"https:\/\/www.myallmeeting.com\/wp-content\/uploads\/2020\/02\/Biarritz.png\",\"width\":1920,\"height\":570},{\"@type\":\"BreadcrumbList\",\"@id\":\"https:\/\/www.myallmeeting.com\/de\/article\/ein-seminar-zum-thema-meeresgischt-im-baskenland\/#breadcrumb\",\"itemListElement\":[{\"@type\":\"ListItem\",\"position\":1,\"name\":\"Homepage\",\"item\":\"https:\/\/myallmeeting.com\/de\/\"},{\"@type\":\"ListItem\",\"position\":2,\"name\":\"Aktuelles\",\"item\":\"https:\/\/www.myallmeeting.com\/de\/aktuelles\/\"},{\"@type\":\"ListItem\",\"position\":3,\"name\":\"Ein Seminar zum Thema Meeresgischt im Baskenland\u00a0\"}]},{\"@type\":\"WebSite\",\"@id\":\"https:\/\/www.myallmeeting.com\/de\/#website\",\"url\":\"https:\/\/www.myallmeeting.com\/de\/\",\"name\":\"Accor MyAllMeeting.com\",\"description\":\"Les Meilleurs lieux pour vos Ev\u00e9nements Professionnels\",\"publisher\":{\"@id\":\"https:\/\/www.myallmeeting.com\/de\/#organization\"},\"potentialAction\":[{\"@type\":\"SearchAction\",\"target\":{\"@type\":\"EntryPoint\",\"urlTemplate\":\"https:\/\/www.myallmeeting.com\/de\/?s={search_term_string}\"},\"query-input\":{\"@type\":\"PropertyValueSpecification\",\"valueRequired\":true,\"valueName\":\"search_term_string\"}}],\"inLanguage\":\"de-DE\"},{\"@type\":\"Organization\",\"@id\":\"https:\/\/www.myallmeeting.com\/de\/#organization\",\"name\":\"ACCOR\",\"url\":\"https:\/\/www.myallmeeting.com\/de\/\",\"logo\":{\"@type\":\"ImageObject\",\"inLanguage\":\"de-DE\",\"@id\":\"https:\/\/www.myallmeeting.com\/de\/#\/schema\/logo\/image\/\",\"url\":\"\",\"contentUrl\":\"\",\"caption\":\"ACCOR\"},\"image\":{\"@id\":\"https:\/\/www.myallmeeting.com\/de\/#\/schema\/logo\/image\/\"}}]}<\/script>","yoast_head_json":{"title":"Ein Seminar zum Thema Meeresgischt im Baskenland\u00a0 - Accor MyAllMeeting.com","robots":{"index":"index","follow":"follow","max-snippet":"max-snippet:-1","max-image-preview":"max-image-preview:large","max-video-preview":"max-video-preview:-1"},"canonical":"https:\/\/www.myallmeeting.com\/de\/wp-json\/wp\/v2\/article\/16037567","og_locale":"de_DE","og_type":"article","og_title":"Ein Seminar zum Thema Meeresgischt im Baskenland\u00a0 - Accor MyAllMeeting.com","og_url":"https:\/\/www.myallmeeting.com\/de\/article\/ein-seminar-zum-thema-meeresgischt-im-baskenland\/","og_site_name":"Accor MyAllMeeting.com","article_modified_time":"2024-07-16T15:53:01+00:00","og_image":[{"width":1920,"height":570,"url":"http:\/\/myallmeeting.com\/wp-content\/uploads\/2020\/02\/Biarritz.png","type":"image\/png"}],"twitter_card":"summary_large_image","twitter_misc":{"Est. reading time":"5 minutes"},"schema":{"@context":"https:\/\/schema.org","@graph":[{"@type":"WebPage","@id":"https:\/\/www.myallmeeting.com\/de\/article\/ein-seminar-zum-thema-meeresgischt-im-baskenland\/","url":"https:\/\/www.myallmeeting.com\/de\/article\/ein-seminar-zum-thema-meeresgischt-im-baskenland\/","name":"Ein Seminar zum Thema Meeresgischt im Baskenland\u00a0 - Accor MyAllMeeting.com","isPartOf":{"@id":"https:\/\/www.myallmeeting.com\/de\/#website"},"primaryImageOfPage":{"@id":"https:\/\/www.myallmeeting.com\/de\/article\/ein-seminar-zum-thema-meeresgischt-im-baskenland\/#primaryimage"},"image":{"@id":"https:\/\/www.myallmeeting.com\/de\/article\/ein-seminar-zum-thema-meeresgischt-im-baskenland\/#primaryimage"},"thumbnailUrl":"https:\/\/www.myallmeeting.com\/wp-content\/uploads\/2020\/02\/Biarritz.png","datePublished":"2020-02-26T13:06:18+00:00","dateModified":"2024-07-16T15:53:01+00:00","breadcrumb":{"@id":"https:\/\/www.myallmeeting.com\/de\/article\/ein-seminar-zum-thema-meeresgischt-im-baskenland\/#breadcrumb"},"inLanguage":"de-DE","potentialAction":[{"@type":"ReadAction","target":["https:\/\/www.myallmeeting.com\/de\/article\/ein-seminar-zum-thema-meeresgischt-im-baskenland\/"]}]},{"@type":"ImageObject","inLanguage":"de-DE","@id":"https:\/\/www.myallmeeting.com\/de\/article\/ein-seminar-zum-thema-meeresgischt-im-baskenland\/#primaryimage","url":"https:\/\/www.myallmeeting.com\/wp-content\/uploads\/2020\/02\/Biarritz.png","contentUrl":"https:\/\/www.myallmeeting.com\/wp-content\/uploads\/2020\/02\/Biarritz.png","width":1920,"height":570},{"@type":"BreadcrumbList","@id":"https:\/\/www.myallmeeting.com\/de\/article\/ein-seminar-zum-thema-meeresgischt-im-baskenland\/#breadcrumb","itemListElement":[{"@type":"ListItem","position":1,"name":"Homepage","item":"https:\/\/myallmeeting.com\/de\/"},{"@type":"ListItem","position":2,"name":"Aktuelles","item":"https:\/\/www.myallmeeting.com\/de\/aktuelles\/"},{"@type":"ListItem","position":3,"name":"Ein Seminar zum Thema Meeresgischt im Baskenland\u00a0"}]},{"@type":"WebSite","@id":"https:\/\/www.myallmeeting.com\/de\/#website","url":"https:\/\/www.myallmeeting.com\/de\/","name":"Accor MyAllMeeting.com","description":"Les Meilleurs lieux pour vos Ev\u00e9nements Professionnels","publisher":{"@id":"https:\/\/www.myallmeeting.com\/de\/#organization"},"potentialAction":[{"@type":"SearchAction","target":{"@type":"EntryPoint","urlTemplate":"https:\/\/www.myallmeeting.com\/de\/?s={search_term_string}"},"query-input":{"@type":"PropertyValueSpecification","valueRequired":true,"valueName":"search_term_string"}}],"inLanguage":"de-DE"},{"@type":"Organization","@id":"https:\/\/www.myallmeeting.com\/de\/#organization","name":"ACCOR","url":"https:\/\/www.myallmeeting.com\/de\/","logo":{"@type":"ImageObject","inLanguage":"de-DE","@id":"https:\/\/www.myallmeeting.com\/de\/#\/schema\/logo\/image\/","url":"","contentUrl":"","caption":"ACCOR"},"image":{"@id":"https:\/\/www.myallmeeting.com\/de\/#\/schema\/logo\/image\/"}}]}},"_links":{"self":[{"href":"https:\/\/www.myallmeeting.com\/de\/wp-json\/wp\/v2\/article\/16037567","targetHints":{"allow":["GET"]}}],"collection":[{"href":"https:\/\/www.myallmeeting.com\/de\/wp-json\/wp\/v2\/article"}],"about":[{"href":"https:\/\/www.myallmeeting.com\/de\/wp-json\/wp\/v2\/types\/article"}],"wp:featuredmedia":[{"embeddable":true,"href":"https:\/\/www.myallmeeting.com\/de\/wp-json\/wp\/v2\/media\/16034092"}],"wp:attachment":[{"href":"https:\/\/www.myallmeeting.com\/de\/wp-json\/wp\/v2\/media?parent=16037567"}],"wp:term":[{"taxonomy":"periscope_categorie_tax","embeddable":true,"href":"https:\/\/www.myallmeeting.com\/de\/wp-json\/wp\/v2\/periscope_categorie_tax?post=16037567"}],"curies":[{"name":"wp","href":"https:\/\/api.w.org\/{rel}","templated":true}]}}