{"id":16037563,"date":"2023-02-08T16:31:52","date_gmt":"2023-02-08T15:31:52","guid":{"rendered":"https:\/\/myallmeeting.com\/article\/un-seminaire-en-montagne-visitez-le-top-8-de-nos-adresses-accor\/"},"modified":"2024-07-16T17:47:24","modified_gmt":"2024-07-16T15:47:24","slug":"ein-seminar-in-den-bergen-besuchen-sie-die-top-8-unserer-accor-adressen","status":"publish","type":"article","link":"https:\/\/www.myallmeeting.com\/de\/article\/ein-seminar-in-den-bergen-besuchen-sie-die-top-8-unserer-accor-adressen\/","title":{"rendered":"Ein Seminar in den Bergen: Besuchen Sie die Top 8 unserer Accor-Adressen\u00a0"},"content":{"rendered":"<!-- START OF : Composant : block-periscope-theme-section-composant-25-texte-cta-2-images.php -->\n<div class=\"tcta2ia bg-white fs-wysiwyg mb-lg-12\" data-component=\"25-texte-cta-2-images\">\n\t<div class=\"tcta2ia__top\">\n\t\t<div class=\"container-fluid\" style=\"--bs-gutter-x: 0\">\n\t\t\t<div class=\"row\" style=\"--bs-gutter-x: 0\">\n\t\t\t\t<div class=\"col-lg-8\">\n\t\t\t\t\t\t\t\t\t\t<div class=\"bloc-mise-en-avant__top__left\">\n\t\t\t\t\t\t<img decoding=\"async\" src=\"https:\/\/www.myallmeeting.com\/wp-content\/uploads\/2023\/02\/4429-04-1268x846.jpg\" class=\"pe-2 pe-lg-0\" width=\"1268\" height=\"846\" alt=\"\" loading=\"lazy\" \/>\n\t\t\t\t\t<\/div>\n\t\t\t\t\t\t\t\t\t\t<div class=\"tcta2ia__bottom d-none d-lg-block pb-12 pt-lg-9 pb-lg-0 pe-lg-10\">\n\t\t\t\t\t\t\t\t\t\t\t\t<h2 class=\"fs-20 fs-lg-32 fw-semibold\">Tarcin Forest Resort and Spa Sarajevo \u2013 MGallery<\/h2>\n\t\t\t\t\t\t\t\t\t\t\t\t\t\t\t\t\t\t<div class=\"fs-wysiwyg\"><p><i><span data-contrast=\"none\">In der N\u00e4he der Olympischen Berge von Sarajevo<\/span><\/i><span data-ccp-props=\"{&quot;134245417&quot;:true,&quot;134245418&quot;:true,&quot;134245529&quot;:true,&quot;201341983&quot;:0,&quot;335551550&quot;:6,&quot;335551620&quot;:6,&quot;335557856&quot;:16119028,&quot;335559738&quot;:165,&quot;335559739&quot;:165,&quot;335559740&quot;:240}\">\u00a0<\/span><\/p>\n<p><span data-contrast=\"none\">Berge, Seen und Fl\u00fcsse bilden die Kulisse des <\/span><b><span data-contrast=\"none\"><a href=\"https:\/\/myallmeeting.com\/de\/hotel\/b0l6-tarcin-forest-resort-and-spa-sarajevo-mgallery\/\">MGallery Tarcin Forest Resort and Spa<\/a>!<\/span><\/b><span data-contrast=\"none\"> Dieses 5-Sterne-Hotel liegt in den Bergen des <\/span><b><span data-contrast=\"none\">Tarcin-Tals<\/span><\/b><span data-contrast=\"none\">, wo 1984 die Olympischen Winterspiele stattfanden, nur 25 km von <\/span><b><span data-contrast=\"none\">Sarajevo<\/span><\/b><span data-contrast=\"none\"> (und seinem internationalen Flughafen), der Hauptstadt von <\/span><b><span data-contrast=\"none\">Bosnien und Herzegowina<\/span><\/b><span data-contrast=\"none\">, entfernt. Diese kosmopolitische Stadt mit ihrer bewegten Geschichte ist auf jeden Fall einen Besuch wert!<\/span><span data-ccp-props=\"{&quot;134245417&quot;:true,&quot;201341983&quot;:0,&quot;335551550&quot;:6,&quot;335551620&quot;:6,&quot;335557856&quot;:16119028,&quot;335559738&quot;:165,&quot;335559739&quot;:165,&quot;335559740&quot;:240}\">\u00a0<\/span><\/p>\n<p><span data-contrast=\"none\">Bevor Sie das <\/span><b><span data-contrast=\"none\">Schwimmbad &#8211; mit Blick auf die Berge!<\/span><\/b><span data-contrast=\"none\"> &#8211; oder das <\/span><b><span data-contrast=\"none\">Fitnesscenter<\/span><\/b><span data-contrast=\"none\"> und den <\/span><b><span data-contrast=\"none\">Wellnessbereich<\/span><\/b><span data-contrast=\"none\"> des Hotels nutzen, stehen Ihnen <\/span><b><span data-contrast=\"none\">2 Tagungsr\u00e4ume<\/span><\/b><span data-contrast=\"none\">, einer davon f\u00fcr 120 Personen, zur Verf\u00fcgung. Sie befinden sich neben der Terrasse und bieten frische Luft und eine entspannende Aussicht, auch mitten in der Arbeitssitzung!<\/span><span data-ccp-props=\"{&quot;134245417&quot;:true,&quot;201341983&quot;:0,&quot;335551550&quot;:6,&quot;335551620&quot;:6,&quot;335557856&quot;:16119028,&quot;335559738&quot;:165,&quot;335559739&quot;:165,&quot;335559740&quot;:240}\">\u00a0<\/span><\/p>\n<\/div>\n\t\t\t\t\t\t\t\t\t\t\t\t<div class=\"d-flex flex-column flex-lg-row align-items-center gap-5 gap-lg-8 justify-content-between\">\n\t\t\t\t\t\t\t<div class=\"fs-20 fs-lg-26 fw-semibold lh-xs\"><\/div>\n\t\t\t\t\t\t\t\t\t\t\t\t\t<\/div>\n\t\t\t\t\t<\/div>\n\t\t\t\t<\/div>\n\t\t\t\t<div class=\"col-lg-4\">\n\t\t\t\t\t<div class=\"tcta2ia__top__right t-0 r-0 bg-primary text-white pt-4 pb-4 px-2 pt-lg-8 pb-lg-16 px-lg-11 pb-xl-30\">\n\t\t\t\t\t\t\t\t\t\t\t\t\t\t\t\t\t\t<h2 class=\"unna fs-36 fs-lg-51 fs-xl-75 fs-italic fw-normal text-secondary\">Ein Seminar in den Bergen: Besuchen Sie die Top 8 unserer Accor-Adressen <\/h2>\n\t\t\t\t\t\t\t\t\t\t\t\t\t\t\t\t\t\t<h3 class=\"text-white fs-18 fs-lg-20 fs-xl-28 text-original-case\">Die Pyren\u00e4en, die Bayerischen Alpen, das polnische Riesengebirge, die Vulkane der Auvergne&#8230; Europa hat viel zu bieten!<\/h3>\n\t\t\t\t\t\t\t\t\t\t\t\t\t\t\t\t\t\t<div class=\"fs-wysiwyg mb-4 fs-lg-16 fs-xl-20\"><p><em><span data-contrast=\"none\" xml:lang=\"DE-DE\" lang=\"DE-DE\" class=\"TextRun SCXW203073012 BCX0\"><span class=\"NormalTextRun SCXW203073012 BCX0\" data-ccp-parastyle=\"Heading 4\" data-ccp-parastyle-linked-defn=\"{&quot;ObjectId&quot;:&quot;b052f9f8-dec4-4483-af0f-c99a997a9074|11&quot;,&quot;ClassId&quot;:1073872969,&quot;Properties&quot;:[469777841,&quot;Calibri Light&quot;,469777842,&quot;&quot;,469777843,&quot;&quot;,469777844,&quot;Calibri Light&quot;,469769226,&quot;Calibri Light&quot;,268442635,&quot;22&quot;,469775450,&quot;Titre 4 Car&quot;,201340122,&quot;1&quot;,134234082,&quot;true&quot;,134233614,&quot;true&quot;,469778129,&quot;Titre4Car&quot;,335572020,&quot;9&quot;,134234072,&quot;true&quot;,134231262,&quot;true&quot;,134224901,&quot;true&quot;,201342446,&quot;0&quot;,201342447,&quot;4&quot;,201342448,&quot;2&quot;,201342449,&quot;0&quot;,201341986,&quot;0&quot;,335551500,&quot;9851951&quot;,469778324,&quot;Default Paragraph Font&quot;]}\"> G\u00f6nnen Sie Ihren Tagungen und Veranstaltungen eine Verschnaufpause und genie\u00dfen Sie die atemberaubenden Landschaften dieser 8 Bergdestinationen.<\/span><\/span><\/em><\/p>\n<\/div>\n\t\t\t\t\t\t\t\t\t\t\t\t\t\t\t\t\t\t\t\t\t\t\t\t<p class=\"m-0\"><img decoding=\"async\" src=\"https:\/\/www.myallmeeting.com\/wp-content\/uploads\/2023\/02\/4639-27-633x398.jpg\" class=\"position-relative l-0\" width=\"633\" height=\"398\" alt=\"\" loading=\"lazy\" \/><\/p>\n\t\t\t\t\t\t\t\t\t\t\t<\/div>\n\t\t\t\t<\/div>\n\t\t\t<\/div>\n\t\t<\/div>\n\t<\/div>\n\t<div class=\"tcta2ia__bottom d-lg-none pb-12 py-lg-9 pe-lg-10\">\n\t\t\t\t<div class=\"h2 fs-20 fs-lg-32 fw-semibold\">Tarcin Forest Resort and Spa Sarajevo \u2013 MGallery<\/div>\n\t\t\t\t\t\t<div class=\"fs-wysiwyg\"><p><i><span data-contrast=\"none\">In der N\u00e4he der Olympischen Berge von Sarajevo<\/span><\/i><span data-ccp-props=\"{&quot;134245417&quot;:true,&quot;134245418&quot;:true,&quot;134245529&quot;:true,&quot;201341983&quot;:0,&quot;335551550&quot;:6,&quot;335551620&quot;:6,&quot;335557856&quot;:16119028,&quot;335559738&quot;:165,&quot;335559739&quot;:165,&quot;335559740&quot;:240}\">\u00a0<\/span><\/p>\n<p><span data-contrast=\"none\">Berge, Seen und Fl\u00fcsse bilden die Kulisse des <\/span><b><span data-contrast=\"none\"><a href=\"https:\/\/myallmeeting.com\/de\/hotel\/b0l6-tarcin-forest-resort-and-spa-sarajevo-mgallery\/\">MGallery Tarcin Forest Resort and Spa<\/a>!<\/span><\/b><span data-contrast=\"none\"> Dieses 5-Sterne-Hotel liegt in den Bergen des <\/span><b><span data-contrast=\"none\">Tarcin-Tals<\/span><\/b><span data-contrast=\"none\">, wo 1984 die Olympischen Winterspiele stattfanden, nur 25 km von <\/span><b><span data-contrast=\"none\">Sarajevo<\/span><\/b><span data-contrast=\"none\"> (und seinem internationalen Flughafen), der Hauptstadt von <\/span><b><span data-contrast=\"none\">Bosnien und Herzegowina<\/span><\/b><span data-contrast=\"none\">, entfernt. Diese kosmopolitische Stadt mit ihrer bewegten Geschichte ist auf jeden Fall einen Besuch wert!<\/span><span data-ccp-props=\"{&quot;134245417&quot;:true,&quot;201341983&quot;:0,&quot;335551550&quot;:6,&quot;335551620&quot;:6,&quot;335557856&quot;:16119028,&quot;335559738&quot;:165,&quot;335559739&quot;:165,&quot;335559740&quot;:240}\">\u00a0<\/span><\/p>\n<p><span data-contrast=\"none\">Bevor Sie das <\/span><b><span data-contrast=\"none\">Schwimmbad &#8211; mit Blick auf die Berge!<\/span><\/b><span data-contrast=\"none\"> &#8211; oder das <\/span><b><span data-contrast=\"none\">Fitnesscenter<\/span><\/b><span data-contrast=\"none\"> und den <\/span><b><span data-contrast=\"none\">Wellnessbereich<\/span><\/b><span data-contrast=\"none\"> des Hotels nutzen, stehen Ihnen <\/span><b><span data-contrast=\"none\">2 Tagungsr\u00e4ume<\/span><\/b><span data-contrast=\"none\">, einer davon f\u00fcr 120 Personen, zur Verf\u00fcgung. Sie befinden sich neben der Terrasse und bieten frische Luft und eine entspannende Aussicht, auch mitten in der Arbeitssitzung!<\/span><span data-ccp-props=\"{&quot;134245417&quot;:true,&quot;201341983&quot;:0,&quot;335551550&quot;:6,&quot;335551620&quot;:6,&quot;335557856&quot;:16119028,&quot;335559738&quot;:165,&quot;335559739&quot;:165,&quot;335559740&quot;:240}\">\u00a0<\/span><\/p>\n<\/div>\n\t\t\t\t<div class=\"d-flex flex-column flex-lg-row align-items-center gap-5 gap-lg-8 justify-content-between\">\n\t\t\t<div class=\"fs-20 fs-lg-26 fw-semibold lh-xs\"><\/div>\n\t\t\t\t\t<\/div>\n\t<\/div>\n<\/div>\n<!-- END OF : Composant : block-periscope-theme-section-composant-25-texte-cta-2-images.php -->\n\n\n<!-- START OF : Composant : block-periscope-theme-section-composant-33-texte-image.php -->\n<div class=\"text-image fs-wysiwyg mb-8 mb-lg-12\" data-component=\"33-texte-image\">\n\t<div class=\"container-fluid\" style=\"--bs-gutter-x: 0\">\n\t\t<div class=\"row\" style=\"--bs-gutter-x: 0\">\n\t\t\t\t\t\t<div class=\"col-lg-6 mb-7 mb-lg-0\">\n\t\t\t\t<img decoding=\"async\" src=\"https:\/\/www.myallmeeting.com\/wp-content\/uploads\/2023\/02\/6870-19-953x600.jpg\" width=\"953\" height=\"600\" alt=\"\" loading=\"lazy\" class=\"w-100\" \/>\n\t\t\t<\/div>\n\t\t\t\t\t\t<div class=\"col-lg-6\">\n\t\t\t\t<div class=\"text-image__content\">\n\t\t\t\t\t\t\t\t\t\t<div class=\"fw-semibold lh-xs fs-20 fs-lg-32 ls--25 mb-5\">Fairmont Le Montreux Palace<\/div>\n\t\t\t\t\t\t\t\t\t\t\t\t\t\t\t<div class=\"fs-wysiwyg\">\n\t\t\t\t\t\t<p><span data-contrast=\"none\">Luxus, Ruhe\u2026 und Jazz in Montreux!<\/span><span data-ccp-props=\"{&quot;134245417&quot;:true,&quot;134245418&quot;:true,&quot;134245529&quot;:true,&quot;201341983&quot;:0,&quot;335551550&quot;:6,&quot;335551620&quot;:6,&quot;335557856&quot;:16119028,&quot;335559738&quot;:165,&quot;335559739&quot;:165,&quot;335559740&quot;:240}\">\u00a0<\/span><\/p>\n<p><span data-contrast=\"none\">Der <\/span><b><span data-contrast=\"none\">Genfersee auf der Schweizer Seite<\/span><\/b><span data-contrast=\"none\"> erstreckt sich bis zu den F\u00fc\u00dfen des <\/span><a href=\"https:\/\/myallmeeting.com\/de\/hotel\/a5a4-fairmont-le-montreux-palace\/\"><b><span data-contrast=\"none\">Fairmont Le Montreux Palace<\/span><\/b><\/a><span data-contrast=\"none\">, einem pr\u00e4chtigen 5-Sterne-Hotel, dessen <\/span><b><span data-contrast=\"none\">Belle-Epoque-Fassade<\/span><\/b><span data-contrast=\"none\"> Sie in die vornehme Atmosph\u00e4re der Jahrhundertwende eintauchen l\u00e4sst.<\/span><span data-ccp-props=\"{&quot;134245417&quot;:true,&quot;134245418&quot;:true,&quot;134245529&quot;:true,&quot;201341983&quot;:0,&quot;335551550&quot;:6,&quot;335551620&quot;:6,&quot;335557856&quot;:16119028,&quot;335559738&quot;:165,&quot;335559739&quot;:165,&quot;335559740&quot;:240}\">\u00a0<\/span><\/p>\n<p><span data-contrast=\"none\">Das Hotel liegt etwa 100 km vom internationalen Flughafen Genf entfernt und bietet alles, was Sie f\u00fcr einen au\u00dfergew\u00f6hnlichen Kongress brauchen: <\/span><b><span data-contrast=\"none\">20 Tagungsr\u00e4ume<\/span><\/b><span data-contrast=\"none\"> mit einer Gesamtfl\u00e4che von <\/span><b><span data-contrast=\"none\">3800 m\u00b2, 2 Schwimmb\u00e4der, ein Fitnesscenter mit Spa<\/span><\/b><span data-contrast=\"none\">, alles mit atemberaubendem Blick auf die Berge und den See.<\/span><span data-ccp-props=\"{&quot;134245417&quot;:true,&quot;201341983&quot;:0,&quot;335551550&quot;:6,&quot;335551620&quot;:6,&quot;335557856&quot;:16119028,&quot;335559738&quot;:165,&quot;335559739&quot;:165,&quot;335559740&quot;:240}\">\u00a0<\/span><\/p>\n<p><span data-contrast=\"none\">Zwischen Skifahren im Winter und Strand im Sommer bietet die Umgebung zahlreiche M\u00f6glichkeiten f\u00fcr Ausfl\u00fcge in die Natur, aber nicht nur! Alte Schl\u00f6sser in der Umgebung k\u00f6nnen besichtigt werden und seit 1967 findet jeden Sommer ein <\/span><b><span data-contrast=\"none\">Jazzfestival<\/span><\/b><span data-contrast=\"none\"> in der Stadt statt.<\/span><span data-ccp-props=\"{&quot;134245417&quot;:true,&quot;201341983&quot;:0,&quot;335551550&quot;:6,&quot;335551620&quot;:6,&quot;335557856&quot;:16119028,&quot;335559738&quot;:165,&quot;335559739&quot;:165,&quot;335559740&quot;:240}\">\u00a0<\/span><\/p>\n\t\t\t\t\t<\/div>\n\t\t\t\t\t\t\t\t\t<\/div>\n\t\t\t<\/div>        \n\t\t<\/div>\n\t<\/div>\n<\/div>\n<!-- END OF : Composant : block-periscope-theme-section-composant-33-texte-image.php -->\n\n\n<!-- START OF : Composant : block-periscope-theme-section-composant-33-texte-image.php -->\n<!-- INVERSE -->\n<div class=\"text-image fs-wysiwyg mb-8 mb-lg-12\" data-component=\"33-texte-image\" data-reverse=\"oui\">\n\t<div class=\"container-fluid\" style=\"--bs-gutter-x: 0\">\n\t\t<div class=\"row\" style=\"--bs-gutter-x: 0\">\n\t\t\t<div class=\"col-lg-6\">\n\t\t\t\t<div class=\"text-image__content\">\n\t\t\t\t\t\t\t\t\t\t<div class=\"fw-semibold lh-xs fs-20 fs-lg-32 ls--25 mb-5\">Mercure Saint-Nectaire \u2013 Spa &amp; Bien-\u00catre<\/div>\n\t\t\t\t\t\t\t\t\t\t\t\t\t\t\t<div class=\"fs-wysiwyg\">\n\t\t\t\t\t\t<p><span data-contrast=\"none\">Inmitten der Vulkane der Auvergne<\/span><span data-ccp-props=\"{&quot;134245417&quot;:true,&quot;134245418&quot;:true,&quot;134245529&quot;:true,&quot;201341983&quot;:0,&quot;335551550&quot;:6,&quot;335551620&quot;:6,&quot;335557856&quot;:16119028,&quot;335559738&quot;:165,&quot;335559739&quot;:165,&quot;335559740&quot;:240}\">\u00a0<\/span><\/p>\n<p><span data-contrast=\"none\">Ber\u00fchmt f\u00fcr seinen <\/span><b><span data-contrast=\"none\">K\u00e4se, ist Saint-Nectaire<\/span><\/b><span data-contrast=\"none\"> ein charmantes kleines <\/span><b><span data-contrast=\"none\">Dorf in der Auvergne<\/span><\/b><span data-contrast=\"none\">, in der <\/span><b><span data-contrast=\"none\">Mitte von Frankreich,<\/span><\/b><span data-contrast=\"none\"> einschlie\u00dflich der Kirche aus dem 12. Jahrhundert ist ein Juwel der <\/span><b><span data-contrast=\"none\">romanischen Kunst<\/span><\/b><span data-contrast=\"none\">. Das 4-Sterne-Hotel <\/span><a href=\"https:\/\/myallmeeting.com\/de\/hotel\/1814-hotel-mercure-saint-nectaire-spa-bien-etre\/\"><b><span data-contrast=\"none\">Mercure Saint-Nectaire<\/span><\/b><\/a><span data-contrast=\"none\"> mit seinem pr\u00e4chtigen Geb\u00e4ude aus dem Ende des 19. Jahrhunderts und seinem bewaldeten Park ist Teil dieses bewahrten Erbes in der herrlichen Umgebung des <\/span><b><span data-contrast=\"none\">Sancy-Massivs<\/span><\/b><span data-contrast=\"none\">.<\/span><span data-ccp-props=\"{&quot;134245417&quot;:true,&quot;201341983&quot;:0,&quot;335551550&quot;:6,&quot;335551620&quot;:6,&quot;335557856&quot;:16119028,&quot;335559738&quot;:165,&quot;335559739&quot;:165,&quot;335559740&quot;:240}\">\u00a0<\/span><\/p>\n<p><span data-contrast=\"none\">Nur 40 km von <\/span><b><span data-contrast=\"none\">Clermont-Ferrand<\/span><\/b><span data-contrast=\"none\"> (Bahnhof und internationaler Flughafen) entfernt, tut das Hotel alles, damit Ihr Seminar zu einem erholsamen Aufenthalt wird: <\/span><b><span data-contrast=\"none\">5 Tagungsr\u00e4ume,<\/span><\/b><span data-contrast=\"none\"> davon einer f\u00fcr <\/span><b><span data-contrast=\"none\">bis zu 50 Personen<\/span><\/b><span data-contrast=\"none\">, sowie 2 Schwimmb\u00e4der (innen und au\u00dfen), ein <\/span><b><span data-contrast=\"none\">Spa mit Hammam und Whirlpool, eine Sauna<\/span><\/b><span data-contrast=\"none\">&#8230; stehen Ihnen zur Verf\u00fcgung.<\/span><span data-ccp-props=\"{&quot;134245417&quot;:true,&quot;201341983&quot;:0,&quot;335551550&quot;:6,&quot;335551620&quot;:6,&quot;335557856&quot;:16119028,&quot;335559738&quot;:165,&quot;335559739&quot;:165,&quot;335559740&quot;:240}\">\u00a0<\/span><\/p>\n<p><span data-contrast=\"none\">Wenn Sie doch mal raus wollen: Die <\/span><b><span data-contrast=\"none\">Vulkankette der Auvergne<\/span><\/b><span data-contrast=\"none\"> erwartet Sie!<\/span><span data-ccp-props=\"{&quot;134245417&quot;:true,&quot;201341983&quot;:0,&quot;335551550&quot;:6,&quot;335551620&quot;:6,&quot;335557856&quot;:16119028,&quot;335559738&quot;:165,&quot;335559739&quot;:165,&quot;335559740&quot;:240}\">\u00a0<\/span><\/p>\n\t\t\t\t\t<\/div>\n\t\t\t\t\t\t\t\t\t<\/div>\n\t\t\t<\/div>    \n\t\t\t    \n\t\t\t<div class=\"col-lg-6 order-first order-lg-last mb-7 mb-lg-0\">\n\t\t\t\t<img decoding=\"async\" src=\"https:\/\/www.myallmeeting.com\/wp-content\/uploads\/2023\/02\/3446-30-953x600.jpg\" width=\"953\" height=\"600\" alt=\"\" loading=\"lazy\" class=\"w-100\" \/>\n\t\t\t<\/div>\n\t\t\t\t\t<\/div>\n\t<\/div>\n<\/div>\n<!-- END OF : Composant : block-periscope-theme-section-composant-33-texte-image.php -->\n\n\n<!-- START OF : Composant : block-periscope-theme-section-composant-33-texte-image.php -->\n<div class=\"text-image fs-wysiwyg mb-8 mb-lg-12\" data-component=\"33-texte-image\">\n\t<div class=\"container-fluid\" style=\"--bs-gutter-x: 0\">\n\t\t<div class=\"row\" style=\"--bs-gutter-x: 0\">\n\t\t\t\t\t\t<div class=\"col-lg-6 mb-7 mb-lg-0\">\n\t\t\t\t<img decoding=\"async\" src=\"https:\/\/www.myallmeeting.com\/wp-content\/uploads\/2023\/02\/6488-50-953x600.jpg\" width=\"953\" height=\"600\" alt=\"\" loading=\"lazy\" class=\"w-100\" \/>\n\t\t\t<\/div>\n\t\t\t\t\t\t<div class=\"col-lg-6\">\n\t\t\t\t<div class=\"text-image__content\">\n\t\t\t\t\t\t\t\t\t\t<div class=\"fw-semibold lh-xs fs-20 fs-lg-32 ls--25 mb-5\">Le Saint Gervais Hotel &amp; Spa &#8211; Handwritten Collection<\/div>\n\t\t\t\t\t\t\t\t\t\t\t\t\t\t\t<div class=\"fs-wysiwyg\">\n\t\t\t\t\t\t<p><span data-contrast=\"none\">Genie\u00dfen Sie die frische Luft am Fu\u00dfe des Mont Blanc<\/span><span data-ccp-props=\"{&quot;134245417&quot;:true,&quot;134245418&quot;:true,&quot;134245529&quot;:true,&quot;201341983&quot;:0,&quot;335551550&quot;:6,&quot;335551620&quot;:6,&quot;335557856&quot;:16119028,&quot;335559738&quot;:165,&quot;335559739&quot;:165,&quot;335559740&quot;:240}\">\u00a0<\/span><\/p>\n<p><span data-contrast=\"auto\">Was gibt es Besseres als die Luft der Savoyen, um neue Energie zu tanken? In einem der sch\u00f6nsten D\u00f6rfer der Haute-Savoie, <\/span><b><span data-contrast=\"auto\">zwischen Bergen und Thermalb\u00e4dern, finden Sie eine typische, freundliche und warme Atmosph\u00e4re.\u00a0<\/span><\/b><span data-ccp-props=\"{&quot;134245417&quot;:true,&quot;201341983&quot;:0,&quot;335551550&quot;:1,&quot;335551620&quot;:1,&quot;335559738&quot;:0,&quot;335559739&quot;:160,&quot;335559740&quot;:259}\">\u00a0<\/span><\/p>\n<p><span data-contrast=\"auto\">Lieben Sie die Berge? In der Umgebung gibt es zahlreiche Wanderwege. Sie lieben gutes Essen? Die <\/span><b><span data-contrast=\"auto\">Bar Le Marie Paradis <\/span><\/b><span data-contrast=\"auto\">und das <\/span><b><span data-contrast=\"auto\">Restaurant Avanti<\/span><\/b><span data-contrast=\"auto\"> verw\u00f6hnen Ihren Gaumen. Sie m\u00f6chten Ihr Wohlbefinden steigern? Die Aktivit\u00e4ten im Wellnessbereich verbessern Ihre Stimmung und Ihre Gesundheit.<\/span><span data-ccp-props=\"{&quot;134245417&quot;:true,&quot;201341983&quot;:0,&quot;335551550&quot;:1,&quot;335551620&quot;:1,&quot;335559738&quot;:0,&quot;335559739&quot;:160,&quot;335559740&quot;:259}\">\u00a0<\/span><\/p>\n<p><span data-contrast=\"auto\"><a href=\"https:\/\/myallmeeting.com\/de\/hotel\/b9f3-le-saint-gervais-hotel-spa\/\">Das Hotel<\/a> bietet <\/span><b><span data-contrast=\"auto\">75 Zimmer und Suiten mit Balkon und Blick auf die Berge<\/span><\/b><span data-contrast=\"auto\">. F\u00fcr Ihre gesch\u00e4ftlichen Anl\u00e4sse stehen <\/span><b><span data-contrast=\"auto\">Konferenzr\u00e4ume zur Verf\u00fcgung<\/span><\/b><span data-contrast=\"auto\">. Ein idealer Rahmen f\u00fcr ein produktives Treffen.\u00a0<\/span><span data-ccp-props=\"{&quot;134245417&quot;:true,&quot;201341983&quot;:0,&quot;335551550&quot;:1,&quot;335551620&quot;:1,&quot;335559738&quot;:0,&quot;335559739&quot;:160,&quot;335559740&quot;:259}\">\u00a0<\/span><\/p>\n<p><i><span data-contrast=\"auto\">Was noch?<\/span><\/i> <b><span data-contrast=\"auto\">F\u00fcr jedes gebuchte Zimmer erhalten Sie eine Hin- und R\u00fcckfahrt mit der Mont-Blanc-Stra\u00dfenbahn.\u00a0<\/span><\/b><span data-ccp-props=\"{&quot;134245417&quot;:true,&quot;201341983&quot;:0,&quot;335551550&quot;:1,&quot;335551620&quot;:1,&quot;335559738&quot;:0,&quot;335559739&quot;:160,&quot;335559740&quot;:259}\">\u00a0<\/span><\/p>\n\t\t\t\t\t<\/div>\n\t\t\t\t\t\t\t\t\t<\/div>\n\t\t\t<\/div>        \n\t\t<\/div>\n\t<\/div>\n<\/div>\n<!-- END OF : Composant : block-periscope-theme-section-composant-33-texte-image.php -->\n\n\n<!-- START OF : Composant : block-periscope-theme-section-composant-33-texte-image.php -->\n<!-- INVERSE -->\n<div class=\"text-image fs-wysiwyg mb-8 mb-lg-12\" data-component=\"33-texte-image\" data-reverse=\"oui\">\n\t<div class=\"container-fluid\" style=\"--bs-gutter-x: 0\">\n\t\t<div class=\"row\" style=\"--bs-gutter-x: 0\">\n\t\t\t<div class=\"col-lg-6\">\n\t\t\t\t<div class=\"text-image__content\">\n\t\t\t\t\t\t\t\t\t\t<div class=\"fw-semibold lh-xs fs-20 fs-lg-32 ls--25 mb-5\">Novotel Meg\u00e8ve Mont-Blanc<\/div>\n\t\t\t\t\t\t\t\t\t\t\t\t\t\t\t<div class=\"fs-wysiwyg\">\n\t\t\t\t\t\t<p><span data-contrast=\"auto\">Im Herzen der Berge<\/span><span data-ccp-props=\"{&quot;134245417&quot;:true,&quot;201341983&quot;:0,&quot;335551550&quot;:1,&quot;335551620&quot;:1,&quot;335559738&quot;:0,&quot;335559739&quot;:160,&quot;335559740&quot;:259}\">\u00a0<\/span><\/p>\n<p><span data-contrast=\"auto\">Das 4-Sterne-Hotel <a href=\"https:\/\/myallmeeting.com\/de\/hotel\/b5i0-novotel-megeve-mont-blanc\/\">Novotel Meg\u00e8ve Mont-Blanc<\/a> erwartet Sie in einem authentischen Rahmen: ein <\/span><b><span data-contrast=\"auto\">modernes Chalet im Herzen der Berge, in einem der renommiertesten Wintersportorte der Haute-Savoie.\u00a0<\/span><\/b><span data-ccp-props=\"{&quot;134245417&quot;:true,&quot;201341983&quot;:0,&quot;335551550&quot;:1,&quot;335551620&quot;:1,&quot;335559738&quot;:0,&quot;335559739&quot;:160,&quot;335559740&quot;:259}\">\u00a0<\/span><\/p>\n<p><span data-contrast=\"auto\">Ob Familien- oder Gesch\u00e4ftsaufenthalt, ob gro\u00dfes Zimmer oder Suite f\u00fcr vier Personen, hier finden Sie, was Sie suchen. <\/span><b><span data-contrast=\"auto\">Das Hotel steht im Mittelpunkt zahlreicher Aktivit\u00e4ten<\/span><\/b><span data-contrast=\"auto\">. Es befindet sich in der Domaine de Metziva, in der N\u00e4he des Palais Meg\u00e8ve und von Gesch\u00e4ften, Bars und Restaurants: ein Mehrzwecksportzentrum mit olympischem Schwimmbecken, Planschbecken, Spa und Balneotherapie. Lieber Ski fahren? Kein Problem, die Pisten sind schnell erreichbar: 7 Minuten mit dem Auto, 15 Minuten zu Fu\u00df. Selbstverst\u00e4ndlich steht Ihnen im Hotel ein gesicherter Skiraum zur Verf\u00fcgung und dank unseres Partners profitieren Sie von Rabatten auf Ihre Skiausr\u00fcstung.\u00a0<\/span><span data-ccp-props=\"{&quot;134245417&quot;:true,&quot;201341983&quot;:0,&quot;335551550&quot;:1,&quot;335551620&quot;:1,&quot;335559738&quot;:0,&quot;335559739&quot;:160,&quot;335559740&quot;:259}\">\u00a0<\/span><\/p>\n<p><b><span data-contrast=\"auto\">Diese zauberhafte Umgebung l\u00e4dt auch zum Arbeiten ein<\/span><\/b><span data-contrast=\"auto\">. Fachmessen stehen f\u00fcr die Organisation von Fachveranstaltungen zur Verf\u00fcgung und <\/span><b><span data-contrast=\"auto\">f\u00f6rdern das Wohlbefinden und die Produktivit\u00e4t Ihrer Mitarbeiter.<\/span><\/b><span data-ccp-props=\"{&quot;134245417&quot;:true,&quot;201341983&quot;:0,&quot;335551550&quot;:1,&quot;335551620&quot;:1,&quot;335559738&quot;:0,&quot;335559739&quot;:160,&quot;335559740&quot;:259}\">\u00a0<\/span><\/p>\n\t\t\t\t\t<\/div>\n\t\t\t\t\t\t\t\t\t<\/div>\n\t\t\t<\/div>    \n\t\t\t    \n\t\t\t<div class=\"col-lg-6 order-first order-lg-last mb-7 mb-lg-0\">\n\t\t\t\t<img decoding=\"async\" src=\"https:\/\/www.myallmeeting.com\/wp-content\/uploads\/2023\/02\/5662-46-953x600.jpg\" width=\"953\" height=\"600\" alt=\"\" loading=\"lazy\" class=\"w-100\" \/>\n\t\t\t<\/div>\n\t\t\t\t\t<\/div>\n\t<\/div>\n<\/div>\n<!-- END OF : Composant : block-periscope-theme-section-composant-33-texte-image.php -->\n\n\n<!-- START OF : Composant : block-periscope-theme-section-composant-33-texte-image.php -->\n<div class=\"text-image fs-wysiwyg mb-8 mb-lg-12\" data-component=\"33-texte-image\">\n\t<div class=\"container-fluid\" style=\"--bs-gutter-x: 0\">\n\t\t<div class=\"row\" style=\"--bs-gutter-x: 0\">\n\t\t\t\t\t\t<div class=\"col-lg-6 mb-7 mb-lg-0\">\n\t\t\t\t<img decoding=\"async\" src=\"https:\/\/www.myallmeeting.com\/wp-content\/uploads\/2023\/02\/2927-02-953x600.jpg\" width=\"953\" height=\"600\" alt=\"\" loading=\"lazy\" class=\"w-100\" \/>\n\t\t\t<\/div>\n\t\t\t\t\t\t<div class=\"col-lg-6\">\n\t\t\t\t<div class=\"text-image__content\">\n\t\t\t\t\t\t\t\t\t\t<div class=\"fw-semibold lh-xs fs-20 fs-lg-32 ls--25 mb-5\">Mercure Garmisch-Parternkirchen<\/div>\n\t\t\t\t\t\t\t\t\t\t\t\t\t\t\t<div class=\"fs-wysiwyg\">\n\t\t\t\t\t\t<p><span data-contrast=\"none\">Panorama der bayerischen Alpen<\/span><span data-ccp-props=\"{&quot;134245417&quot;:true,&quot;134245418&quot;:true,&quot;134245529&quot;:true,&quot;201341983&quot;:0,&quot;335551550&quot;:6,&quot;335551620&quot;:6,&quot;335557856&quot;:16119028,&quot;335559738&quot;:165,&quot;335559739&quot;:165,&quot;335559740&quot;:240}\">\u00a0<\/span><\/p>\n<p><b><span data-contrast=\"none\">Im S\u00fcdosten Deutschlands <\/span><\/b><span data-contrast=\"none\">erwartet Sie <\/span><b><span data-contrast=\"none\">Bayern<\/span><\/b><span data-contrast=\"none\"> mit seinen Bilderbuchlandschaften, zwischen gro\u00dfen Seen und schneebedeckten Gipfeln, und seinen herzhaften Gerichten, darunter die ber\u00fchmten Kn\u00f6del!<\/span><span data-ccp-props=\"{&quot;134245417&quot;:true,&quot;201341983&quot;:0,&quot;335551550&quot;:6,&quot;335551620&quot;:6,&quot;335557856&quot;:16119028,&quot;335559738&quot;:165,&quot;335559739&quot;:165,&quot;335559740&quot;:240}\">\u00a0<\/span><\/p>\n<p><span data-contrast=\"none\">Das <\/span><b><span data-contrast=\"none\">4-Sterne-Hotel <a href=\"https:\/\/myallmeeting.com\/de\/hotel\/2940-mercure-hotel-garmisch-partenkirchen\/\">Merkur Garmisch-Parternkirchen<\/a><\/span><\/b><span data-contrast=\"none\"> liegt im Herzen dieser gro\u00dfz\u00fcgigen Region: 5 km vom <\/span><b><span data-contrast=\"none\">Eisbee-See entfernt<\/span><\/b><span data-contrast=\"none\">, den manche f\u00fcr den sch\u00f6nsten See Bayerns halten, und am Fu\u00dfe der <\/span><b><span data-contrast=\"none\">Zugspitze<\/span><\/b><span data-contrast=\"none\">, dem h\u00f6chsten Berg Deutschlands (2.962 m) und seinem Skigebiet.<\/span><span data-ccp-props=\"{&quot;134245417&quot;:true,&quot;201341983&quot;:0,&quot;335551550&quot;:6,&quot;335551620&quot;:6,&quot;335557856&quot;:16119028,&quot;335559738&quot;:165,&quot;335559739&quot;:165,&quot;335559740&quot;:240}\">\u00a0<\/span><\/p>\n<p><span data-contrast=\"none\">Erreichbar \u00fcber den 60 km entfernten internationalen Flughafen Innsbruck (\u00d6sterreich). <\/span><b><span data-contrast=\"none\">9 modulare Tagungsr\u00e4ume<\/span><\/b><span data-contrast=\"none\"> f\u00fcr die Organisation von Veranstaltungen.<\/span><span data-ccp-props=\"{&quot;134245417&quot;:true,&quot;201341983&quot;:0,&quot;335551550&quot;:6,&quot;335551620&quot;:6,&quot;335557856&quot;:16119028,&quot;335559738&quot;:165,&quot;335559739&quot;:165,&quot;335559740&quot;:240}\">\u00a0<\/span><\/p>\n<p><span data-contrast=\"none\">Ein <\/span><b><span data-contrast=\"none\">Schwimmbad und ein Fitnesscenter<\/span><\/b><span data-contrast=\"none\"> runden das Angebot dieses Hotels ab, dessen authentische Atmosph\u00e4re Ihren Seminaren eine warme Note verleiht.<\/span><span data-ccp-props=\"{&quot;134245417&quot;:true,&quot;201341983&quot;:0,&quot;335551550&quot;:6,&quot;335551620&quot;:6,&quot;335557856&quot;:16119028,&quot;335559738&quot;:165,&quot;335559739&quot;:165,&quot;335559740&quot;:240}\">\u00a0<\/span><\/p>\n\t\t\t\t\t<\/div>\n\t\t\t\t\t\t\t\t\t<\/div>\n\t\t\t<\/div>        \n\t\t<\/div>\n\t<\/div>\n<\/div>\n<!-- END OF : Composant : block-periscope-theme-section-composant-33-texte-image.php -->\n\n\n<!-- START OF : Composant : block-periscope-theme-section-composant-33-texte-image.php -->\n<!-- INVERSE -->\n<div class=\"text-image fs-wysiwyg mb-8 mb-lg-12\" data-component=\"33-texte-image\" data-reverse=\"oui\">\n\t<div class=\"container-fluid\" style=\"--bs-gutter-x: 0\">\n\t\t<div class=\"row\" style=\"--bs-gutter-x: 0\">\n\t\t\t<div class=\"col-lg-6\">\n\t\t\t\t<div class=\"text-image__content\">\n\t\t\t\t\t\t\t\t\t\t<div class=\"fw-semibold lh-xs fs-20 fs-lg-32 ls--25 mb-5\">Mercure Krynica Zdroj Resort &amp; Spa<\/div>\n\t\t\t\t\t\t\t\t\t\t\t\t\t\t\t<div class=\"fs-wysiwyg\">\n\t\t\t\t\t\t<p><span data-contrast=\"none\">Der gr\u00f6\u00dfte Kurort Polens<\/span><span data-ccp-props=\"{&quot;134245417&quot;:true,&quot;134245418&quot;:true,&quot;134245529&quot;:true,&quot;201341983&quot;:0,&quot;335551550&quot;:6,&quot;335551620&quot;:6,&quot;335557856&quot;:16119028,&quot;335559738&quot;:165,&quot;335559739&quot;:165,&quot;335559740&quot;:240}\">\u00a0<\/span><\/p>\n<p><span data-contrast=\"none\">Nur einen Steinwurf von der slowakischen Grenze entfernt,<\/span><b><span data-contrast=\"none\"> im S\u00fcden Polens<\/span><\/b><span data-contrast=\"none\">, liegt die Kleinstadt <\/span><b><span data-contrast=\"none\">Krynica Zdr\u00f3j<\/span><\/b><span data-contrast=\"none\"> mit dem gr\u00f6\u00dften Kurort des Landes. Ein guter Grund, ein Seminar im <\/span><a href=\"https:\/\/myallmeeting.com\/de\/hotel\/9076-hotel-mercure-krynica-zdroj-resort-spa\/\"><b><span data-contrast=\"none\">Mercure Krynica Zdroj Resort &amp; Spa<\/span><\/b><\/a><span data-contrast=\"none\"> zu veranstalten und Ihren Teams eine erholsame und entspannende Pause zu g\u00f6nnen.<\/span><span data-ccp-props=\"{&quot;134245417&quot;:true,&quot;201341983&quot;:0,&quot;335551550&quot;:6,&quot;335551620&quot;:6,&quot;335557856&quot;:16119028,&quot;335559738&quot;:165,&quot;335559739&quot;:165,&quot;335559740&quot;:240}\">\u00a0<\/span><\/p>\n<p><span data-contrast=\"none\">Dieses 4-Sterne-Hotel ist \u00fcber den internationalen Flughafen Poprad-Tatry (ca. 100 km in der Slowakei) oder den Flughafen Krakau (150 km) erreichbar. <\/span><b><span data-contrast=\"none\">5 Tagungsr\u00e4ume<\/span><\/b><span data-contrast=\"none\">, der gr\u00f6\u00dfte mit <\/span><b><span data-contrast=\"none\">300 m\u00b2<\/span><\/b><span data-contrast=\"none\">, aber auch ein<\/span><b><span data-contrast=\"none\"> Spa der neuesten Generation mit Schwimmbad und Saunen<\/span><\/b><span data-contrast=\"none\">.<\/span><span data-ccp-props=\"{&quot;134245417&quot;:true,&quot;201341983&quot;:0,&quot;335551550&quot;:6,&quot;335551620&quot;:6,&quot;335557856&quot;:16119028,&quot;335559738&quot;:165,&quot;335559739&quot;:165,&quot;335559740&quot;:240}\">\u00a0<\/span><\/p>\n<p><span data-contrast=\"none\">Drau\u00dfen erwarten Sie herrliche Wanderwege &#8211; je nach Jahreszeit auf Skiern oder zu Fu\u00df &#8211; und ein sch\u00f6ner Park zur <\/span><i><span data-contrast=\"none\">Bereicherung Ihrer Veranstaltung<\/span><\/i><span data-contrast=\"none\">, bei der das Wohlbefinden im Mittelpunkt Ihres Programms steht!<\/span><span data-ccp-props=\"{&quot;134245417&quot;:true,&quot;201341983&quot;:0,&quot;335551550&quot;:6,&quot;335551620&quot;:6,&quot;335557856&quot;:16119028,&quot;335559738&quot;:165,&quot;335559739&quot;:165,&quot;335559740&quot;:240}\">\u00a0<\/span><\/p>\n\t\t\t\t\t<\/div>\n\t\t\t\t\t\t\t\t\t<\/div>\n\t\t\t<\/div>    \n\t\t\t    \n\t\t\t<div class=\"col-lg-6 order-first order-lg-last mb-7 mb-lg-0\">\n\t\t\t\t<img decoding=\"async\" src=\"https:\/\/www.myallmeeting.com\/wp-content\/uploads\/2023\/02\/5493-09-953x600.jpg\" width=\"953\" height=\"600\" alt=\"\" loading=\"lazy\" class=\"w-100\" \/>\n\t\t\t<\/div>\n\t\t\t\t\t<\/div>\n\t<\/div>\n<\/div>\n<!-- END OF : Composant : block-periscope-theme-section-composant-33-texte-image.php -->\n\n\n<!-- START OF : Composant : block-periscope-theme-section-composant-33-texte-image.php -->\n<div class=\"text-image fs-wysiwyg mb-8 mb-lg-12\" data-component=\"33-texte-image\">\n\t<div class=\"container-fluid\" style=\"--bs-gutter-x: 0\">\n\t\t<div class=\"row\" style=\"--bs-gutter-x: 0\">\n\t\t\t\t\t\t<div class=\"col-lg-6 mb-7 mb-lg-0\">\n\t\t\t\t<img decoding=\"async\" src=\"https:\/\/www.myallmeeting.com\/wp-content\/uploads\/2023\/02\/1886-25-953x600.jpg\" width=\"953\" height=\"600\" alt=\"\" loading=\"lazy\" class=\"w-100\" \/>\n\t\t\t<\/div>\n\t\t\t\t\t\t<div class=\"col-lg-6\">\n\t\t\t\t<div class=\"text-image__content\">\n\t\t\t\t\t\t\t\t\t\t<div class=\"fw-semibold lh-xs fs-20 fs-lg-32 ls--25 mb-5\">Novotel Andorra<\/div>\n\t\t\t\t\t\t\t\t\t\t\t\t\t\t\t<div class=\"fs-wysiwyg\">\n\t\t\t\t\t\t<p><span data-contrast=\"none\">In den Pyren\u00e4en, zwischen Frankreich und Spanien.<\/span><span data-ccp-props=\"{&quot;134245417&quot;:true,&quot;134245418&quot;:true,&quot;134245529&quot;:true,&quot;201341983&quot;:0,&quot;335551550&quot;:6,&quot;335551620&quot;:6,&quot;335557856&quot;:16119028,&quot;335559738&quot;:165,&quot;335559739&quot;:165,&quot;335559740&quot;:240}\">\u00a0<\/span><\/p>\n<p><span data-contrast=\"none\">Willkommen in <\/span><b><span data-contrast=\"none\">Andorra la Vella<\/span><\/b><span data-contrast=\"none\">, der Hauptstadt &#8211; der h\u00f6chstgelegenen Europas, 1.023 m \u00fcber dem Meeresspiegel! &#8211; des F\u00fcrstentums Andorra. Die Anreise erfolgt am einfachsten \u00fcber den internationalen Flughafen von Barcelona und seine Busverbindungen.<\/span><span data-ccp-props=\"{&quot;134245417&quot;:true,&quot;201341983&quot;:0,&quot;335551550&quot;:6,&quot;335551620&quot;:6,&quot;335557856&quot;:16119028,&quot;335559738&quot;:165,&quot;335559739&quot;:165,&quot;335559740&quot;:240}\">\u00a0<\/span><\/p>\n<p><span data-contrast=\"none\">Das <\/span><b><span data-contrast=\"none\">4-Sterne-Hotel <a href=\"https:\/\/myallmeeting.com\/de\/hotel\/1113-novotel-andorra\/\">Novotel Andorra<\/a><\/span><\/b><span data-contrast=\"none\"> liegt im Zentrum dieser bezaubernden Stadt, <\/span><b><span data-contrast=\"none\">Tempel des Shoppings<\/span><\/b><span data-contrast=\"none\">, die auch ein wundersch\u00f6nes Erbe an <\/span><b><span data-contrast=\"none\">romanischen Kirchen<\/span><\/b><span data-contrast=\"none\"> und <\/span><b><span data-contrast=\"none\">mittelalterlichen Br\u00fccken<\/span><\/b><span data-contrast=\"none\"> beherbergt.<\/span><span data-ccp-props=\"{&quot;134245417&quot;:true,&quot;201341983&quot;:0,&quot;335551550&quot;:6,&quot;335551620&quot;:6,&quot;335557856&quot;:16119028,&quot;335559738&quot;:165,&quot;335559739&quot;:165,&quot;335559740&quot;:240}\">\u00a0<\/span><\/p>\n<p><span data-contrast=\"none\">Die <\/span><b><span data-contrast=\"none\">3 Tagungsr\u00e4ume des Hotels<\/span><\/b><span data-contrast=\"none\"> bieten Platz f\u00fcr bis zu 30 Personen, die sich <\/span><b><span data-contrast=\"none\">am Ende des Tages im Schwimmbad und im Fitnesscenter\/Spa<\/span><\/b><span data-contrast=\"none\"> des benachbarten Mercure entspannen k\u00f6nnen.<\/span><span data-ccp-props=\"{&quot;134245417&quot;:true,&quot;201341983&quot;:0,&quot;335551550&quot;:6,&quot;335551620&quot;:6,&quot;335557856&quot;:16119028,&quot;335559738&quot;:165,&quot;335559739&quot;:165,&quot;335559740&quot;:240}\">\u00a0<\/span><\/p>\n<p><span data-contrast=\"none\">Die Sportlichen unter Ihnen finden in der N\u00e4he das Skigebiet Vallnord (6 km) und <\/span><b><span data-contrast=\"none\">Grandvalira<\/span><\/b><span data-contrast=\"none\">, den gr\u00f6\u00dften Wintersportort der Pyren\u00e4en, der nur 12 km entfernt ist; alle anderen k\u00f6nnen sich von der Sch\u00f6nheit der Umgebung verzaubern lassen.<\/span><span data-ccp-props=\"{&quot;134245417&quot;:true,&quot;201341983&quot;:0,&quot;335551550&quot;:6,&quot;335551620&quot;:6,&quot;335557856&quot;:16119028,&quot;335559738&quot;:165,&quot;335559739&quot;:165,&quot;335559740&quot;:240}\">\u00a0<\/span><\/p>\n\t\t\t\t\t<\/div>\n\t\t\t\t\t\t\t\t\t<\/div>\n\t\t\t<\/div>        \n\t\t<\/div>\n\t<\/div>\n<\/div>\n<!-- END OF : Composant : block-periscope-theme-section-composant-33-texte-image.php -->\n","protected":false},"excerpt":{"rendered":"","protected":false},"featured_media":16010672,"menu_order":0,"template":"","periscope_categorie_tax":[3514],"class_list":["post-16037563","article","type-article","status-publish","has-post-thumbnail","hentry","periscope_categorie_tax-tous-nos-tops-selections-de"],"acf":[],"yoast_head":"<title>Ein Seminar in den Bergen: Besuchen Sie die Top 8 unserer Accor-Adressen\u00a0 - Accor MyAllMeeting.com<\/title>\n<meta name=\"robots\" content=\"index, follow, max-snippet:-1, max-image-preview:large, max-video-preview:-1\" \/>\n<link rel=\"canonical\" href=\"https:\/\/www.myallmeeting.com\/de\/wp-json\/wp\/v2\/article\/16037563\" \/>\n<meta property=\"og:locale\" content=\"de_DE\" \/>\n<meta property=\"og:type\" content=\"article\" \/>\n<meta property=\"og:title\" content=\"Ein Seminar in den Bergen: Besuchen Sie die Top 8 unserer Accor-Adressen\u00a0 - Accor MyAllMeeting.com\" \/>\n<meta property=\"og:url\" content=\"https:\/\/www.myallmeeting.com\/de\/article\/ein-seminar-in-den-bergen-besuchen-sie-die-top-8-unserer-accor-adressen\/\" \/>\n<meta property=\"og:site_name\" content=\"Accor MyAllMeeting.com\" \/>\n<meta property=\"article:modified_time\" content=\"2024-07-16T15:47:24+00:00\" \/>\n<meta property=\"og:image\" content=\"https:\/\/www.myallmeeting.com\/wp-content\/uploads\/2023\/02\/Montagne-1024x304.png\" \/>\n\t<meta property=\"og:image:width\" content=\"1024\" \/>\n\t<meta property=\"og:image:height\" content=\"304\" \/>\n\t<meta property=\"og:image:type\" content=\"image\/png\" \/>\n<meta name=\"twitter:card\" content=\"summary_large_image\" \/>\n<meta name=\"twitter:label1\" content=\"Est. reading time\" \/>\n\t<meta name=\"twitter:data1\" content=\"8 minutes\" \/>\n<script type=\"application\/ld+json\" class=\"yoast-schema-graph\">{\"@context\":\"https:\/\/schema.org\",\"@graph\":[{\"@type\":\"WebPage\",\"@id\":\"https:\/\/www.myallmeeting.com\/de\/article\/ein-seminar-in-den-bergen-besuchen-sie-die-top-8-unserer-accor-adressen\/\",\"url\":\"https:\/\/www.myallmeeting.com\/de\/article\/ein-seminar-in-den-bergen-besuchen-sie-die-top-8-unserer-accor-adressen\/\",\"name\":\"Ein Seminar in den Bergen: Besuchen Sie die Top 8 unserer Accor-Adressen\u00a0 - Accor MyAllMeeting.com\",\"isPartOf\":{\"@id\":\"https:\/\/www.myallmeeting.com\/de\/#website\"},\"primaryImageOfPage\":{\"@id\":\"https:\/\/www.myallmeeting.com\/de\/article\/ein-seminar-in-den-bergen-besuchen-sie-die-top-8-unserer-accor-adressen\/#primaryimage\"},\"image\":{\"@id\":\"https:\/\/www.myallmeeting.com\/de\/article\/ein-seminar-in-den-bergen-besuchen-sie-die-top-8-unserer-accor-adressen\/#primaryimage\"},\"thumbnailUrl\":\"https:\/\/www.myallmeeting.com\/wp-content\/uploads\/2023\/02\/Montagne.png\",\"datePublished\":\"2023-02-08T15:31:52+00:00\",\"dateModified\":\"2024-07-16T15:47:24+00:00\",\"breadcrumb\":{\"@id\":\"https:\/\/www.myallmeeting.com\/de\/article\/ein-seminar-in-den-bergen-besuchen-sie-die-top-8-unserer-accor-adressen\/#breadcrumb\"},\"inLanguage\":\"de-DE\",\"potentialAction\":[{\"@type\":\"ReadAction\",\"target\":[\"https:\/\/www.myallmeeting.com\/de\/article\/ein-seminar-in-den-bergen-besuchen-sie-die-top-8-unserer-accor-adressen\/\"]}]},{\"@type\":\"ImageObject\",\"inLanguage\":\"de-DE\",\"@id\":\"https:\/\/www.myallmeeting.com\/de\/article\/ein-seminar-in-den-bergen-besuchen-sie-die-top-8-unserer-accor-adressen\/#primaryimage\",\"url\":\"https:\/\/www.myallmeeting.com\/wp-content\/uploads\/2023\/02\/Montagne.png\",\"contentUrl\":\"https:\/\/www.myallmeeting.com\/wp-content\/uploads\/2023\/02\/Montagne.png\",\"width\":1920,\"height\":570},{\"@type\":\"BreadcrumbList\",\"@id\":\"https:\/\/www.myallmeeting.com\/de\/article\/ein-seminar-in-den-bergen-besuchen-sie-die-top-8-unserer-accor-adressen\/#breadcrumb\",\"itemListElement\":[{\"@type\":\"ListItem\",\"position\":1,\"name\":\"Homepage\",\"item\":\"https:\/\/myallmeeting.com\/de\/\"},{\"@type\":\"ListItem\",\"position\":2,\"name\":\"Aktuelles\",\"item\":\"https:\/\/www.myallmeeting.com\/de\/aktuelles\/\"},{\"@type\":\"ListItem\",\"position\":3,\"name\":\"Ein Seminar in den Bergen: Besuchen Sie die Top 8 unserer Accor-Adressen\u00a0\"}]},{\"@type\":\"WebSite\",\"@id\":\"https:\/\/www.myallmeeting.com\/de\/#website\",\"url\":\"https:\/\/www.myallmeeting.com\/de\/\",\"name\":\"Accor MyAllMeeting.com\",\"description\":\"Les Meilleurs lieux pour vos Ev\u00e9nements Professionnels\",\"publisher\":{\"@id\":\"https:\/\/www.myallmeeting.com\/de\/#organization\"},\"potentialAction\":[{\"@type\":\"SearchAction\",\"target\":{\"@type\":\"EntryPoint\",\"urlTemplate\":\"https:\/\/www.myallmeeting.com\/de\/?s={search_term_string}\"},\"query-input\":{\"@type\":\"PropertyValueSpecification\",\"valueRequired\":true,\"valueName\":\"search_term_string\"}}],\"inLanguage\":\"de-DE\"},{\"@type\":\"Organization\",\"@id\":\"https:\/\/www.myallmeeting.com\/de\/#organization\",\"name\":\"ACCOR\",\"url\":\"https:\/\/www.myallmeeting.com\/de\/\",\"logo\":{\"@type\":\"ImageObject\",\"inLanguage\":\"de-DE\",\"@id\":\"https:\/\/www.myallmeeting.com\/de\/#\/schema\/logo\/image\/\",\"url\":\"\",\"contentUrl\":\"\",\"caption\":\"ACCOR\"},\"image\":{\"@id\":\"https:\/\/www.myallmeeting.com\/de\/#\/schema\/logo\/image\/\"}}]}<\/script>","yoast_head_json":{"title":"Ein Seminar in den Bergen: Besuchen Sie die Top 8 unserer Accor-Adressen\u00a0 - Accor MyAllMeeting.com","robots":{"index":"index","follow":"follow","max-snippet":"max-snippet:-1","max-image-preview":"max-image-preview:large","max-video-preview":"max-video-preview:-1"},"canonical":"https:\/\/www.myallmeeting.com\/de\/wp-json\/wp\/v2\/article\/16037563","og_locale":"de_DE","og_type":"article","og_title":"Ein Seminar in den Bergen: Besuchen Sie die Top 8 unserer Accor-Adressen\u00a0 - Accor MyAllMeeting.com","og_url":"https:\/\/www.myallmeeting.com\/de\/article\/ein-seminar-in-den-bergen-besuchen-sie-die-top-8-unserer-accor-adressen\/","og_site_name":"Accor MyAllMeeting.com","article_modified_time":"2024-07-16T15:47:24+00:00","og_image":[{"width":1024,"height":304,"url":"https:\/\/www.myallmeeting.com\/wp-content\/uploads\/2023\/02\/Montagne-1024x304.png","type":"image\/png"}],"twitter_card":"summary_large_image","twitter_misc":{"Est. reading time":"8 minutes"},"schema":{"@context":"https:\/\/schema.org","@graph":[{"@type":"WebPage","@id":"https:\/\/www.myallmeeting.com\/de\/article\/ein-seminar-in-den-bergen-besuchen-sie-die-top-8-unserer-accor-adressen\/","url":"https:\/\/www.myallmeeting.com\/de\/article\/ein-seminar-in-den-bergen-besuchen-sie-die-top-8-unserer-accor-adressen\/","name":"Ein Seminar in den Bergen: Besuchen Sie die Top 8 unserer Accor-Adressen\u00a0 - Accor MyAllMeeting.com","isPartOf":{"@id":"https:\/\/www.myallmeeting.com\/de\/#website"},"primaryImageOfPage":{"@id":"https:\/\/www.myallmeeting.com\/de\/article\/ein-seminar-in-den-bergen-besuchen-sie-die-top-8-unserer-accor-adressen\/#primaryimage"},"image":{"@id":"https:\/\/www.myallmeeting.com\/de\/article\/ein-seminar-in-den-bergen-besuchen-sie-die-top-8-unserer-accor-adressen\/#primaryimage"},"thumbnailUrl":"https:\/\/www.myallmeeting.com\/wp-content\/uploads\/2023\/02\/Montagne.png","datePublished":"2023-02-08T15:31:52+00:00","dateModified":"2024-07-16T15:47:24+00:00","breadcrumb":{"@id":"https:\/\/www.myallmeeting.com\/de\/article\/ein-seminar-in-den-bergen-besuchen-sie-die-top-8-unserer-accor-adressen\/#breadcrumb"},"inLanguage":"de-DE","potentialAction":[{"@type":"ReadAction","target":["https:\/\/www.myallmeeting.com\/de\/article\/ein-seminar-in-den-bergen-besuchen-sie-die-top-8-unserer-accor-adressen\/"]}]},{"@type":"ImageObject","inLanguage":"de-DE","@id":"https:\/\/www.myallmeeting.com\/de\/article\/ein-seminar-in-den-bergen-besuchen-sie-die-top-8-unserer-accor-adressen\/#primaryimage","url":"https:\/\/www.myallmeeting.com\/wp-content\/uploads\/2023\/02\/Montagne.png","contentUrl":"https:\/\/www.myallmeeting.com\/wp-content\/uploads\/2023\/02\/Montagne.png","width":1920,"height":570},{"@type":"BreadcrumbList","@id":"https:\/\/www.myallmeeting.com\/de\/article\/ein-seminar-in-den-bergen-besuchen-sie-die-top-8-unserer-accor-adressen\/#breadcrumb","itemListElement":[{"@type":"ListItem","position":1,"name":"Homepage","item":"https:\/\/myallmeeting.com\/de\/"},{"@type":"ListItem","position":2,"name":"Aktuelles","item":"https:\/\/www.myallmeeting.com\/de\/aktuelles\/"},{"@type":"ListItem","position":3,"name":"Ein Seminar in den Bergen: Besuchen Sie die Top 8 unserer Accor-Adressen\u00a0"}]},{"@type":"WebSite","@id":"https:\/\/www.myallmeeting.com\/de\/#website","url":"https:\/\/www.myallmeeting.com\/de\/","name":"Accor MyAllMeeting.com","description":"Les Meilleurs lieux pour vos Ev\u00e9nements Professionnels","publisher":{"@id":"https:\/\/www.myallmeeting.com\/de\/#organization"},"potentialAction":[{"@type":"SearchAction","target":{"@type":"EntryPoint","urlTemplate":"https:\/\/www.myallmeeting.com\/de\/?s={search_term_string}"},"query-input":{"@type":"PropertyValueSpecification","valueRequired":true,"valueName":"search_term_string"}}],"inLanguage":"de-DE"},{"@type":"Organization","@id":"https:\/\/www.myallmeeting.com\/de\/#organization","name":"ACCOR","url":"https:\/\/www.myallmeeting.com\/de\/","logo":{"@type":"ImageObject","inLanguage":"de-DE","@id":"https:\/\/www.myallmeeting.com\/de\/#\/schema\/logo\/image\/","url":"","contentUrl":"","caption":"ACCOR"},"image":{"@id":"https:\/\/www.myallmeeting.com\/de\/#\/schema\/logo\/image\/"}}]}},"_links":{"self":[{"href":"https:\/\/www.myallmeeting.com\/de\/wp-json\/wp\/v2\/article\/16037563","targetHints":{"allow":["GET"]}}],"collection":[{"href":"https:\/\/www.myallmeeting.com\/de\/wp-json\/wp\/v2\/article"}],"about":[{"href":"https:\/\/www.myallmeeting.com\/de\/wp-json\/wp\/v2\/types\/article"}],"wp:featuredmedia":[{"embeddable":true,"href":"https:\/\/www.myallmeeting.com\/de\/wp-json\/wp\/v2\/media\/16010672"}],"wp:attachment":[{"href":"https:\/\/www.myallmeeting.com\/de\/wp-json\/wp\/v2\/media?parent=16037563"}],"wp:term":[{"taxonomy":"periscope_categorie_tax","embeddable":true,"href":"https:\/\/www.myallmeeting.com\/de\/wp-json\/wp\/v2\/periscope_categorie_tax?post=16037563"}],"curies":[{"name":"wp","href":"https:\/\/api.w.org\/{rel}","templated":true}]}}