{"id":16037560,"date":"2020-02-13T15:39:37","date_gmt":"2020-02-13T14:39:37","guid":{"rendered":"https:\/\/myallmeeting.com\/article\/un-seminaire-avec-vue-sur-la-mediterranee\/"},"modified":"2024-07-22T14:51:18","modified_gmt":"2024-07-22T12:51:18","slug":"ein-seminar-mit-blick-auf-das-mittelmeer","status":"publish","type":"article","link":"https:\/\/www.myallmeeting.com\/de\/article\/ein-seminar-mit-blick-auf-das-mittelmeer\/","title":{"rendered":"Ein Seminar mit Blick auf das Mittelmeer\u00a0"},"content":{"rendered":"<!-- START OF : Composant : block-periscope-theme-section-composant-25-texte-cta-2-images.php -->\n<div class=\"tcta2ia bg-white fs-wysiwyg mb-lg-12\" data-component=\"25-texte-cta-2-images\">\n\t<div class=\"tcta2ia__top\">\n\t\t<div class=\"container-fluid\" style=\"--bs-gutter-x: 0\">\n\t\t\t<div class=\"row\" style=\"--bs-gutter-x: 0\">\n\t\t\t\t<div class=\"col-lg-8\">\n\t\t\t\t\t\t\t\t\t\t<div class=\"bloc-mise-en-avant__top__left\">\n\t\t\t\t\t\t<img decoding=\"async\" src=\"https:\/\/www.myallmeeting.com\/wp-content\/uploads\/2020\/02\/6901-16-1-1268x846.jpg\" class=\"pe-2 pe-lg-0\" width=\"1268\" height=\"846\" alt=\"\" loading=\"lazy\" \/>\n\t\t\t\t\t<\/div>\n\t\t\t\t\t\t\t\t\t\t<div class=\"tcta2ia__bottom d-none d-lg-block pb-12 pt-lg-9 pb-lg-0 pe-lg-10\">\n\t\t\t\t\t\t\t\t\t\t\t\t<h2 class=\"fs-20 fs-lg-32 fw-semibold\">Mercure Toulon La Seyne-sur-Mer<\/h2>\n\t\t\t\t\t\t\t\t\t\t\t\t\t\t\t\t\t\t<div class=\"fs-wysiwyg\"><p><span data-contrast=\"none\">Es gibt nichts Sch\u00f6neres, als das singende Pl\u00e4tschern der Boote am Kai, das einem das Gef\u00fchl gibt, gleich an Bord zu gehen! <a href=\"https:\/\/myallmeeting.com\/de\/hotel\/b3f9-hotel-mercure-toulon-la-seyne-sur-mer-opening-juillet-2019\/\">Dieses <\/a><\/span><b><span data-contrast=\"none\">4-Sterne-Hotel<\/span><\/b><span data-contrast=\"none\"> liegt am Jachthafen von Seyne-sur-Mer.\u00a0<\/span><span data-ccp-props=\"{&quot;134233117&quot;:true,&quot;134233118&quot;:true,&quot;134245417&quot;:true,&quot;201341983&quot;:0,&quot;335551550&quot;:6,&quot;335551620&quot;:6,&quot;335557856&quot;:16119028,&quot;335559738&quot;:165,&quot;335559739&quot;:165,&quot;335559740&quot;:240}\">\u00a0<\/span><\/p>\n<p><span data-contrast=\"none\">Jedes seiner <\/span><b><span data-contrast=\"none\">96 Zimmer mit raffinierter Dekoration<\/span><\/b><span data-contrast=\"none\"> hat Meerblick! Nach einem anstrengenden Tag &#8211; die 3 Tagungsr\u00e4ume bieten Platz f\u00fcr bis zu 70 Personen &#8211; k\u00f6nnen Sie sich im beheizten Au\u00dfenschwimmbad, im Wellnessbereich oder im italienischen Restaurant \u201eBistronomie\u201c entspannen. Der TGV-Bahnhof Toulon ist nur wenige Kilometer entfernt.<\/span><span data-ccp-props=\"{&quot;134233117&quot;:true,&quot;134233118&quot;:true,&quot;134245417&quot;:true,&quot;201341983&quot;:0,&quot;335551550&quot;:6,&quot;335551620&quot;:6,&quot;335557856&quot;:16119028,&quot;335559738&quot;:165,&quot;335559739&quot;:165,&quot;335559740&quot;:240}\">\u00a0<\/span><\/p>\n<\/div>\n\t\t\t\t\t\t\t\t\t\t\t\t<div class=\"d-flex flex-column flex-lg-row align-items-center gap-5 gap-lg-8 justify-content-between\">\n\t\t\t\t\t\t\t<div class=\"fs-20 fs-lg-26 fw-semibold lh-xs\"><\/div>\n\t\t\t\t\t\t\t\t\t\t\t\t\t<\/div>\n\t\t\t\t\t<\/div>\n\t\t\t\t<\/div>\n\t\t\t\t<div class=\"col-lg-4\">\n\t\t\t\t\t<div class=\"tcta2ia__top__right t-0 r-0 bg-primary text-white pt-4 pb-4 px-2 pt-lg-8 pb-lg-16 px-lg-11 pb-xl-30\">\n\t\t\t\t\t\t\t\t\t\t\t\t\t\t\t\t\t\t<h2 class=\"unna fs-36 fs-lg-51 fs-xl-75 fs-italic fw-normal text-secondary\">Ein Seminar mit Blick auf das Mittelmeer <\/h2>\n\t\t\t\t\t\t\t\t\t\t\t\t\t\t\t\t\t\t<h3 class=\"text-white fs-18 fs-lg-20 fs-xl-28 text-original-case\">M\u00f6chten Sie Ihren Mitarbeitern eine Pause von der Arbeit g\u00f6nnen und sich an atemberaubenden Orten verw\u00f6hnen lassen? <\/h3>\n\t\t\t\t\t\t\t\t\t\t\t\t\t\t\t\t\t\t<div class=\"fs-wysiwyg mb-4 fs-lg-16 fs-xl-20\"><p><span data-contrast=\"none\" xml:lang=\"DE-DE\" lang=\"DE-DE\" class=\"TextRun SCXW148958644 BCX0\"><span class=\"NormalTextRun SCXW148958644 BCX0\" data-ccp-parastyle=\"LO-normal\">Lassen Sie sich von der sonnigen und jodhaltigen Luft an der <\/span><\/span><span data-contrast=\"none\" xml:lang=\"DE-DE\" lang=\"DE-DE\" class=\"TextRun SCXW148958644 BCX0\"><span class=\"NormalTextRun SCXW148958644 BCX0\" data-ccp-parastyle=\"LO-normal\">C\u00f4te d&#8217;Azur<\/span><\/span><span data-contrast=\"none\" xml:lang=\"DE-DE\" lang=\"DE-DE\" class=\"TextRun SCXW148958644 BCX0\"><span class=\"NormalTextRun SCXW148958644 BCX0\" data-ccp-parastyle=\"LO-normal\">, der K\u00fcste des Big Blue und der duftenden K\u00fcche verw\u00f6hnen. Ob <\/span><\/span><strong><span data-contrast=\"none\" xml:lang=\"DE-DE\" lang=\"DE-DE\" class=\"TextRun SCXW148958644 BCX0\"><span class=\"NormalTextRun SCXW148958644 BCX0\" data-ccp-parastyle=\"LO-normal\">f\u00fcr ein privates Treffen oder ein Firmenseminar, hier finden Sie Ihre pers\u00f6nliche L\u00f6sung.<\/span><\/span><\/strong><span data-contrast=\"none\" xml:lang=\"DE-DE\" lang=\"DE-DE\" class=\"TextRun SCXW148958644 BCX0\"><span class=\"NormalTextRun SCXW148958644 BCX0\" data-ccp-parastyle=\"LO-normal\"> Der vierfache Beweis.<\/span><\/span><span class=\"EOP SCXW148958644 BCX0\" data-ccp-props=\"{&quot;134245417&quot;:true,&quot;201341983&quot;:0,&quot;335551550&quot;:6,&quot;335551620&quot;:6,&quot;335557856&quot;:16119028,&quot;335559738&quot;:0,&quot;335559739&quot;:165,&quot;335559740&quot;:240}\">\u00a0<\/span><\/p>\n<\/div>\n\t\t\t\t\t\t\t\t\t\t\t\t\t\t\t\t\t\t\t\t\t\t\t\t<p class=\"m-0\"><img decoding=\"async\" src=\"https:\/\/www.myallmeeting.com\/wp-content\/uploads\/2020\/02\/5064-24-633x398.jpg\" class=\"position-relative l-0\" width=\"633\" height=\"398\" alt=\"\" loading=\"lazy\" \/><\/p>\n\t\t\t\t\t\t\t\t\t\t\t<\/div>\n\t\t\t\t<\/div>\n\t\t\t<\/div>\n\t\t<\/div>\n\t<\/div>\n\t<div class=\"tcta2ia__bottom d-lg-none pb-12 py-lg-9 pe-lg-10\">\n\t\t\t\t<div class=\"h2 fs-20 fs-lg-32 fw-semibold\">Mercure Toulon La Seyne-sur-Mer<\/div>\n\t\t\t\t\t\t<div class=\"fs-wysiwyg\"><p><span data-contrast=\"none\">Es gibt nichts Sch\u00f6neres, als das singende Pl\u00e4tschern der Boote am Kai, das einem das Gef\u00fchl gibt, gleich an Bord zu gehen! <a href=\"https:\/\/myallmeeting.com\/de\/hotel\/b3f9-hotel-mercure-toulon-la-seyne-sur-mer-opening-juillet-2019\/\">Dieses <\/a><\/span><b><span data-contrast=\"none\">4-Sterne-Hotel<\/span><\/b><span data-contrast=\"none\"> liegt am Jachthafen von Seyne-sur-Mer.\u00a0<\/span><span data-ccp-props=\"{&quot;134233117&quot;:true,&quot;134233118&quot;:true,&quot;134245417&quot;:true,&quot;201341983&quot;:0,&quot;335551550&quot;:6,&quot;335551620&quot;:6,&quot;335557856&quot;:16119028,&quot;335559738&quot;:165,&quot;335559739&quot;:165,&quot;335559740&quot;:240}\">\u00a0<\/span><\/p>\n<p><span data-contrast=\"none\">Jedes seiner <\/span><b><span data-contrast=\"none\">96 Zimmer mit raffinierter Dekoration<\/span><\/b><span data-contrast=\"none\"> hat Meerblick! Nach einem anstrengenden Tag &#8211; die 3 Tagungsr\u00e4ume bieten Platz f\u00fcr bis zu 70 Personen &#8211; k\u00f6nnen Sie sich im beheizten Au\u00dfenschwimmbad, im Wellnessbereich oder im italienischen Restaurant \u201eBistronomie\u201c entspannen. Der TGV-Bahnhof Toulon ist nur wenige Kilometer entfernt.<\/span><span data-ccp-props=\"{&quot;134233117&quot;:true,&quot;134233118&quot;:true,&quot;134245417&quot;:true,&quot;201341983&quot;:0,&quot;335551550&quot;:6,&quot;335551620&quot;:6,&quot;335557856&quot;:16119028,&quot;335559738&quot;:165,&quot;335559739&quot;:165,&quot;335559740&quot;:240}\">\u00a0<\/span><\/p>\n<\/div>\n\t\t\t\t<div class=\"d-flex flex-column flex-lg-row align-items-center gap-5 gap-lg-8 justify-content-between\">\n\t\t\t<div class=\"fs-20 fs-lg-26 fw-semibold lh-xs\"><\/div>\n\t\t\t\t\t<\/div>\n\t<\/div>\n<\/div>\n<!-- END OF : Composant : block-periscope-theme-section-composant-25-texte-cta-2-images.php -->\n\n\n<!-- START OF : Composant : block-periscope-theme-section-composant-33-texte-image.php -->\n<div class=\"text-image fs-wysiwyg mb-8 mb-lg-12\" data-component=\"33-texte-image\">\n\t<div class=\"container-fluid\" style=\"--bs-gutter-x: 0\">\n\t\t<div class=\"row\" style=\"--bs-gutter-x: 0\">\n\t\t\t\t\t\t<div class=\"col-lg-6 mb-7 mb-lg-0\">\n\t\t\t\t<img decoding=\"async\" src=\"https:\/\/www.myallmeeting.com\/wp-content\/uploads\/2020\/02\/3911-10-953x600.jpg\" width=\"953\" height=\"600\" alt=\"\" loading=\"lazy\" class=\"w-100\" \/>\n\t\t\t<\/div>\n\t\t\t\t\t\t<div class=\"col-lg-6\">\n\t\t\t\t<div class=\"text-image__content\">\n\t\t\t\t\t\t\t\t\t\t<div class=\"fw-semibold lh-xs fs-20 fs-lg-32 ls--25 mb-5\">Ibis Styles Hy\u00e8res Rooftop &amp; Spa<\/div>\n\t\t\t\t\t\t\t\t\t\t\t\t\t\t\t<div class=\"fs-wysiwyg\">\n\t\t\t\t\t\t<p><span data-contrast=\"none\">In der N\u00e4he des Bahnhofs (ca. 50 m) ist<\/span><b><span data-contrast=\"none\"> das <a href=\"https:\/\/myallmeeting.com\/de\/hotel\/a0a9-ibis-styles-hyeres-rooftop-spa\/\">Ibis Styles<\/a> der ideale Ort f\u00fcr einen Aufenthalt in Hy\u00e8res<\/span><\/b><span data-contrast=\"none\">. Das ruhige und komfortable Hotel verf\u00fcgt \u00fcber<\/span><b><span data-contrast=\"none\"> 41 klimatisierte Zimmer, die nach Reisethemen eingerichtet sind<\/span><\/b><span data-contrast=\"none\">. Die Bar, die Panoramaterrasse, der Tagungsraum, der Whirlpool und das Sauna-Spa werden Ihren Aufenthalt unvergesslich machen.\u00a0<\/span><span data-ccp-props=\"{&quot;134245417&quot;:true,&quot;201341983&quot;:0,&quot;335551550&quot;:6,&quot;335551620&quot;:6,&quot;335559738&quot;:0,&quot;335559739&quot;:160,&quot;335559740&quot;:259}\">\u00a0<\/span><\/p>\n<p><span data-contrast=\"none\">Sie lieben Spazierg\u00e4nge? Genie\u00dfen Sie das Meer, die Palmen und die 300 Sonnentage im Jahr. Warum nicht das Bankmuseum besuchen? Oder an den Strand von Almanarre, ein Paradies f\u00fcr Segelfreunde? Entspannung garantiert!\u00a0<\/span><span data-ccp-props=\"{&quot;134245417&quot;:true,&quot;201341983&quot;:0,&quot;335551550&quot;:6,&quot;335551620&quot;:6,&quot;335559738&quot;:0,&quot;335559739&quot;:160,&quot;335559740&quot;:259}\">\u00a0<\/span><\/p>\n<p><span data-ccp-props=\"{&quot;134245417&quot;:true,&quot;201341983&quot;:0,&quot;335551550&quot;:1,&quot;335551620&quot;:1,&quot;335559738&quot;:0,&quot;335559739&quot;:160,&quot;335559740&quot;:259}\">\u00a0<\/span><\/p>\n\t\t\t\t\t<\/div>\n\t\t\t\t\t\t\t\t\t<\/div>\n\t\t\t<\/div>        \n\t\t<\/div>\n\t<\/div>\n<\/div>\n<!-- END OF : Composant : block-periscope-theme-section-composant-33-texte-image.php -->\n\n\n<!-- START OF : Composant : block-periscope-theme-section-composant-33-texte-image.php -->\n<!-- INVERSE -->\n<div class=\"text-image fs-wysiwyg mb-8 mb-lg-12\" data-component=\"33-texte-image\" data-reverse=\"oui\">\n\t<div class=\"container-fluid\" style=\"--bs-gutter-x: 0\">\n\t\t<div class=\"row\" style=\"--bs-gutter-x: 0\">\n\t\t\t<div class=\"col-lg-6\">\n\t\t\t\t<div class=\"text-image__content\">\n\t\t\t\t\t\t\t\t\t\t<div class=\"fw-semibold lh-xs fs-20 fs-lg-32 ls--25 mb-5\">Pullman Cannes Mandelieu Royal Casino<\/div>\n\t\t\t\t\t\t\t\t\t\t\t\t\t\t\t<div class=\"fs-wysiwyg\">\n\t\t\t\t\t\t<p><span data-contrast=\"none\">Croisette und Glitzer, Sport und raffinierte K\u00fcche sind die Versprechen<a href=\"https:\/\/myallmeeting.com\/de\/hotel\/1168-pullman-cannes-mandelieu-royal-casino\/\"> dieses 4-Sterne-Hotels<\/a>, das nur 20 km vom Flughafen Nizza-C\u00f4te d&#8217;Azur entfernt liegt. <\/span><b><span data-contrast=\"none\">Die 213 Zimmer mit Blick auf die Bucht von <\/span><\/b><a href=\"https:\/\/myallmeeting.com\/destination\/cannes-festival-prochain-seminaire\/\"><b><span data-contrast=\"none\">Cannes<\/span><\/b><\/a><b><span data-contrast=\"none\"> bieten alle einen herrlichen Blick auf das Meer, den Golfplatz oder das Hinterland.\u00a0<\/span><\/b><span data-ccp-props=\"{&quot;134233117&quot;:true,&quot;134233118&quot;:true,&quot;134245417&quot;:true,&quot;201341983&quot;:0,&quot;335551550&quot;:6,&quot;335551620&quot;:6,&quot;335557856&quot;:16119028,&quot;335559738&quot;:165,&quot;335559739&quot;:165,&quot;335559740&quot;:240}\">\u00a0<\/span><\/p>\n<p><span data-contrast=\"none\">Freibad, Tennisplatz, Restaurant, Bars, Casino, Diskothek, Terrasse mit Meerblick&#8230; Nicht zu vergessen die 19 Tagungsr\u00e4ume, die Platz f\u00fcr mehr als 600 Personen bieten und deren Nutzung durch einen <\/span><i><span data-contrast=\"none\">Event Manager und einen Manager f\u00fcr IT-L\u00f6sungen<\/span><\/i><span data-contrast=\"none\"> erleichtert wird: <\/span><b><span data-contrast=\"none\">der ideale Ort f\u00fcr eine Gro\u00dfveranstaltung.<\/span><\/b><span data-contrast=\"none\">\u00a0<\/span><span data-ccp-props=\"{&quot;134233117&quot;:true,&quot;134233118&quot;:true,&quot;134245417&quot;:true,&quot;201341983&quot;:0,&quot;335551550&quot;:6,&quot;335551620&quot;:6,&quot;335557856&quot;:16119028,&quot;335559738&quot;:165,&quot;335559739&quot;:165,&quot;335559740&quot;:240}\">\u00a0<\/span><\/p>\n\t\t\t\t\t<\/div>\n\t\t\t\t\t\t\t\t\t<\/div>\n\t\t\t<\/div>    \n\t\t\t    \n\t\t\t<div class=\"col-lg-6 order-first order-lg-last mb-7 mb-lg-0\">\n\t\t\t\t<img decoding=\"async\" src=\"https:\/\/www.myallmeeting.com\/wp-content\/uploads\/2020\/02\/6883-48-953x600.jpg\" width=\"953\" height=\"600\" alt=\"\" loading=\"lazy\" class=\"w-100\" \/>\n\t\t\t<\/div>\n\t\t\t\t\t<\/div>\n\t<\/div>\n<\/div>\n<!-- END OF : Composant : block-periscope-theme-section-composant-33-texte-image.php -->\n\n\n<!-- START OF : Composant : block-periscope-theme-section-composant-33-texte-image.php -->\n<div class=\"text-image fs-wysiwyg mb-8 mb-lg-12\" data-component=\"33-texte-image\">\n\t<div class=\"container-fluid\" style=\"--bs-gutter-x: 0\">\n\t\t<div class=\"row\" style=\"--bs-gutter-x: 0\">\n\t\t\t\t\t\t<div class=\"col-lg-6 mb-7 mb-lg-0\">\n\t\t\t\t<img decoding=\"async\" src=\"https:\/\/www.myallmeeting.com\/wp-content\/uploads\/2020\/02\/6751-33-953x600.jpg\" width=\"953\" height=\"600\" alt=\"\" loading=\"lazy\" class=\"w-100\" \/>\n\t\t\t<\/div>\n\t\t\t\t\t\t<div class=\"col-lg-6\">\n\t\t\t\t<div class=\"text-image__content\">\n\t\t\t\t\t\t\t\t\t\t<div class=\"fw-semibold lh-xs fs-20 fs-lg-32 ls--25 mb-5\">Novotel Antibes Sophia Antipolis<\/div>\n\t\t\t\t\t\t\t\t\t\t\t\t\t\t\t<div class=\"fs-wysiwyg\">\n\t\t\t\t\t\t<p><span data-contrast=\"none\"><a href=\"https:\/\/myallmeeting.com\/de\/hotel\/0398-novotel-antibes-sophia-antipolis\/\">Dieses 4-Sterne-Hotel<\/a> bietet Platz f\u00fcr <\/span><b><span data-contrast=\"none\">bis zu 230 Personen<\/span><\/b><span data-contrast=\"none\"> und verf\u00fcgt \u00fcber <\/span><b><span data-contrast=\"none\">9 Tagungsr\u00e4ume<\/span><\/b><span data-contrast=\"none\"> mit Tageslicht. Das Hotel liegt <\/span><b><span data-contrast=\"none\">im Herzen des Technologieparks Sophia Antipolis<\/span><\/b><span data-contrast=\"none\">, nur 20 km vom Flughafen Nizza-C\u00f4te d&#8217;Azur entfernt.\u00a0<\/span><span data-ccp-props=\"{&quot;134245417&quot;:true,&quot;201341983&quot;:0,&quot;335551550&quot;:6,&quot;335551620&quot;:6,&quot;335557856&quot;:16119028,&quot;335559738&quot;:165,&quot;335559739&quot;:165,&quot;335559740&quot;:240}\">\u00a0<\/span><\/p>\n<p><span data-contrast=\"none\">Das Hotel ist ger\u00e4umig und in einem zeitgen\u00f6ssischen, schlichten und eleganten Stil eingerichtet. Die <\/span><b><span data-contrast=\"none\">97 Zimmer bilden einen diskreten und raffinierten Rahmen<\/span><\/b><span data-contrast=\"none\">, der durch einen Au\u00dfenpool und nat\u00fcrlich ein Restaurant und eine Bar erg\u00e4nzt wird.<\/span><span data-ccp-props=\"{&quot;134245417&quot;:true,&quot;201341983&quot;:0,&quot;335551550&quot;:6,&quot;335551620&quot;:6,&quot;335557856&quot;:16119028,&quot;335559738&quot;:165,&quot;335559739&quot;:165,&quot;335559740&quot;:240}\">\u00a0<\/span><\/p>\n\t\t\t\t\t<\/div>\n\t\t\t\t\t\t\t\t\t<\/div>\n\t\t\t<\/div>        \n\t\t<\/div>\n\t<\/div>\n<\/div>\n<!-- END OF : Composant : block-periscope-theme-section-composant-33-texte-image.php -->\n","protected":false},"excerpt":{"rendered":"","protected":false},"featured_media":16004692,"menu_order":0,"template":"","periscope_categorie_tax":[3514],"class_list":["post-16037560","article","type-article","status-publish","has-post-thumbnail","hentry","periscope_categorie_tax-tous-nos-tops-selections-de"],"acf":[],"yoast_head":"<title>Ein Seminar mit Blick auf das Mittelmeer\u00a0 - Accor MyAllMeeting.com<\/title>\n<meta name=\"robots\" content=\"index, follow, max-snippet:-1, max-image-preview:large, max-video-preview:-1\" \/>\n<link rel=\"canonical\" href=\"https:\/\/www.myallmeeting.com\/de\/wp-json\/wp\/v2\/article\/16037560\" \/>\n<meta property=\"og:locale\" content=\"de_DE\" \/>\n<meta property=\"og:type\" content=\"article\" \/>\n<meta property=\"og:title\" content=\"Ein Seminar mit Blick auf das Mittelmeer\u00a0 - Accor MyAllMeeting.com\" \/>\n<meta property=\"og:url\" content=\"https:\/\/www.myallmeeting.com\/de\/article\/ein-seminar-mit-blick-auf-das-mittelmeer\/\" \/>\n<meta property=\"og:site_name\" content=\"Accor MyAllMeeting.com\" \/>\n<meta property=\"article:modified_time\" content=\"2024-07-22T12:51:18+00:00\" \/>\n<meta property=\"og:image\" content=\"http:\/\/myallmeeting.com\/wp-content\/uploads\/2020\/02\/Antibes-1024x304.png\" \/>\n\t<meta property=\"og:image:width\" content=\"1024\" \/>\n\t<meta property=\"og:image:height\" content=\"304\" \/>\n\t<meta property=\"og:image:type\" content=\"image\/png\" \/>\n<meta name=\"twitter:card\" content=\"summary_large_image\" \/>\n<meta name=\"twitter:label1\" content=\"Est. reading time\" \/>\n\t<meta name=\"twitter:data1\" content=\"4 minutes\" \/>\n<script type=\"application\/ld+json\" class=\"yoast-schema-graph\">{\"@context\":\"https:\/\/schema.org\",\"@graph\":[{\"@type\":\"WebPage\",\"@id\":\"https:\/\/www.myallmeeting.com\/de\/article\/ein-seminar-mit-blick-auf-das-mittelmeer\/\",\"url\":\"https:\/\/www.myallmeeting.com\/de\/article\/ein-seminar-mit-blick-auf-das-mittelmeer\/\",\"name\":\"Ein Seminar mit Blick auf das Mittelmeer\u00a0 - Accor MyAllMeeting.com\",\"isPartOf\":{\"@id\":\"https:\/\/www.myallmeeting.com\/de\/#website\"},\"primaryImageOfPage\":{\"@id\":\"https:\/\/www.myallmeeting.com\/de\/article\/ein-seminar-mit-blick-auf-das-mittelmeer\/#primaryimage\"},\"image\":{\"@id\":\"https:\/\/www.myallmeeting.com\/de\/article\/ein-seminar-mit-blick-auf-das-mittelmeer\/#primaryimage\"},\"thumbnailUrl\":\"https:\/\/www.myallmeeting.com\/wp-content\/uploads\/2020\/02\/Antibes.png\",\"datePublished\":\"2020-02-13T14:39:37+00:00\",\"dateModified\":\"2024-07-22T12:51:18+00:00\",\"breadcrumb\":{\"@id\":\"https:\/\/www.myallmeeting.com\/de\/article\/ein-seminar-mit-blick-auf-das-mittelmeer\/#breadcrumb\"},\"inLanguage\":\"de-DE\",\"potentialAction\":[{\"@type\":\"ReadAction\",\"target\":[\"https:\/\/www.myallmeeting.com\/de\/article\/ein-seminar-mit-blick-auf-das-mittelmeer\/\"]}]},{\"@type\":\"ImageObject\",\"inLanguage\":\"de-DE\",\"@id\":\"https:\/\/www.myallmeeting.com\/de\/article\/ein-seminar-mit-blick-auf-das-mittelmeer\/#primaryimage\",\"url\":\"https:\/\/www.myallmeeting.com\/wp-content\/uploads\/2020\/02\/Antibes.png\",\"contentUrl\":\"https:\/\/www.myallmeeting.com\/wp-content\/uploads\/2020\/02\/Antibes.png\",\"width\":1920,\"height\":570},{\"@type\":\"BreadcrumbList\",\"@id\":\"https:\/\/www.myallmeeting.com\/de\/article\/ein-seminar-mit-blick-auf-das-mittelmeer\/#breadcrumb\",\"itemListElement\":[{\"@type\":\"ListItem\",\"position\":1,\"name\":\"Homepage\",\"item\":\"https:\/\/myallmeeting.com\/de\/\"},{\"@type\":\"ListItem\",\"position\":2,\"name\":\"Aktuelles\",\"item\":\"https:\/\/www.myallmeeting.com\/de\/aktuelles\/\"},{\"@type\":\"ListItem\",\"position\":3,\"name\":\"Ein Seminar mit Blick auf das Mittelmeer\u00a0\"}]},{\"@type\":\"WebSite\",\"@id\":\"https:\/\/www.myallmeeting.com\/de\/#website\",\"url\":\"https:\/\/www.myallmeeting.com\/de\/\",\"name\":\"Accor MyAllMeeting.com\",\"description\":\"Les Meilleurs lieux pour vos Ev\u00e9nements Professionnels\",\"publisher\":{\"@id\":\"https:\/\/www.myallmeeting.com\/de\/#organization\"},\"potentialAction\":[{\"@type\":\"SearchAction\",\"target\":{\"@type\":\"EntryPoint\",\"urlTemplate\":\"https:\/\/www.myallmeeting.com\/de\/?s={search_term_string}\"},\"query-input\":{\"@type\":\"PropertyValueSpecification\",\"valueRequired\":true,\"valueName\":\"search_term_string\"}}],\"inLanguage\":\"de-DE\"},{\"@type\":\"Organization\",\"@id\":\"https:\/\/www.myallmeeting.com\/de\/#organization\",\"name\":\"ACCOR\",\"url\":\"https:\/\/www.myallmeeting.com\/de\/\",\"logo\":{\"@type\":\"ImageObject\",\"inLanguage\":\"de-DE\",\"@id\":\"https:\/\/www.myallmeeting.com\/de\/#\/schema\/logo\/image\/\",\"url\":\"\",\"contentUrl\":\"\",\"caption\":\"ACCOR\"},\"image\":{\"@id\":\"https:\/\/www.myallmeeting.com\/de\/#\/schema\/logo\/image\/\"}}]}<\/script>","yoast_head_json":{"title":"Ein Seminar mit Blick auf das Mittelmeer\u00a0 - Accor MyAllMeeting.com","robots":{"index":"index","follow":"follow","max-snippet":"max-snippet:-1","max-image-preview":"max-image-preview:large","max-video-preview":"max-video-preview:-1"},"canonical":"https:\/\/www.myallmeeting.com\/de\/wp-json\/wp\/v2\/article\/16037560","og_locale":"de_DE","og_type":"article","og_title":"Ein Seminar mit Blick auf das Mittelmeer\u00a0 - Accor MyAllMeeting.com","og_url":"https:\/\/www.myallmeeting.com\/de\/article\/ein-seminar-mit-blick-auf-das-mittelmeer\/","og_site_name":"Accor MyAllMeeting.com","article_modified_time":"2024-07-22T12:51:18+00:00","og_image":[{"width":1024,"height":304,"url":"http:\/\/myallmeeting.com\/wp-content\/uploads\/2020\/02\/Antibes-1024x304.png","type":"image\/png"}],"twitter_card":"summary_large_image","twitter_misc":{"Est. reading time":"4 minutes"},"schema":{"@context":"https:\/\/schema.org","@graph":[{"@type":"WebPage","@id":"https:\/\/www.myallmeeting.com\/de\/article\/ein-seminar-mit-blick-auf-das-mittelmeer\/","url":"https:\/\/www.myallmeeting.com\/de\/article\/ein-seminar-mit-blick-auf-das-mittelmeer\/","name":"Ein Seminar mit Blick auf das Mittelmeer\u00a0 - Accor MyAllMeeting.com","isPartOf":{"@id":"https:\/\/www.myallmeeting.com\/de\/#website"},"primaryImageOfPage":{"@id":"https:\/\/www.myallmeeting.com\/de\/article\/ein-seminar-mit-blick-auf-das-mittelmeer\/#primaryimage"},"image":{"@id":"https:\/\/www.myallmeeting.com\/de\/article\/ein-seminar-mit-blick-auf-das-mittelmeer\/#primaryimage"},"thumbnailUrl":"https:\/\/www.myallmeeting.com\/wp-content\/uploads\/2020\/02\/Antibes.png","datePublished":"2020-02-13T14:39:37+00:00","dateModified":"2024-07-22T12:51:18+00:00","breadcrumb":{"@id":"https:\/\/www.myallmeeting.com\/de\/article\/ein-seminar-mit-blick-auf-das-mittelmeer\/#breadcrumb"},"inLanguage":"de-DE","potentialAction":[{"@type":"ReadAction","target":["https:\/\/www.myallmeeting.com\/de\/article\/ein-seminar-mit-blick-auf-das-mittelmeer\/"]}]},{"@type":"ImageObject","inLanguage":"de-DE","@id":"https:\/\/www.myallmeeting.com\/de\/article\/ein-seminar-mit-blick-auf-das-mittelmeer\/#primaryimage","url":"https:\/\/www.myallmeeting.com\/wp-content\/uploads\/2020\/02\/Antibes.png","contentUrl":"https:\/\/www.myallmeeting.com\/wp-content\/uploads\/2020\/02\/Antibes.png","width":1920,"height":570},{"@type":"BreadcrumbList","@id":"https:\/\/www.myallmeeting.com\/de\/article\/ein-seminar-mit-blick-auf-das-mittelmeer\/#breadcrumb","itemListElement":[{"@type":"ListItem","position":1,"name":"Homepage","item":"https:\/\/myallmeeting.com\/de\/"},{"@type":"ListItem","position":2,"name":"Aktuelles","item":"https:\/\/www.myallmeeting.com\/de\/aktuelles\/"},{"@type":"ListItem","position":3,"name":"Ein Seminar mit Blick auf das Mittelmeer\u00a0"}]},{"@type":"WebSite","@id":"https:\/\/www.myallmeeting.com\/de\/#website","url":"https:\/\/www.myallmeeting.com\/de\/","name":"Accor MyAllMeeting.com","description":"Les Meilleurs lieux pour vos Ev\u00e9nements Professionnels","publisher":{"@id":"https:\/\/www.myallmeeting.com\/de\/#organization"},"potentialAction":[{"@type":"SearchAction","target":{"@type":"EntryPoint","urlTemplate":"https:\/\/www.myallmeeting.com\/de\/?s={search_term_string}"},"query-input":{"@type":"PropertyValueSpecification","valueRequired":true,"valueName":"search_term_string"}}],"inLanguage":"de-DE"},{"@type":"Organization","@id":"https:\/\/www.myallmeeting.com\/de\/#organization","name":"ACCOR","url":"https:\/\/www.myallmeeting.com\/de\/","logo":{"@type":"ImageObject","inLanguage":"de-DE","@id":"https:\/\/www.myallmeeting.com\/de\/#\/schema\/logo\/image\/","url":"","contentUrl":"","caption":"ACCOR"},"image":{"@id":"https:\/\/www.myallmeeting.com\/de\/#\/schema\/logo\/image\/"}}]}},"_links":{"self":[{"href":"https:\/\/www.myallmeeting.com\/de\/wp-json\/wp\/v2\/article\/16037560","targetHints":{"allow":["GET"]}}],"collection":[{"href":"https:\/\/www.myallmeeting.com\/de\/wp-json\/wp\/v2\/article"}],"about":[{"href":"https:\/\/www.myallmeeting.com\/de\/wp-json\/wp\/v2\/types\/article"}],"wp:featuredmedia":[{"embeddable":true,"href":"https:\/\/www.myallmeeting.com\/de\/wp-json\/wp\/v2\/media\/16004692"}],"wp:attachment":[{"href":"https:\/\/www.myallmeeting.com\/de\/wp-json\/wp\/v2\/media?parent=16037560"}],"wp:term":[{"taxonomy":"periscope_categorie_tax","embeddable":true,"href":"https:\/\/www.myallmeeting.com\/de\/wp-json\/wp\/v2\/periscope_categorie_tax?post=16037560"}],"curies":[{"name":"wp","href":"https:\/\/api.w.org\/{rel}","templated":true}]}}