{"id":16036975,"date":"2018-10-30T15:51:57","date_gmt":"2018-10-30T14:51:57","guid":{"rendered":"https:\/\/myallmeeting.com\/article\/top-10-de-nos-adresses-accor-au-coeur-des-plus-belles-montagnes-francaises\/"},"modified":"2024-07-16T16:56:40","modified_gmt":"2024-07-16T14:56:40","slug":"top-10-der-accor-hotels-in-den-schonsten-bergen-frankreichs","status":"publish","type":"article","link":"https:\/\/www.myallmeeting.com\/de\/article\/top-10-der-accor-hotels-in-den-schonsten-bergen-frankreichs\/","title":{"rendered":"Top 10 der Accor-Hotels in den sch\u00f6nsten Bergen Frankreichs\u00a0"},"content":{"rendered":"<!-- START OF : Composant : block-periscope-theme-section-composant-25-texte-cta-2-images.php -->\n<div class=\"tcta2ia bg-white fs-wysiwyg mb-lg-12\" data-component=\"25-texte-cta-2-images\">\n\t<div class=\"tcta2ia__top\">\n\t\t<div class=\"container-fluid\" style=\"--bs-gutter-x: 0\">\n\t\t\t<div class=\"row\" style=\"--bs-gutter-x: 0\">\n\t\t\t\t<div class=\"col-lg-8\">\n\t\t\t\t\t\t\t\t\t\t<div class=\"bloc-mise-en-avant__top__left\">\n\t\t\t\t\t\t<img decoding=\"async\" src=\"https:\/\/www.myallmeeting.com\/wp-content\/uploads\/2018\/10\/6488-50-1268x846.jpg\" class=\"pe-2 pe-lg-0\" width=\"1268\" height=\"846\" alt=\"s\u00e9minaire original\" loading=\"lazy\" \/>\n\t\t\t\t\t<\/div>\n\t\t\t\t\t\t\t\t\t\t<div class=\"tcta2ia__bottom d-none d-lg-block pb-12 pt-lg-9 pb-lg-0 pe-lg-10\">\n\t\t\t\t\t\t\t\t\t\t\t\t<h2 class=\"fs-20 fs-lg-32 fw-semibold\">Mercure Saint-Lary Sensoria<\/h2>\n\t\t\t\t\t\t\t\t\t\t\t\t\t\t\t\t\t\t<div class=\"fs-wysiwyg\"><p style=\"text-align: center;\"><em><span data-contrast=\"none\" xml:lang=\"DE-DE\" lang=\"DE-DE\" class=\"TextRun SCXW28515472 BCX0\"><span class=\"NormalTextRun SCXW28515472 BCX0\" data-ccp-parastyle=\"Heading 4\">Ein Dorf in den Pyren\u00e4en, das zum franz\u00f6sischen S\u00fcdwesten und Spanien hin offen ist<\/span><\/span><span class=\"EOP SCXW28515472 BCX0\" data-ccp-props=\"{&quot;134245417&quot;:true,&quot;134245418&quot;:true,&quot;134245529&quot;:true,&quot;201341983&quot;:0,&quot;335551550&quot;:2,&quot;335551620&quot;:2,&quot;335557856&quot;:16119028,&quot;335559738&quot;:165,&quot;335559739&quot;:165,&quot;335559740&quot;:240}\">\u00a0<\/span><\/em><\/p>\n<p><span data-contrast=\"none\">Im <\/span><b><span data-contrast=\"none\">Herzen der Pyren\u00e4en<\/span><\/b><span data-contrast=\"none\">, unweit von Lourdes und erreichbar vom Bahnhof Lannemezan und den Flugh\u00e4fen Tarbes, Toulouse und Pau, liegt Saint-Lary \u00fcber den Bielsa-Tunnel auch in der N\u00e4he von Spanien.<\/span><span data-ccp-props=\"{&quot;134245417&quot;:true,&quot;134245418&quot;:true,&quot;134245529&quot;:true,&quot;201341983&quot;:0,&quot;335551550&quot;:6,&quot;335551620&quot;:6,&quot;335557856&quot;:16119028,&quot;335559738&quot;:165,&quot;335559739&quot;:165,&quot;335559740&quot;:240}\">\u00a0<\/span><\/p>\n<p><span data-contrast=\"none\"><a href=\"https:\/\/myallmeeting.com\/de\/hotel\/2904-hotel-mercure-de-saint-lary\/\">Das Hotel<\/a> verf\u00fcgt \u00fcber <\/span><b><span data-contrast=\"none\">65 Zimmer mit Balkon<\/span><\/b><span data-contrast=\"none\"> und bietet eine au\u00dfergew\u00f6hnliche Umgebung mit Blick auf die majest\u00e4tischen <\/span><b><span data-contrast=\"none\">Pyren\u00e4en<\/span><\/b><span data-contrast=\"none\">. Seine 5 <\/span><b><span data-contrast=\"none\">Tagungsr\u00e4ume<\/span><\/b><span data-contrast=\"none\">, mit einer Kapazit\u00e4t von 7 bis 120 Personen, sind modular und verf\u00fcgen \u00fcber einen <\/span><b><span data-contrast=\"none\">Panoramablick<\/span><\/b><span data-contrast=\"none\"> auf die Berge. Ein idealer Rahmen f\u00fcr ein <\/span><b><span data-contrast=\"none\">originelles Accor-Seminar<\/span><\/b><span data-contrast=\"none\">.<\/span><span data-ccp-props=\"{&quot;134245417&quot;:true,&quot;201341983&quot;:0,&quot;335551550&quot;:6,&quot;335551620&quot;:6,&quot;335557856&quot;:16119028,&quot;335559738&quot;:165,&quot;335559739&quot;:165,&quot;335559740&quot;:240}\">\u00a0<\/span><\/p>\n<p><span data-contrast=\"none\">Um die berufliche Erfahrung durch echte <\/span><b><span data-contrast=\"none\">Entspannung<\/span><\/b><span data-contrast=\"none\"> zu erweitern, verf\u00fcgt das Hotel \u00fcber einen <\/span><b><span data-contrast=\"none\">Thermalbereich<\/span><\/b><span data-contrast=\"none\"> und <\/span><b><span data-contrast=\"none\">Spa Nuxe<\/span><\/b><span data-contrast=\"none\">. Drau\u00dfen gibt es ein breites Angebot an Aktivit\u00e4ten: Langlauf oder Alpinski &#8211; das Hotel liegt 50 Meter von der n\u00e4chsten Seilbahn entfernt -, Wassergymnastik und Fitness. Minigolf, Rafting und sogar eine Eisbahn sind ebenfalls in der N\u00e4he!<\/span><span data-ccp-props=\"{&quot;134245417&quot;:true,&quot;201341983&quot;:0,&quot;335551550&quot;:6,&quot;335551620&quot;:6,&quot;335557856&quot;:16119028,&quot;335559738&quot;:165,&quot;335559739&quot;:165,&quot;335559740&quot;:240}\">\u00a0<\/span><\/p>\n<\/div>\n\t\t\t\t\t\t\t\t\t\t\t\t<div class=\"d-flex flex-column flex-lg-row align-items-center gap-5 gap-lg-8 justify-content-between\">\n\t\t\t\t\t\t\t<div class=\"fs-20 fs-lg-26 fw-semibold lh-xs\"><\/div>\n\t\t\t\t\t\t\t\t\t\t\t\t\t<\/div>\n\t\t\t\t\t<\/div>\n\t\t\t\t<\/div>\n\t\t\t\t<div class=\"col-lg-4\">\n\t\t\t\t\t<div class=\"tcta2ia__top__right t-0 r-0 bg-primary text-white pt-4 pb-4 px-2 pt-lg-8 pb-lg-16 px-lg-11 pb-xl-30\">\n\t\t\t\t\t\t\t\t\t\t\t\t\t\t\t\t\t\t<h2 class=\"unna fs-36 fs-lg-51 fs-xl-75 fs-italic fw-normal text-secondary\">Top 10 der Accor-Hotels in den sch\u00f6nsten Bergen Frankreichs <\/h2>\n\t\t\t\t\t\t\t\t\t\t\t\t\t\t\t\t\t\t\t\t\t\t\t\t<div class=\"fs-wysiwyg mb-4 fs-lg-16 fs-xl-20\"><p><span data-contrast=\"none\" xml:lang=\"DE-DE\" lang=\"DE-DE\" class=\"TextRun SCXW151906268 BCX0\"><span class=\"NormalTextRun SCXW151906268 BCX0\" data-ccp-parastyle=\"LO-normal\">Zwischen <\/span><\/span><span data-contrast=\"none\" xml:lang=\"DE-DE\" lang=\"DE-DE\" class=\"TextRun SCXW151906268 BCX0\"><span class=\"NormalTextRun SCXW151906268 BCX0\" data-ccp-parastyle=\"LO-normal\">Alpen<\/span><\/span><span data-contrast=\"none\" xml:lang=\"DE-DE\" lang=\"DE-DE\" class=\"TextRun SCXW151906268 BCX0\"><span class=\"NormalTextRun SCXW151906268 BCX0\" data-ccp-parastyle=\"LO-normal\"> und <\/span><\/span><span data-contrast=\"none\" xml:lang=\"DE-DE\" lang=\"DE-DE\" class=\"TextRun SCXW151906268 BCX0\"><span class=\"NormalTextRun SCXW151906268 BCX0\" data-ccp-parastyle=\"LO-normal\">Pyren\u00e4en<\/span><\/span><span data-contrast=\"none\" xml:lang=\"DE-DE\" lang=\"DE-DE\" class=\"TextRun SCXW151906268 BCX0\"><span class=\"NormalTextRun SCXW151906268 BCX0\" data-ccp-parastyle=\"LO-normal\"> bietet <\/span><\/span><span data-contrast=\"none\" xml:lang=\"DE-DE\" lang=\"DE-DE\" class=\"TextRun SCXW151906268 BCX0\"><span class=\"NormalTextRun SCXW151906268 BCX0\" data-ccp-parastyle=\"LO-normal\">Accor<\/span><\/span><span data-contrast=\"none\" xml:lang=\"DE-DE\" lang=\"DE-DE\" class=\"TextRun SCXW151906268 BCX0\"><span class=\"NormalTextRun SCXW151906268 BCX0\" data-ccp-parastyle=\"LO-normal\"> 10 a<\/span><\/span><span data-contrast=\"none\" xml:lang=\"DE-DE\" lang=\"DE-DE\" class=\"TextRun SCXW151906268 BCX0\"><span class=\"NormalTextRun SCXW151906268 BCX0\" data-ccp-parastyle=\"LO-normal\">u\u00dfergew\u00f6hnliche Veranstaltungsorte<\/span><\/span><span data-contrast=\"none\" xml:lang=\"DE-DE\" lang=\"DE-DE\" class=\"TextRun SCXW151906268 BCX0\"><span class=\"NormalTextRun SCXW151906268 BCX0\" data-ccp-parastyle=\"LO-normal\"> f\u00fcr Ihre <\/span><\/span><span data-contrast=\"none\" xml:lang=\"DE-DE\" lang=\"DE-DE\" class=\"TextRun SCXW151906268 BCX0\"><span class=\"NormalTextRun SCXW151906268 BCX0\" data-ccp-parastyle=\"LO-normal\">Seminare<\/span><\/span><span data-contrast=\"none\" xml:lang=\"DE-DE\" lang=\"DE-DE\" class=\"TextRun SCXW151906268 BCX0\"><span class=\"NormalTextRun SCXW151906268 BCX0\" data-ccp-parastyle=\"LO-normal\">, <\/span><\/span><span data-contrast=\"none\" xml:lang=\"DE-DE\" lang=\"DE-DE\" class=\"TextRun SCXW151906268 BCX0\"><span class=\"NormalTextRun SCXW151906268 BCX0\" data-ccp-parastyle=\"LO-normal\">Meetings<\/span><\/span><span data-contrast=\"none\" xml:lang=\"DE-DE\" lang=\"DE-DE\" class=\"TextRun SCXW151906268 BCX0\"><span class=\"NormalTextRun SCXW151906268 BCX0\" data-ccp-parastyle=\"LO-normal\"> oder <\/span><\/span><span data-contrast=\"none\" xml:lang=\"DE-DE\" lang=\"DE-DE\" class=\"TextRun SCXW151906268 BCX0\"><span class=\"NormalTextRun SCXW151906268 BCX0\" data-ccp-parastyle=\"LO-normal\">Kongresse<\/span><\/span><span data-contrast=\"none\" xml:lang=\"DE-DE\" lang=\"DE-DE\" class=\"TextRun SCXW151906268 BCX0\"><span class=\"NormalTextRun SCXW151906268 BCX0\" data-ccp-parastyle=\"LO-normal\"> vor einer atemberaubenden Kulisse.<\/span><\/span><span class=\"EOP SCXW151906268 BCX0\" data-ccp-props=\"{&quot;134245417&quot;:true,&quot;201341983&quot;:0,&quot;335551550&quot;:6,&quot;335551620&quot;:6,&quot;335557856&quot;:16119028,&quot;335559738&quot;:165,&quot;335559739&quot;:165,&quot;335559740&quot;:240}\">\u00a0<\/span><\/p>\n<\/div>\n\t\t\t\t\t\t\t\t\t\t\t\t\t\t\t\t\t\t\t\t\t\t\t\t<p class=\"m-0\"><img decoding=\"async\" src=\"https:\/\/www.myallmeeting.com\/wp-content\/uploads\/2018\/10\/2167-38-633x398.jpg\" class=\"position-relative l-0\" width=\"633\" height=\"398\" alt=\"s\u00e9minaire original salle\" loading=\"lazy\" \/><\/p>\n\t\t\t\t\t\t\t\t\t\t\t<\/div>\n\t\t\t\t<\/div>\n\t\t\t<\/div>\n\t\t<\/div>\n\t<\/div>\n\t<div class=\"tcta2ia__bottom d-lg-none pb-12 py-lg-9 pe-lg-10\">\n\t\t\t\t<div class=\"h2 fs-20 fs-lg-32 fw-semibold\">Mercure Saint-Lary Sensoria<\/div>\n\t\t\t\t\t\t<div class=\"fs-wysiwyg\"><p style=\"text-align: center;\"><em><span data-contrast=\"none\" xml:lang=\"DE-DE\" lang=\"DE-DE\" class=\"TextRun SCXW28515472 BCX0\"><span class=\"NormalTextRun SCXW28515472 BCX0\" data-ccp-parastyle=\"Heading 4\">Ein Dorf in den Pyren\u00e4en, das zum franz\u00f6sischen S\u00fcdwesten und Spanien hin offen ist<\/span><\/span><span class=\"EOP SCXW28515472 BCX0\" data-ccp-props=\"{&quot;134245417&quot;:true,&quot;134245418&quot;:true,&quot;134245529&quot;:true,&quot;201341983&quot;:0,&quot;335551550&quot;:2,&quot;335551620&quot;:2,&quot;335557856&quot;:16119028,&quot;335559738&quot;:165,&quot;335559739&quot;:165,&quot;335559740&quot;:240}\">\u00a0<\/span><\/em><\/p>\n<p><span data-contrast=\"none\">Im <\/span><b><span data-contrast=\"none\">Herzen der Pyren\u00e4en<\/span><\/b><span data-contrast=\"none\">, unweit von Lourdes und erreichbar vom Bahnhof Lannemezan und den Flugh\u00e4fen Tarbes, Toulouse und Pau, liegt Saint-Lary \u00fcber den Bielsa-Tunnel auch in der N\u00e4he von Spanien.<\/span><span data-ccp-props=\"{&quot;134245417&quot;:true,&quot;134245418&quot;:true,&quot;134245529&quot;:true,&quot;201341983&quot;:0,&quot;335551550&quot;:6,&quot;335551620&quot;:6,&quot;335557856&quot;:16119028,&quot;335559738&quot;:165,&quot;335559739&quot;:165,&quot;335559740&quot;:240}\">\u00a0<\/span><\/p>\n<p><span data-contrast=\"none\"><a href=\"https:\/\/myallmeeting.com\/de\/hotel\/2904-hotel-mercure-de-saint-lary\/\">Das Hotel<\/a> verf\u00fcgt \u00fcber <\/span><b><span data-contrast=\"none\">65 Zimmer mit Balkon<\/span><\/b><span data-contrast=\"none\"> und bietet eine au\u00dfergew\u00f6hnliche Umgebung mit Blick auf die majest\u00e4tischen <\/span><b><span data-contrast=\"none\">Pyren\u00e4en<\/span><\/b><span data-contrast=\"none\">. Seine 5 <\/span><b><span data-contrast=\"none\">Tagungsr\u00e4ume<\/span><\/b><span data-contrast=\"none\">, mit einer Kapazit\u00e4t von 7 bis 120 Personen, sind modular und verf\u00fcgen \u00fcber einen <\/span><b><span data-contrast=\"none\">Panoramablick<\/span><\/b><span data-contrast=\"none\"> auf die Berge. Ein idealer Rahmen f\u00fcr ein <\/span><b><span data-contrast=\"none\">originelles Accor-Seminar<\/span><\/b><span data-contrast=\"none\">.<\/span><span data-ccp-props=\"{&quot;134245417&quot;:true,&quot;201341983&quot;:0,&quot;335551550&quot;:6,&quot;335551620&quot;:6,&quot;335557856&quot;:16119028,&quot;335559738&quot;:165,&quot;335559739&quot;:165,&quot;335559740&quot;:240}\">\u00a0<\/span><\/p>\n<p><span data-contrast=\"none\">Um die berufliche Erfahrung durch echte <\/span><b><span data-contrast=\"none\">Entspannung<\/span><\/b><span data-contrast=\"none\"> zu erweitern, verf\u00fcgt das Hotel \u00fcber einen <\/span><b><span data-contrast=\"none\">Thermalbereich<\/span><\/b><span data-contrast=\"none\"> und <\/span><b><span data-contrast=\"none\">Spa Nuxe<\/span><\/b><span data-contrast=\"none\">. Drau\u00dfen gibt es ein breites Angebot an Aktivit\u00e4ten: Langlauf oder Alpinski &#8211; das Hotel liegt 50 Meter von der n\u00e4chsten Seilbahn entfernt -, Wassergymnastik und Fitness. Minigolf, Rafting und sogar eine Eisbahn sind ebenfalls in der N\u00e4he!<\/span><span data-ccp-props=\"{&quot;134245417&quot;:true,&quot;201341983&quot;:0,&quot;335551550&quot;:6,&quot;335551620&quot;:6,&quot;335557856&quot;:16119028,&quot;335559738&quot;:165,&quot;335559739&quot;:165,&quot;335559740&quot;:240}\">\u00a0<\/span><\/p>\n<\/div>\n\t\t\t\t<div class=\"d-flex flex-column flex-lg-row align-items-center gap-5 gap-lg-8 justify-content-between\">\n\t\t\t<div class=\"fs-20 fs-lg-26 fw-semibold lh-xs\"><\/div>\n\t\t\t\t\t<\/div>\n\t<\/div>\n<\/div>\n<!-- END OF : Composant : block-periscope-theme-section-composant-25-texte-cta-2-images.php -->\n\n\n<!-- START OF : Composant : block-periscope-theme-section-composant-33-texte-image.php -->\n<div class=\"text-image fs-wysiwyg mb-8 mb-lg-12\" data-component=\"33-texte-image\">\n\t<div class=\"container-fluid\" style=\"--bs-gutter-x: 0\">\n\t\t<div class=\"row\" style=\"--bs-gutter-x: 0\">\n\t\t\t\t\t\t<div class=\"col-lg-6 mb-7 mb-lg-0\">\n\t\t\t\t<img decoding=\"async\" src=\"https:\/\/www.myallmeeting.com\/wp-content\/uploads\/2018\/10\/Mercure-Loudenvielle-Pyrenees-Peyragudes-4-953x600.jpg\" width=\"953\" height=\"600\" alt=\"s\u00e9minaire original\" loading=\"lazy\" class=\"w-100\" \/>\n\t\t\t<\/div>\n\t\t\t\t\t\t<div class=\"col-lg-6\">\n\t\t\t\t<div class=\"text-image__content\">\n\t\t\t\t\t\t\t\t\t\t<div class=\"fw-semibold lh-xs fs-20 fs-lg-32 ls--25 mb-5\">Mercure Peyragudes Loudenvielle Pyr\u00e9n\u00e9es <\/div>\n\t\t\t\t\t\t\t\t\t\t\t\t\t\t\t<div class=\"fs-wysiwyg\">\n\t\t\t\t\t\t<p style=\"text-align: center;\"><i><span data-contrast=\"none\">Der Charme der Seen und Berge der Pyren\u00e4en<\/span><\/i><span data-ccp-props=\"{&quot;134245417&quot;:true,&quot;134245418&quot;:true,&quot;134245529&quot;:true,&quot;201341983&quot;:0,&quot;335551550&quot;:2,&quot;335551620&quot;:2,&quot;335557856&quot;:16119028,&quot;335559738&quot;:165,&quot;335559739&quot;:165,&quot;335559740&quot;:240}\">\u00a0<\/span><\/p>\n<p><span data-contrast=\"none\">Das h\u00fcbsche Dorf Loudenvielle liegt auf 900 m H\u00f6he im Herzen des Louron-Tals. Es ist \u00fcber die Flugh\u00e4fen von Pau (1 Stunde) oder Toulouse (1 Stunde 30 Minuten) zu erreichen.<\/span><span data-ccp-props=\"{&quot;134245417&quot;:true,&quot;201341983&quot;:0,&quot;335551550&quot;:6,&quot;335551620&quot;:6,&quot;335557856&quot;:16119028,&quot;335559738&quot;:165,&quot;335559739&quot;:165,&quot;335559740&quot;:240}\">\u00a0<\/span><\/p>\n<p><span data-contrast=\"none\"><a href=\"https:\/\/myallmeeting.com\/de\/hotel\/b803-mercure-peyragudes-loudenvielle-pyrenees\/\">Das Hotel<\/a> mit <\/span><b><span data-contrast=\"none\">62 Zimmern<\/span><\/b><span data-contrast=\"none\"> befindet sich in einem wundersch\u00f6nen Geb\u00e4ude, das ganz im Stil der <\/span><b><span data-contrast=\"none\">Pyren\u00e4en-Chalets<\/span><\/b><span data-contrast=\"none\"> aus Stein, Holz und Schiefer erbaut wurde. Es ist der ideale Ausgangspunkt f\u00fcr ein <\/span><b><span data-contrast=\"none\">originelles Wohnseminar<\/span><\/b><span data-contrast=\"none\"> mit <\/span><b><span data-contrast=\"none\">4 Tagungsr\u00e4umen f\u00fcr bis zu 85 Teilnehmer<\/span><\/b><span data-contrast=\"none\"> und dem nahe gelegenen Kongresszentrum <\/span><b><span data-contrast=\"none\">Valgora<\/span><\/b><span data-contrast=\"none\"> f\u00fcr bis zu 500 Personen.<\/span><span data-ccp-props=\"{&quot;134245417&quot;:true,&quot;201341983&quot;:0,&quot;335551550&quot;:6,&quot;335551620&quot;:6,&quot;335557856&quot;:16119028,&quot;335559738&quot;:165,&quot;335559739&quot;:165,&quot;335559740&quot;:240}\">\u00a0<\/span><\/p>\n<p><span data-contrast=\"none\">Das <\/span><b><span data-contrast=\"none\">Nuxe Spa<\/span><\/b><span data-contrast=\"none\"> des Hotels und der <\/span><b><span data-contrast=\"none\">Balneo-Bereich (Sauna, Sprudelb\u00e4der)<\/span><\/b><span data-contrast=\"none\"> sorgen f\u00fcr Wohlbefinden und Entspannung Ihrer Teams, vor allem nach einem anstrengenden Tag auf der Piste. Das <\/span><b><span data-contrast=\"none\">Bahnhof Peyragudes<\/span><\/b><span data-contrast=\"none\"> kann mit der Skyvall Seilbahn vor dem Hotel erreicht werden.<\/span><span data-ccp-props=\"{&quot;134245417&quot;:true,&quot;201341983&quot;:0,&quot;335551550&quot;:6,&quot;335551620&quot;:6,&quot;335557856&quot;:16119028,&quot;335559738&quot;:165,&quot;335559739&quot;:165,&quot;335559740&quot;:240}\">\u00a0<\/span><\/p>\n\t\t\t\t\t<\/div>\n\t\t\t\t\t\t\t\t\t<\/div>\n\t\t\t<\/div>        \n\t\t<\/div>\n\t<\/div>\n<\/div>\n<!-- END OF : Composant : block-periscope-theme-section-composant-33-texte-image.php -->\n\n\n<!-- START OF : Composant : block-periscope-theme-section-composant-33-texte-image.php -->\n<!-- INVERSE -->\n<div class=\"text-image fs-wysiwyg mb-8 mb-lg-12\" data-component=\"33-texte-image\" data-reverse=\"oui\">\n\t<div class=\"container-fluid\" style=\"--bs-gutter-x: 0\">\n\t\t<div class=\"row\" style=\"--bs-gutter-x: 0\">\n\t\t\t<div class=\"col-lg-6\">\n\t\t\t\t<div class=\"text-image__content\">\n\t\t\t\t\t\t\t\t\t\t<div class=\"fw-semibold lh-xs fs-20 fs-lg-32 ls--25 mb-5\">Novotel Meg\u00e8ve Mont-Blanc <\/div>\n\t\t\t\t\t\t\t\t\t\t\t\t\t\t\t<div class=\"fs-wysiwyg\">\n\t\t\t\t\t\t<p style=\"text-align: center;\"><i><span data-contrast=\"none\">Genie\u00dfen Sie die grandiose Kulisse des Mer de Glace und der Aiguille du Midi<\/span><\/i><span data-ccp-props=\"{&quot;134245417&quot;:true,&quot;134245418&quot;:true,&quot;134245529&quot;:true,&quot;201341983&quot;:0,&quot;335551550&quot;:2,&quot;335551620&quot;:2,&quot;335557856&quot;:16119028,&quot;335559738&quot;:165,&quot;335559739&quot;:165,&quot;335559740&quot;:240}\">\u00a0<\/span><\/p>\n<p><span data-contrast=\"none\">Im Herzen des mond\u00e4nen Meg\u00e8ve, einem der renommiertesten Wintersportorte der <\/span><b><span data-contrast=\"none\">Haute-Savoie<\/span><\/b><span data-contrast=\"none\">, am Fu\u00dfe des <\/span><b><span data-contrast=\"none\">Mont Blanc<\/span><\/b><span data-contrast=\"none\"> gelegen, ist <a href=\"https:\/\/myallmeeting.com\/de\/hotel\/b5i0-novotel-megeve-mont-blanc\/\">dieses Hotel<\/a> mit <\/span><b><span data-contrast=\"none\">92 Zimmern<\/span><\/b><span data-contrast=\"none\"> \u00fcber die Flugh\u00e4fen Genf und Lyon-Saint-Exup\u00e9ry oder den Bahnhof Sallanches zu erreichen.<\/span><span data-ccp-props=\"{&quot;134245417&quot;:true,&quot;201341983&quot;:0,&quot;335551550&quot;:6,&quot;335551620&quot;:6,&quot;335557856&quot;:16119028,&quot;335559738&quot;:165,&quot;335559739&quot;:165,&quot;335559740&quot;:240}\">\u00a0<\/span><\/p>\n<p><span data-contrast=\"none\">Die <\/span><b><span data-contrast=\"none\">4 Tagungsr\u00e4ume<\/span><\/b><span data-contrast=\"none\">, der gr\u00f6\u00dfte mit <\/span><b><span data-contrast=\"none\">200 m\u00b2<\/span><\/b><span data-contrast=\"none\">, verf\u00fcgen \u00fcber nat\u00fcrliches Licht und Zugang zu einer sch\u00f6nen Terrasse, von der aus Sie die herrliche Umgebung bewundern k\u00f6nnen.<\/span><span data-ccp-props=\"{&quot;134245417&quot;:true,&quot;201341983&quot;:0,&quot;335551550&quot;:6,&quot;335551620&quot;:6,&quot;335557856&quot;:16119028,&quot;335559738&quot;:165,&quot;335559739&quot;:165,&quot;335559740&quot;:240}\">\u00a0<\/span><\/p>\n<p><span data-contrast=\"none\">Der f\u00fcr Hotelg\u00e4ste kostenlose <\/span><b><span data-contrast=\"none\">Pendelbus<\/span><\/b><span data-contrast=\"none\"> bringt Sie in weniger als 3 Minuten ins <\/span><b><span data-contrast=\"none\">Skigebiet (400 km Pisten!)<\/span><\/b><span data-contrast=\"none\">. Und um sich nach einem anstrengenden Tag zu erholen, k\u00f6nnen Sie im nahegelegenen <\/span><b><span data-contrast=\"none\">Palais Meg\u00e8ve (kostenloser Zugang f\u00fcr Hotelg\u00e4ste)<\/span><\/b> <b><span data-contrast=\"none\">Balneotherapie, Sauna, Hammam, Fitness<\/span><\/b><span data-contrast=\"none\"> und vieles mehr genie\u00dfen.<\/span><span data-ccp-props=\"{&quot;134245417&quot;:true,&quot;201341983&quot;:0,&quot;335551550&quot;:6,&quot;335551620&quot;:6,&quot;335557856&quot;:16119028,&quot;335559738&quot;:165,&quot;335559739&quot;:165,&quot;335559740&quot;:240}\">\u00a0<\/span><\/p>\n\t\t\t\t\t<\/div>\n\t\t\t\t\t\t\t\t\t<\/div>\n\t\t\t<\/div>    \n\t\t\t    \n\t\t\t<div class=\"col-lg-6 order-first order-lg-last mb-7 mb-lg-0\">\n\t\t\t\t<img decoding=\"async\" src=\"https:\/\/www.myallmeeting.com\/wp-content\/uploads\/2018\/10\/Novotel-Megeve-Mont-Blanc-2-953x600.jpg\" width=\"953\" height=\"600\" alt=\"s\u00e9minaire original\" loading=\"lazy\" class=\"w-100\" \/>\n\t\t\t<\/div>\n\t\t\t\t\t<\/div>\n\t<\/div>\n<\/div>\n<!-- END OF : Composant : block-periscope-theme-section-composant-33-texte-image.php -->\n\n\n<!-- START OF : Composant : block-periscope-theme-section-composant-33-texte-image.php -->\n<div class=\"text-image fs-wysiwyg mb-8 mb-lg-12\" data-component=\"33-texte-image\">\n\t<div class=\"container-fluid\" style=\"--bs-gutter-x: 0\">\n\t\t<div class=\"row\" style=\"--bs-gutter-x: 0\">\n\t\t\t\t\t\t<div class=\"col-lg-6 mb-7 mb-lg-0\">\n\t\t\t\t<img decoding=\"async\" src=\"https:\/\/www.myallmeeting.com\/wp-content\/uploads\/2018\/10\/Ibis-Styles-Les-Houches-Chamonix-1-953x600.jpg\" width=\"953\" height=\"600\" alt=\"s\u00e9minaire original\" loading=\"lazy\" class=\"w-100\" \/>\n\t\t\t<\/div>\n\t\t\t\t\t\t<div class=\"col-lg-6\">\n\t\t\t\t<div class=\"text-image__content\">\n\t\t\t\t\t\t\t\t\t\t<div class=\"fw-semibold lh-xs fs-20 fs-lg-32 ls--25 mb-5\">Ibis styles Les Houches Chamonix<\/div>\n\t\t\t\t\t\t\t\t\t\t\t\t\t\t\t<div class=\"fs-wysiwyg\">\n\t\t\t\t\t\t<p style=\"text-align: center;\"><i><span data-contrast=\"none\">Freundlichkeit im Herzen des Mont-Blanc-Tals<\/span><\/i><span data-ccp-props=\"{&quot;134245417&quot;:true,&quot;134245418&quot;:true,&quot;134245529&quot;:true,&quot;201341983&quot;:0,&quot;335551550&quot;:2,&quot;335551620&quot;:2,&quot;335557856&quot;:16119028,&quot;335559738&quot;:165,&quot;335559739&quot;:165,&quot;335559740&quot;:240}\">\u00a0<\/span><\/p>\n<p><span data-contrast=\"none\">In der N\u00e4he von <\/span><b><span data-contrast=\"none\">Chamonix<\/span><\/b><span data-contrast=\"none\"> und der <\/span><b><span data-contrast=\"none\">Aiguille du Midi<\/span><\/b><span data-contrast=\"none\">, befindet sich dieses Hotel mit <\/span><b><span data-contrast=\"none\">48 Zimmern<\/span><\/b><span data-contrast=\"none\">, den Sie \u00fcber den Flughafen Genf oder den Bahnhof Saint-Gervais-les-Bains &#8211; Le Fayet erreichen k\u00f6nnen.<\/span><span data-ccp-props=\"{&quot;134245417&quot;:true,&quot;201341983&quot;:0,&quot;335551550&quot;:6,&quot;335551620&quot;:6,&quot;335557856&quot;:16119028,&quot;335559738&quot;:165,&quot;335559739&quot;:165,&quot;335559740&quot;:240}\">\u00a0<\/span><\/p>\n<p><span data-contrast=\"none\"><a href=\"https:\/\/myallmeeting.com\/de\/hotel\/b9p8-ibis-styles-les-houches-chamonix\/\">Das Hotel<\/a> verf\u00fcgt \u00fcber einen <\/span><b><span data-contrast=\"none\">140 m\u00b2 gro\u00dfen Tagungsraum<\/span><\/b><span data-contrast=\"none\">, in dem Seminare oder Teambuildings in kleinen Gruppen zu g\u00fcnstigen Preisen stattfinden k\u00f6nnen.<\/span><span data-ccp-props=\"{&quot;134245417&quot;:true,&quot;201341983&quot;:0,&quot;335551550&quot;:6,&quot;335551620&quot;:6,&quot;335557856&quot;:16119028,&quot;335559738&quot;:165,&quot;335559739&quot;:165,&quot;335559740&quot;:240}\">\u00a0<\/span><\/p>\n<p><span data-contrast=\"none\">Ohne den Reiz der frischen Luft zu vergessen, mit all den M\u00f6glichkeiten, die die Umgebung zu bieten hat: Skifahren im Winter, dank der N\u00e4he des <\/span><b><span data-contrast=\"none\">Bellevue-Lifts (300 m)<\/span><\/b><span data-contrast=\"none\">, um die Pisten von Les Houches zu erreichen, und im Sommer die zahlreichen Attraktionen der Berge, wie Wandern, Rafting&#8230; oder sogar die <\/span><b><span data-contrast=\"none\">Mont-Blanc-Stra\u00dfenbahn<\/span><\/b><span data-contrast=\"none\">, der h\u00f6chstgelegenen Zahnradbahn Frankreichs, die Saint-Gervais mit dem Gletscher von Bionnassay verbindet: eine Fahrt durch eine atemberaubende Landschaft.<\/span><span data-ccp-props=\"{&quot;134245417&quot;:true,&quot;201341983&quot;:0,&quot;335551550&quot;:6,&quot;335551620&quot;:6,&quot;335557856&quot;:16119028,&quot;335559738&quot;:165,&quot;335559739&quot;:165,&quot;335559740&quot;:240}\">\u00a0<\/span><\/p>\n\t\t\t\t\t<\/div>\n\t\t\t\t\t\t\t\t\t<\/div>\n\t\t\t<\/div>        \n\t\t<\/div>\n\t<\/div>\n<\/div>\n<!-- END OF : Composant : block-periscope-theme-section-composant-33-texte-image.php -->\n\n\n<!-- START OF : Composant : block-periscope-theme-section-composant-33-texte-image.php -->\n<!-- INVERSE -->\n<div class=\"text-image fs-wysiwyg mb-8 mb-lg-12\" data-component=\"33-texte-image\" data-reverse=\"oui\">\n\t<div class=\"container-fluid\" style=\"--bs-gutter-x: 0\">\n\t\t<div class=\"row\" style=\"--bs-gutter-x: 0\">\n\t\t\t<div class=\"col-lg-6\">\n\t\t\t\t<div class=\"text-image__content\">\n\t\t\t\t\t\t\t\t\t\t<div class=\"fw-semibold lh-xs fs-20 fs-lg-32 ls--25 mb-5\">Le Saint-Gervais H\u00f4tel &amp; Spa \u2013 Handwritten Collection<\/div>\n\t\t\t\t\t\t\t\t\t\t\t\t\t\t\t<div class=\"fs-wysiwyg\">\n\t\t\t\t\t\t<p style=\"text-align: center;\"><i><span data-contrast=\"none\">Eleganz am Fu\u00dfe des Mont-Blanc<\/span><\/i><span data-ccp-props=\"{&quot;134245417&quot;:true,&quot;134245418&quot;:true,&quot;134245529&quot;:true,&quot;201341983&quot;:0,&quot;335551550&quot;:2,&quot;335551620&quot;:2,&quot;335557856&quot;:16119028,&quot;335559738&quot;:165,&quot;335559739&quot;:165,&quot;335559740&quot;:240}\">\u00a0<\/span><\/p>\n<p><span data-contrast=\"none\">In Saint-Gervais-les-Bains, dem <\/span><b><span data-contrast=\"none\">Kurort<\/span><\/b><span data-contrast=\"none\"> am Fu\u00dfe des <\/span><b><span data-contrast=\"none\">Mont-Blanc, dem h\u00f6chsten Berg Europas<\/span><\/b><span data-contrast=\"none\">, erreichen Sie uns mit dem Zug vom Bahnhof Saint-Gervais-les-Bains &#8211; Le Fayet oder \u00fcber den Flughafen Genf (1 Stunde).<\/span><span data-ccp-props=\"{&quot;134245417&quot;:true,&quot;201341983&quot;:0,&quot;335551550&quot;:6,&quot;335551620&quot;:6,&quot;335557856&quot;:16119028,&quot;335559738&quot;:165,&quot;335559739&quot;:165,&quot;335559740&quot;:240}\">\u00a0<\/span><\/p>\n<p><span data-contrast=\"none\">Dort erwartet Sie <a href=\"https:\/\/myallmeeting.com\/de\/hotel\/b9f3-le-saint-gervais-hotel-spa\/\">das erste Hotel der Handschriftensammlung<\/a> in einem Ambiente des fr\u00fchen 20. Jahrhunderts. Dieses Hotel mit seinen <\/span><b><span data-contrast=\"none\">75 Zimmern und Suiten<\/span><\/b><span data-contrast=\"none\"> mit Balkon strahlt eine einzigartige Pers\u00f6nlichkeit aus. Es verf\u00fcgt \u00fcber <\/span><b><span data-contrast=\"none\">2 Schwimmb\u00e4der (innen und au\u00dfen<\/span><\/b><span data-contrast=\"none\">) und einen Wellnessbereich (Sauna, Whirlpool). Ihr Seminar kann in den <\/span><b><span data-contrast=\"none\">5 modularen und anpassungsf\u00e4higen Tagungsr\u00e4umen f\u00fcr bis zu 110 Personen<\/span><\/b><span data-contrast=\"none\"> stattfinden.<\/span><span data-ccp-props=\"{&quot;134245417&quot;:true,&quot;201341983&quot;:0,&quot;335551550&quot;:6,&quot;335551620&quot;:6,&quot;335557856&quot;:16119028,&quot;335559738&quot;:165,&quot;335559739&quot;:165,&quot;335559740&quot;:240}\">\u00a0<\/span><\/p>\n<p><span data-contrast=\"none\">Sowohl im Sommer als auch im Winter bietet der Ort zahlreiche Aktivit\u00e4ten, vom Wandern (auf Skiern oder zu Fu\u00df!) \u00fcber alle Arten von <\/span><i><span data-contrast=\"none\">Outdoor-Sportarten<\/span><\/i><span data-contrast=\"none\"> bis hin zu Hundeschlittenfahrten&#8230; und das <\/span><b><span data-contrast=\"none\">alles in einer au\u00dfergew\u00f6hnlichen Umgebung!<\/span><\/b><span data-ccp-props=\"{&quot;134245417&quot;:true,&quot;201341983&quot;:0,&quot;335551550&quot;:6,&quot;335551620&quot;:6,&quot;335557856&quot;:16119028,&quot;335559738&quot;:165,&quot;335559739&quot;:165,&quot;335559740&quot;:240}\">\u00a0<\/span><\/p>\n\t\t\t\t\t<\/div>\n\t\t\t\t\t\t\t\t\t<\/div>\n\t\t\t<\/div>    \n\t\t\t    \n\t\t\t<div class=\"col-lg-6 order-first order-lg-last mb-7 mb-lg-0\">\n\t\t\t\t<img decoding=\"async\" src=\"https:\/\/www.myallmeeting.com\/wp-content\/uploads\/2018\/10\/Saint-Gervais-Hotel-Spa-Handwritten-Collection-3-953x600.jpg\" width=\"953\" height=\"600\" alt=\"s\u00e9minaire original\" loading=\"lazy\" class=\"w-100\" \/>\n\t\t\t<\/div>\n\t\t\t\t\t<\/div>\n\t<\/div>\n<\/div>\n<!-- END OF : Composant : block-periscope-theme-section-composant-33-texte-image.php -->\n\n\n<!-- START OF : Composant : block-periscope-theme-section-composant-33-texte-image.php -->\n<div class=\"text-image fs-wysiwyg mb-8 mb-lg-12\" data-component=\"33-texte-image\">\n\t<div class=\"container-fluid\" style=\"--bs-gutter-x: 0\">\n\t\t<div class=\"row\" style=\"--bs-gutter-x: 0\">\n\t\t\t\t\t\t<div class=\"col-lg-6 mb-7 mb-lg-0\">\n\t\t\t\t<img decoding=\"async\" src=\"https:\/\/www.myallmeeting.com\/wp-content\/uploads\/2018\/10\/6641-08-953x600.jpg\" width=\"953\" height=\"600\" alt=\"s\u00e9minaire original\" loading=\"lazy\" class=\"w-100\" \/>\n\t\t\t<\/div>\n\t\t\t\t\t\t<div class=\"col-lg-6\">\n\t\t\t\t<div class=\"text-image__content\">\n\t\t\t\t\t\t\t\t\t\t<div class=\"fw-semibold lh-xs fs-20 fs-lg-32 ls--25 mb-5\">Ibis Styles Albertville<\/div>\n\t\t\t\t\t\t\t\t\t\t\t\t\t\t\t<div class=\"fs-wysiwyg\">\n\t\t\t\t\t\t<p style=\"text-align: center;\"><i><span data-contrast=\"none\">Am Schnittpunkt zweier Alpent\u00e4ler<\/span><\/i><span data-ccp-props=\"{&quot;134245417&quot;:true,&quot;134245418&quot;:true,&quot;134245529&quot;:true,&quot;201341983&quot;:0,&quot;335551550&quot;:2,&quot;335551620&quot;:2,&quot;335557856&quot;:16119028,&quot;335559738&quot;:165,&quot;335559739&quot;:165,&quot;335559740&quot;:240}\">\u00a0<\/span><\/p>\n<p><span data-contrast=\"none\"><a href=\"https:\/\/myallmeeting.com\/de\/hotel\/b808-ibis-styles-albertville-opening-july-2021\/\">Dieses Hotel<\/a> mit <\/span><b><span data-contrast=\"none\">68 Zimmern<\/span><\/b><span data-contrast=\"none\"> liegt an der Kreuzung der <\/span><b><span data-contrast=\"none\">T\u00e4ler der Tarentaise und des Beaufortain<\/span><\/b><span data-contrast=\"none\">, weniger als 2 km vom Bahnhof von Albertville entfernt und in der N\u00e4he <\/span><b><span data-contrast=\"none\">zahlreicher alpiner Skigebiete<\/span><\/b><span data-contrast=\"none\">.<\/span><span data-ccp-props=\"{&quot;134245417&quot;:true,&quot;201341983&quot;:0,&quot;335551550&quot;:6,&quot;335551620&quot;:6,&quot;335557856&quot;:16119028,&quot;335559738&quot;:165,&quot;335559739&quot;:165,&quot;335559740&quot;:240}\">\u00a0<\/span><\/p>\n<p><span data-contrast=\"none\">Der <\/span><b><span data-contrast=\"none\">47 m\u00b2 gro\u00dfe, perfekt ausgestattete Tagungsraum<\/span><\/b><span data-contrast=\"none\"> bietet Platz f\u00fcr bis zu 20 Personen und wird die Teamarbeit anregen.<\/span><span data-ccp-props=\"{&quot;134245417&quot;:true,&quot;201341983&quot;:0,&quot;335551550&quot;:6,&quot;335551620&quot;:6,&quot;335557856&quot;:16119028,&quot;335559738&quot;:165,&quot;335559739&quot;:165,&quot;335559740&quot;:240}\">\u00a0<\/span><\/p>\n<p><span data-contrast=\"none\">Um sich zu entspannen, k\u00f6nnen Sie die geplanten kulturellen Aktivit\u00e4ten der <\/span><b><span data-contrast=\"none\">Albertville Olympic Hall<\/span><\/b><span data-contrast=\"none\"> genie\u00dfen, in der N\u00e4he eine Verkostung des k\u00f6stlichen<\/span><b><span data-contrast=\"none\"> lokalen K\u00e4ses Beaufort<\/span><\/b><span data-contrast=\"none\"> arrangieren oder die zahlreichen Aktivit\u00e4ten entdecken, die die umliegenden Berge bieten. Skifahren (in allen Varianten!) ? Schlittschuhlaufen ? Wandern ? Besuch der<\/span><b><span data-contrast=\"none\"> mittelalterlichen Stadt Conflans<\/span><\/b><span data-contrast=\"none\"> ? Sie haben die Qual der Wahl&#8230;<\/span><span data-ccp-props=\"{&quot;134245417&quot;:true,&quot;201341983&quot;:0,&quot;335551550&quot;:6,&quot;335551620&quot;:6,&quot;335557856&quot;:16119028,&quot;335559738&quot;:165,&quot;335559739&quot;:165,&quot;335559740&quot;:240}\">\u00a0<\/span><\/p>\n\t\t\t\t\t<\/div>\n\t\t\t\t\t\t\t\t\t<\/div>\n\t\t\t<\/div>        \n\t\t<\/div>\n\t<\/div>\n<\/div>\n<!-- END OF : Composant : block-periscope-theme-section-composant-33-texte-image.php -->\n\n\n<!-- START OF : Composant : block-periscope-theme-section-composant-33-texte-image.php -->\n<!-- INVERSE -->\n<div class=\"text-image fs-wysiwyg mb-8 mb-lg-12\" data-component=\"33-texte-image\" data-reverse=\"oui\">\n\t<div class=\"container-fluid\" style=\"--bs-gutter-x: 0\">\n\t\t<div class=\"row\" style=\"--bs-gutter-x: 0\">\n\t\t\t<div class=\"col-lg-6\">\n\t\t\t\t<div class=\"text-image__content\">\n\t\t\t\t\t\t\t\t\t\t<div class=\"fw-semibold lh-xs fs-20 fs-lg-32 ls--25 mb-5\">Mercure Domaine de Marlioz-Aix-les-Bains &#8211; h\u00f4tel &amp; spa<\/div>\n\t\t\t\t\t\t\t\t\t\t\t\t\t\t\t<div class=\"fs-wysiwyg\">\n\t\t\t\t\t\t<p style=\"text-align: center;\"><i><span data-contrast=\"none\">Zwischen Kultur und Natur\u00a0<\/span><\/i><span data-ccp-props=\"{&quot;134245417&quot;:true,&quot;201341983&quot;:0,&quot;335551550&quot;:2,&quot;335551620&quot;:2,&quot;335559738&quot;:0,&quot;335559739&quot;:160,&quot;335559740&quot;:259}\">\u00a0<\/span><\/p>\n<p><span data-contrast=\"none\">Zwischen See, Gr\u00fcn und Bergen, <\/span><b><span data-contrast=\"none\">was gibt es Besseres als die Natur, um einen Ideenpool zu beleben und anzuregen?<\/span><\/b><span data-contrast=\"none\">\u00a0 <a href=\"https:\/\/myallmeeting.com\/de\/hotel\/2945-mercure-aix-les-bains-domaine-de-marlioz-hotel-spa\/\">Die Anlage<\/a> bietet einen au\u00dfergew\u00f6hnlichen Rahmen f\u00fcr Ihre professionellen Seminare.\u00a0 Nicht weniger als <\/span><b><span data-contrast=\"none\">15 Lounges unterschiedlicher Gr\u00f6\u00dfe stehen Ihnen zur Verf\u00fcgung<\/span><\/b><span data-contrast=\"none\">. Von einer Fl\u00e4che von 330 m\u00b2 f\u00fcr bis zu 320 Personen (anpassbar in 6 Lounges von 32 m\u00b2 bis 65 m\u00b2) bis hin zu kleineren R\u00e4umen (bis zu 16, 20 oder 25 Personen) <\/span><b><span data-contrast=\"none\">finden Sie einen Raum, der Ihren Bed\u00fcrfnissen entspricht.\u00a0<\/span><\/b><span data-ccp-props=\"{&quot;134245417&quot;:true,&quot;134245418&quot;:true,&quot;134245529&quot;:true,&quot;201341983&quot;:0,&quot;335551550&quot;:6,&quot;335551620&quot;:6,&quot;335557856&quot;:16119028,&quot;335559685&quot;:0,&quot;335559737&quot;:0,&quot;335559738&quot;:165,&quot;335559739&quot;:165,&quot;335559740&quot;:259,&quot;335559991&quot;:0}\">\u00a0<\/span><\/p>\n<p><b><span data-contrast=\"none\">Dieses Hotel &amp; Spa ist auch der ideale Ort f\u00fcr einen erholsamen und entspannenden Aufenthalt.<\/span><\/b><span data-contrast=\"none\"> Touristische, kulturelle (Abtei von Hautecombe, Casino von Aix-les-Bains usw.) und sportliche Aktivit\u00e4ten (der gro\u00dfe Park des Hotels, die Wasseraktivit\u00e4ten des Lac du Bourget, die Skigebiete des Grand Revard usw.) stehen Ihnen das ganze Jahr \u00fcber zur Verf\u00fcgung.<\/span><span data-ccp-props=\"{&quot;134245417&quot;:true,&quot;201341983&quot;:0,&quot;335551550&quot;:6,&quot;335551620&quot;:6,&quot;335557856&quot;:16119028,&quot;335559685&quot;:0,&quot;335559737&quot;:0,&quot;335559738&quot;:165,&quot;335559739&quot;:165,&quot;335559740&quot;:259,&quot;335559991&quot;:0}\">\u00a0<\/span><\/p>\n\t\t\t\t\t<\/div>\n\t\t\t\t\t\t\t\t\t<\/div>\n\t\t\t<\/div>    \n\t\t\t    \n\t\t\t<div class=\"col-lg-6 order-first order-lg-last mb-7 mb-lg-0\">\n\t\t\t\t<img decoding=\"async\" src=\"https:\/\/www.myallmeeting.com\/wp-content\/uploads\/2018\/10\/Mercure-Aix-les-Bains-Domaine-de-Marlioz-1-953x600.jpg\" width=\"953\" height=\"600\" alt=\"s\u00e9minaire original\" loading=\"lazy\" class=\"w-100\" \/>\n\t\t\t<\/div>\n\t\t\t\t\t<\/div>\n\t<\/div>\n<\/div>\n<!-- END OF : Composant : block-periscope-theme-section-composant-33-texte-image.php -->\n\n\n<!-- START OF : Composant : block-periscope-theme-section-composant-33-texte-image.php -->\n<div class=\"text-image fs-wysiwyg mb-8 mb-lg-12\" data-component=\"33-texte-image\">\n\t<div class=\"container-fluid\" style=\"--bs-gutter-x: 0\">\n\t\t<div class=\"row\" style=\"--bs-gutter-x: 0\">\n\t\t\t\t\t\t<div class=\"col-lg-6 mb-7 mb-lg-0\">\n\t\t\t\t<img decoding=\"async\" src=\"https:\/\/www.myallmeeting.com\/wp-content\/uploads\/2018\/10\/Mercure-Annemasse-Porte-de-Geneve-2-953x600.jpg\" width=\"953\" height=\"600\" alt=\"s\u00e9minaire original\" loading=\"lazy\" class=\"w-100\" \/>\n\t\t\t<\/div>\n\t\t\t\t\t\t<div class=\"col-lg-6\">\n\t\t\t\t<div class=\"text-image__content\">\n\t\t\t\t\t\t\t\t\t\t<div class=\"fw-semibold lh-xs fs-20 fs-lg-32 ls--25 mb-5\"> H\u00f4tel Mercure Annemasse Porte de Gen\u00e8ve <\/div>\n\t\t\t\t\t\t\t\t\t\t\t\t\t\t\t<div class=\"fs-wysiwyg\">\n\t\t\t\t\t\t<p style=\"text-align: center;\"><i><span data-contrast=\"none\">Tanken Sie neue Energie in der N\u00e4he des Genfersees<\/span><\/i><span data-ccp-props=\"{&quot;134245417&quot;:true,&quot;201341983&quot;:0,&quot;335551550&quot;:1,&quot;335551620&quot;:1,&quot;335559738&quot;:0,&quot;335559739&quot;:160,&quot;335559740&quot;:259}\">\u00a0<\/span><\/p>\n<p><span data-contrast=\"none\">Inmitten der Natur empf\u00e4ngt Sie das<\/span><b><span data-contrast=\"none\"><a href=\"https:\/\/myallmeeting.com\/de\/hotel\/0343-hotel-mercure-annemasse-porte-de-geneve\/\"> Hotel<\/a> mit seinen 79 Zimmern im skandinavischen Stil.<\/span><\/b><span data-contrast=\"none\"> Planen Sie ein professionelles Seminar?<\/span><b><span data-contrast=\"none\"> Das Hotel verf\u00fcgt \u00fcber vier Tagungsr\u00e4ume und zahlreiche Parkpl\u00e4tze.\u00a0<\/span><\/b><span data-ccp-props=\"{&quot;134245417&quot;:true,&quot;201341983&quot;:0,&quot;335551550&quot;:1,&quot;335551620&quot;:1,&quot;335559738&quot;:0,&quot;335559739&quot;:160,&quot;335559740&quot;:259}\">\u00a0<\/span><\/p>\n<p><span data-contrast=\"none\">F\u00fcr Ihre Momente der Entspannung ist dieses Mercure-Hotel un\u00fcbertroffen: Au\u00dfenschwimmbad, Terrasse, Brasserie mit lokalen Weinen&#8230; Der nahe gelegene Genfersee, die St\u00e4dte Chamonix und Annecy oder die Thermalb\u00e4der von Thonon und \u00c9vian sind nur einige der m\u00f6glichen Ausflugsziele.<\/span><span data-ccp-props=\"{&quot;134245417&quot;:true,&quot;201341983&quot;:0,&quot;335551550&quot;:1,&quot;335551620&quot;:1,&quot;335559738&quot;:0,&quot;335559739&quot;:160,&quot;335559740&quot;:259}\">\u00a0<\/span><\/p>\n\t\t\t\t\t<\/div>\n\t\t\t\t\t\t\t\t\t<\/div>\n\t\t\t<\/div>        \n\t\t<\/div>\n\t<\/div>\n<\/div>\n<!-- END OF : Composant : block-periscope-theme-section-composant-33-texte-image.php -->\n\n\n<!-- START OF : Composant : block-periscope-theme-section-composant-33-texte-image.php -->\n<!-- INVERSE -->\n<div class=\"text-image fs-wysiwyg mb-8 mb-lg-12\" data-component=\"33-texte-image\" data-reverse=\"oui\">\n\t<div class=\"container-fluid\" style=\"--bs-gutter-x: 0\">\n\t\t<div class=\"row\" style=\"--bs-gutter-x: 0\">\n\t\t\t<div class=\"col-lg-6\">\n\t\t\t\t<div class=\"text-image__content\">\n\t\t\t\t\t\t\t\t\t\t<div class=\"fw-semibold lh-xs fs-20 fs-lg-32 ls--25 mb-5\">H\u00f4tel Mercure Grenoble Centre Alpotel <\/div>\n\t\t\t\t\t\t\t\t\t\t\t\t\t\t\t<div class=\"fs-wysiwyg\">\n\t\t\t\t\t\t<p style=\"text-align: center;\"><i><span data-contrast=\"none\">Im Herzen der Hauptstadt der Alpen<\/span><\/i><span data-ccp-props=\"{&quot;134245417&quot;:true,&quot;201341983&quot;:0,&quot;335551550&quot;:1,&quot;335551620&quot;:1,&quot;335559738&quot;:0,&quot;335559739&quot;:160,&quot;335559740&quot;:259}\">\u00a0<\/span><\/p>\n<p><span data-contrast=\"none\">Mit seinem eleganten Art-D\u00e9co-Stil bietet <\/span><b><span data-contrast=\"none\"><a href=\"https:\/\/myallmeeting.com\/de\/hotel\/0652-hotel-mercure-grenoble-centre-alpotel\/\">das Haus<\/a> und seine Mitarbeiter drei Tagungsr\u00e4ume und individuelle Unterst\u00fctzung bei der Organisation Ihrer beruflichen Veranstaltungen:<\/span><\/b><span data-contrast=\"none\"> Seminare, Vorstandssitzungen, Schulungen etc. Weitere Serviceleistungen: Bibliothek, Kinosaal, Privatparkplatz usw.<\/span><span data-ccp-props=\"{&quot;134245417&quot;:true,&quot;201341983&quot;:0,&quot;335551550&quot;:1,&quot;335551620&quot;:1,&quot;335559738&quot;:0,&quot;335559739&quot;:160,&quot;335559740&quot;:259}\">\u00a0<\/span><\/p>\n<p><span data-contrast=\"none\">Ein idealer Rahmen f\u00fcr den<\/span><b><span data-contrast=\"none\"> Austausch und die Entwicklung <\/span><\/b><span data-contrast=\"none\">von Ideen in der \u201eHauptstadt der Alpen\u201c, im Stadtzentrum, nur wenige Meter vom Rathaus von Grenoble, dem Palais des Sports, dem Stade des Alpes, dem Kongresszentrum und den Skigebieten entfernt.<\/span><span data-ccp-props=\"{&quot;134245417&quot;:true,&quot;201341983&quot;:0,&quot;335551550&quot;:1,&quot;335551620&quot;:1,&quot;335559738&quot;:0,&quot;335559739&quot;:160,&quot;335559740&quot;:259}\">\u00a0<\/span><\/p>\n<p><span data-ccp-props=\"{&quot;134245417&quot;:true,&quot;201341983&quot;:0,&quot;335551550&quot;:1,&quot;335551620&quot;:1,&quot;335559738&quot;:0,&quot;335559739&quot;:160,&quot;335559740&quot;:259}\">\u00a0<\/span><\/p>\n<p>&nbsp;<\/p>\n\t\t\t\t\t<\/div>\n\t\t\t\t\t\t\t\t\t<\/div>\n\t\t\t<\/div>    \n\t\t\t    \n\t\t\t<div class=\"col-lg-6 order-first order-lg-last mb-7 mb-lg-0\">\n\t\t\t\t<img decoding=\"async\" src=\"https:\/\/www.myallmeeting.com\/wp-content\/uploads\/2018\/10\/Mercure-Grenoble-Centre-Alpotel-953x600.jpg\" width=\"953\" height=\"600\" alt=\"s\u00e9minaire original\" loading=\"lazy\" class=\"w-100\" \/>\n\t\t\t<\/div>\n\t\t\t\t\t<\/div>\n\t<\/div>\n<\/div>\n<!-- END OF : Composant : block-periscope-theme-section-composant-33-texte-image.php -->\n\n\n<!-- START OF : Composant : block-periscope-theme-section-composant-33-texte-image.php -->\n<div class=\"text-image fs-wysiwyg mb-8 mb-lg-12\" data-component=\"33-texte-image\">\n\t<div class=\"container-fluid\" style=\"--bs-gutter-x: 0\">\n\t\t<div class=\"row\" style=\"--bs-gutter-x: 0\">\n\t\t\t\t\t\t<div class=\"col-lg-6 mb-7 mb-lg-0\">\n\t\t\t\t<img decoding=\"async\" src=\"https:\/\/www.myallmeeting.com\/wp-content\/uploads\/2018\/10\/2047-28-953x600.jpg\" width=\"953\" height=\"600\" alt=\"s\u00e9minaire original\" loading=\"lazy\" class=\"w-100\" \/>\n\t\t\t<\/div>\n\t\t\t\t\t\t<div class=\"col-lg-6\">\n\t\t\t\t<div class=\"text-image__content\">\n\t\t\t\t\t\t\t\t\t\t<div class=\"fw-semibold lh-xs fs-20 fs-lg-32 ls--25 mb-5\">Novotel Grenoble Nord Voreppe<\/div>\n\t\t\t\t\t\t\t\t\t\t\t\t\t\t\t<div class=\"fs-wysiwyg\">\n\t\t\t\t\t\t<p style=\"text-align: center;\"><i><span data-contrast=\"none\">Atmen Sie tief die frische Luft ein<\/span><\/i><span data-ccp-props=\"{&quot;134245417&quot;:true,&quot;134245418&quot;:false,&quot;134245529&quot;:false,&quot;201341983&quot;:0,&quot;335551550&quot;:1,&quot;335551620&quot;:1,&quot;335557856&quot;:4278190080,&quot;335559685&quot;:0,&quot;335559737&quot;:0,&quot;335559738&quot;:0,&quot;335559739&quot;:160,&quot;335559740&quot;:259,&quot;335559991&quot;:0}\">\u00a0<\/span><\/p>\n<p><b><span data-contrast=\"none\"><a href=\"https:\/\/myallmeeting.com\/de\/hotel\/0423-novotel-grenoble-nord-voreppe\/\">Das 4-Sterne-Hote<\/a>l mit dem Green Key-Label ist aufgrund seines CSR-Engagements der ideale Ort f\u00fcr einen erholsamen Familien- oder Gesch\u00e4ftsaufenthalt<\/span><\/b><span data-contrast=\"none\">. Das Novotel liegt in einer weitl\u00e4ufigen Gr\u00fcnanlage in der N\u00e4he der Berge und verf\u00fcgt \u00fcber <\/span><b><span data-contrast=\"none\">sieben Tagungsr\u00e4ume f\u00fcr Ihre Seminare, Schulungen und andere gesch\u00e4ftliche Veranstaltungen.<\/span><\/b><span data-ccp-props=\"{&quot;134245417&quot;:true,&quot;134245418&quot;:false,&quot;134245529&quot;:false,&quot;201341983&quot;:0,&quot;335551550&quot;:1,&quot;335551620&quot;:1,&quot;335557856&quot;:4278190080,&quot;335559685&quot;:0,&quot;335559737&quot;:0,&quot;335559738&quot;:0,&quot;335559739&quot;:160,&quot;335559740&quot;:259,&quot;335559991&quot;:0}\">\u00a0<\/span><\/p>\n<p><span data-contrast=\"none\">Brauchen Sie Entspannung zwischen zwei Sitzungen oder nach einem Seminartag? Lassen Sie sich von den zahlreichen Freizeitangeboten (Freibad, P\u00e9tanque, Tischtennis usw.) oder von einem Spaziergang in den Bergen verf\u00fchren.\u00a0<\/span><span data-ccp-props=\"{&quot;134245417&quot;:true,&quot;201341983&quot;:0,&quot;335551550&quot;:1,&quot;335551620&quot;:1,&quot;335557856&quot;:4278190080,&quot;335559685&quot;:0,&quot;335559737&quot;:0,&quot;335559738&quot;:0,&quot;335559739&quot;:160,&quot;335559740&quot;:259,&quot;335559991&quot;:0}\">\u00a0<\/span><\/p>\n<p><span data-ccp-props=\"{&quot;134245417&quot;:true,&quot;201341983&quot;:0,&quot;335551550&quot;:1,&quot;335551620&quot;:1,&quot;335559738&quot;:0,&quot;335559739&quot;:160,&quot;335559740&quot;:259}\">\u00a0<\/span><\/p>\n\t\t\t\t\t<\/div>\n\t\t\t\t\t\t\t\t\t<\/div>\n\t\t\t<\/div>        \n\t\t<\/div>\n\t<\/div>\n<\/div>\n<!-- END OF : Composant : block-periscope-theme-section-composant-33-texte-image.php -->\n","protected":false},"excerpt":{"rendered":"","protected":false},"featured_media":16021652,"menu_order":0,"template":"","periscope_categorie_tax":[3514],"class_list":["post-16036975","article","type-article","status-publish","has-post-thumbnail","hentry","periscope_categorie_tax-tous-nos-tops-selections-de"],"acf":[],"yoast_head":"<title>Top 10 der Accor-Hotels in den sch\u00f6nsten Bergen Frankreichs\u00a0 - Accor MyAllMeeting.com<\/title>\n<meta name=\"robots\" content=\"index, follow, max-snippet:-1, max-image-preview:large, max-video-preview:-1\" \/>\n<link rel=\"canonical\" href=\"https:\/\/www.myallmeeting.com\/de\/wp-json\/wp\/v2\/article\/16036975\" \/>\n<meta property=\"og:locale\" content=\"de_DE\" \/>\n<meta property=\"og:type\" content=\"article\" \/>\n<meta property=\"og:title\" content=\"Top 10 der Accor-Hotels in den sch\u00f6nsten Bergen Frankreichs\u00a0 - Accor MyAllMeeting.com\" \/>\n<meta property=\"og:url\" content=\"https:\/\/www.myallmeeting.com\/de\/article\/top-10-der-accor-hotels-in-den-schonsten-bergen-frankreichs\/\" \/>\n<meta property=\"og:site_name\" content=\"Accor MyAllMeeting.com\" \/>\n<meta property=\"article:modified_time\" content=\"2024-07-16T14:56:40+00:00\" \/>\n<meta property=\"og:image\" content=\"http:\/\/myallmeeting.com\/wp-content\/uploads\/2018\/10\/Destination-montagne-1024x304.png\" \/>\n\t<meta property=\"og:image:width\" content=\"1024\" \/>\n\t<meta property=\"og:image:height\" content=\"304\" \/>\n\t<meta property=\"og:image:type\" content=\"image\/png\" \/>\n<meta name=\"twitter:card\" content=\"summary_large_image\" \/>\n<meta name=\"twitter:label1\" content=\"Est. reading time\" \/>\n\t<meta name=\"twitter:data1\" content=\"9 minutes\" \/>\n<script type=\"application\/ld+json\" class=\"yoast-schema-graph\">{\"@context\":\"https:\/\/schema.org\",\"@graph\":[{\"@type\":\"WebPage\",\"@id\":\"https:\/\/www.myallmeeting.com\/de\/article\/top-10-der-accor-hotels-in-den-schonsten-bergen-frankreichs\/\",\"url\":\"https:\/\/www.myallmeeting.com\/de\/article\/top-10-der-accor-hotels-in-den-schonsten-bergen-frankreichs\/\",\"name\":\"Top 10 der Accor-Hotels in den sch\u00f6nsten Bergen Frankreichs\u00a0 - Accor MyAllMeeting.com\",\"isPartOf\":{\"@id\":\"https:\/\/www.myallmeeting.com\/de\/#website\"},\"primaryImageOfPage\":{\"@id\":\"https:\/\/www.myallmeeting.com\/de\/article\/top-10-der-accor-hotels-in-den-schonsten-bergen-frankreichs\/#primaryimage\"},\"image\":{\"@id\":\"https:\/\/www.myallmeeting.com\/de\/article\/top-10-der-accor-hotels-in-den-schonsten-bergen-frankreichs\/#primaryimage\"},\"thumbnailUrl\":\"https:\/\/www.myallmeeting.com\/wp-content\/uploads\/2018\/10\/Destination-montagne.png\",\"datePublished\":\"2018-10-30T14:51:57+00:00\",\"dateModified\":\"2024-07-16T14:56:40+00:00\",\"breadcrumb\":{\"@id\":\"https:\/\/www.myallmeeting.com\/de\/article\/top-10-der-accor-hotels-in-den-schonsten-bergen-frankreichs\/#breadcrumb\"},\"inLanguage\":\"de-DE\",\"potentialAction\":[{\"@type\":\"ReadAction\",\"target\":[\"https:\/\/www.myallmeeting.com\/de\/article\/top-10-der-accor-hotels-in-den-schonsten-bergen-frankreichs\/\"]}]},{\"@type\":\"ImageObject\",\"inLanguage\":\"de-DE\",\"@id\":\"https:\/\/www.myallmeeting.com\/de\/article\/top-10-der-accor-hotels-in-den-schonsten-bergen-frankreichs\/#primaryimage\",\"url\":\"https:\/\/www.myallmeeting.com\/wp-content\/uploads\/2018\/10\/Destination-montagne.png\",\"contentUrl\":\"https:\/\/www.myallmeeting.com\/wp-content\/uploads\/2018\/10\/Destination-montagne.png\",\"width\":1920,\"height\":570},{\"@type\":\"BreadcrumbList\",\"@id\":\"https:\/\/www.myallmeeting.com\/de\/article\/top-10-der-accor-hotels-in-den-schonsten-bergen-frankreichs\/#breadcrumb\",\"itemListElement\":[{\"@type\":\"ListItem\",\"position\":1,\"name\":\"Homepage\",\"item\":\"https:\/\/myallmeeting.com\/de\/\"},{\"@type\":\"ListItem\",\"position\":2,\"name\":\"Aktuelles\",\"item\":\"https:\/\/www.myallmeeting.com\/de\/aktuelles\/\"},{\"@type\":\"ListItem\",\"position\":3,\"name\":\"Top 10 der Accor-Hotels in den sch\u00f6nsten Bergen Frankreichs\u00a0\"}]},{\"@type\":\"WebSite\",\"@id\":\"https:\/\/www.myallmeeting.com\/de\/#website\",\"url\":\"https:\/\/www.myallmeeting.com\/de\/\",\"name\":\"Accor MyAllMeeting.com\",\"description\":\"Les Meilleurs lieux pour vos Ev\u00e9nements Professionnels\",\"publisher\":{\"@id\":\"https:\/\/www.myallmeeting.com\/de\/#organization\"},\"potentialAction\":[{\"@type\":\"SearchAction\",\"target\":{\"@type\":\"EntryPoint\",\"urlTemplate\":\"https:\/\/www.myallmeeting.com\/de\/?s={search_term_string}\"},\"query-input\":{\"@type\":\"PropertyValueSpecification\",\"valueRequired\":true,\"valueName\":\"search_term_string\"}}],\"inLanguage\":\"de-DE\"},{\"@type\":\"Organization\",\"@id\":\"https:\/\/www.myallmeeting.com\/de\/#organization\",\"name\":\"ACCOR\",\"url\":\"https:\/\/www.myallmeeting.com\/de\/\",\"logo\":{\"@type\":\"ImageObject\",\"inLanguage\":\"de-DE\",\"@id\":\"https:\/\/www.myallmeeting.com\/de\/#\/schema\/logo\/image\/\",\"url\":\"\",\"contentUrl\":\"\",\"caption\":\"ACCOR\"},\"image\":{\"@id\":\"https:\/\/www.myallmeeting.com\/de\/#\/schema\/logo\/image\/\"}}]}<\/script>","yoast_head_json":{"title":"Top 10 der Accor-Hotels in den sch\u00f6nsten Bergen Frankreichs\u00a0 - Accor MyAllMeeting.com","robots":{"index":"index","follow":"follow","max-snippet":"max-snippet:-1","max-image-preview":"max-image-preview:large","max-video-preview":"max-video-preview:-1"},"canonical":"https:\/\/www.myallmeeting.com\/de\/wp-json\/wp\/v2\/article\/16036975","og_locale":"de_DE","og_type":"article","og_title":"Top 10 der Accor-Hotels in den sch\u00f6nsten Bergen Frankreichs\u00a0 - Accor MyAllMeeting.com","og_url":"https:\/\/www.myallmeeting.com\/de\/article\/top-10-der-accor-hotels-in-den-schonsten-bergen-frankreichs\/","og_site_name":"Accor MyAllMeeting.com","article_modified_time":"2024-07-16T14:56:40+00:00","og_image":[{"width":1024,"height":304,"url":"http:\/\/myallmeeting.com\/wp-content\/uploads\/2018\/10\/Destination-montagne-1024x304.png","type":"image\/png"}],"twitter_card":"summary_large_image","twitter_misc":{"Est. reading time":"9 minutes"},"schema":{"@context":"https:\/\/schema.org","@graph":[{"@type":"WebPage","@id":"https:\/\/www.myallmeeting.com\/de\/article\/top-10-der-accor-hotels-in-den-schonsten-bergen-frankreichs\/","url":"https:\/\/www.myallmeeting.com\/de\/article\/top-10-der-accor-hotels-in-den-schonsten-bergen-frankreichs\/","name":"Top 10 der Accor-Hotels in den sch\u00f6nsten Bergen Frankreichs\u00a0 - Accor MyAllMeeting.com","isPartOf":{"@id":"https:\/\/www.myallmeeting.com\/de\/#website"},"primaryImageOfPage":{"@id":"https:\/\/www.myallmeeting.com\/de\/article\/top-10-der-accor-hotels-in-den-schonsten-bergen-frankreichs\/#primaryimage"},"image":{"@id":"https:\/\/www.myallmeeting.com\/de\/article\/top-10-der-accor-hotels-in-den-schonsten-bergen-frankreichs\/#primaryimage"},"thumbnailUrl":"https:\/\/www.myallmeeting.com\/wp-content\/uploads\/2018\/10\/Destination-montagne.png","datePublished":"2018-10-30T14:51:57+00:00","dateModified":"2024-07-16T14:56:40+00:00","breadcrumb":{"@id":"https:\/\/www.myallmeeting.com\/de\/article\/top-10-der-accor-hotels-in-den-schonsten-bergen-frankreichs\/#breadcrumb"},"inLanguage":"de-DE","potentialAction":[{"@type":"ReadAction","target":["https:\/\/www.myallmeeting.com\/de\/article\/top-10-der-accor-hotels-in-den-schonsten-bergen-frankreichs\/"]}]},{"@type":"ImageObject","inLanguage":"de-DE","@id":"https:\/\/www.myallmeeting.com\/de\/article\/top-10-der-accor-hotels-in-den-schonsten-bergen-frankreichs\/#primaryimage","url":"https:\/\/www.myallmeeting.com\/wp-content\/uploads\/2018\/10\/Destination-montagne.png","contentUrl":"https:\/\/www.myallmeeting.com\/wp-content\/uploads\/2018\/10\/Destination-montagne.png","width":1920,"height":570},{"@type":"BreadcrumbList","@id":"https:\/\/www.myallmeeting.com\/de\/article\/top-10-der-accor-hotels-in-den-schonsten-bergen-frankreichs\/#breadcrumb","itemListElement":[{"@type":"ListItem","position":1,"name":"Homepage","item":"https:\/\/myallmeeting.com\/de\/"},{"@type":"ListItem","position":2,"name":"Aktuelles","item":"https:\/\/www.myallmeeting.com\/de\/aktuelles\/"},{"@type":"ListItem","position":3,"name":"Top 10 der Accor-Hotels in den sch\u00f6nsten Bergen Frankreichs\u00a0"}]},{"@type":"WebSite","@id":"https:\/\/www.myallmeeting.com\/de\/#website","url":"https:\/\/www.myallmeeting.com\/de\/","name":"Accor MyAllMeeting.com","description":"Les Meilleurs lieux pour vos Ev\u00e9nements Professionnels","publisher":{"@id":"https:\/\/www.myallmeeting.com\/de\/#organization"},"potentialAction":[{"@type":"SearchAction","target":{"@type":"EntryPoint","urlTemplate":"https:\/\/www.myallmeeting.com\/de\/?s={search_term_string}"},"query-input":{"@type":"PropertyValueSpecification","valueRequired":true,"valueName":"search_term_string"}}],"inLanguage":"de-DE"},{"@type":"Organization","@id":"https:\/\/www.myallmeeting.com\/de\/#organization","name":"ACCOR","url":"https:\/\/www.myallmeeting.com\/de\/","logo":{"@type":"ImageObject","inLanguage":"de-DE","@id":"https:\/\/www.myallmeeting.com\/de\/#\/schema\/logo\/image\/","url":"","contentUrl":"","caption":"ACCOR"},"image":{"@id":"https:\/\/www.myallmeeting.com\/de\/#\/schema\/logo\/image\/"}}]}},"_links":{"self":[{"href":"https:\/\/www.myallmeeting.com\/de\/wp-json\/wp\/v2\/article\/16036975","targetHints":{"allow":["GET"]}}],"collection":[{"href":"https:\/\/www.myallmeeting.com\/de\/wp-json\/wp\/v2\/article"}],"about":[{"href":"https:\/\/www.myallmeeting.com\/de\/wp-json\/wp\/v2\/types\/article"}],"wp:featuredmedia":[{"embeddable":true,"href":"https:\/\/www.myallmeeting.com\/de\/wp-json\/wp\/v2\/media\/16021652"}],"wp:attachment":[{"href":"https:\/\/www.myallmeeting.com\/de\/wp-json\/wp\/v2\/media?parent=16036975"}],"wp:term":[{"taxonomy":"periscope_categorie_tax","embeddable":true,"href":"https:\/\/www.myallmeeting.com\/de\/wp-json\/wp\/v2\/periscope_categorie_tax?post=16036975"}],"curies":[{"name":"wp","href":"https:\/\/api.w.org\/{rel}","templated":true}]}}