{"id":16036922,"date":"2021-05-18T11:23:22","date_gmt":"2021-05-18T09:23:22","guid":{"rendered":"https:\/\/myallmeeting.com\/article\/nos-adresses-avec-rooftop-a-paris\/"},"modified":"2024-07-16T14:48:35","modified_gmt":"2024-07-16T12:48:35","slug":"unsere-adressen-mit-dachterrasse-in-paris","status":"publish","type":"article","link":"https:\/\/www.myallmeeting.com\/de\/article\/unsere-adressen-mit-dachterrasse-in-paris\/","title":{"rendered":"Unsere Adressen mit Dachterrasse in Paris!\u00a0"},"content":{"rendered":"<!-- START OF : Composant : block-periscope-theme-section-composant-25-texte-cta-2-images.php -->\n<div class=\"tcta2ia bg-white fs-wysiwyg mb-lg-12\" data-component=\"25-texte-cta-2-images\">\n\t<div class=\"tcta2ia__top\">\n\t\t<div class=\"container-fluid\" style=\"--bs-gutter-x: 0\">\n\t\t\t<div class=\"row\" style=\"--bs-gutter-x: 0\">\n\t\t\t\t<div class=\"col-lg-8\">\n\t\t\t\t\t\t\t\t\t\t<div class=\"bloc-mise-en-avant__top__left\">\n\t\t\t\t\t\t<img decoding=\"async\" src=\"https:\/\/www.myallmeeting.com\/wp-content\/uploads\/2021\/05\/5806-50-1268x846.jpg\" class=\"pe-2 pe-lg-0\" width=\"1268\" height=\"846\" alt=\"rooftop privatisable paris\" loading=\"lazy\" \/>\n\t\t\t\t\t<\/div>\n\t\t\t\t\t\t\t\t\t\t<div class=\"tcta2ia__bottom d-none d-lg-block pb-12 pt-lg-9 pb-lg-0 pe-lg-10\">\n\t\t\t\t\t\t\t\t\t\t\t\t<h2 class=\"fs-20 fs-lg-32 fw-semibold\">Novotel Paris Porte de Versailles<\/h2>\n\t\t\t\t\t\t\t\t\t\t\t\t\t\t\t\t\t\t<div class=\"fs-wysiwyg\"><p><b><span data-contrast=\"none\">Vollst\u00e4ndiger Blick auf den Eiffelturm<\/span><\/b><span data-ccp-props=\"{&quot;134245417&quot;:true,&quot;201341983&quot;:0,&quot;335551550&quot;:6,&quot;335551620&quot;:6,&quot;335557856&quot;:16119028,&quot;335559738&quot;:165,&quot;335559739&quot;:165,&quot;335559740&quot;:240}\">\u00a0<\/span><\/p>\n<p><span data-contrast=\"none\">Das <a href=\"https:\/\/myallmeeting.com\/de\/hotel\/a7l6-novotel-paris-porte-de-versailles-opening-in-january-2020\/\">Novotel Paris Porte de Versailles<\/a> ist die erste Adresse im Viertel der Porte de Versailles. Es befindet sich am Eingang des Parc de l&#8217;Exposition Parisienne, am Fu\u00dfe des Eingangs B und hat einen Zugang zu Pavillon 6. Die <\/span><b><span data-contrast=\"none\">zeitgen\u00f6ssische und raffinierte Architektur<\/span><\/b><span data-contrast=\"none\"> des Hotels hat auch etwas zu verf\u00fchren und zu \u00fcberraschen: au\u00dfergew\u00f6hnliche Zimmer, hochmoderne Tagungsr\u00e4ume, originelle Restaurierung in den Farben der Provence. <\/span><b><span data-contrast=\"none\">Der \u201eGipfel\u201c: die Pedzouille, die \u201eScheune auf dem Dach\u201c<\/span><\/b><span data-contrast=\"none\">&#8230; Das Beste f\u00fcr ein <\/span><b><span data-contrast=\"none\">gem\u00fctliches und authentisches Restaurant<\/span><\/b><span data-contrast=\"none\"> in diesem Sommer mit Blick auf den Eiffelturm!<\/span><span data-ccp-props=\"{&quot;134245417&quot;:true,&quot;201341983&quot;:0,&quot;335551550&quot;:6,&quot;335551620&quot;:6,&quot;335557856&quot;:16119028,&quot;335559738&quot;:165,&quot;335559739&quot;:165,&quot;335559740&quot;:240}\">\u00a0<\/span><\/p>\n<\/div>\n\t\t\t\t\t\t\t\t\t\t\t\t<div class=\"d-flex flex-column flex-lg-row align-items-center gap-5 gap-lg-8 justify-content-between\">\n\t\t\t\t\t\t\t<div class=\"fs-20 fs-lg-26 fw-semibold lh-xs\"><\/div>\n\t\t\t\t\t\t\t\t\t\t\t\t\t<\/div>\n\t\t\t\t\t<\/div>\n\t\t\t\t<\/div>\n\t\t\t\t<div class=\"col-lg-4\">\n\t\t\t\t\t<div class=\"tcta2ia__top__right t-0 r-0 bg-primary text-white pt-4 pb-4 px-2 pt-lg-8 pb-lg-16 px-lg-11 pb-xl-30\">\n\t\t\t\t\t\t\t\t\t\t\t\t\t\t\t\t\t\t<h2 class=\"unna fs-36 fs-lg-51 fs-xl-75 fs-italic fw-normal text-secondary\">Unsere Adressen mit Dachterrasse in Paris! <\/h2>\n\t\t\t\t\t\t\t\t\t\t\t\t\t\t\t\t\t\t<h3 class=\"text-white fs-18 fs-lg-20 fs-xl-28 text-original-case\">Die Dachterrasse ist ein unverzichtbarer Ort f\u00fcr Entspannung und Geselligkeit unter Kollegen und erm\u00f6glicht es Ihnen, Gesch\u00e4ftliches mit Vergn\u00fcgen zu verbinden.<\/h3>\n\t\t\t\t\t\t\t\t\t\t\t\t\t\t\t\t\t\t<div class=\"fs-wysiwyg mb-4 fs-lg-16 fs-xl-20\"><p><em><strong><span data-contrast=\"auto\" xml:lang=\"DE-DE\" lang=\"DE-DE\" class=\"TextRun SCXW141359124 BCX0\"><span class=\"NormalTextRun SCXW141359124 BCX0\" data-ccp-parastyle=\"LO-normal\">Accor bietet Ihnen eine Auswahl von 6 inspirierenden Adressen, um einen Kaffee, einen Cocktail oder ein Mittagessen im Freien zu genie\u00dfen, w\u00e4hrend Ihnen ganz Paris zu F\u00fc\u00dfen liegt! Die D\u00e4cher von Paris k\u00f6nnen f\u00fcr Ihre Veranstaltungen reserviert werden<\/span><\/span><\/strong><\/em><\/p>\n<\/div>\n\t\t\t\t\t\t\t\t\t\t\t\t\t\t\t\t\t\t\t\t\t\t\t\t<p class=\"m-0\"><img decoding=\"async\" src=\"https:\/\/www.myallmeeting.com\/wp-content\/uploads\/2021\/05\/5806-51-633x398.jpg\" class=\"position-relative l-0\" width=\"633\" height=\"398\" alt=\"rooftop privatisable paris\" loading=\"lazy\" \/><\/p>\n\t\t\t\t\t\t\t\t\t\t\t<\/div>\n\t\t\t\t<\/div>\n\t\t\t<\/div>\n\t\t<\/div>\n\t<\/div>\n\t<div class=\"tcta2ia__bottom d-lg-none pb-12 py-lg-9 pe-lg-10\">\n\t\t\t\t<div class=\"h2 fs-20 fs-lg-32 fw-semibold\">Novotel Paris Porte de Versailles<\/div>\n\t\t\t\t\t\t<div class=\"fs-wysiwyg\"><p><b><span data-contrast=\"none\">Vollst\u00e4ndiger Blick auf den Eiffelturm<\/span><\/b><span data-ccp-props=\"{&quot;134245417&quot;:true,&quot;201341983&quot;:0,&quot;335551550&quot;:6,&quot;335551620&quot;:6,&quot;335557856&quot;:16119028,&quot;335559738&quot;:165,&quot;335559739&quot;:165,&quot;335559740&quot;:240}\">\u00a0<\/span><\/p>\n<p><span data-contrast=\"none\">Das <a href=\"https:\/\/myallmeeting.com\/de\/hotel\/a7l6-novotel-paris-porte-de-versailles-opening-in-january-2020\/\">Novotel Paris Porte de Versailles<\/a> ist die erste Adresse im Viertel der Porte de Versailles. Es befindet sich am Eingang des Parc de l&#8217;Exposition Parisienne, am Fu\u00dfe des Eingangs B und hat einen Zugang zu Pavillon 6. Die <\/span><b><span data-contrast=\"none\">zeitgen\u00f6ssische und raffinierte Architektur<\/span><\/b><span data-contrast=\"none\"> des Hotels hat auch etwas zu verf\u00fchren und zu \u00fcberraschen: au\u00dfergew\u00f6hnliche Zimmer, hochmoderne Tagungsr\u00e4ume, originelle Restaurierung in den Farben der Provence. <\/span><b><span data-contrast=\"none\">Der \u201eGipfel\u201c: die Pedzouille, die \u201eScheune auf dem Dach\u201c<\/span><\/b><span data-contrast=\"none\">&#8230; Das Beste f\u00fcr ein <\/span><b><span data-contrast=\"none\">gem\u00fctliches und authentisches Restaurant<\/span><\/b><span data-contrast=\"none\"> in diesem Sommer mit Blick auf den Eiffelturm!<\/span><span data-ccp-props=\"{&quot;134245417&quot;:true,&quot;201341983&quot;:0,&quot;335551550&quot;:6,&quot;335551620&quot;:6,&quot;335557856&quot;:16119028,&quot;335559738&quot;:165,&quot;335559739&quot;:165,&quot;335559740&quot;:240}\">\u00a0<\/span><\/p>\n<\/div>\n\t\t\t\t<div class=\"d-flex flex-column flex-lg-row align-items-center gap-5 gap-lg-8 justify-content-between\">\n\t\t\t<div class=\"fs-20 fs-lg-26 fw-semibold lh-xs\"><\/div>\n\t\t\t\t\t<\/div>\n\t<\/div>\n<\/div>\n<!-- END OF : Composant : block-periscope-theme-section-composant-25-texte-cta-2-images.php -->\n\n\n<!-- START OF : Composant : block-periscope-theme-section-composant-33-texte-image.php -->\n<div class=\"text-image fs-wysiwyg mb-8 mb-lg-12\" data-component=\"33-texte-image\">\n\t<div class=\"container-fluid\" style=\"--bs-gutter-x: 0\">\n\t\t<div class=\"row\" style=\"--bs-gutter-x: 0\">\n\t\t\t\t\t\t<div class=\"col-lg-6 mb-7 mb-lg-0\">\n\t\t\t\t<img decoding=\"async\" src=\"https:\/\/www.myallmeeting.com\/wp-content\/uploads\/2021\/05\/Ibis-Styles-Paris-Bercy-3-953x600.jpg\" width=\"953\" height=\"600\" alt=\"rooftop privatisable paris\" loading=\"lazy\" class=\"w-100\" \/>\n\t\t\t<\/div>\n\t\t\t\t\t\t<div class=\"col-lg-6\">\n\t\t\t\t<div class=\"text-image__content\">\n\t\t\t\t\t\t\t\t\t\t<div class=\"fw-semibold lh-xs fs-20 fs-lg-32 ls--25 mb-5\">Ibis Styles Paris Bercy<\/div>\n\t\t\t\t\t\t\t\t\t\t\t\t\t\t\t<div class=\"fs-wysiwyg\">\n\t\t\t\t\t\t<p><b><span data-contrast=\"none\">Ein Dach im Wind<\/span><\/b><span data-ccp-props=\"{&quot;134233117&quot;:true,&quot;134233118&quot;:true,&quot;134245417&quot;:true,&quot;201341983&quot;:0,&quot;335551550&quot;:6,&quot;335551620&quot;:6,&quot;335557856&quot;:16119028,&quot;335559738&quot;:165,&quot;335559739&quot;:165,&quot;335559740&quot;:240}\">\u00a0<\/span><\/p>\n<p><span data-contrast=\"none\">Im Hotel<a href=\"https:\/\/myallmeeting.com\/de\/hotel\/0941-ibis-styles-paris-bercy\/\"> Ibis Styles Paris Bercy<\/a> sind die Schlagw\u00f6rter: <\/span><b><span data-contrast=\"none\">Freundlichkeit und Schlichtheit<\/span><\/b><span data-contrast=\"none\">. Das Hotel liegt im Herzen von Bercy Village, nur wenige Schritte von der Accor Arena und dem Bahnhof Gare de Lyon und <\/span><b><span data-contrast=\"none\">10 Minuten mit der Metro vom Zentrum der Hauptstadt entfernt<\/span><\/b><span data-contrast=\"none\">. Besonders hervorzuheben ist das Design, das von mehreren <\/span><i><span data-contrast=\"none\">Stra\u00dfenk\u00fcnstlern<\/span><\/i><span data-contrast=\"none\"> gestaltet wurde und die Kreativit\u00e4t anregt und f\u00fcr gute Laune sorgt!\u00a0\u00a0<\/span><span data-ccp-props=\"{&quot;134233117&quot;:true,&quot;134233118&quot;:true,&quot;134245417&quot;:true,&quot;201341983&quot;:0,&quot;335551550&quot;:6,&quot;335551620&quot;:6,&quot;335557856&quot;:16119028,&quot;335559738&quot;:165,&quot;335559739&quot;:165,&quot;335559740&quot;:240}\">\u00a0<\/span><\/p>\n<p><span data-contrast=\"none\" xml:lang=\"DE-DE\" lang=\"DE-DE\" class=\"TextRun SCXW261194745 BCX0\"><span class=\"NormalTextRun SCXW261194745 BCX0\" data-ccp-parastyle=\"Heading 4\" data-ccp-parastyle-linked-defn=\"{&quot;ObjectId&quot;:&quot;022d4b05-a29e-41b0-bff8-aa3faf5a2358|14&quot;,&quot;ClassId&quot;:1073872969,&quot;Properties&quot;:[469777841,&quot;Times New Roman&quot;,469777842,&quot;Times New Roman&quot;,469777843,&quot;Times New Roman&quot;,469777844,&quot;Times New Roman&quot;,469769226,&quot;Times New Roman&quot;,268442635,&quot;24&quot;,469775450,&quot;Titre 4 Car&quot;,201340122,&quot;1&quot;,134234082,&quot;true&quot;,134233614,&quot;true&quot;,469778129,&quot;Titre4Car&quot;,335572020,&quot;9&quot;,134231262,&quot;true&quot;,134224900,&quot;true&quot;,335559705,&quot;1036&quot;,469778324,&quot;Default Paragraph Font&quot;]}\">F\u00fcr Entspannung sorgt die Dachterrasse des Geb\u00e4udes, ein 1.000 m\u00b2 gro\u00dfer Arbeits- und Entspannungsbereich mit Blick auf den Bercy-Park. Auf dem Programm stehen <\/span><\/span><span data-contrast=\"none\" xml:lang=\"DE-DE\" lang=\"DE-DE\" class=\"TextRun SCXW261194745 BCX0\"><strong><span class=\"NormalTextRun SCXW261194745 BCX0\" data-ccp-parastyle=\"Heading 4\">Cocktails, Food Truck Dinner, <\/span><span class=\"NormalTextRun SpellingErrorV2Themed SCXW261194745 BCX0\" data-ccp-parastyle=\"Heading 4\">Afterwork<\/span><\/strong><span class=\"NormalTextRun SCXW261194745 BCX0\" data-ccp-parastyle=\"Heading 4\">.<\/span><\/span><span data-contrast=\"none\" xml:lang=\"DE-DE\" lang=\"DE-DE\" class=\"TextRun SCXW261194745 BCX0\"><span class=\"NormalTextRun SCXW261194745 BCX0\" data-ccp-parastyle=\"Heading 4\"> Die Atmosph\u00e4re ist freundlich, cool und trendy!<\/span><\/span><span class=\"EOP SCXW261194745 BCX0\" data-ccp-props=\"{&quot;134233117&quot;:true,&quot;134233118&quot;:true,&quot;134245417&quot;:true,&quot;201341983&quot;:0,&quot;335551550&quot;:6,&quot;335551620&quot;:6,&quot;335557856&quot;:16119028,&quot;335559738&quot;:165,&quot;335559739&quot;:165,&quot;335559740&quot;:240}\">\u00a0<\/span><\/p>\n\t\t\t\t\t<\/div>\n\t\t\t\t\t\t\t\t\t<\/div>\n\t\t\t<\/div>        \n\t\t<\/div>\n\t<\/div>\n<\/div>\n<!-- END OF : Composant : block-periscope-theme-section-composant-33-texte-image.php -->\n\n\n<!-- START OF : Composant : block-periscope-theme-section-composant-33-texte-image.php -->\n<!-- INVERSE -->\n<div class=\"text-image fs-wysiwyg mb-8 mb-lg-12\" data-component=\"33-texte-image\" data-reverse=\"oui\">\n\t<div class=\"container-fluid\" style=\"--bs-gutter-x: 0\">\n\t\t<div class=\"row\" style=\"--bs-gutter-x: 0\">\n\t\t\t<div class=\"col-lg-6\">\n\t\t\t\t<div class=\"text-image__content\">\n\t\t\t\t\t\t\t\t\t\t<div class=\"fw-semibold lh-xs fs-20 fs-lg-32 ls--25 mb-5\">Mercure Paris Montmartre Sacr\u00e9-C\u0153ur<\/div>\n\t\t\t\t\t\t\t\t\t\t\t\t\t\t\t<div class=\"fs-wysiwyg\">\n\t\t\t\t\t\t<p><b><span data-contrast=\"none\">Ein kleines St\u00fcck Paradies<\/span><\/b><span data-ccp-props=\"{&quot;134233117&quot;:true,&quot;134233118&quot;:true,&quot;134245417&quot;:true,&quot;201341983&quot;:0,&quot;335551550&quot;:6,&quot;335551620&quot;:6,&quot;335557856&quot;:16119028,&quot;335559738&quot;:165,&quot;335559739&quot;:165,&quot;335559740&quot;:240}\">\u00a0<\/span><\/p>\n<p><span data-contrast=\"none\">Das 4-Sterne-Hotel <a href=\"https:\/\/myallmeeting.com\/de\/hotel\/0373-hotel-mercure-paris-montmartre-sacre-coeur\/\">Mercure Paris Montmartre Sacr\u00e9-C\u0153ur <\/a><\/span><b><span data-contrast=\"none\">liegt im Herzen des pulsierenden Pariser Lebens <\/span><\/b><span data-contrast=\"none\">(neben Sacr\u00e9-C\u0153ur, ganz in der N\u00e4he der Kaufh\u00e4user, von Pigalle und Moulin Rouge) und bietet von seinen Zimmern aus einen <\/span><b><span data-contrast=\"none\">atemberaubenden Blick auf die Basilika und den Eiffelturm!\u00a0<\/span><\/b><span data-ccp-props=\"{&quot;134233117&quot;:true,&quot;134233118&quot;:true,&quot;134245417&quot;:true,&quot;201341983&quot;:0,&quot;335551550&quot;:6,&quot;335551620&quot;:6,&quot;335557856&quot;:16119028,&quot;335559738&quot;:165,&quot;335559739&quot;:165,&quot;335559740&quot;:240}\">\u00a0<\/span><\/p>\n<p><span data-contrast=\"none\">Aber der geheime Charme des Hotels liegt in seiner <\/span><b><span data-contrast=\"none\">Dachterrasse in Paris: ein privilegierter Ort der Entspannung<\/span><\/b><span data-contrast=\"none\">, um Tag und Nacht die Ruhe und Frische inmitten des st\u00e4dtischen Trubels zu genie\u00dfen. Ob bei einem Drink mit Kollegen oder um neue Energie zu tanken &#8211; <\/span><b><span data-contrast=\"none\">der wahre Luxus eines Wohlf\u00fchlmoments!<\/span><\/b><span data-ccp-props=\"{&quot;134233117&quot;:true,&quot;134233118&quot;:true,&quot;134245417&quot;:true,&quot;201341983&quot;:0,&quot;335551550&quot;:6,&quot;335551620&quot;:6,&quot;335557856&quot;:16119028,&quot;335559738&quot;:165,&quot;335559739&quot;:165,&quot;335559740&quot;:240}\">\u00a0<\/span><\/p>\n\t\t\t\t\t<\/div>\n\t\t\t\t\t\t\t\t\t<\/div>\n\t\t\t<\/div>    \n\t\t\t    \n\t\t\t<div class=\"col-lg-6 order-first order-lg-last mb-7 mb-lg-0\">\n\t\t\t\t<img decoding=\"async\" src=\"https:\/\/www.myallmeeting.com\/wp-content\/uploads\/2021\/05\/Mercure-Paris-Montmartre-Sacre-Coeur-3-953x600.jpg\" width=\"953\" height=\"600\" alt=\"rooftop privatisable paris\" loading=\"lazy\" class=\"w-100\" \/>\n\t\t\t<\/div>\n\t\t\t\t\t<\/div>\n\t<\/div>\n<\/div>\n<!-- END OF : Composant : block-periscope-theme-section-composant-33-texte-image.php -->\n\n\n<!-- START OF : Composant : block-periscope-theme-section-composant-33-texte-image.php -->\n<div class=\"text-image fs-wysiwyg mb-8 mb-lg-12\" data-component=\"33-texte-image\">\n\t<div class=\"container-fluid\" style=\"--bs-gutter-x: 0\">\n\t\t<div class=\"row\" style=\"--bs-gutter-x: 0\">\n\t\t\t\t\t\t<div class=\"col-lg-6 mb-7 mb-lg-0\">\n\t\t\t\t<img decoding=\"async\" src=\"https:\/\/www.myallmeeting.com\/wp-content\/uploads\/2021\/05\/Mama-paris-West-953x600.jpg\" width=\"953\" height=\"600\" alt=\"rooftop privatisable paris\" loading=\"lazy\" class=\"w-100\" \/>\n\t\t\t<\/div>\n\t\t\t\t\t\t<div class=\"col-lg-6\">\n\t\t\t\t<div class=\"text-image__content\">\n\t\t\t\t\t\t\t\t\t\t<div class=\"fw-semibold lh-xs fs-20 fs-lg-32 ls--25 mb-5\">Mama Shelter Paris West <\/div>\n\t\t\t\t\t\t\t\t\t\t\t\t\t\t\t<div class=\"fs-wysiwyg\">\n\t\t\t\t\t\t<p><b><span data-contrast=\"none\">Ein Nest \u00fcber den D\u00e4chern<\/span><\/b><span data-ccp-props=\"{&quot;134233117&quot;:true,&quot;134233118&quot;:true,&quot;134245417&quot;:true,&quot;201341983&quot;:0,&quot;335551550&quot;:6,&quot;335551620&quot;:6,&quot;335557856&quot;:16119028,&quot;335559738&quot;:165,&quot;335559739&quot;:165,&quot;335559740&quot;:240}\">\u00a0<\/span><\/p>\n<p><b><span data-contrast=\"none\">Wir sind bei Mama zu Hause.<\/span><\/b><span data-contrast=\"none\"> Im <a href=\"https:\/\/myallmeeting.com\/de\/hotel\/b1c3-mama-shelter-paris-west-ouverture-decembre-2019\/\">Hotel Porte de Versailles<\/a> erwarten Sie moderne und \u00e4u\u00dferst komfortable Zimmer, die von den ber\u00fchmten Innenarchitekten Dion &amp; Arles gestaltet wurden, 5-Sterne-Bettw\u00e4sche, Bio-Pflegeprodukte, <\/span><b><span data-contrast=\"none\">hausgemachte Speisen und ein aufmerksames Personal.<\/span><\/b><span data-ccp-props=\"{&quot;134233117&quot;:true,&quot;134233118&quot;:true,&quot;134245417&quot;:true,&quot;201341983&quot;:0,&quot;335551550&quot;:6,&quot;335551620&quot;:6,&quot;335557856&quot;:16119028,&quot;335559738&quot;:165,&quot;335559739&quot;:165,&quot;335559740&quot;:240}\">\u00a0<\/span><\/p>\n<p><span data-contrast=\"none\">Als Sahneh\u00e4ubchen verf\u00fcgt das Hotel \u00fcber eine <\/span><b><span data-contrast=\"none\">Dachterrasse mit Panoramablick<\/span><\/b><span data-contrast=\"none\"> \u00fcber die D\u00e4cher der Hauptstadt. Mehrere Au\u00dfen- und Innenbereiche sorgen daf\u00fcr, dass man bei jedem Wetter den Augenblick genie\u00dfen kann. <\/span><b><span data-contrast=\"none\">Auf der Speisekarte: Pizza, Fr\u00fchst\u00fcck, Cocktails und, wenn Sie Lust haben, Tischtennis!<\/span><\/b><span data-ccp-props=\"{&quot;134233117&quot;:true,&quot;134233118&quot;:true,&quot;134245417&quot;:true,&quot;201341983&quot;:0,&quot;335551550&quot;:6,&quot;335551620&quot;:6,&quot;335557856&quot;:16119028,&quot;335559738&quot;:165,&quot;335559739&quot;:165,&quot;335559740&quot;:240}\">\u00a0<\/span><\/p>\n\t\t\t\t\t<\/div>\n\t\t\t\t\t\t\t\t\t<\/div>\n\t\t\t<\/div>        \n\t\t<\/div>\n\t<\/div>\n<\/div>\n<!-- END OF : Composant : block-periscope-theme-section-composant-33-texte-image.php -->\n\n\n<!-- START OF : Composant : block-periscope-theme-section-composant-33-texte-image.php -->\n<!-- INVERSE -->\n<div class=\"text-image fs-wysiwyg mb-8 mb-lg-12\" data-component=\"33-texte-image\" data-reverse=\"oui\">\n\t<div class=\"container-fluid\" style=\"--bs-gutter-x: 0\">\n\t\t<div class=\"row\" style=\"--bs-gutter-x: 0\">\n\t\t\t<div class=\"col-lg-6\">\n\t\t\t\t<div class=\"text-image__content\">\n\t\t\t\t\t\t\t\t\t\t<div class=\"fw-semibold lh-xs fs-20 fs-lg-32 ls--25 mb-5\">Pullman Paris Montparnasse<\/div>\n\t\t\t\t\t\t\t\t\t\t\t\t\t\t\t<div class=\"fs-wysiwyg\">\n\t\t\t\t\t\t<p><b><span data-contrast=\"none\">Ein Panorama-Erlebnis<\/span><\/b><span data-ccp-props=\"{&quot;134233117&quot;:true,&quot;134233118&quot;:true,&quot;134245417&quot;:true,&quot;201341983&quot;:0,&quot;335551550&quot;:6,&quot;335551620&quot;:6,&quot;335557856&quot;:16119028,&quot;335559738&quot;:165,&quot;335559739&quot;:165,&quot;335559740&quot;:240}\">\u00a0<\/span><\/p>\n<p><a href=\"https:\/\/myallmeeting.com\/de\/hotel\/8189-pullman-paris-montparnasse\/\"><span data-contrast=\"none\">Dieses renommierte Business-Hotel <\/span><\/a><b><span data-contrast=\"none\">liegt im Herzen eines Stadtviertels, das sich in einem umfassenden Modernisierungsprozess befindet<\/span><\/b><span data-contrast=\"none\">, und bietet hinter seiner Glasfassade den Luxus von 957 renovierten Zimmern. <\/span><b><span data-contrast=\"none\">5.000 m\u00b2 S\u00e4le stehen f\u00fcr Veranstaltungen und Tagungen zur Verf\u00fcgung<\/span><\/b><span data-contrast=\"none\">, darunter mehrere mit sehr gro\u00dfer Kapazit\u00e4t (ein Plenarsaal von 742 m\u00b2 mit einer Deckenh\u00f6he von 7 Metern).<\/span><span data-ccp-props=\"{&quot;134233117&quot;:true,&quot;134233118&quot;:true,&quot;134245417&quot;:true,&quot;201341983&quot;:0,&quot;335551550&quot;:6,&quot;335551620&quot;:6,&quot;335557856&quot;:16119028,&quot;335559738&quot;:165,&quot;335559739&quot;:165,&quot;335559740&quot;:240}\">\u00a0<\/span><\/p>\n<p><b><span data-contrast=\"none\">Das Dach, das Paris von seinen 32 Etagen aus \u00fcberragt<\/span><\/b><span data-contrast=\"none\">, ist diesem gigantischen Hotel w\u00fcrdig: spektakul\u00e4re Ausblicke auf die gesamte Stadt der Lichter! F\u00fcr inspirierende Arbeitsessen oder Gesch\u00e4ftsessen&#8230;<\/span><span data-ccp-props=\"{&quot;134233117&quot;:true,&quot;134233118&quot;:true,&quot;134245417&quot;:true,&quot;201341983&quot;:0,&quot;335551550&quot;:6,&quot;335551620&quot;:6,&quot;335557856&quot;:16119028,&quot;335559738&quot;:165,&quot;335559739&quot;:165,&quot;335559740&quot;:240}\">\u00a0<\/span><\/p>\n\t\t\t\t\t<\/div>\n\t\t\t\t\t\t\t\t\t<\/div>\n\t\t\t<\/div>    \n\t\t\t    \n\t\t\t<div class=\"col-lg-6 order-first order-lg-last mb-7 mb-lg-0\">\n\t\t\t\t<img decoding=\"async\" src=\"https:\/\/www.myallmeeting.com\/wp-content\/uploads\/2021\/05\/6409-72-953x600.jpg\" width=\"953\" height=\"600\" alt=\"rooftop privatisable paris\" loading=\"lazy\" class=\"w-100\" \/>\n\t\t\t<\/div>\n\t\t\t\t\t<\/div>\n\t<\/div>\n<\/div>\n<!-- END OF : Composant : block-periscope-theme-section-composant-33-texte-image.php -->\n\n\n<!-- START OF : Composant : block-periscope-theme-section-composant-33-texte-image.php -->\n<div class=\"text-image fs-wysiwyg mb-8 mb-lg-12\" data-component=\"33-texte-image\">\n\t<div class=\"container-fluid\" style=\"--bs-gutter-x: 0\">\n\t\t<div class=\"row\" style=\"--bs-gutter-x: 0\">\n\t\t\t\t\t\t<div class=\"col-lg-6 mb-7 mb-lg-0\">\n\t\t\t\t<img decoding=\"async\" src=\"https:\/\/www.myallmeeting.com\/wp-content\/uploads\/2021\/05\/Hotel-Molitor-Paris-MGallery-8-953x600.jpg\" width=\"953\" height=\"600\" alt=\"rooftop privatisable paris\" loading=\"lazy\" class=\"w-100\" \/>\n\t\t\t<\/div>\n\t\t\t\t\t\t<div class=\"col-lg-6\">\n\t\t\t\t<div class=\"text-image__content\">\n\t\t\t\t\t\t\t\t\t\t<div class=\"fw-semibold lh-xs fs-20 fs-lg-32 ls--25 mb-5\">H\u00f4tel Molitor Paris MGallery<\/div>\n\t\t\t\t\t\t\t\t\t\t\t\t\t\t\t<div class=\"fs-wysiwyg\">\n\t\t\t\t\t\t<p><b><span data-contrast=\"none\">Au\u00dfergew\u00f6hnlicher Standpunkt<\/span><\/b><span data-ccp-props=\"{&quot;134233117&quot;:true,&quot;134233118&quot;:true,&quot;134245417&quot;:true,&quot;201341983&quot;:0,&quot;335551550&quot;:6,&quot;335551620&quot;:6,&quot;335557856&quot;:16119028,&quot;335559738&quot;:165,&quot;335559739&quot;:165,&quot;335559740&quot;:240}\">\u00a0<\/span><\/p>\n<p><span data-contrast=\"none\">Das im 16. Arrondissement von Paris gelegene 5-Sterne-<a href=\"https:\/\/myallmeeting.com\/de\/hotel\/7326-molitor-hotel-spa-paris-mgallery-collection\/\">Hotel Molitor MGallery <\/a>ist vor allem <\/span><b><span data-contrast=\"none\">ein au\u00dfergew\u00f6hnlicher Pariser Ort<\/span><\/b><span data-contrast=\"none\">: das ber\u00fchmte Schwimmbad aus den 1920er Jahren steht unter Denkmalschutz. Es ist aber auch ein Ort franz\u00f6sischer Raffinesse und Luxus. Rund um die beiden Pools gelegen, bietet das Hotel 117 Zimmer und 7 Suiten <\/span><b><span data-contrast=\"none\">in schlichtem und raffiniertem Design<\/span><\/b><span data-contrast=\"none\">, Zugang zu zwei ganzj\u00e4hrig auf 28 \u00b0C beheizten Pools, ein Spa und zwei Restaurants.<\/span><span data-ccp-props=\"{&quot;134233117&quot;:true,&quot;134233118&quot;:true,&quot;134245417&quot;:true,&quot;201341983&quot;:0,&quot;335551550&quot;:6,&quot;335551620&quot;:6,&quot;335557856&quot;:16119028,&quot;335559738&quot;:165,&quot;335559739&quot;:165,&quot;335559740&quot;:240}\">\u00a0<\/span><\/p>\n<p><span data-contrast=\"none\">Wer frische Luft, Sonne und ein bisschen H\u00f6he sucht, sollte sich auf die <\/span><b><span data-contrast=\"none\">private Dachterrasse<\/span><\/b><span data-contrast=\"none\"> begeben, die bis zu 120 Personen Platz bietet. <\/span><b><span data-contrast=\"none\">Der Blick \u00fcber die Pools, den Eiffelturm und die D\u00e4cher von Paris ist zauberhaft!<\/span><\/b><span data-ccp-props=\"{&quot;134233117&quot;:true,&quot;134233118&quot;:true,&quot;134245417&quot;:true,&quot;201341983&quot;:0,&quot;335551550&quot;:6,&quot;335551620&quot;:6,&quot;335557856&quot;:16119028,&quot;335559738&quot;:165,&quot;335559739&quot;:165,&quot;335559740&quot;:240}\">\u00a0<\/span><\/p>\n<p><span data-ccp-props=\"{&quot;134245417&quot;:true,&quot;201341983&quot;:0,&quot;335551550&quot;:1,&quot;335551620&quot;:1,&quot;335559738&quot;:0,&quot;335559739&quot;:160,&quot;335559740&quot;:259}\">\u00a0<\/span><\/p>\n<p><span data-contrast=\"none\">Entdecken Sie auch die unglaublichen und einzigartigen D\u00e4cher der Provinzen in diesem <\/span><a href=\"https:\/\/myallmeeting.com\/de\/article\/notre-selection-de-rooftops-accor-pour-vos-soirees-estivales\/\"><span data-contrast=\"none\">Sonderbericht<\/span><\/a><span data-contrast=\"none\">!<\/span><span data-ccp-props=\"{&quot;134233117&quot;:true,&quot;134233118&quot;:true,&quot;134245417&quot;:true,&quot;201341983&quot;:0,&quot;335551550&quot;:2,&quot;335551620&quot;:2,&quot;335557856&quot;:16119028,&quot;335559738&quot;:165,&quot;335559739&quot;:165,&quot;335559740&quot;:240}\">\u00a0<\/span><\/p>\n<p><span data-ccp-props=\"{&quot;134245417&quot;:true,&quot;201341983&quot;:0,&quot;335551550&quot;:1,&quot;335551620&quot;:1,&quot;335559738&quot;:0,&quot;335559739&quot;:160,&quot;335559740&quot;:259}\">\u00a0<\/span><\/p>\n\t\t\t\t\t<\/div>\n\t\t\t\t\t\t\t\t\t<\/div>\n\t\t\t<\/div>        \n\t\t<\/div>\n\t<\/div>\n<\/div>\n<!-- END OF : Composant : block-periscope-theme-section-composant-33-texte-image.php -->\n","protected":false},"excerpt":{"rendered":"","protected":false},"featured_media":15964831,"menu_order":0,"template":"","periscope_categorie_tax":[3514],"class_list":["post-16036922","article","type-article","status-publish","has-post-thumbnail","hentry","periscope_categorie_tax-tous-nos-tops-selections-de"],"acf":[],"yoast_head":"<title>Unsere Adressen mit Dachterrasse in Paris!\u00a0 - Accor MyAllMeeting.com<\/title>\n<meta name=\"robots\" content=\"index, follow, max-snippet:-1, max-image-preview:large, max-video-preview:-1\" \/>\n<link rel=\"canonical\" href=\"https:\/\/www.myallmeeting.com\/de\/wp-json\/wp\/v2\/article\/16036922\" \/>\n<meta property=\"og:locale\" content=\"de_DE\" \/>\n<meta property=\"og:type\" content=\"article\" \/>\n<meta property=\"og:title\" content=\"Unsere Adressen mit Dachterrasse in Paris!\u00a0 - Accor MyAllMeeting.com\" \/>\n<meta property=\"og:url\" content=\"https:\/\/www.myallmeeting.com\/de\/article\/unsere-adressen-mit-dachterrasse-in-paris\/\" \/>\n<meta property=\"og:site_name\" content=\"Accor MyAllMeeting.com\" \/>\n<meta property=\"article:modified_time\" content=\"2024-07-16T12:48:35+00:00\" \/>\n<meta property=\"og:image\" content=\"http:\/\/myallmeeting.com\/wp-content\/uploads\/2021\/05\/Paris-aerial-view.png\" \/>\n\t<meta property=\"og:image:width\" content=\"1920\" \/>\n\t<meta property=\"og:image:height\" content=\"570\" \/>\n\t<meta property=\"og:image:type\" content=\"image\/png\" \/>\n<meta name=\"twitter:card\" content=\"summary_large_image\" \/>\n<meta name=\"twitter:label1\" content=\"Est. reading time\" \/>\n\t<meta name=\"twitter:data1\" content=\"6 minutes\" \/>\n<script type=\"application\/ld+json\" class=\"yoast-schema-graph\">{\"@context\":\"https:\/\/schema.org\",\"@graph\":[{\"@type\":\"WebPage\",\"@id\":\"https:\/\/www.myallmeeting.com\/de\/article\/unsere-adressen-mit-dachterrasse-in-paris\/\",\"url\":\"https:\/\/www.myallmeeting.com\/de\/article\/unsere-adressen-mit-dachterrasse-in-paris\/\",\"name\":\"Unsere Adressen mit Dachterrasse in Paris!\u00a0 - Accor MyAllMeeting.com\",\"isPartOf\":{\"@id\":\"https:\/\/www.myallmeeting.com\/de\/#website\"},\"primaryImageOfPage\":{\"@id\":\"https:\/\/www.myallmeeting.com\/de\/article\/unsere-adressen-mit-dachterrasse-in-paris\/#primaryimage\"},\"image\":{\"@id\":\"https:\/\/www.myallmeeting.com\/de\/article\/unsere-adressen-mit-dachterrasse-in-paris\/#primaryimage\"},\"thumbnailUrl\":\"https:\/\/www.myallmeeting.com\/wp-content\/uploads\/2021\/05\/Paris-aerial-view.png\",\"datePublished\":\"2021-05-18T09:23:22+00:00\",\"dateModified\":\"2024-07-16T12:48:35+00:00\",\"breadcrumb\":{\"@id\":\"https:\/\/www.myallmeeting.com\/de\/article\/unsere-adressen-mit-dachterrasse-in-paris\/#breadcrumb\"},\"inLanguage\":\"de-DE\",\"potentialAction\":[{\"@type\":\"ReadAction\",\"target\":[\"https:\/\/www.myallmeeting.com\/de\/article\/unsere-adressen-mit-dachterrasse-in-paris\/\"]}]},{\"@type\":\"ImageObject\",\"inLanguage\":\"de-DE\",\"@id\":\"https:\/\/www.myallmeeting.com\/de\/article\/unsere-adressen-mit-dachterrasse-in-paris\/#primaryimage\",\"url\":\"https:\/\/www.myallmeeting.com\/wp-content\/uploads\/2021\/05\/Paris-aerial-view.png\",\"contentUrl\":\"https:\/\/www.myallmeeting.com\/wp-content\/uploads\/2021\/05\/Paris-aerial-view.png\",\"width\":1920,\"height\":570},{\"@type\":\"BreadcrumbList\",\"@id\":\"https:\/\/www.myallmeeting.com\/de\/article\/unsere-adressen-mit-dachterrasse-in-paris\/#breadcrumb\",\"itemListElement\":[{\"@type\":\"ListItem\",\"position\":1,\"name\":\"Homepage\",\"item\":\"https:\/\/myallmeeting.com\/de\/\"},{\"@type\":\"ListItem\",\"position\":2,\"name\":\"Aktuelles\",\"item\":\"https:\/\/www.myallmeeting.com\/de\/aktuelles\/\"},{\"@type\":\"ListItem\",\"position\":3,\"name\":\"Unsere Adressen mit Dachterrasse in Paris!\u00a0\"}]},{\"@type\":\"WebSite\",\"@id\":\"https:\/\/www.myallmeeting.com\/de\/#website\",\"url\":\"https:\/\/www.myallmeeting.com\/de\/\",\"name\":\"Accor MyAllMeeting.com\",\"description\":\"Les Meilleurs lieux pour vos Ev\u00e9nements Professionnels\",\"publisher\":{\"@id\":\"https:\/\/www.myallmeeting.com\/de\/#organization\"},\"potentialAction\":[{\"@type\":\"SearchAction\",\"target\":{\"@type\":\"EntryPoint\",\"urlTemplate\":\"https:\/\/www.myallmeeting.com\/de\/?s={search_term_string}\"},\"query-input\":{\"@type\":\"PropertyValueSpecification\",\"valueRequired\":true,\"valueName\":\"search_term_string\"}}],\"inLanguage\":\"de-DE\"},{\"@type\":\"Organization\",\"@id\":\"https:\/\/www.myallmeeting.com\/de\/#organization\",\"name\":\"ACCOR\",\"url\":\"https:\/\/www.myallmeeting.com\/de\/\",\"logo\":{\"@type\":\"ImageObject\",\"inLanguage\":\"de-DE\",\"@id\":\"https:\/\/www.myallmeeting.com\/de\/#\/schema\/logo\/image\/\",\"url\":\"\",\"contentUrl\":\"\",\"caption\":\"ACCOR\"},\"image\":{\"@id\":\"https:\/\/www.myallmeeting.com\/de\/#\/schema\/logo\/image\/\"}}]}<\/script>","yoast_head_json":{"title":"Unsere Adressen mit Dachterrasse in Paris!\u00a0 - Accor MyAllMeeting.com","robots":{"index":"index","follow":"follow","max-snippet":"max-snippet:-1","max-image-preview":"max-image-preview:large","max-video-preview":"max-video-preview:-1"},"canonical":"https:\/\/www.myallmeeting.com\/de\/wp-json\/wp\/v2\/article\/16036922","og_locale":"de_DE","og_type":"article","og_title":"Unsere Adressen mit Dachterrasse in Paris!\u00a0 - Accor MyAllMeeting.com","og_url":"https:\/\/www.myallmeeting.com\/de\/article\/unsere-adressen-mit-dachterrasse-in-paris\/","og_site_name":"Accor MyAllMeeting.com","article_modified_time":"2024-07-16T12:48:35+00:00","og_image":[{"width":1920,"height":570,"url":"http:\/\/myallmeeting.com\/wp-content\/uploads\/2021\/05\/Paris-aerial-view.png","type":"image\/png"}],"twitter_card":"summary_large_image","twitter_misc":{"Est. reading time":"6 minutes"},"schema":{"@context":"https:\/\/schema.org","@graph":[{"@type":"WebPage","@id":"https:\/\/www.myallmeeting.com\/de\/article\/unsere-adressen-mit-dachterrasse-in-paris\/","url":"https:\/\/www.myallmeeting.com\/de\/article\/unsere-adressen-mit-dachterrasse-in-paris\/","name":"Unsere Adressen mit Dachterrasse in Paris!\u00a0 - Accor MyAllMeeting.com","isPartOf":{"@id":"https:\/\/www.myallmeeting.com\/de\/#website"},"primaryImageOfPage":{"@id":"https:\/\/www.myallmeeting.com\/de\/article\/unsere-adressen-mit-dachterrasse-in-paris\/#primaryimage"},"image":{"@id":"https:\/\/www.myallmeeting.com\/de\/article\/unsere-adressen-mit-dachterrasse-in-paris\/#primaryimage"},"thumbnailUrl":"https:\/\/www.myallmeeting.com\/wp-content\/uploads\/2021\/05\/Paris-aerial-view.png","datePublished":"2021-05-18T09:23:22+00:00","dateModified":"2024-07-16T12:48:35+00:00","breadcrumb":{"@id":"https:\/\/www.myallmeeting.com\/de\/article\/unsere-adressen-mit-dachterrasse-in-paris\/#breadcrumb"},"inLanguage":"de-DE","potentialAction":[{"@type":"ReadAction","target":["https:\/\/www.myallmeeting.com\/de\/article\/unsere-adressen-mit-dachterrasse-in-paris\/"]}]},{"@type":"ImageObject","inLanguage":"de-DE","@id":"https:\/\/www.myallmeeting.com\/de\/article\/unsere-adressen-mit-dachterrasse-in-paris\/#primaryimage","url":"https:\/\/www.myallmeeting.com\/wp-content\/uploads\/2021\/05\/Paris-aerial-view.png","contentUrl":"https:\/\/www.myallmeeting.com\/wp-content\/uploads\/2021\/05\/Paris-aerial-view.png","width":1920,"height":570},{"@type":"BreadcrumbList","@id":"https:\/\/www.myallmeeting.com\/de\/article\/unsere-adressen-mit-dachterrasse-in-paris\/#breadcrumb","itemListElement":[{"@type":"ListItem","position":1,"name":"Homepage","item":"https:\/\/myallmeeting.com\/de\/"},{"@type":"ListItem","position":2,"name":"Aktuelles","item":"https:\/\/www.myallmeeting.com\/de\/aktuelles\/"},{"@type":"ListItem","position":3,"name":"Unsere Adressen mit Dachterrasse in Paris!\u00a0"}]},{"@type":"WebSite","@id":"https:\/\/www.myallmeeting.com\/de\/#website","url":"https:\/\/www.myallmeeting.com\/de\/","name":"Accor MyAllMeeting.com","description":"Les Meilleurs lieux pour vos Ev\u00e9nements Professionnels","publisher":{"@id":"https:\/\/www.myallmeeting.com\/de\/#organization"},"potentialAction":[{"@type":"SearchAction","target":{"@type":"EntryPoint","urlTemplate":"https:\/\/www.myallmeeting.com\/de\/?s={search_term_string}"},"query-input":{"@type":"PropertyValueSpecification","valueRequired":true,"valueName":"search_term_string"}}],"inLanguage":"de-DE"},{"@type":"Organization","@id":"https:\/\/www.myallmeeting.com\/de\/#organization","name":"ACCOR","url":"https:\/\/www.myallmeeting.com\/de\/","logo":{"@type":"ImageObject","inLanguage":"de-DE","@id":"https:\/\/www.myallmeeting.com\/de\/#\/schema\/logo\/image\/","url":"","contentUrl":"","caption":"ACCOR"},"image":{"@id":"https:\/\/www.myallmeeting.com\/de\/#\/schema\/logo\/image\/"}}]}},"_links":{"self":[{"href":"https:\/\/www.myallmeeting.com\/de\/wp-json\/wp\/v2\/article\/16036922","targetHints":{"allow":["GET"]}}],"collection":[{"href":"https:\/\/www.myallmeeting.com\/de\/wp-json\/wp\/v2\/article"}],"about":[{"href":"https:\/\/www.myallmeeting.com\/de\/wp-json\/wp\/v2\/types\/article"}],"wp:featuredmedia":[{"embeddable":true,"href":"https:\/\/www.myallmeeting.com\/de\/wp-json\/wp\/v2\/media\/15964831"}],"wp:attachment":[{"href":"https:\/\/www.myallmeeting.com\/de\/wp-json\/wp\/v2\/media?parent=16036922"}],"wp:term":[{"taxonomy":"periscope_categorie_tax","embeddable":true,"href":"https:\/\/www.myallmeeting.com\/de\/wp-json\/wp\/v2\/periscope_categorie_tax?post=16036922"}],"curies":[{"name":"wp","href":"https:\/\/api.w.org\/{rel}","templated":true}]}}