{"id":16036915,"date":"2021-11-12T10:27:57","date_gmt":"2021-11-12T09:27:57","guid":{"rendered":"https:\/\/myallmeeting.com\/article\/loisirs-et-affaires-sur-nos-terrasses-avec-les-plus-belles-vues-en-europe-du-sud\/"},"modified":"2024-07-16T14:43:17","modified_gmt":"2024-07-16T12:43:17","slug":"loisirs-et-affaires-sur-nos-terrasses-avec-les-plus-belles-vues-en-europe-du-sud","status":"publish","type":"article","link":"https:\/\/www.myallmeeting.com\/de\/article\/loisirs-et-affaires-sur-nos-terrasses-avec-les-plus-belles-vues-en-europe-du-sud\/","title":{"rendered":"Freizeit und Business auf unseren Terrassen mit der sch\u00f6nsten Aussicht S\u00fcdeuropas\u00a0"},"content":{"rendered":"<!-- START OF : Composant : block-periscope-theme-section-composant-25-texte-cta-2-images.php -->\n<div class=\"tcta2ia bg-white fs-wysiwyg mb-lg-12\" data-component=\"25-texte-cta-2-images\">\n\t<div class=\"tcta2ia__top\">\n\t\t<div class=\"container-fluid\" style=\"--bs-gutter-x: 0\">\n\t\t\t<div class=\"row\" style=\"--bs-gutter-x: 0\">\n\t\t\t\t<div class=\"col-lg-8\">\n\t\t\t\t\t\t\t\t\t\t<div class=\"bloc-mise-en-avant__top__left\">\n\t\t\t\t\t\t<img decoding=\"async\" src=\"https:\/\/www.myallmeeting.com\/wp-content\/uploads\/2021\/11\/6579-07-1268x846.jpg\" class=\"pe-2 pe-lg-0\" width=\"1268\" height=\"846\" alt=\"\" loading=\"lazy\" \/>\n\t\t\t\t\t<\/div>\n\t\t\t\t\t\t\t\t\t\t<div class=\"tcta2ia__bottom d-none d-lg-block pb-12 pt-lg-9 pb-lg-0 pe-lg-10\">\n\t\t\t\t\t\t\t\t\t\t\t\t<h2 class=\"fs-20 fs-lg-32 fw-semibold\">Novotel Madrid City Las Ventas <\/h2>\n\t\t\t\t\t\t\t\t\t\t\t\t\t\t\t\t\t\t<div class=\"fs-wysiwyg\"><h3><\/h3>\n<h3>Ein Balkon \u00fcber Madrid<\/h3>\n<p><span data-contrast=\"none\">Das<\/span><a href=\"https:\/\/myallmeeting.com\/de\/hotel\/0843-novotel-madrid-city-las-ventas\/\"><b><span data-contrast=\"none\"> Novotel Madrid City Las Ventas<\/span><\/b><\/a><span data-contrast=\"none\"> verf\u00fcgt nicht nur \u00fcber 8 modulare Tagungsr\u00e4ume f\u00fcr bis zu 150 Personen, sondern auch \u00fcber eine Terrasse mit Garten und Swimmingpool. Sie ist der ideale Ort f\u00fcr Meetings und Networking. Hier kann man nicht nur den <\/span><b><span data-contrast=\"none\">herrlichen Blick \u00fcber die Hauptstadt<\/span><\/b><span data-contrast=\"none\"> genie\u00dfen, sondern auch die mediterran inspirierte K\u00fcche des Restaurants Insolito*, das <\/span><b><span data-contrast=\"none\">ausgewogene Gerichte<\/span><\/b><span data-contrast=\"none\"> anbietet und auf das Kochen mit Holzkohle spezialisiert ist. Chefkoch Tyto Blanco leitet das Restaurant.\u00a0<\/span><span data-ccp-props=\"{&quot;134245417&quot;:true,&quot;201341983&quot;:0,&quot;335551550&quot;:6,&quot;335551620&quot;:6,&quot;335557856&quot;:16119028,&quot;335559738&quot;:165,&quot;335559739&quot;:165,&quot;335559740&quot;:240}\">\u00a0<\/span><\/p>\n<\/div>\n\t\t\t\t\t\t\t\t\t\t\t\t<div class=\"d-flex flex-column flex-lg-row align-items-center gap-5 gap-lg-8 justify-content-between\">\n\t\t\t\t\t\t\t<div class=\"fs-20 fs-lg-26 fw-semibold lh-xs\"><\/div>\n\t\t\t\t\t\t\t\t\t\t\t\t\t<\/div>\n\t\t\t\t\t<\/div>\n\t\t\t\t<\/div>\n\t\t\t\t<div class=\"col-lg-4\">\n\t\t\t\t\t<div class=\"tcta2ia__top__right t-0 r-0 bg-primary text-white pt-4 pb-4 px-2 pt-lg-8 pb-lg-16 px-lg-11 pb-xl-30\">\n\t\t\t\t\t\t\t\t\t\t\t\t\t\t\t\t\t\t<h2 class=\"unna fs-36 fs-lg-51 fs-xl-75 fs-italic fw-normal text-secondary\">Freizeit und Business auf unseren Terrassen mit der sch\u00f6nsten Aussicht S\u00fcdeuropas <\/h2>\n\t\t\t\t\t\t\t\t\t\t\t\t\t\t\t\t\t\t<h3 class=\"text-white fs-18 fs-lg-20 fs-xl-28 text-original-case\">Auf den 6 Terrassen mit herrlichem Ausblick lassen sich Vergn\u00fcgen und Gesch\u00e4ftliches miteinander verbinden. Entspannungsbereiche, ein abwechslungsreiches gastronomisches Men\u00fc, Cocktailbars und Momente in bester Atmosph\u00e4re mit Live-Musik.<\/h3>\n\t\t\t\t\t\t\t\t\t\t\t\t\t\t\t\t\t\t<div class=\"fs-wysiwyg mb-4 fs-lg-16 fs-xl-20\"><p><span data-contrast=\"none\">Was gibt es Sch\u00f6neres, als <\/span><b><span data-contrast=\"none\">Madrid, Barcelona, San Sebastian oder Rom zu F\u00fc\u00dfen zu haben<\/span><\/b><span data-contrast=\"none\">, den Sonnenuntergang zu bewundern und die frische Luft zu genie\u00dfen, w\u00e4hrend man sich zum Meeting, After-Work-Meeting oder Networking trifft? <\/span><b><span data-contrast=\"none\">Mit einer solchen Aussicht wird es Ihnen leicht fallen, Gesch\u00e4fte zu machen!<\/span><\/b><span data-ccp-props=\"{&quot;134245417&quot;:true,&quot;201341983&quot;:0,&quot;335551550&quot;:6,&quot;335551620&quot;:6,&quot;335557856&quot;:16119028,&quot;335559738&quot;:0,&quot;335559739&quot;:165,&quot;335559740&quot;:240}\">\u00a0<\/span><\/p>\n<\/div>\n\t\t\t\t\t\t\t\t\t\t\t\t\t\t\t\t\t\t\t\t\t\t\t\t<p class=\"m-0\"><img decoding=\"async\" src=\"https:\/\/www.myallmeeting.com\/wp-content\/uploads\/2021\/11\/5978-52-633x398.jpg\" class=\"position-relative l-0\" width=\"633\" height=\"398\" alt=\"\" loading=\"lazy\" \/><\/p>\n\t\t\t\t\t\t\t\t\t\t\t<\/div>\n\t\t\t\t<\/div>\n\t\t\t<\/div>\n\t\t<\/div>\n\t<\/div>\n\t<div class=\"tcta2ia__bottom d-lg-none pb-12 py-lg-9 pe-lg-10\">\n\t\t\t\t<div class=\"h2 fs-20 fs-lg-32 fw-semibold\">Novotel Madrid City Las Ventas <\/div>\n\t\t\t\t\t\t<div class=\"fs-wysiwyg\"><h3><\/h3>\n<h3>Ein Balkon \u00fcber Madrid<\/h3>\n<p><span data-contrast=\"none\">Das<\/span><a href=\"https:\/\/myallmeeting.com\/de\/hotel\/0843-novotel-madrid-city-las-ventas\/\"><b><span data-contrast=\"none\"> Novotel Madrid City Las Ventas<\/span><\/b><\/a><span data-contrast=\"none\"> verf\u00fcgt nicht nur \u00fcber 8 modulare Tagungsr\u00e4ume f\u00fcr bis zu 150 Personen, sondern auch \u00fcber eine Terrasse mit Garten und Swimmingpool. Sie ist der ideale Ort f\u00fcr Meetings und Networking. Hier kann man nicht nur den <\/span><b><span data-contrast=\"none\">herrlichen Blick \u00fcber die Hauptstadt<\/span><\/b><span data-contrast=\"none\"> genie\u00dfen, sondern auch die mediterran inspirierte K\u00fcche des Restaurants Insolito*, das <\/span><b><span data-contrast=\"none\">ausgewogene Gerichte<\/span><\/b><span data-contrast=\"none\"> anbietet und auf das Kochen mit Holzkohle spezialisiert ist. Chefkoch Tyto Blanco leitet das Restaurant.\u00a0<\/span><span data-ccp-props=\"{&quot;134245417&quot;:true,&quot;201341983&quot;:0,&quot;335551550&quot;:6,&quot;335551620&quot;:6,&quot;335557856&quot;:16119028,&quot;335559738&quot;:165,&quot;335559739&quot;:165,&quot;335559740&quot;:240}\">\u00a0<\/span><\/p>\n<\/div>\n\t\t\t\t<div class=\"d-flex flex-column flex-lg-row align-items-center gap-5 gap-lg-8 justify-content-between\">\n\t\t\t<div class=\"fs-20 fs-lg-26 fw-semibold lh-xs\"><\/div>\n\t\t\t\t\t<\/div>\n\t<\/div>\n<\/div>\n<!-- END OF : Composant : block-periscope-theme-section-composant-25-texte-cta-2-images.php -->\n\n\n<!-- START OF : Composant : block-periscope-theme-section-composant-33-texte-image.php -->\n<div class=\"text-image fs-wysiwyg mb-8 mb-lg-12\" data-component=\"33-texte-image\">\n\t<div class=\"container-fluid\" style=\"--bs-gutter-x: 0\">\n\t\t<div class=\"row\" style=\"--bs-gutter-x: 0\">\n\t\t\t\t\t\t<div class=\"col-lg-6 mb-7 mb-lg-0\">\n\t\t\t\t<img decoding=\"async\" src=\"https:\/\/www.myallmeeting.com\/wp-content\/uploads\/2021\/11\/sotogrande-7-953x600.jpg\" width=\"953\" height=\"600\" alt=\"\" loading=\"lazy\" class=\"w-100\" \/>\n\t\t\t<\/div>\n\t\t\t\t\t\t<div class=\"col-lg-6\">\n\t\t\t\t<div class=\"text-image__content\">\n\t\t\t\t\t\t\t\t\t\t<div class=\"fw-semibold lh-xs fs-20 fs-lg-32 ls--25 mb-5\">SO\/ Sotogrande<\/div>\n\t\t\t\t\t\t\t\t\t\t\t\t\t\t\t<div class=\"fs-wysiwyg\">\n\t\t\t\t\t\t<h3><\/h3>\n<h3>Diskreter Zufluchtsort in Sotogrande<\/h3>\n<p><span data-contrast=\"none\">Kennen Sie schon die 3 Terrassen mit Swimmingpool des Nouveau <\/span><a href=\"https:\/\/myallmeeting.com\/de\/hotel\/b6v6-so-sotogrande-ouverture-juillet-2021\/\"><b><span data-contrast=\"none\">SO\/Sotogrande<\/span><\/b><\/a><span data-contrast=\"none\">, ihren Panoramablick auf das Mittelmeer und die 70.000 Quadratmeter Gr\u00fcnfl\u00e4che, die sie umgeben? <\/span><b><span data-contrast=\"none\">Wasser- und Lichtspiele von K\u00fcnstlern<\/span><\/b><span data-contrast=\"none\"> sorgen f\u00fcr \u00dcberraschungen bei Ihrer Veranstaltung, w\u00e4hrend die Teilnehmer auf den Sofas einen Cocktail oder ein Abendessen genie\u00dfen.\u00a0\u00a0<\/span><span data-ccp-props=\"{&quot;134233117&quot;:true,&quot;134233118&quot;:true,&quot;134245417&quot;:true,&quot;201341983&quot;:0,&quot;335551550&quot;:6,&quot;335551620&quot;:6,&quot;335557856&quot;:16119028,&quot;335559738&quot;:165,&quot;335559739&quot;:165,&quot;335559740&quot;:240}\">\u00a0<\/span><\/p>\n<p><span data-contrast=\"none\">Sie k\u00f6nnen mit den M\u00f6beln und Einrichtungsgegenst\u00e4nden spielen und eine <\/span><b><span data-contrast=\"none\">Open-Air-Poolparty f\u00fcr eine Parade<\/span><\/b><span data-contrast=\"none\"> oder eine unvergessliche Produktpr\u00e4sentation organisieren. Der Konferenzraum verf\u00fcgt auch \u00fcber eine Terrasse und&#8230; eine \u00dcberraschung? Die Teilnehmer werden sich wie zu Hause f\u00fchlen,<\/span><b><span data-contrast=\"none\"> dank der drei Etagen von privaten Suiten, die f\u00fcr Veranstaltungen reserviert sind<\/span><\/b><span data-contrast=\"none\">&#8230; Sie k\u00f6nnen sich <\/span><i><span data-contrast=\"none\">entspannen<\/span><\/i><span data-contrast=\"none\">, Innen- und Au\u00dfenbereich kombinieren und nicht zu vergessen die Anwesenheit eines DJs, der den Abend belebt.<\/span><span data-ccp-props=\"{&quot;134233117&quot;:true,&quot;134233118&quot;:true,&quot;134245417&quot;:true,&quot;201341983&quot;:0,&quot;335551550&quot;:6,&quot;335551620&quot;:6,&quot;335557856&quot;:16119028,&quot;335559738&quot;:165,&quot;335559739&quot;:165,&quot;335559740&quot;:240}\">\u00a0<\/span><\/p>\n\t\t\t\t\t<\/div>\n\t\t\t\t\t\t\t\t\t<\/div>\n\t\t\t<\/div>        \n\t\t<\/div>\n\t<\/div>\n<\/div>\n<!-- END OF : Composant : block-periscope-theme-section-composant-33-texte-image.php -->\n\n\n<!-- START OF : Composant : block-periscope-theme-section-composant-33-texte-image.php -->\n<!-- INVERSE -->\n<div class=\"text-image fs-wysiwyg mb-8 mb-lg-12\" data-component=\"33-texte-image\" data-reverse=\"oui\">\n\t<div class=\"container-fluid\" style=\"--bs-gutter-x: 0\">\n\t\t<div class=\"row\" style=\"--bs-gutter-x: 0\">\n\t\t\t<div class=\"col-lg-6\">\n\t\t\t\t<div class=\"text-image__content\">\n\t\t\t\t\t\t\t\t\t\t<div class=\"fw-semibold lh-xs fs-20 fs-lg-32 ls--25 mb-5\">Sofitel Roma Villa Borghese<\/div>\n\t\t\t\t\t\t\t\t\t\t\t\t\t\t\t<div class=\"fs-wysiwyg\">\n\t\t\t\t\t\t<h3><\/h3>\n<h3>Fliegen Sie \u00fcber Rom<\/h3>\n<p><span data-contrast=\"none\">Die Terrasse des <\/span><a href=\"https:\/\/myallmeeting.com\/de\/hotel\/1312-sofitel-roma-villa-borghese\/\"><b><span data-contrast=\"none\">Sofitel Roma Villa Borghese<\/span><\/b><\/a><span data-contrast=\"none\"> oberhalb der r\u00f6mischen Pal\u00e4ste vermittelt<\/span><b><span data-contrast=\"none\"> das Gef\u00fchl, \u00fcber Rom zu fliegen<\/span><\/b><span data-contrast=\"none\">, mit freiem Blick bis zum Petersdom. Sie empf\u00e4ngt uns in einer <\/span><b><span data-contrast=\"none\">Umgebung voller Vegetation, Farben und einer eleganten Atmosph\u00e4re<\/span><\/b><span data-contrast=\"none\">, die dem franz\u00f6sischen Designer Jean-Philippe Nuel zu verdanken ist, der das Hotel renoviert hat.\u00a0<\/span><span data-ccp-props=\"{&quot;134233117&quot;:true,&quot;134233118&quot;:true,&quot;134245417&quot;:true,&quot;201341983&quot;:0,&quot;335551550&quot;:6,&quot;335551620&quot;:6,&quot;335557856&quot;:16119028,&quot;335559738&quot;:165,&quot;335559739&quot;:165,&quot;335559740&quot;:240}\">\u00a0<\/span><\/p>\n<p><span data-contrast=\"none\">Die Cocktails sind unglaublich und die Speisekarte des Restaurants Settimo, unter der Leitung von Chefkoch Giuseppe D&#8217;Alessio, wird Ihre Teilnehmer <\/span><b><span data-contrast=\"none\">mit den Aromen der besten italienischen Tradition kombiniert mit dem Geschmack der Moderne<\/span><\/b><span data-contrast=\"none\"> begeistern. Das macht Lust auf mehr, nicht wahr?<\/span><span data-ccp-props=\"{&quot;134233117&quot;:true,&quot;134233118&quot;:true,&quot;134245417&quot;:true,&quot;201341983&quot;:0,&quot;335551550&quot;:6,&quot;335551620&quot;:6,&quot;335557856&quot;:16119028,&quot;335559738&quot;:165,&quot;335559739&quot;:165,&quot;335559740&quot;:240}\">\u00a0<\/span><\/p>\n\t\t\t\t\t<\/div>\n\t\t\t\t\t\t\t\t\t<\/div>\n\t\t\t<\/div>    \n\t\t\t    \n\t\t\t<div class=\"col-lg-6 order-first order-lg-last mb-7 mb-lg-0\">\n\t\t\t\t<img decoding=\"async\" src=\"https:\/\/www.myallmeeting.com\/wp-content\/uploads\/2021\/11\/Sofitel-Roma-Villa-Borghese-2-953x600.jpg\" width=\"953\" height=\"600\" alt=\"\" loading=\"lazy\" class=\"w-100\" \/>\n\t\t\t<\/div>\n\t\t\t\t\t<\/div>\n\t<\/div>\n<\/div>\n<!-- END OF : Composant : block-periscope-theme-section-composant-33-texte-image.php -->\n\n\n<!-- START OF : Composant : block-periscope-theme-section-composant-33-texte-image.php -->\n<div class=\"text-image fs-wysiwyg mb-8 mb-lg-12\" data-component=\"33-texte-image\">\n\t<div class=\"container-fluid\" style=\"--bs-gutter-x: 0\">\n\t\t<div class=\"row\" style=\"--bs-gutter-x: 0\">\n\t\t\t\t\t\t<div class=\"col-lg-6 mb-7 mb-lg-0\">\n\t\t\t\t<img decoding=\"async\" src=\"https:\/\/www.myallmeeting.com\/wp-content\/uploads\/2021\/11\/Romacolosseo2-953x600.jpg\" width=\"953\" height=\"600\" alt=\"\" loading=\"lazy\" class=\"w-100\" \/>\n\t\t\t<\/div>\n\t\t\t\t\t\t<div class=\"col-lg-6\">\n\t\t\t\t<div class=\"text-image__content\">\n\t\t\t\t\t\t\t\t\t\t<div class=\"fw-semibold lh-xs fs-20 fs-lg-32 ls--25 mb-5\">Mercure Rome Centro Colosseo<\/div>\n\t\t\t\t\t\t\t\t\t\t\t\t\t\t\t<div class=\"fs-wysiwyg\">\n\t\t\t\t\t\t<h3><\/h3>\n<h3>Fast wie im Kolosseum<\/h3>\n<p><span data-contrast=\"none\">Das Epizentrum der Eleganz in Rom befindet sich auf der Hotelterrasse, die auch mit einem Panoramapool ausgestattet ist. <\/span><a href=\"https:\/\/myallmeeting.com\/de\/hotel\/2909-mercure-rome-centre-colisee\/\"><b><span data-contrast=\"none\">Mercure Roma Centro Colosseo<\/span><\/b><\/a><span data-contrast=\"none\">. Das Hotel ist <\/span><b><span data-contrast=\"none\">au\u00dfergew\u00f6hnlich<\/span><\/b><span data-contrast=\"none\"> und bietet den <\/span><b><span data-contrast=\"none\">besten Blick auf die wichtigsten arch\u00e4ologischen St\u00e4tten der Stadt<\/span><\/b><span data-contrast=\"none\">, einschlie\u00dflich des majest\u00e4tischen Kolosseums direkt gegen\u00fcber, ein einzigartiger Ort f\u00fcr magische Fotos. Das Hotel liegt mitten im Stadtzentrum, in der N\u00e4he anderer historischer St\u00e4tten wie dem Forum Romanum, der Lateranbasilika und den Trajansm\u00e4rkten.\u00a0<\/span><span data-ccp-props=\"{&quot;134233117&quot;:true,&quot;134233118&quot;:true,&quot;134245417&quot;:true,&quot;201341983&quot;:0,&quot;335551550&quot;:6,&quot;335551620&quot;:6,&quot;335557856&quot;:16119028,&quot;335559738&quot;:165,&quot;335559739&quot;:165,&quot;335559740&quot;:240}\">\u00a0<\/span><\/p>\n<p><span data-contrast=\"none\">Das Hotel bietet seinen G\u00e4sten Komfort mit modernem Stil und zeitgen\u00f6ssischem Design. Die strategisch gelegene <\/span><b><span data-contrast=\"none\">Terrasse eignet sich perfekt f\u00fcr jede Art von Veranstaltung<\/span><\/b><span data-contrast=\"none\">, und die <\/span><i><span data-contrast=\"none\">Pool-Bar<\/span><\/i><span data-contrast=\"none\"> ist am Wochenende eine der belebtesten. Der ideale Rahmen f\u00fcr einen Gesch\u00e4ftsaufenthalt.<\/span><span data-ccp-props=\"{&quot;134233117&quot;:true,&quot;134233118&quot;:true,&quot;134245417&quot;:true,&quot;201341983&quot;:0,&quot;335551550&quot;:6,&quot;335551620&quot;:6,&quot;335557856&quot;:16119028,&quot;335559738&quot;:165,&quot;335559739&quot;:165,&quot;335559740&quot;:240}\">\u00a0<\/span><\/p>\n\t\t\t\t\t<\/div>\n\t\t\t\t\t\t\t\t\t<\/div>\n\t\t\t<\/div>        \n\t\t<\/div>\n\t<\/div>\n<\/div>\n<!-- END OF : Composant : block-periscope-theme-section-composant-33-texte-image.php -->\n\n\n<!-- START OF : Composant : block-periscope-theme-section-composant-33-texte-image.php -->\n<!-- INVERSE -->\n<div class=\"text-image fs-wysiwyg mb-8 mb-lg-12\" data-component=\"33-texte-image\" data-reverse=\"oui\">\n\t<div class=\"container-fluid\" style=\"--bs-gutter-x: 0\">\n\t\t<div class=\"row\" style=\"--bs-gutter-x: 0\">\n\t\t\t<div class=\"col-lg-6\">\n\t\t\t\t<div class=\"text-image__content\">\n\t\t\t\t\t\t\t\t\t\t<div class=\"fw-semibold lh-xs fs-20 fs-lg-32 ls--25 mb-5\">Mercure San Sebasti\u00e1n Monte Igueldo<\/div>\n\t\t\t\t\t\t\t\t\t\t\t\t\t\t\t<div class=\"fs-wysiwyg\">\n\t\t\t\t\t\t<h3><\/h3>\n<h3>In der Bucht von La Concha<\/h3>\n<p><span data-contrast=\"none\">Auf den H\u00f6hen des Berges, der dem Hotel seinen Namen gab, und mit der Bucht La Concha zu F\u00fc\u00dfen, liegt die Terrasse mit Swimmingpool des <\/span><a href=\"https:\/\/myallmeeting.com\/de\/hotel\/1987-mercure-san-sebastian-monte-igueldo\/\"><b><span data-contrast=\"none\">Mercure San Sebasti\u00e1n Monte Igueldo<\/span><\/b><\/a><span data-contrast=\"none\">. Es ist <\/span><b><span data-contrast=\"none\">durch eine jahrhundertealte Seilbahn mit der Stadt verbunden<\/span><\/b><span data-contrast=\"none\"> und ist eine der Touristenattraktionen der Stadt.\u00a0<\/span><span data-ccp-props=\"{&quot;134233117&quot;:true,&quot;134233118&quot;:true,&quot;134245417&quot;:true,&quot;201341983&quot;:0,&quot;335551550&quot;:6,&quot;335551620&quot;:6,&quot;335557856&quot;:16119028,&quot;335559738&quot;:165,&quot;335559739&quot;:165,&quot;335559740&quot;:240}\">\u00a0<\/span><\/p>\n<p><b><span data-contrast=\"none\">Es ist der perfekte Ort f\u00fcr Meetings und Cocktails<\/span><\/b><span data-contrast=\"none\">, aber auch f\u00fcr Workshops, Verkostungen, Paraden und Gymkhanas, die im Vergn\u00fcgungspark neben dem Hotel enden. Und warum nicht mit einer Jazzband und einem Saxophonisten, der auf der Terrasse f\u00fcr die Mitarbeiter spielt?\u00a0<\/span><span data-ccp-props=\"{&quot;134233117&quot;:true,&quot;134233118&quot;:true,&quot;134245417&quot;:true,&quot;201341983&quot;:0,&quot;335551550&quot;:6,&quot;335551620&quot;:6,&quot;335557856&quot;:16119028,&quot;335559738&quot;:165,&quot;335559739&quot;:165,&quot;335559740&quot;:240}\">\u00a0<\/span><\/p>\n\t\t\t\t\t<\/div>\n\t\t\t\t\t\t\t\t\t<\/div>\n\t\t\t<\/div>    \n\t\t\t    \n\t\t\t<div class=\"col-lg-6 order-first order-lg-last mb-7 mb-lg-0\">\n\t\t\t\t<img decoding=\"async\" src=\"https:\/\/www.myallmeeting.com\/wp-content\/uploads\/2022\/06\/5728-43-mod-953x600.jpg\" width=\"953\" height=\"600\" alt=\"Mercure San Sebastian Monte Igueldo -Accor Group - My ALL Meeting\" loading=\"lazy\" class=\"w-100\" \/>\n\t\t\t<\/div>\n\t\t\t\t\t<\/div>\n\t<\/div>\n<\/div>\n<!-- END OF : Composant : block-periscope-theme-section-composant-33-texte-image.php -->\n\n\n<!-- START OF : Composant : block-periscope-theme-section-composant-33-texte-image.php -->\n<div class=\"text-image fs-wysiwyg mb-8 mb-lg-12\" data-component=\"33-texte-image\">\n\t<div class=\"container-fluid\" style=\"--bs-gutter-x: 0\">\n\t\t<div class=\"row\" style=\"--bs-gutter-x: 0\">\n\t\t\t\t\t\t<div class=\"col-lg-6 mb-7 mb-lg-0\">\n\t\t\t\t<img decoding=\"async\" src=\"https:\/\/www.myallmeeting.com\/wp-content\/uploads\/2022\/04\/3261-55-953x600.jpg\" width=\"953\" height=\"600\" alt=\"\" loading=\"lazy\" class=\"w-100\" \/>\n\t\t\t<\/div>\n\t\t\t\t\t\t<div class=\"col-lg-6\">\n\t\t\t\t<div class=\"text-image__content\">\n\t\t\t\t\t\t\t\t\t\t<div class=\"fw-semibold lh-xs fs-20 fs-lg-32 ls--25 mb-5\">Novotel Barcelona City<\/div>\n\t\t\t\t\t\t\t\t\t\t\t\t\t\t\t<div class=\"fs-wysiwyg\">\n\t\t\t\t\t\t<h3><\/h3>\n<h3>360-Grad-Ansicht von Barcelona<\/h3>\n<p><span data-contrast=\"none\">Im 19. Stock des <\/span><a href=\"https:\/\/myallmeeting.com\/de\/hotel\/5560-novotel-barcelona-city\/\"><b><span data-contrast=\"none\">Novotel Barcelona City<\/span><\/b><\/a><span data-contrast=\"none\"> haben Sie das Gef\u00fchl, die Kirche Sagrada Familia mit den Fingerspitzen ber\u00fchren zu k\u00f6nnen. <\/span><b><span data-contrast=\"none\">Dieser au\u00dfergew\u00f6hnliche Ort<\/span><\/b><span data-contrast=\"none\"> erm\u00f6glicht es Ihnen, die Stadt Barcelona wie nirgendwo sonst zu sehen, dank des <\/span><b><span data-contrast=\"none\">360-Grad-Panoramas<\/span><\/b><span data-contrast=\"none\">. Zu jeder Tageszeit ein garantierter Hit. Es ist einfach, einen Cocktail nach dem anderen zu trinken, w\u00e4hrend man sich auf den Lounge-Sofas entspannt und sich im Pool abk\u00fchlt.\u00a0<\/span><span data-ccp-props=\"{&quot;134233117&quot;:true,&quot;134233118&quot;:true,&quot;134245417&quot;:true,&quot;201341983&quot;:0,&quot;335551550&quot;:6,&quot;335551620&quot;:6,&quot;335557856&quot;:16119028,&quot;335559738&quot;:165,&quot;335559739&quot;:165,&quot;335559740&quot;:240}\">\u00a0<\/span><\/p>\n<p><span data-contrast=\"none\">Aber auch der Hunger kommt nicht zu kurz: Probieren Sie die traditionellen Tapas, die <\/span><b><span data-contrast=\"none\">immer mit den besten Produkten zubereitet<\/span><\/b><span data-contrast=\"none\"> werden! Verpassen Sie auch nicht die <\/span><b><span data-contrast=\"none\">Live-Musik oder die Yoga-Kurse, um sich w\u00e4hrend Ihres Events oder Ihrer Konferenz zu entspannen.<\/span><\/b><span data-ccp-props=\"{&quot;134233117&quot;:true,&quot;134233118&quot;:true,&quot;134245417&quot;:true,&quot;201341983&quot;:0,&quot;335551550&quot;:6,&quot;335551620&quot;:6,&quot;335557856&quot;:16119028,&quot;335559738&quot;:165,&quot;335559739&quot;:165,&quot;335559740&quot;:240}\">\u00a0<\/span><\/p>\n\t\t\t\t\t<\/div>\n\t\t\t\t\t\t\t\t\t<\/div>\n\t\t\t<\/div>        \n\t\t<\/div>\n\t<\/div>\n<\/div>\n<!-- END OF : Composant : block-periscope-theme-section-composant-33-texte-image.php -->\n","protected":false},"excerpt":{"rendered":"","protected":false},"featured_media":15964825,"menu_order":0,"template":"","periscope_categorie_tax":[3514],"class_list":["post-16036915","article","type-article","status-publish","has-post-thumbnail","hentry","periscope_categorie_tax-tous-nos-tops-selections-de"],"acf":[],"yoast_head":"<title>Freizeit und Business auf unseren Terrassen mit der sch\u00f6nsten Aussicht S\u00fcdeuropas\u00a0 - Accor MyAllMeeting.com<\/title>\n<meta name=\"robots\" content=\"index, follow, max-snippet:-1, max-image-preview:large, max-video-preview:-1\" \/>\n<link rel=\"canonical\" href=\"https:\/\/www.myallmeeting.com\/de\/wp-json\/wp\/v2\/article\/16036915\" \/>\n<meta property=\"og:locale\" content=\"de_DE\" \/>\n<meta property=\"og:type\" content=\"article\" \/>\n<meta property=\"og:title\" content=\"Freizeit und Business auf unseren Terrassen mit der sch\u00f6nsten Aussicht S\u00fcdeuropas\u00a0 - Accor MyAllMeeting.com\" \/>\n<meta property=\"og:url\" content=\"https:\/\/www.myallmeeting.com\/de\/article\/loisirs-et-affaires-sur-nos-terrasses-avec-les-plus-belles-vues-en-europe-du-sud\/\" \/>\n<meta property=\"og:site_name\" content=\"Accor MyAllMeeting.com\" \/>\n<meta property=\"article:modified_time\" content=\"2024-07-16T12:43:17+00:00\" \/>\n<meta property=\"og:image\" content=\"http:\/\/myallmeeting.com\/wp-content\/uploads\/2021\/11\/MAM-imagery-1920-x-570-px-2.png\" \/>\n\t<meta property=\"og:image:width\" content=\"1920\" \/>\n\t<meta property=\"og:image:height\" content=\"570\" \/>\n\t<meta property=\"og:image:type\" content=\"image\/png\" \/>\n<meta name=\"twitter:card\" content=\"summary_large_image\" \/>\n<meta name=\"twitter:label1\" content=\"Est. reading time\" \/>\n\t<meta name=\"twitter:data1\" content=\"5 minutes\" \/>\n<script type=\"application\/ld+json\" class=\"yoast-schema-graph\">{\"@context\":\"https:\/\/schema.org\",\"@graph\":[{\"@type\":\"WebPage\",\"@id\":\"https:\/\/www.myallmeeting.com\/de\/article\/loisirs-et-affaires-sur-nos-terrasses-avec-les-plus-belles-vues-en-europe-du-sud\/\",\"url\":\"https:\/\/www.myallmeeting.com\/de\/article\/loisirs-et-affaires-sur-nos-terrasses-avec-les-plus-belles-vues-en-europe-du-sud\/\",\"name\":\"Freizeit und Business auf unseren Terrassen mit der sch\u00f6nsten Aussicht S\u00fcdeuropas\u00a0 - Accor MyAllMeeting.com\",\"isPartOf\":{\"@id\":\"https:\/\/www.myallmeeting.com\/de\/#website\"},\"primaryImageOfPage\":{\"@id\":\"https:\/\/www.myallmeeting.com\/de\/article\/loisirs-et-affaires-sur-nos-terrasses-avec-les-plus-belles-vues-en-europe-du-sud\/#primaryimage\"},\"image\":{\"@id\":\"https:\/\/www.myallmeeting.com\/de\/article\/loisirs-et-affaires-sur-nos-terrasses-avec-les-plus-belles-vues-en-europe-du-sud\/#primaryimage\"},\"thumbnailUrl\":\"https:\/\/www.myallmeeting.com\/wp-content\/uploads\/2021\/11\/MAM-imagery-1920-x-570-px-2.png\",\"datePublished\":\"2021-11-12T09:27:57+00:00\",\"dateModified\":\"2024-07-16T12:43:17+00:00\",\"breadcrumb\":{\"@id\":\"https:\/\/www.myallmeeting.com\/de\/article\/loisirs-et-affaires-sur-nos-terrasses-avec-les-plus-belles-vues-en-europe-du-sud\/#breadcrumb\"},\"inLanguage\":\"de-DE\",\"potentialAction\":[{\"@type\":\"ReadAction\",\"target\":[\"https:\/\/www.myallmeeting.com\/de\/article\/loisirs-et-affaires-sur-nos-terrasses-avec-les-plus-belles-vues-en-europe-du-sud\/\"]}]},{\"@type\":\"ImageObject\",\"inLanguage\":\"de-DE\",\"@id\":\"https:\/\/www.myallmeeting.com\/de\/article\/loisirs-et-affaires-sur-nos-terrasses-avec-les-plus-belles-vues-en-europe-du-sud\/#primaryimage\",\"url\":\"https:\/\/www.myallmeeting.com\/wp-content\/uploads\/2021\/11\/MAM-imagery-1920-x-570-px-2.png\",\"contentUrl\":\"https:\/\/www.myallmeeting.com\/wp-content\/uploads\/2021\/11\/MAM-imagery-1920-x-570-px-2.png\",\"width\":1920,\"height\":570},{\"@type\":\"BreadcrumbList\",\"@id\":\"https:\/\/www.myallmeeting.com\/de\/article\/loisirs-et-affaires-sur-nos-terrasses-avec-les-plus-belles-vues-en-europe-du-sud\/#breadcrumb\",\"itemListElement\":[{\"@type\":\"ListItem\",\"position\":1,\"name\":\"Homepage\",\"item\":\"https:\/\/myallmeeting.com\/de\/\"},{\"@type\":\"ListItem\",\"position\":2,\"name\":\"Aktuelles\",\"item\":\"https:\/\/www.myallmeeting.com\/de\/aktuelles\/\"},{\"@type\":\"ListItem\",\"position\":3,\"name\":\"Freizeit und Business auf unseren Terrassen mit der sch\u00f6nsten Aussicht S\u00fcdeuropas\u00a0\"}]},{\"@type\":\"WebSite\",\"@id\":\"https:\/\/www.myallmeeting.com\/de\/#website\",\"url\":\"https:\/\/www.myallmeeting.com\/de\/\",\"name\":\"Accor MyAllMeeting.com\",\"description\":\"Les Meilleurs lieux pour vos Ev\u00e9nements Professionnels\",\"publisher\":{\"@id\":\"https:\/\/www.myallmeeting.com\/de\/#organization\"},\"potentialAction\":[{\"@type\":\"SearchAction\",\"target\":{\"@type\":\"EntryPoint\",\"urlTemplate\":\"https:\/\/www.myallmeeting.com\/de\/?s={search_term_string}\"},\"query-input\":{\"@type\":\"PropertyValueSpecification\",\"valueRequired\":true,\"valueName\":\"search_term_string\"}}],\"inLanguage\":\"de-DE\"},{\"@type\":\"Organization\",\"@id\":\"https:\/\/www.myallmeeting.com\/de\/#organization\",\"name\":\"ACCOR\",\"url\":\"https:\/\/www.myallmeeting.com\/de\/\",\"logo\":{\"@type\":\"ImageObject\",\"inLanguage\":\"de-DE\",\"@id\":\"https:\/\/www.myallmeeting.com\/de\/#\/schema\/logo\/image\/\",\"url\":\"\",\"contentUrl\":\"\",\"caption\":\"ACCOR\"},\"image\":{\"@id\":\"https:\/\/www.myallmeeting.com\/de\/#\/schema\/logo\/image\/\"}}]}<\/script>","yoast_head_json":{"title":"Freizeit und Business auf unseren Terrassen mit der sch\u00f6nsten Aussicht S\u00fcdeuropas\u00a0 - Accor MyAllMeeting.com","robots":{"index":"index","follow":"follow","max-snippet":"max-snippet:-1","max-image-preview":"max-image-preview:large","max-video-preview":"max-video-preview:-1"},"canonical":"https:\/\/www.myallmeeting.com\/de\/wp-json\/wp\/v2\/article\/16036915","og_locale":"de_DE","og_type":"article","og_title":"Freizeit und Business auf unseren Terrassen mit der sch\u00f6nsten Aussicht S\u00fcdeuropas\u00a0 - Accor MyAllMeeting.com","og_url":"https:\/\/www.myallmeeting.com\/de\/article\/loisirs-et-affaires-sur-nos-terrasses-avec-les-plus-belles-vues-en-europe-du-sud\/","og_site_name":"Accor MyAllMeeting.com","article_modified_time":"2024-07-16T12:43:17+00:00","og_image":[{"width":1920,"height":570,"url":"http:\/\/myallmeeting.com\/wp-content\/uploads\/2021\/11\/MAM-imagery-1920-x-570-px-2.png","type":"image\/png"}],"twitter_card":"summary_large_image","twitter_misc":{"Est. reading time":"5 minutes"},"schema":{"@context":"https:\/\/schema.org","@graph":[{"@type":"WebPage","@id":"https:\/\/www.myallmeeting.com\/de\/article\/loisirs-et-affaires-sur-nos-terrasses-avec-les-plus-belles-vues-en-europe-du-sud\/","url":"https:\/\/www.myallmeeting.com\/de\/article\/loisirs-et-affaires-sur-nos-terrasses-avec-les-plus-belles-vues-en-europe-du-sud\/","name":"Freizeit und Business auf unseren Terrassen mit der sch\u00f6nsten Aussicht S\u00fcdeuropas\u00a0 - Accor MyAllMeeting.com","isPartOf":{"@id":"https:\/\/www.myallmeeting.com\/de\/#website"},"primaryImageOfPage":{"@id":"https:\/\/www.myallmeeting.com\/de\/article\/loisirs-et-affaires-sur-nos-terrasses-avec-les-plus-belles-vues-en-europe-du-sud\/#primaryimage"},"image":{"@id":"https:\/\/www.myallmeeting.com\/de\/article\/loisirs-et-affaires-sur-nos-terrasses-avec-les-plus-belles-vues-en-europe-du-sud\/#primaryimage"},"thumbnailUrl":"https:\/\/www.myallmeeting.com\/wp-content\/uploads\/2021\/11\/MAM-imagery-1920-x-570-px-2.png","datePublished":"2021-11-12T09:27:57+00:00","dateModified":"2024-07-16T12:43:17+00:00","breadcrumb":{"@id":"https:\/\/www.myallmeeting.com\/de\/article\/loisirs-et-affaires-sur-nos-terrasses-avec-les-plus-belles-vues-en-europe-du-sud\/#breadcrumb"},"inLanguage":"de-DE","potentialAction":[{"@type":"ReadAction","target":["https:\/\/www.myallmeeting.com\/de\/article\/loisirs-et-affaires-sur-nos-terrasses-avec-les-plus-belles-vues-en-europe-du-sud\/"]}]},{"@type":"ImageObject","inLanguage":"de-DE","@id":"https:\/\/www.myallmeeting.com\/de\/article\/loisirs-et-affaires-sur-nos-terrasses-avec-les-plus-belles-vues-en-europe-du-sud\/#primaryimage","url":"https:\/\/www.myallmeeting.com\/wp-content\/uploads\/2021\/11\/MAM-imagery-1920-x-570-px-2.png","contentUrl":"https:\/\/www.myallmeeting.com\/wp-content\/uploads\/2021\/11\/MAM-imagery-1920-x-570-px-2.png","width":1920,"height":570},{"@type":"BreadcrumbList","@id":"https:\/\/www.myallmeeting.com\/de\/article\/loisirs-et-affaires-sur-nos-terrasses-avec-les-plus-belles-vues-en-europe-du-sud\/#breadcrumb","itemListElement":[{"@type":"ListItem","position":1,"name":"Homepage","item":"https:\/\/myallmeeting.com\/de\/"},{"@type":"ListItem","position":2,"name":"Aktuelles","item":"https:\/\/www.myallmeeting.com\/de\/aktuelles\/"},{"@type":"ListItem","position":3,"name":"Freizeit und Business auf unseren Terrassen mit der sch\u00f6nsten Aussicht S\u00fcdeuropas\u00a0"}]},{"@type":"WebSite","@id":"https:\/\/www.myallmeeting.com\/de\/#website","url":"https:\/\/www.myallmeeting.com\/de\/","name":"Accor MyAllMeeting.com","description":"Les Meilleurs lieux pour vos Ev\u00e9nements Professionnels","publisher":{"@id":"https:\/\/www.myallmeeting.com\/de\/#organization"},"potentialAction":[{"@type":"SearchAction","target":{"@type":"EntryPoint","urlTemplate":"https:\/\/www.myallmeeting.com\/de\/?s={search_term_string}"},"query-input":{"@type":"PropertyValueSpecification","valueRequired":true,"valueName":"search_term_string"}}],"inLanguage":"de-DE"},{"@type":"Organization","@id":"https:\/\/www.myallmeeting.com\/de\/#organization","name":"ACCOR","url":"https:\/\/www.myallmeeting.com\/de\/","logo":{"@type":"ImageObject","inLanguage":"de-DE","@id":"https:\/\/www.myallmeeting.com\/de\/#\/schema\/logo\/image\/","url":"","contentUrl":"","caption":"ACCOR"},"image":{"@id":"https:\/\/www.myallmeeting.com\/de\/#\/schema\/logo\/image\/"}}]}},"_links":{"self":[{"href":"https:\/\/www.myallmeeting.com\/de\/wp-json\/wp\/v2\/article\/16036915","targetHints":{"allow":["GET"]}}],"collection":[{"href":"https:\/\/www.myallmeeting.com\/de\/wp-json\/wp\/v2\/article"}],"about":[{"href":"https:\/\/www.myallmeeting.com\/de\/wp-json\/wp\/v2\/types\/article"}],"wp:featuredmedia":[{"embeddable":true,"href":"https:\/\/www.myallmeeting.com\/de\/wp-json\/wp\/v2\/media\/15964825"}],"wp:attachment":[{"href":"https:\/\/www.myallmeeting.com\/de\/wp-json\/wp\/v2\/media?parent=16036915"}],"wp:term":[{"taxonomy":"periscope_categorie_tax","embeddable":true,"href":"https:\/\/www.myallmeeting.com\/de\/wp-json\/wp\/v2\/periscope_categorie_tax?post=16036915"}],"curies":[{"name":"wp","href":"https:\/\/api.w.org\/{rel}","templated":true}]}}