{"id":16036443,"date":"2022-02-24T15:36:11","date_gmt":"2022-02-24T14:36:11","guid":{"rendered":"https:\/\/myallmeeting.com\/article\/la-tete-dans-les-nuages-au-pullman-paris-montparnasse\/"},"modified":"2024-07-16T13:08:10","modified_gmt":"2024-07-16T11:08:10","slug":"mit-dem-kopf-in-den-wolken-im-pullman-paris-montparnasse","status":"publish","type":"article","link":"https:\/\/www.myallmeeting.com\/de\/article\/mit-dem-kopf-in-den-wolken-im-pullman-paris-montparnasse\/","title":{"rendered":"Mit dem Kopf in den Wolken im Pullman Paris Montparnasse\u00a0"},"content":{"rendered":"<!-- START OF : Composant : block-periscope-theme-section-composant-25-texte-cta-2-images.php -->\n<div class=\"tcta2ia bg-white fs-wysiwyg mb-lg-12\" data-component=\"25-texte-cta-2-images\">\n\t<div class=\"tcta2ia__top\">\n\t\t<div class=\"container-fluid\" style=\"--bs-gutter-x: 0\">\n\t\t\t<div class=\"row\" style=\"--bs-gutter-x: 0\">\n\t\t\t\t<div class=\"col-lg-8\">\n\t\t\t\t\t\t\t\t\t\t<div class=\"bloc-mise-en-avant__top__left\">\n\t\t\t\t\t\t<img decoding=\"async\" src=\"https:\/\/www.myallmeeting.com\/wp-content\/uploads\/2022\/02\/6409-72-1268x846.jpg\" class=\"pe-2 pe-lg-0\" width=\"1268\" height=\"846\" alt=\"\" loading=\"lazy\" \/>\n\t\t\t\t\t<\/div>\n\t\t\t\t\t\t\t\t\t\t<div class=\"tcta2ia__bottom d-none d-lg-block pb-12 pt-lg-9 pb-lg-0 pe-lg-10\">\n\t\t\t\t\t\t\t\t\t\t\t\t<h2 class=\"fs-20 fs-lg-32 fw-semibold\">Innovative Architektur und anspruchsvolles Design <\/h2>\n\t\t\t\t\t\t\t\t\t\t\t\t\t\t\t\t\t\t<div class=\"fs-wysiwyg\"><p><span data-contrast=\"none\">Das Pullman Paris Montparnasse, das Herzst\u00fcck dieses Komplexes, wird seine Stammg\u00e4ste immer wieder in Erstaunen versetzen. Das Geb\u00e4ude ist zwar von au\u00dfen unverkennbar \u2013 <\/span><b><span data-contrast=\"none\">ein echtes Wahrzeichen des Viertels mit einer H\u00f6he von 115 m<\/span><\/b><span data-contrast=\"none\"> \u2013, doch das Innere \u00fcberrascht die Besucher.<\/span><span data-ccp-props=\"{&quot;201341983&quot;:0,&quot;335551550&quot;:6,&quot;335551620&quot;:6,&quot;335557856&quot;:16119028,&quot;335559738&quot;:165,&quot;335559739&quot;:165,&quot;335559740&quot;:240}\">\u00a0<\/span><\/p>\n<p><span data-contrast=\"none\">Beim Betreten der Lobby wird man von der <\/span><b><span data-contrast=\"none\">anspruchsvollen Optik \u00fcberw\u00e4ltigt, die an diesem modernen, urbanen und auf Innovation ausgerichteten Ort vorherrscht<\/span><\/b><span data-contrast=\"none\">.\u00a0<\/span><span data-ccp-props=\"{&quot;201341983&quot;:0,&quot;335551550&quot;:6,&quot;335551620&quot;:6,&quot;335557856&quot;:16119028,&quot;335559738&quot;:165,&quot;335559739&quot;:165,&quot;335559740&quot;:240}\">\u00a0<\/span><\/p>\n<p><span data-contrast=\"none\">Das Designerduo Benjamin Clarens und Yann Martin, Gr\u00fcnder von CUT Architectures, entwarf diese offenen R\u00e4ume, in denen sich <\/span><b><span data-contrast=\"none\">Interaktions- und Ruhezonen<\/span><\/b><span data-contrast=\"none\"> abwechseln. Konzentrische Linien f\u00fchren die Besucher auf intelligente Weise in die richtige Richtung, und trotz der au\u00dfergew\u00f6hnlichen R\u00e4ume ist es schwierig, sich zu verlaufen: <\/span><b><span data-contrast=\"none\">Alles ist klar, bestens ausgeschildert<\/span><\/b><span data-contrast=\"none\"> und Reisende gelangen ganz selbstverst\u00e4ndlich zu ihrem <\/span><b><span data-contrast=\"none\">speziellen Check-in-Bereich <\/span><\/b><span data-contrast=\"none\">(Tourismus, Business, VIP).\u00a0<\/span><span data-ccp-props=\"{&quot;201341983&quot;:0,&quot;335551550&quot;:6,&quot;335551620&quot;:6,&quot;335557856&quot;:16119028,&quot;335559738&quot;:165,&quot;335559739&quot;:165,&quot;335559740&quot;:240}\">\u00a0<\/span><\/p>\n<p><span data-contrast=\"none\">Und sollte auch nur der geringste Zweifel bestehen, sind die Mitarbeiter des Hotels zur Stelle und haben immer ein offenes Ohr f\u00fcr die G\u00e4ste.<\/span><span data-ccp-props=\"{&quot;201341983&quot;:0,&quot;335551550&quot;:6,&quot;335551620&quot;:6,&quot;335557856&quot;:16119028,&quot;335559738&quot;:165,&quot;335559739&quot;:165,&quot;335559740&quot;:240}\">\u00a0<\/span><\/p>\n<\/div>\n\t\t\t\t\t\t\t\t\t\t\t\t<div class=\"d-flex flex-column flex-lg-row align-items-center gap-5 gap-lg-8 justify-content-between\">\n\t\t\t\t\t\t\t<div class=\"fs-20 fs-lg-26 fw-semibold lh-xs\"><\/div>\n\t\t\t\t\t\t\t\t\t\t\t\t\t<\/div>\n\t\t\t\t\t<\/div>\n\t\t\t\t<\/div>\n\t\t\t\t<div class=\"col-lg-4\">\n\t\t\t\t\t<div class=\"tcta2ia__top__right t-0 r-0 bg-primary text-white pt-4 pb-4 px-2 pt-lg-8 pb-lg-16 px-lg-11 pb-xl-30\">\n\t\t\t\t\t\t\t\t\t\t\t\t\t\t\t\t\t\t<h2 class=\"unna fs-36 fs-lg-51 fs-xl-75 fs-italic fw-normal text-secondary\">Mit dem Kopf in den Wolken im Pullman Paris Montparnasse <\/h2>\n\t\t\t\t\t\t\t\t\t\t\t\t\t\t\t\t\t\t<h3 class=\"text-white fs-18 fs-lg-20 fs-xl-28 text-original-case\">Nach einem ambitionierten Umbauprogramm \u00f6ffnete das gr\u00f6\u00dfte Pullman-Hotel Europas, das Pullman Paris Montparnasse, im Jahr 2021 seine Pforten. Dieses au\u00dfergew\u00f6hnliche Vier-Sterne-Hotel mit 957 Zimmern wurde komplett renoviert und neu gestaltet. Als \u201eFlaggschiff\u201c der Marke Pullman und mit einer au\u00dfergew\u00f6hnlichen MICE-Kapazit\u00e4t wird Sie das Pullman Paris Montparnasse begeistern. <\/h3>\n\t\t\t\t\t\t\t\t\t\t\t\t\t\t\t\t\t\t<div class=\"fs-wysiwyg mb-4 fs-lg-16 fs-xl-20\"><p><i><span data-contrast=\"none\">Seit den Goldenen Zwanzigern mit ihrer feierlichen und kulturellen Ausgelassenheit hat das Viertel Montparnasse nie aufgeh\u00f6rt zu pulsieren! Auch heute sp\u00fcrt man noch den Rhythmus seiner <\/span><\/i><b><i><span data-contrast=\"none\">Jazzclubs<\/span><\/i><\/b><i><span data-contrast=\"none\">, seines <\/span><\/i><b><i><span data-contrast=\"none\">umfangreichen Kulturangebots <\/span><\/i><\/b><i><span data-contrast=\"none\">und <\/span><\/i><b><i><span data-contrast=\"none\">seiner legend\u00e4ren Caf\u00e9s<\/span><\/i><\/b><i><span data-contrast=\"none\">. Mit dem Aufkommen der <\/span><\/i><b><i><span data-contrast=\"none\">Ateliers Ga\u00eet\u00e9<\/span><\/i><\/b><i><span data-contrast=\"none\"> erlebte dieses ikonische Viertel der Hauptstadt einen neuen Aufschwung.\u00a0<\/span><\/i><span data-ccp-props=\"{&quot;201341983&quot;:0,&quot;335551550&quot;:6,&quot;335551620&quot;:6,&quot;335557856&quot;:16119028,&quot;335559738&quot;:165,&quot;335559739&quot;:165,&quot;335559740&quot;:240}\">\u00a0<\/span><\/p>\n<p><i><span data-contrast=\"none\">Die Idee: <\/span><\/i><b><i><span data-contrast=\"none\">ein Einkaufszentrum, Wohnungen, B\u00fcros, eine Sporthalle, eine Bibliothek&#8230; und das Pullman Paris Montparnasse auf einer einzigen Insel zu vereinen<\/span><\/i><\/b><i><span data-contrast=\"none\">. Noch mehr Tourismus, Gesch\u00e4ftsreisen und ein lebendiges Stadtviertel: Das ist das ambitionierte Programm der Ateliers Ga\u00eet\u00e9.<\/span><\/i><span data-ccp-props=\"{&quot;201341983&quot;:0,&quot;335551550&quot;:6,&quot;335551620&quot;:6,&quot;335557856&quot;:16119028,&quot;335559738&quot;:165,&quot;335559739&quot;:165,&quot;335559740&quot;:240}\">\u00a0<\/span><\/p>\n<p><a href=\"https:\/\/myallmeeting.com\/de\/hotel\/8189-pullman-paris-montparnasse\/\"><b>Ihr n\u00e4chstes seminar im Pullman Paris Montparnasse zu organisierien<\/b><\/a><\/p>\n<\/div>\n\t\t\t\t\t\t\t\t\t\t\t\t\t\t\t\t\t\t\t\t\t\t\t\t<p class=\"m-0\"><img decoding=\"async\" src=\"https:\/\/www.myallmeeting.com\/wp-content\/uploads\/2022\/02\/6965-63-633x398.jpg\" class=\"position-relative l-0\" width=\"633\" height=\"398\" alt=\"\" loading=\"lazy\" \/><\/p>\n\t\t\t\t\t\t\t\t\t\t\t<\/div>\n\t\t\t\t<\/div>\n\t\t\t<\/div>\n\t\t<\/div>\n\t<\/div>\n\t<div class=\"tcta2ia__bottom d-lg-none pb-12 py-lg-9 pe-lg-10\">\n\t\t\t\t<div class=\"h2 fs-20 fs-lg-32 fw-semibold\">Innovative Architektur und anspruchsvolles Design <\/div>\n\t\t\t\t\t\t<div class=\"fs-wysiwyg\"><p><span data-contrast=\"none\">Das Pullman Paris Montparnasse, das Herzst\u00fcck dieses Komplexes, wird seine Stammg\u00e4ste immer wieder in Erstaunen versetzen. Das Geb\u00e4ude ist zwar von au\u00dfen unverkennbar \u2013 <\/span><b><span data-contrast=\"none\">ein echtes Wahrzeichen des Viertels mit einer H\u00f6he von 115 m<\/span><\/b><span data-contrast=\"none\"> \u2013, doch das Innere \u00fcberrascht die Besucher.<\/span><span data-ccp-props=\"{&quot;201341983&quot;:0,&quot;335551550&quot;:6,&quot;335551620&quot;:6,&quot;335557856&quot;:16119028,&quot;335559738&quot;:165,&quot;335559739&quot;:165,&quot;335559740&quot;:240}\">\u00a0<\/span><\/p>\n<p><span data-contrast=\"none\">Beim Betreten der Lobby wird man von der <\/span><b><span data-contrast=\"none\">anspruchsvollen Optik \u00fcberw\u00e4ltigt, die an diesem modernen, urbanen und auf Innovation ausgerichteten Ort vorherrscht<\/span><\/b><span data-contrast=\"none\">.\u00a0<\/span><span data-ccp-props=\"{&quot;201341983&quot;:0,&quot;335551550&quot;:6,&quot;335551620&quot;:6,&quot;335557856&quot;:16119028,&quot;335559738&quot;:165,&quot;335559739&quot;:165,&quot;335559740&quot;:240}\">\u00a0<\/span><\/p>\n<p><span data-contrast=\"none\">Das Designerduo Benjamin Clarens und Yann Martin, Gr\u00fcnder von CUT Architectures, entwarf diese offenen R\u00e4ume, in denen sich <\/span><b><span data-contrast=\"none\">Interaktions- und Ruhezonen<\/span><\/b><span data-contrast=\"none\"> abwechseln. Konzentrische Linien f\u00fchren die Besucher auf intelligente Weise in die richtige Richtung, und trotz der au\u00dfergew\u00f6hnlichen R\u00e4ume ist es schwierig, sich zu verlaufen: <\/span><b><span data-contrast=\"none\">Alles ist klar, bestens ausgeschildert<\/span><\/b><span data-contrast=\"none\"> und Reisende gelangen ganz selbstverst\u00e4ndlich zu ihrem <\/span><b><span data-contrast=\"none\">speziellen Check-in-Bereich <\/span><\/b><span data-contrast=\"none\">(Tourismus, Business, VIP).\u00a0<\/span><span data-ccp-props=\"{&quot;201341983&quot;:0,&quot;335551550&quot;:6,&quot;335551620&quot;:6,&quot;335557856&quot;:16119028,&quot;335559738&quot;:165,&quot;335559739&quot;:165,&quot;335559740&quot;:240}\">\u00a0<\/span><\/p>\n<p><span data-contrast=\"none\">Und sollte auch nur der geringste Zweifel bestehen, sind die Mitarbeiter des Hotels zur Stelle und haben immer ein offenes Ohr f\u00fcr die G\u00e4ste.<\/span><span data-ccp-props=\"{&quot;201341983&quot;:0,&quot;335551550&quot;:6,&quot;335551620&quot;:6,&quot;335557856&quot;:16119028,&quot;335559738&quot;:165,&quot;335559739&quot;:165,&quot;335559740&quot;:240}\">\u00a0<\/span><\/p>\n<\/div>\n\t\t\t\t<div class=\"d-flex flex-column flex-lg-row align-items-center gap-5 gap-lg-8 justify-content-between\">\n\t\t\t<div class=\"fs-20 fs-lg-26 fw-semibold lh-xs\"><\/div>\n\t\t\t\t\t<\/div>\n\t<\/div>\n<\/div>\n<!-- END OF : Composant : block-periscope-theme-section-composant-25-texte-cta-2-images.php -->\n\n\n<!-- START OF : Composant : block-periscope-theme-section-composant-33-texte-image.php -->\n<div class=\"text-image fs-wysiwyg mb-8 mb-lg-12\" data-component=\"33-texte-image\">\n\t<div class=\"container-fluid\" style=\"--bs-gutter-x: 0\">\n\t\t<div class=\"row\" style=\"--bs-gutter-x: 0\">\n\t\t\t\t\t\t<div class=\"col-lg-6 mb-7 mb-lg-0\">\n\t\t\t\t<img decoding=\"async\" src=\"https:\/\/www.myallmeeting.com\/wp-content\/uploads\/2022\/02\/6130-50-953x600.jpg\" width=\"953\" height=\"600\" alt=\"\" loading=\"lazy\" class=\"w-100\" \/>\n\t\t\t<\/div>\n\t\t\t\t\t\t<div class=\"col-lg-6\">\n\t\t\t\t<div class=\"text-image__content\">\n\t\t\t\t\t\t\t\t\t\t<div class=\"fw-semibold lh-xs fs-20 fs-lg-32 ls--25 mb-5\">Hervorragende MICE-Kapazit\u00e4ten\u2026 <\/div>\n\t\t\t\t\t\t\t\t\t\t\t\t\t\t\t<div class=\"fs-wysiwyg\">\n\t\t\t\t\t\t<p><span data-contrast=\"none\">Drei spezielle Etagen, 6000 m<\/span><span data-contrast=\"none\">2<\/span><span data-contrast=\"none\">,\u202f<\/span><b><span data-contrast=\"none\">rund f\u00fcnfzig Konferenzr\u00e4ume<\/span><\/b><span data-contrast=\"none\">\u202fmit ganz viel\u202f<\/span><b><span data-contrast=\"none\">Tageslicht<\/span><\/b><span data-contrast=\"none\">\u2026 Das Veranstaltungszentrum Pullman Paris Montparnasse ist au\u00dfergew\u00f6hnlich. Angefangen beim <\/span><b><i><span data-contrast=\"none\">Grand Ballroom<\/span><\/i><\/b><span data-contrast=\"none\"> mit seinem unverwechselbaren Stil, beeindruckenden Ausma\u00dfen und viel Tageslicht. Tats\u00e4chlich bietet er <\/span><b><span data-contrast=\"none\">auf seinen 742 m<\/span><\/b><b><span data-contrast=\"none\">2<\/span><\/b><b><span data-contrast=\"none\"> Platz f\u00fcr bis zu 700 Personen<\/span><\/b><span data-contrast=\"none\">. Er kann in vier Teile geteilt werden und l\u00e4sst sich so perfekt an die Gr\u00f6\u00dfe Ihrer Veranstaltung anpassen. Galadinners, Pressekonferenzen, Modeschauen, Konzerte, Produkteinf\u00fchrungen&#8230; Die Einsatzm\u00f6glichkeiten sind endlos!<\/span><span data-ccp-props=\"{&quot;201341983&quot;:0,&quot;335551550&quot;:6,&quot;335551620&quot;:6,&quot;335557856&quot;:16119028,&quot;335559738&quot;:165,&quot;335559739&quot;:165,&quot;335559740&quot;:240}\">\u00a0<\/span><\/p>\n<p><span data-contrast=\"none\">Der Ballroom eignet sich f\u00fcr viele Zwecke! Dank der steuerbaren Lichtkreise, einer pr\u00e4zisen Akustik und einer 4 x 8 Meter gro\u00dfen Leinwand kann man sich ein regelrechtes B\u00fchnenbild vorstellen und ein Event ganz nach Ihren Vorstellungen gestalten. Ein kleines aber feines Detail: der Lastenaufzug, der f\u00fcr den Transport von schweren G\u00fctern, wie z. B. Autos, vorgesehen ist.<\/span><span data-ccp-props=\"{&quot;201341983&quot;:0,&quot;335551550&quot;:6,&quot;335551620&quot;:6,&quot;335557856&quot;:16119028,&quot;335559738&quot;:165,&quot;335559739&quot;:165,&quot;335559740&quot;:240}\">\u00a0<\/span><\/p>\n\t\t\t\t\t<\/div>\n\t\t\t\t\t\t\t\t\t<\/div>\n\t\t\t<\/div>        \n\t\t<\/div>\n\t<\/div>\n<\/div>\n<!-- END OF : Composant : block-periscope-theme-section-composant-33-texte-image.php -->\n\n\n<!-- START OF : Composant : block-periscope-theme-section-composant-33-texte-image.php -->\n<!-- INVERSE -->\n<div class=\"text-image fs-wysiwyg mb-8 mb-lg-12\" data-component=\"33-texte-image\" data-reverse=\"oui\">\n\t<div class=\"container-fluid\" style=\"--bs-gutter-x: 0\">\n\t\t<div class=\"row\" style=\"--bs-gutter-x: 0\">\n\t\t\t<div class=\"col-lg-6\">\n\t\t\t\t<div class=\"text-image__content\">\n\t\t\t\t\t\t\t\t\t\t<div class=\"fw-semibold lh-xs fs-20 fs-lg-32 ls--25 mb-5\">\u2026Geeignet f\u00fcr alle Arten von Veranstaltungen!\u202f <\/div>\n\t\t\t\t\t\t\t\t\t\t\t\t\t\t\t<div class=\"fs-wysiwyg\">\n\t\t\t\t\t\t<p><span data-contrast=\"none\">Rund um den Grand Ballroom befinden sich <\/span><b><span data-contrast=\"none\">das Foyer<\/span><\/b><span data-contrast=\"none\"> und die<\/span><b><span data-contrast=\"none\"> Grands Studios<\/span><\/b><span data-contrast=\"none\">, in denen auch gro\u00dfformatige Veranstaltungen wie z. B. <\/span><b><span data-contrast=\"none\">Cocktailpartys<\/span><\/b><span data-contrast=\"none\"> abgehalten werden k\u00f6nnen. Die Grands Studios sind flexibel und eignen sich auch f\u00fcr kleinere Veranstaltungen wie Workshops oder Schulungen.<\/span><span data-ccp-props=\"{&quot;201341983&quot;:0,&quot;335551550&quot;:6,&quot;335551620&quot;:6,&quot;335557856&quot;:16119028,&quot;335559738&quot;:165,&quot;335559739&quot;:165,&quot;335559740&quot;:240}\">\u00a0<\/span><\/p>\n<p><span data-contrast=\"none\">Weiter geht es zum <\/span><b><i><span data-contrast=\"none\">Green Floor<\/span><\/i><\/b><span data-contrast=\"none\">:<\/span><i><span data-contrast=\"none\">\u202f<\/span><\/i><b><i><span data-contrast=\"none\">13 Lounges<\/span><\/i><\/b><span data-contrast=\"none\">, ganz in der N\u00e4he einer <\/span><b><span data-contrast=\"none\">800 m<\/span><\/b><b><span data-contrast=\"none\">2<\/span><\/b><b><span data-contrast=\"none\"> gro\u00dfen, begr\u00fcnten Terrasse<\/span><\/b><span data-contrast=\"none\">. Im Pullman Paris Montparnasse ist die CSR-Politik ein Grundpfeiler und diese Etage ist ein Beispiel daf\u00fcr. Das Highlight ist die <\/span><b><span data-contrast=\"none\">Green Suite<\/span><\/b><span data-contrast=\"none\">, eine au\u00dfergew\u00f6hnliche Executive-Lounge mit einem Essbereich und einer <\/span><b><span data-contrast=\"none\">privaten Terrasse<\/span><\/b><span data-contrast=\"none\">. Im selben Stil eines \u201eKokons\u201c stehen <\/span><b><span data-contrast=\"none\">19 Zimmer zur Verf\u00fcgung, die sich in Konferenzr\u00e4ume umwandeln lassen<\/span><\/b><span data-contrast=\"none\">.<\/span><span data-ccp-props=\"{&quot;201341983&quot;:0,&quot;335551550&quot;:6,&quot;335551620&quot;:6,&quot;335557856&quot;:16119028,&quot;335559738&quot;:165,&quot;335559739&quot;:165,&quot;335559740&quot;:240}\">\u00a0<\/span><\/p>\n<p><span data-contrast=\"none\">Wenn Sie <\/span><b><span data-contrast=\"none\">die Regeln eines traditionellen Meetings brechen<\/span><\/b><span data-contrast=\"none\"> und ein <\/span><b><span data-contrast=\"none\">interaktives Format<\/span><\/b><span data-contrast=\"none\"> nutzen m\u00f6chten, um eine eindrucksvolle Veranstaltung auf die Beine zu stellen, besuchen Sie den <\/span><b><span data-contrast=\"none\">immersiven Raum C2<\/span><\/b><span data-contrast=\"none\">, einen fantastischen <\/span><b><span data-contrast=\"none\">1500 m<\/span><\/b><b><span data-contrast=\"none\">2<\/span><\/b><span data-contrast=\"none\">\u202fgro\u00dfen Spielplatz, der f\u00fcr avantgardistische Business-Events konzipiert wurde und in dem sich die Kreativit\u00e4t entfalten kann. An diesem unkonventionellen Ort befinden sich der<\/span><b><span data-contrast=\"none\"> Garden<\/span><\/b><span data-contrast=\"none\"> zum Entspannen, der<\/span><b><span data-contrast=\"none\"> Hangar<\/span><\/b><span data-contrast=\"none\"> zum Kreativsein, ein <\/span><b><span data-contrast=\"none\">Forum<\/span><\/b><span data-contrast=\"none\"> zur Unterhaltung\u2026 Man taucht ein in den <\/span><b><span data-contrast=\"none\">\u201e<\/span><\/b><b><i><span data-contrast=\"none\">Playground<\/span><\/i><\/b><b><span data-contrast=\"none\">\u201c-Spirit<\/span><\/b><span data-contrast=\"none\">, welcher der Marke Pullman so am Herzen liegt!<\/span><span data-ccp-props=\"{&quot;201341983&quot;:0,&quot;335551550&quot;:6,&quot;335551620&quot;:6,&quot;335557856&quot;:16119028,&quot;335559738&quot;:165,&quot;335559739&quot;:165,&quot;335559740&quot;:240}\">\u00a0<\/span><\/p>\n\t\t\t\t\t<\/div>\n\t\t\t\t\t\t\t\t\t<\/div>\n\t\t\t<\/div>    \n\t\t\t    \n\t\t\t<div class=\"col-lg-6 order-first order-lg-last mb-7 mb-lg-0\">\n\t\t\t\t<img decoding=\"async\" src=\"https:\/\/www.myallmeeting.com\/wp-content\/uploads\/2022\/02\/6130-52-953x600.jpg\" width=\"953\" height=\"600\" alt=\"\" loading=\"lazy\" class=\"w-100\" \/>\n\t\t\t<\/div>\n\t\t\t\t\t<\/div>\n\t<\/div>\n<\/div>\n<!-- END OF : Composant : block-periscope-theme-section-composant-33-texte-image.php -->\n\n\n<!-- START OF : Composant : block-periscope-theme-section-composant-33-texte-image.php -->\n<div class=\"text-image fs-wysiwyg mb-8 mb-lg-12\" data-component=\"33-texte-image\">\n\t<div class=\"container-fluid\" style=\"--bs-gutter-x: 0\">\n\t\t<div class=\"row\" style=\"--bs-gutter-x: 0\">\n\t\t\t\t\t\t<div class=\"col-lg-6 mb-7 mb-lg-0\">\n\t\t\t\t<img decoding=\"async\" src=\"https:\/\/www.myallmeeting.com\/wp-content\/uploads\/2022\/02\/6239-80-953x600.jpg\" width=\"953\" height=\"600\" alt=\"\" loading=\"lazy\" class=\"w-100\" \/>\n\t\t\t<\/div>\n\t\t\t\t\t\t<div class=\"col-lg-6\">\n\t\t\t\t<div class=\"text-image__content\">\n\t\t\t\t\t\t\t\t\t\t<div class=\"fw-semibold lh-xs fs-20 fs-lg-32 ls--25 mb-5\">Lebenskunst auf h\u00f6chstem Niveau!\u202f <\/div>\n\t\t\t\t\t\t\t\t\t\t\t\t\t\t\t<div class=\"fs-wysiwyg\">\n\t\t\t\t\t\t<p><span data-contrast=\"none\">Zum kr\u00f6nenden Abschluss geht es hoch hinaus, in eines der Schmuckst\u00fccke des Hotels: die <\/span><b><span data-contrast=\"none\">Skybar Paris<\/span><\/b><span data-contrast=\"none\">. Als zweith\u00f6chste Rooftop-Bar unter freiem Himmel in Paris bietet sie einen <\/span><b><span data-contrast=\"none\">atemberaubenden Blick auf die Hauptstadt<\/span><\/b><span data-contrast=\"none\">.\u202fDieser <\/span><b><span data-contrast=\"none\">trendige<\/span><\/b><span data-contrast=\"none\"> und <\/span><b><span data-contrast=\"none\">exklusive<\/span><\/b><span data-contrast=\"none\"> Ort wird mit Sicherheit eines der Highlights Ihrer Reise sein. Hier kann man hervorragende asiatisch inspirierte Gerichte und dazu Signature-Cocktails mit oder ohne Alkohol genie\u00dfen. Diese Location, die Sie auf keinen Fall verpassen sollten, kann<\/span><b><span data-contrast=\"none\"> f\u00fcr Gruppen reserviert<\/span><\/b><span data-contrast=\"none\"> werden.<\/span><span data-ccp-props=\"{&quot;201341983&quot;:0,&quot;335551550&quot;:6,&quot;335551620&quot;:6,&quot;335557856&quot;:16119028,&quot;335559738&quot;:165,&quot;335559739&quot;:165,&quot;335559740&quot;:240}\">\u00a0<\/span><\/p>\n<p><span data-contrast=\"none\">Was das Essen angeht, ist das Pullman Paris Montparnasse das neue Ziel der Foodies! Das Hotel setzt auf eine breite Palette an internationalen Gerichten, die eine reichhaltige und k\u00f6stliche Alternative zu den Bistros des Viertels bieten. Neben dem <\/span><b><span data-contrast=\"none\">Zimmerservice<\/span><\/b><span data-contrast=\"none\"> gibt es hier auch ein <\/span><b><span data-contrast=\"none\">Umami Burger<\/span><\/b><span data-contrast=\"none\">, der europaweit erste Standort DER amerikanischen Marke f\u00fcr leckere Gourmet-Burger aus Los Angeles. Lust auf ein gutes italienisches Restaurant? Dann ist <\/span><b><span data-contrast=\"none\">Fi&#8217;lia<\/span><\/b><span data-contrast=\"none\"> mit seiner authentischen K\u00fcche mit einem sch\u00f6nen zeitgen\u00f6ssischen Twist genau das Richtige f\u00fcr Sie. Und f\u00fcr diejenigen, die vor einem Meeting oder einem<\/span><b><i><span data-contrast=\"none\"> Incentive <\/span><\/i><\/b><span data-contrast=\"none\">einen kleinen Hunger versp\u00fcren, ist das <\/span><b><span data-contrast=\"none\">Grab &amp; Go <\/span><\/b><span data-contrast=\"none\">genau das Richtige.<\/span><span data-ccp-props=\"{&quot;201341983&quot;:0,&quot;335551550&quot;:6,&quot;335551620&quot;:6,&quot;335557856&quot;:16119028,&quot;335559738&quot;:165,&quot;335559739&quot;:165,&quot;335559740&quot;:240}\">\u00a0<\/span><\/p>\n\t\t\t\t\t<\/div>\n\t\t\t\t\t\t\t\t\t<\/div>\n\t\t\t<\/div>        \n\t\t<\/div>\n\t<\/div>\n<\/div>\n<!-- END OF : Composant : block-periscope-theme-section-composant-33-texte-image.php -->\n\n\n<!-- START OF : Composant : block-periscope-theme-section-composant-33-texte-image.php -->\n<!-- INVERSE -->\n<div class=\"text-image fs-wysiwyg mb-8 mb-lg-12\" data-component=\"33-texte-image\" data-reverse=\"oui\">\n\t<div class=\"container-fluid\" style=\"--bs-gutter-x: 0\">\n\t\t<div class=\"row\" style=\"--bs-gutter-x: 0\">\n\t\t\t<div class=\"col-lg-6\">\n\t\t\t\t<div class=\"text-image__content\">\n\t\t\t\t\t\t\t\t\t\t<div class=\"fw-semibold lh-xs fs-20 fs-lg-32 ls--25 mb-5\">Auf nach Paris! <\/div>\n\t\t\t\t\t\t\t\t\t\t\t\t\t\t\t<div class=\"fs-wysiwyg\">\n\t\t\t\t\t\t<p><span data-contrast=\"none\">Das Pullman Paris Montparnasse befindet sich <\/span><b><span data-contrast=\"none\">am Fu\u00dfe des Bahnhofs Montparnasse<\/span><\/b><span data-contrast=\"none\"> und genie\u00dft eine <\/span><b><span data-contrast=\"none\">au\u00dfergew\u00f6hnliche Lage<\/span><\/b><span data-contrast=\"none\">. Die Metrostation ist eine der <\/span><b><span data-contrast=\"none\">am besten angebundenen<\/span><\/b><span data-contrast=\"none\"> in der Hauptstadt, sodass Ihr Team die Stadt und ihre Umgebung unbeschwert erkunden kann.\u00a0<\/span><span data-ccp-props=\"{&quot;201341983&quot;:0,&quot;335551550&quot;:6,&quot;335551620&quot;:6,&quot;335557856&quot;:16119028,&quot;335559738&quot;:165,&quot;335559739&quot;:165,&quot;335559740&quot;:240}\">\u00a0<\/span><\/p>\n<p><span data-contrast=\"none\">F\u00fcr Menschen, die gerne zu Fu\u00df gehen und bummeln, ist das Viertel ideal. Es offenbart seine verborgenen Reize entlang der kleinen Stra\u00dfen und Sackgassen, eine charmanter als die andere. Sie k\u00f6nnen auch Saint-Germain-des-Pr\u00e9s oder das Quartier Latin besuchen oder neu entdecken. Diese liegen ebenfalls nur wenige Schritte vom Pullman Paris Montparnasse entfernt, welches sich dank seiner besonderen Merkmale von Anfang an in die Top-Liste der Pariser Reiseziele einreiht.<\/span><span data-ccp-props=\"{&quot;201341983&quot;:0,&quot;335551550&quot;:6,&quot;335551620&quot;:6,&quot;335557856&quot;:16119028,&quot;335559738&quot;:165,&quot;335559739&quot;:165,&quot;335559740&quot;:240}\">\u00a0<\/span><\/p>\n\t\t\t\t\t<\/div>\n\t\t\t\t\t\t\t\t\t<\/div>\n\t\t\t<\/div>    \n\t\t\t    \n\t\t\t<div class=\"col-lg-6 order-first order-lg-last mb-7 mb-lg-0\">\n\t\t\t\t<img decoding=\"async\" src=\"https:\/\/www.myallmeeting.com\/wp-content\/uploads\/2022\/02\/6286-84-953x600.jpg\" width=\"953\" height=\"600\" alt=\"\" loading=\"lazy\" class=\"w-100\" \/>\n\t\t\t<\/div>\n\t\t\t\t\t<\/div>\n\t<\/div>\n<\/div>\n<!-- END OF : Composant : block-periscope-theme-section-composant-33-texte-image.php -->\n","protected":false},"excerpt":{"rendered":"","protected":false},"featured_media":15962872,"menu_order":0,"template":"","periscope_categorie_tax":[3645],"class_list":["post-16036443","article","type-article","status-publish","has-post-thumbnail","hentry","periscope_categorie_tax-reportage-du-mois-de"],"acf":[],"yoast_head":"<title>Mit dem Kopf in den Wolken im Pullman Paris Montparnasse\u00a0 - Accor MyAllMeeting.com<\/title>\n<meta name=\"robots\" content=\"index, follow, max-snippet:-1, max-image-preview:large, max-video-preview:-1\" \/>\n<link rel=\"canonical\" href=\"https:\/\/www.myallmeeting.com\/de\/wp-json\/wp\/v2\/article\/16036443\" \/>\n<meta property=\"og:locale\" content=\"de_DE\" \/>\n<meta property=\"og:type\" content=\"article\" \/>\n<meta property=\"og:title\" content=\"Mit dem Kopf in den Wolken im Pullman Paris Montparnasse\u00a0 - Accor MyAllMeeting.com\" \/>\n<meta property=\"og:url\" content=\"https:\/\/www.myallmeeting.com\/de\/article\/mit-dem-kopf-in-den-wolken-im-pullman-paris-montparnasse\/\" \/>\n<meta property=\"og:site_name\" content=\"Accor MyAllMeeting.com\" \/>\n<meta property=\"article:modified_time\" content=\"2024-07-16T11:08:10+00:00\" \/>\n<meta property=\"og:image\" content=\"http:\/\/myallmeeting.com\/wp-content\/uploads\/2022\/02\/Paris-aerial-view.png\" \/>\n\t<meta property=\"og:image:width\" content=\"1920\" \/>\n\t<meta property=\"og:image:height\" content=\"570\" \/>\n\t<meta property=\"og:image:type\" content=\"image\/png\" \/>\n<meta name=\"twitter:card\" content=\"summary_large_image\" \/>\n<meta name=\"twitter:label1\" content=\"Est. reading time\" \/>\n\t<meta name=\"twitter:data1\" content=\"7 minutes\" \/>\n<script type=\"application\/ld+json\" class=\"yoast-schema-graph\">{\"@context\":\"https:\/\/schema.org\",\"@graph\":[{\"@type\":\"WebPage\",\"@id\":\"https:\/\/www.myallmeeting.com\/de\/article\/mit-dem-kopf-in-den-wolken-im-pullman-paris-montparnasse\/\",\"url\":\"https:\/\/www.myallmeeting.com\/de\/article\/mit-dem-kopf-in-den-wolken-im-pullman-paris-montparnasse\/\",\"name\":\"Mit dem Kopf in den Wolken im Pullman Paris Montparnasse\u00a0 - Accor MyAllMeeting.com\",\"isPartOf\":{\"@id\":\"https:\/\/www.myallmeeting.com\/de\/#website\"},\"primaryImageOfPage\":{\"@id\":\"https:\/\/www.myallmeeting.com\/de\/article\/mit-dem-kopf-in-den-wolken-im-pullman-paris-montparnasse\/#primaryimage\"},\"image\":{\"@id\":\"https:\/\/www.myallmeeting.com\/de\/article\/mit-dem-kopf-in-den-wolken-im-pullman-paris-montparnasse\/#primaryimage\"},\"thumbnailUrl\":\"https:\/\/www.myallmeeting.com\/wp-content\/uploads\/2022\/02\/Paris-aerial-view.png\",\"datePublished\":\"2022-02-24T14:36:11+00:00\",\"dateModified\":\"2024-07-16T11:08:10+00:00\",\"breadcrumb\":{\"@id\":\"https:\/\/www.myallmeeting.com\/de\/article\/mit-dem-kopf-in-den-wolken-im-pullman-paris-montparnasse\/#breadcrumb\"},\"inLanguage\":\"de-DE\",\"potentialAction\":[{\"@type\":\"ReadAction\",\"target\":[\"https:\/\/www.myallmeeting.com\/de\/article\/mit-dem-kopf-in-den-wolken-im-pullman-paris-montparnasse\/\"]}]},{\"@type\":\"ImageObject\",\"inLanguage\":\"de-DE\",\"@id\":\"https:\/\/www.myallmeeting.com\/de\/article\/mit-dem-kopf-in-den-wolken-im-pullman-paris-montparnasse\/#primaryimage\",\"url\":\"https:\/\/www.myallmeeting.com\/wp-content\/uploads\/2022\/02\/Paris-aerial-view.png\",\"contentUrl\":\"https:\/\/www.myallmeeting.com\/wp-content\/uploads\/2022\/02\/Paris-aerial-view.png\",\"width\":1920,\"height\":570},{\"@type\":\"BreadcrumbList\",\"@id\":\"https:\/\/www.myallmeeting.com\/de\/article\/mit-dem-kopf-in-den-wolken-im-pullman-paris-montparnasse\/#breadcrumb\",\"itemListElement\":[{\"@type\":\"ListItem\",\"position\":1,\"name\":\"Homepage\",\"item\":\"https:\/\/myallmeeting.com\/de\/\"},{\"@type\":\"ListItem\",\"position\":2,\"name\":\"Aktuelles\",\"item\":\"https:\/\/www.myallmeeting.com\/de\/aktuelles\/\"},{\"@type\":\"ListItem\",\"position\":3,\"name\":\"Mit dem Kopf in den Wolken im Pullman Paris Montparnasse\u00a0\"}]},{\"@type\":\"WebSite\",\"@id\":\"https:\/\/www.myallmeeting.com\/de\/#website\",\"url\":\"https:\/\/www.myallmeeting.com\/de\/\",\"name\":\"Accor MyAllMeeting.com\",\"description\":\"Les Meilleurs lieux pour vos Ev\u00e9nements Professionnels\",\"publisher\":{\"@id\":\"https:\/\/www.myallmeeting.com\/de\/#organization\"},\"potentialAction\":[{\"@type\":\"SearchAction\",\"target\":{\"@type\":\"EntryPoint\",\"urlTemplate\":\"https:\/\/www.myallmeeting.com\/de\/?s={search_term_string}\"},\"query-input\":{\"@type\":\"PropertyValueSpecification\",\"valueRequired\":true,\"valueName\":\"search_term_string\"}}],\"inLanguage\":\"de-DE\"},{\"@type\":\"Organization\",\"@id\":\"https:\/\/www.myallmeeting.com\/de\/#organization\",\"name\":\"ACCOR\",\"url\":\"https:\/\/www.myallmeeting.com\/de\/\",\"logo\":{\"@type\":\"ImageObject\",\"inLanguage\":\"de-DE\",\"@id\":\"https:\/\/www.myallmeeting.com\/de\/#\/schema\/logo\/image\/\",\"url\":\"\",\"contentUrl\":\"\",\"caption\":\"ACCOR\"},\"image\":{\"@id\":\"https:\/\/www.myallmeeting.com\/de\/#\/schema\/logo\/image\/\"}}]}<\/script>","yoast_head_json":{"title":"Mit dem Kopf in den Wolken im Pullman Paris Montparnasse\u00a0 - Accor MyAllMeeting.com","robots":{"index":"index","follow":"follow","max-snippet":"max-snippet:-1","max-image-preview":"max-image-preview:large","max-video-preview":"max-video-preview:-1"},"canonical":"https:\/\/www.myallmeeting.com\/de\/wp-json\/wp\/v2\/article\/16036443","og_locale":"de_DE","og_type":"article","og_title":"Mit dem Kopf in den Wolken im Pullman Paris Montparnasse\u00a0 - Accor MyAllMeeting.com","og_url":"https:\/\/www.myallmeeting.com\/de\/article\/mit-dem-kopf-in-den-wolken-im-pullman-paris-montparnasse\/","og_site_name":"Accor MyAllMeeting.com","article_modified_time":"2024-07-16T11:08:10+00:00","og_image":[{"width":1920,"height":570,"url":"http:\/\/myallmeeting.com\/wp-content\/uploads\/2022\/02\/Paris-aerial-view.png","type":"image\/png"}],"twitter_card":"summary_large_image","twitter_misc":{"Est. reading time":"7 minutes"},"schema":{"@context":"https:\/\/schema.org","@graph":[{"@type":"WebPage","@id":"https:\/\/www.myallmeeting.com\/de\/article\/mit-dem-kopf-in-den-wolken-im-pullman-paris-montparnasse\/","url":"https:\/\/www.myallmeeting.com\/de\/article\/mit-dem-kopf-in-den-wolken-im-pullman-paris-montparnasse\/","name":"Mit dem Kopf in den Wolken im Pullman Paris Montparnasse\u00a0 - Accor MyAllMeeting.com","isPartOf":{"@id":"https:\/\/www.myallmeeting.com\/de\/#website"},"primaryImageOfPage":{"@id":"https:\/\/www.myallmeeting.com\/de\/article\/mit-dem-kopf-in-den-wolken-im-pullman-paris-montparnasse\/#primaryimage"},"image":{"@id":"https:\/\/www.myallmeeting.com\/de\/article\/mit-dem-kopf-in-den-wolken-im-pullman-paris-montparnasse\/#primaryimage"},"thumbnailUrl":"https:\/\/www.myallmeeting.com\/wp-content\/uploads\/2022\/02\/Paris-aerial-view.png","datePublished":"2022-02-24T14:36:11+00:00","dateModified":"2024-07-16T11:08:10+00:00","breadcrumb":{"@id":"https:\/\/www.myallmeeting.com\/de\/article\/mit-dem-kopf-in-den-wolken-im-pullman-paris-montparnasse\/#breadcrumb"},"inLanguage":"de-DE","potentialAction":[{"@type":"ReadAction","target":["https:\/\/www.myallmeeting.com\/de\/article\/mit-dem-kopf-in-den-wolken-im-pullman-paris-montparnasse\/"]}]},{"@type":"ImageObject","inLanguage":"de-DE","@id":"https:\/\/www.myallmeeting.com\/de\/article\/mit-dem-kopf-in-den-wolken-im-pullman-paris-montparnasse\/#primaryimage","url":"https:\/\/www.myallmeeting.com\/wp-content\/uploads\/2022\/02\/Paris-aerial-view.png","contentUrl":"https:\/\/www.myallmeeting.com\/wp-content\/uploads\/2022\/02\/Paris-aerial-view.png","width":1920,"height":570},{"@type":"BreadcrumbList","@id":"https:\/\/www.myallmeeting.com\/de\/article\/mit-dem-kopf-in-den-wolken-im-pullman-paris-montparnasse\/#breadcrumb","itemListElement":[{"@type":"ListItem","position":1,"name":"Homepage","item":"https:\/\/myallmeeting.com\/de\/"},{"@type":"ListItem","position":2,"name":"Aktuelles","item":"https:\/\/www.myallmeeting.com\/de\/aktuelles\/"},{"@type":"ListItem","position":3,"name":"Mit dem Kopf in den Wolken im Pullman Paris Montparnasse\u00a0"}]},{"@type":"WebSite","@id":"https:\/\/www.myallmeeting.com\/de\/#website","url":"https:\/\/www.myallmeeting.com\/de\/","name":"Accor MyAllMeeting.com","description":"Les Meilleurs lieux pour vos Ev\u00e9nements Professionnels","publisher":{"@id":"https:\/\/www.myallmeeting.com\/de\/#organization"},"potentialAction":[{"@type":"SearchAction","target":{"@type":"EntryPoint","urlTemplate":"https:\/\/www.myallmeeting.com\/de\/?s={search_term_string}"},"query-input":{"@type":"PropertyValueSpecification","valueRequired":true,"valueName":"search_term_string"}}],"inLanguage":"de-DE"},{"@type":"Organization","@id":"https:\/\/www.myallmeeting.com\/de\/#organization","name":"ACCOR","url":"https:\/\/www.myallmeeting.com\/de\/","logo":{"@type":"ImageObject","inLanguage":"de-DE","@id":"https:\/\/www.myallmeeting.com\/de\/#\/schema\/logo\/image\/","url":"","contentUrl":"","caption":"ACCOR"},"image":{"@id":"https:\/\/www.myallmeeting.com\/de\/#\/schema\/logo\/image\/"}}]}},"_links":{"self":[{"href":"https:\/\/www.myallmeeting.com\/de\/wp-json\/wp\/v2\/article\/16036443","targetHints":{"allow":["GET"]}}],"collection":[{"href":"https:\/\/www.myallmeeting.com\/de\/wp-json\/wp\/v2\/article"}],"about":[{"href":"https:\/\/www.myallmeeting.com\/de\/wp-json\/wp\/v2\/types\/article"}],"wp:featuredmedia":[{"embeddable":true,"href":"https:\/\/www.myallmeeting.com\/de\/wp-json\/wp\/v2\/media\/15962872"}],"wp:attachment":[{"href":"https:\/\/www.myallmeeting.com\/de\/wp-json\/wp\/v2\/media?parent=16036443"}],"wp:term":[{"taxonomy":"periscope_categorie_tax","embeddable":true,"href":"https:\/\/www.myallmeeting.com\/de\/wp-json\/wp\/v2\/periscope_categorie_tax?post=16036443"}],"curies":[{"name":"wp","href":"https:\/\/api.w.org\/{rel}","templated":true}]}}