{"id":16036438,"date":"2017-05-02T18:13:08","date_gmt":"2017-05-02T16:13:08","guid":{"rendered":"https:\/\/myallmeeting.com\/article\/ibis-styles-paris-bercy-un-esprit-street-art-et-start-up-pour-vos-meetings\/"},"modified":"2024-07-16T13:03:51","modified_gmt":"2024-07-16T11:03:51","slug":"ibis-styles-paris-bercy-street-art-und-startup-flair-fur-ihre-meetings","status":"publish","type":"article","link":"https:\/\/www.myallmeeting.com\/de\/article\/ibis-styles-paris-bercy-street-art-und-startup-flair-fur-ihre-meetings\/","title":{"rendered":"Ibis Styles Paris Bercy: Street Art und Startup-Flair f\u00fcr Ihre Meetings\u00a0"},"content":{"rendered":"<!-- START OF : Composant : block-periscope-theme-section-composant-25-texte-cta-2-images.php -->\n<div class=\"tcta2ia bg-white fs-wysiwyg mb-lg-12\" data-component=\"25-texte-cta-2-images\">\n\t<div class=\"tcta2ia__top\">\n\t\t<div class=\"container-fluid\" style=\"--bs-gutter-x: 0\">\n\t\t\t<div class=\"row\" style=\"--bs-gutter-x: 0\">\n\t\t\t\t<div class=\"col-lg-8\">\n\t\t\t\t\t\t\t\t\t\t<div class=\"bloc-mise-en-avant__top__left\">\n\t\t\t\t\t\t<img decoding=\"async\" src=\"https:\/\/www.myallmeeting.com\/wp-content\/uploads\/2017\/05\/6982-21-1268x846.jpg\" class=\"pe-2 pe-lg-0\" width=\"1268\" height=\"846\" alt=\"r\u00e9union cr\u00e9ative salle\" loading=\"lazy\" \/>\n\t\t\t\t\t<\/div>\n\t\t\t\t\t\t\t\t\t\t<div class=\"tcta2ia__bottom d-none d-lg-block pb-12 pt-lg-9 pb-lg-0 pe-lg-10\">\n\t\t\t\t\t\t\t\t\t\t\t\t\t\t\t\t\t\t<div class=\"fs-wysiwyg\"><p aria-level=\"4\"><span data-contrast=\"none\">Das <\/span><b><span data-contrast=\"none\">Ibis Styles Paris Bercy<\/span><\/b><span data-contrast=\"none\"> befindet sich am Fu\u00dfe der imposanten <\/span><b><span data-contrast=\"none\">Accor Arena<\/span><\/b><span data-contrast=\"none\">, nur 10 Minuten per Metro entfernt vom Herzen von Paris und nur wenige Schritte vom Viertel Bercy Village mit seinen zahlreichen Unterhaltungsangeboten &#8211; Restaurants, Kino, Bars, Caf\u00e9s&#8230; Es ist sehr schnell vom Gare de Lyon aus erreichbar, der dank der Metrolinie 14 nur eine Station entfernt ist, sowie auch mit der Linie 6. Seine Lage ist daher ideal f\u00fcr einen Gesch\u00e4fts- oder Urlaubsaufenthalt.<\/span><span data-ccp-props=\"{&quot;134245418&quot;:true,&quot;134245529&quot;:true,&quot;201341983&quot;:0,&quot;335551550&quot;:6,&quot;335551620&quot;:6,&quot;335557856&quot;:16119028,&quot;335559738&quot;:165,&quot;335559739&quot;:165,&quot;335559740&quot;:259}\">\u00a0<\/span><\/p>\n<p aria-level=\"4\"><span data-contrast=\"none\">Das <\/span><b><span data-contrast=\"none\">Ibis Styles Paris Bercy\u202f<\/span><\/b><span data-contrast=\"none\">ist ein Spiegelbild seiner Nachbarschaft: dynamisch, modern, inspiriert von der Musik, die in der angrenzenden Arena erklingt und der Street Art im benachbarten 13. Arrondissement.\u00a0<\/span><span data-ccp-props=\"{&quot;134245418&quot;:true,&quot;134245529&quot;:true,&quot;201341983&quot;:0,&quot;335551550&quot;:6,&quot;335551620&quot;:6,&quot;335557856&quot;:16119028,&quot;335559738&quot;:165,&quot;335559739&quot;:165,&quot;335559740&quot;:259}\">\u00a0<\/span><\/p>\n<p aria-level=\"4\"><span data-contrast=\"none\">Von der Empfangshalle bis zu den Etagen wird im gesamten Hotel die Street-Art-Kultur gefeiert. Um die Darstellung so authentisch wie m\u00f6glich zu gestalten, hat das <\/span><b><span data-contrast=\"none\">Ibis Styles Paris Bercy<\/span><\/b><span data-contrast=\"none\"> sogar mit der Kunstgalerie Itinerrance zusammengearbeitet, um europ\u00e4ische <\/span><i><span data-contrast=\"none\">Street Artists<\/span><\/i><span data-contrast=\"none\"> einzuladen.\u00a0<\/span><span data-ccp-props=\"{&quot;134245418&quot;:true,&quot;134245529&quot;:true,&quot;201341983&quot;:0,&quot;335551550&quot;:6,&quot;335551620&quot;:6,&quot;335557856&quot;:16119028,&quot;335559738&quot;:165,&quot;335559739&quot;:165,&quot;335559740&quot;:259}\">\u00a0<\/span><\/p>\n<p aria-level=\"4\"><span data-contrast=\"none\">Jeder der 8 ausgew\u00e4hlten Graffiti-K\u00fcnstler hatte auf jeder Etage freie Hand. Das einzige Motto: Verbinde Street Art mit Musik! Von den Fluren bis zu den Zimmern des Hotels hat jede Etage ihre eigene Identit\u00e4t. Im 4<\/span><span data-contrast=\"none\">.<\/span><span data-contrast=\"none\">\u202fStock gibt es Pop mit verschiedenen Graffitis der K\u00fcnstlerin <\/span><i><span data-contrast=\"none\">B-TOY<\/span><\/i><span data-contrast=\"none\"> aus Barcelona, die Fotos von Nina Simone reproduziert hat; im 2<\/span><span data-contrast=\"none\">.\u202f<\/span><span data-contrast=\"none\">Stock gibt es Hip-Hop und Jazz vom Stra\u00dfburger K\u00fcnstler DAN 23. Ein sehr interessantes malerisches <\/span><i><span data-contrast=\"none\">Mash-up<\/span><\/i><span data-contrast=\"none\">, das in Hotels dieser Kategorie selten zu sehen ist. Das Ganze wurde dieses Jahr komplett renoviert.<\/span><span data-ccp-props=\"{&quot;134245418&quot;:true,&quot;134245529&quot;:true,&quot;201341983&quot;:0,&quot;335551550&quot;:6,&quot;335551620&quot;:6,&quot;335557856&quot;:16119028,&quot;335559738&quot;:165,&quot;335559739&quot;:165,&quot;335559740&quot;:259}\">\u00a0<\/span><\/p>\n<\/div>\n\t\t\t\t\t\t\t\t\t\t\t\t<div class=\"d-flex flex-column flex-lg-row align-items-center gap-5 gap-lg-8 justify-content-between\">\n\t\t\t\t\t\t\t<div class=\"fs-20 fs-lg-26 fw-semibold lh-xs\"><\/div>\n\t\t\t\t\t\t\t\t\t\t\t\t\t<\/div>\n\t\t\t\t\t<\/div>\n\t\t\t\t<\/div>\n\t\t\t\t<div class=\"col-lg-4\">\n\t\t\t\t\t<div class=\"tcta2ia__top__right t-0 r-0 bg-primary text-white pt-4 pb-4 px-2 pt-lg-8 pb-lg-16 px-lg-11 pb-xl-30\">\n\t\t\t\t\t\t\t\t\t\t\t\t\t\t\t\t\t\t<h2 class=\"unna fs-36 fs-lg-51 fs-xl-75 fs-italic fw-normal text-secondary\">Ibis Styles Paris Bercy: Street Art und Startup-Flair f\u00fcr Ihre Meetings <\/h2>\n\t\t\t\t\t\t\t\t\t\t\t\t\t\t\t\t\t\t<h3 class=\"text-white fs-18 fs-lg-20 fs-xl-28 text-original-case\">Flexible R\u00e4umlichkeiten und Street-Art-Flair f\u00fcr junge Unternehmer.\u202f<\/h3>\n\t\t\t\t\t\t\t\t\t\t\t\t\t\t\t\t\t\t<div class=\"fs-wysiwyg mb-4 fs-lg-16 fs-xl-20\"><p><span data-contrast=\"none\" xml:lang=\"DE-DE\" lang=\"DE-DE\" class=\"TextRun SCXW207274244 BCX0\"><span class=\"NormalTextRun SCXW207274244 BCX0\" data-ccp-parastyle=\"heading 4\">Das Ibis Styles Paris Bercy ist ein modernes Designhotel\u202f<\/span><\/span><span data-contrast=\"none\" xml:lang=\"DE-DE\" lang=\"DE-DE\" class=\"TextRun SCXW207274244 BCX0\"><span class=\"NormalTextRun SCXW207274244 BCX0\" data-ccp-parastyle=\"heading 4\">richtet sich insbesondere an Start-ups<\/span><\/span><span data-contrast=\"none\" xml:lang=\"DE-DE\" lang=\"DE-DE\" class=\"TextRun SCXW207274244 BCX0\"><span class=\"NormalTextRun SCXW207274244 BCX0\" data-ccp-parastyle=\"heading 4\">. Sein Street-Art-Look, seine Coworking-Bereiche und seine riesige Terrasse d\u00fcrften diese digitale Generation ansprechen, die auf der Suche nach einem funktionalen, entspannten und zugleich preiswerten Arbeitsumfeld ist.<\/span><\/span><span class=\"EOP SCXW207274244 BCX0\" data-ccp-props=\"{&quot;134245418&quot;:true,&quot;134245529&quot;:true,&quot;201341983&quot;:0,&quot;335551550&quot;:6,&quot;335551620&quot;:6,&quot;335557856&quot;:16119028,&quot;335559738&quot;:165,&quot;335559739&quot;:165,&quot;335559740&quot;:259}\">\u00a0<\/span><\/p>\n<\/div>\n\t\t\t\t\t\t\t\t\t\t\t\t\t\t\t\t\t\t\t\t\t\t\t\t<p class=\"m-0\"><img decoding=\"async\" src=\"https:\/\/www.myallmeeting.com\/wp-content\/uploads\/2017\/05\/3050-12-633x398.jpg\" class=\"position-relative l-0\" width=\"633\" height=\"398\" alt=\"r\u00e9union cr\u00e9ative\" loading=\"lazy\" \/><\/p>\n\t\t\t\t\t\t\t\t\t\t\t<\/div>\n\t\t\t\t<\/div>\n\t\t\t<\/div>\n\t\t<\/div>\n\t<\/div>\n\t<div class=\"tcta2ia__bottom d-lg-none pb-12 py-lg-9 pe-lg-10\">\n\t\t\t\t\t\t<div class=\"fs-wysiwyg\"><p aria-level=\"4\"><span data-contrast=\"none\">Das <\/span><b><span data-contrast=\"none\">Ibis Styles Paris Bercy<\/span><\/b><span data-contrast=\"none\"> befindet sich am Fu\u00dfe der imposanten <\/span><b><span data-contrast=\"none\">Accor Arena<\/span><\/b><span data-contrast=\"none\">, nur 10 Minuten per Metro entfernt vom Herzen von Paris und nur wenige Schritte vom Viertel Bercy Village mit seinen zahlreichen Unterhaltungsangeboten &#8211; Restaurants, Kino, Bars, Caf\u00e9s&#8230; Es ist sehr schnell vom Gare de Lyon aus erreichbar, der dank der Metrolinie 14 nur eine Station entfernt ist, sowie auch mit der Linie 6. Seine Lage ist daher ideal f\u00fcr einen Gesch\u00e4fts- oder Urlaubsaufenthalt.<\/span><span data-ccp-props=\"{&quot;134245418&quot;:true,&quot;134245529&quot;:true,&quot;201341983&quot;:0,&quot;335551550&quot;:6,&quot;335551620&quot;:6,&quot;335557856&quot;:16119028,&quot;335559738&quot;:165,&quot;335559739&quot;:165,&quot;335559740&quot;:259}\">\u00a0<\/span><\/p>\n<p aria-level=\"4\"><span data-contrast=\"none\">Das <\/span><b><span data-contrast=\"none\">Ibis Styles Paris Bercy\u202f<\/span><\/b><span data-contrast=\"none\">ist ein Spiegelbild seiner Nachbarschaft: dynamisch, modern, inspiriert von der Musik, die in der angrenzenden Arena erklingt und der Street Art im benachbarten 13. Arrondissement.\u00a0<\/span><span data-ccp-props=\"{&quot;134245418&quot;:true,&quot;134245529&quot;:true,&quot;201341983&quot;:0,&quot;335551550&quot;:6,&quot;335551620&quot;:6,&quot;335557856&quot;:16119028,&quot;335559738&quot;:165,&quot;335559739&quot;:165,&quot;335559740&quot;:259}\">\u00a0<\/span><\/p>\n<p aria-level=\"4\"><span data-contrast=\"none\">Von der Empfangshalle bis zu den Etagen wird im gesamten Hotel die Street-Art-Kultur gefeiert. Um die Darstellung so authentisch wie m\u00f6glich zu gestalten, hat das <\/span><b><span data-contrast=\"none\">Ibis Styles Paris Bercy<\/span><\/b><span data-contrast=\"none\"> sogar mit der Kunstgalerie Itinerrance zusammengearbeitet, um europ\u00e4ische <\/span><i><span data-contrast=\"none\">Street Artists<\/span><\/i><span data-contrast=\"none\"> einzuladen.\u00a0<\/span><span data-ccp-props=\"{&quot;134245418&quot;:true,&quot;134245529&quot;:true,&quot;201341983&quot;:0,&quot;335551550&quot;:6,&quot;335551620&quot;:6,&quot;335557856&quot;:16119028,&quot;335559738&quot;:165,&quot;335559739&quot;:165,&quot;335559740&quot;:259}\">\u00a0<\/span><\/p>\n<p aria-level=\"4\"><span data-contrast=\"none\">Jeder der 8 ausgew\u00e4hlten Graffiti-K\u00fcnstler hatte auf jeder Etage freie Hand. Das einzige Motto: Verbinde Street Art mit Musik! Von den Fluren bis zu den Zimmern des Hotels hat jede Etage ihre eigene Identit\u00e4t. Im 4<\/span><span data-contrast=\"none\">.<\/span><span data-contrast=\"none\">\u202fStock gibt es Pop mit verschiedenen Graffitis der K\u00fcnstlerin <\/span><i><span data-contrast=\"none\">B-TOY<\/span><\/i><span data-contrast=\"none\"> aus Barcelona, die Fotos von Nina Simone reproduziert hat; im 2<\/span><span data-contrast=\"none\">.\u202f<\/span><span data-contrast=\"none\">Stock gibt es Hip-Hop und Jazz vom Stra\u00dfburger K\u00fcnstler DAN 23. Ein sehr interessantes malerisches <\/span><i><span data-contrast=\"none\">Mash-up<\/span><\/i><span data-contrast=\"none\">, das in Hotels dieser Kategorie selten zu sehen ist. Das Ganze wurde dieses Jahr komplett renoviert.<\/span><span data-ccp-props=\"{&quot;134245418&quot;:true,&quot;134245529&quot;:true,&quot;201341983&quot;:0,&quot;335551550&quot;:6,&quot;335551620&quot;:6,&quot;335557856&quot;:16119028,&quot;335559738&quot;:165,&quot;335559739&quot;:165,&quot;335559740&quot;:259}\">\u00a0<\/span><\/p>\n<\/div>\n\t\t\t\t<div class=\"d-flex flex-column flex-lg-row align-items-center gap-5 gap-lg-8 justify-content-between\">\n\t\t\t<div class=\"fs-20 fs-lg-26 fw-semibold lh-xs\"><\/div>\n\t\t\t\t\t<\/div>\n\t<\/div>\n<\/div>\n<!-- END OF : Composant : block-periscope-theme-section-composant-25-texte-cta-2-images.php -->\n\n\n<!-- START OF : Composant : block-periscope-theme-section-composant-33-texte-image.php -->\n<div class=\"text-image fs-wysiwyg mb-8 mb-lg-12\" data-component=\"33-texte-image\">\n\t<div class=\"container-fluid\" style=\"--bs-gutter-x: 0\">\n\t\t<div class=\"row\" style=\"--bs-gutter-x: 0\">\n\t\t\t\t\t\t<div class=\"col-lg-6 mb-7 mb-lg-0\">\n\t\t\t\t<img decoding=\"async\" src=\"https:\/\/www.myallmeeting.com\/wp-content\/uploads\/2017\/05\/6982-46-953x600.jpg\" width=\"953\" height=\"600\" alt=\"r\u00e9union cr\u00e9ative salle\" loading=\"lazy\" class=\"w-100\" \/>\n\t\t\t<\/div>\n\t\t\t\t\t\t<div class=\"col-lg-6\">\n\t\t\t\t<div class=\"text-image__content\">\n\t\t\t\t\t\t\t\t\t\t<div class=\"fw-semibold lh-xs fs-20 fs-lg-32 ls--25 mb-5\">F\u00fcr die Organisation Ihrer Meetings stehen Ihnen sechs R\u00e4ume zur Verf\u00fcgung: <\/div>\n\t\t\t\t\t\t\t\t\t\t\t\t\t\t\t<div class=\"fs-wysiwyg\">\n\t\t\t\t\t\t<ul>\n<li data-leveltext=\"-\" data-font=\"Lato\" data-listid=\"1\" data-list-defn-props=\"{&quot;335551671&quot;:0,&quot;335552541&quot;:1,&quot;335559685&quot;:720,&quot;335559991&quot;:360,&quot;469769226&quot;:&quot;Lato&quot;,&quot;469769242&quot;:[8226],&quot;469777803&quot;:&quot;left&quot;,&quot;469777804&quot;:&quot;-&quot;,&quot;469777815&quot;:&quot;multilevel&quot;}\" aria-setsize=\"-1\" data-aria-posinset=\"0\" data-aria-level=\"1\"><span data-contrast=\"none\">Ein <\/span><b><span data-contrast=\"none\">gro\u00dfer modularer Raum f\u00fcr bis zu 80 Personen<\/span><\/b><span data-contrast=\"none\"> f\u00fcr eher traditionelle Schulungen oder Meetings.<\/span><span data-ccp-props=\"{&quot;134245418&quot;:true,&quot;134245529&quot;:true,&quot;201341983&quot;:0,&quot;335551550&quot;:6,&quot;335551620&quot;:6,&quot;335557856&quot;:16119028,&quot;335559738&quot;:165,&quot;335559739&quot;:165,&quot;335559740&quot;:259}\">\u00a0<\/span><\/li>\n<\/ul>\n<ul>\n<li data-leveltext=\"-\" data-font=\"Lato\" data-listid=\"1\" data-list-defn-props=\"{&quot;335551671&quot;:0,&quot;335552541&quot;:1,&quot;335559685&quot;:720,&quot;335559991&quot;:360,&quot;469769226&quot;:&quot;Lato&quot;,&quot;469769242&quot;:[8226],&quot;469777803&quot;:&quot;left&quot;,&quot;469777804&quot;:&quot;-&quot;,&quot;469777815&quot;:&quot;multilevel&quot;}\" aria-setsize=\"-1\" data-aria-posinset=\"1\" data-aria-level=\"1\"><span data-contrast=\"none\">Und <\/span><b><span data-contrast=\"none\">f\u00fcnf weitere R\u00e4ume f\u00fcr 5 bis 30 Personen mit einem mehr auf <\/span><\/b><b><i><span data-contrast=\"none\">Start-ups<\/span><\/i><\/b><b><span data-contrast=\"none\"> ausgelegten Konzept auf Anfrage<\/span><\/b><span data-contrast=\"none\">, mit Sofas, Tischtennisplatten und Bars. Eine entspannte und unkonventionelle Atmosph\u00e4re, ideal f\u00fcr kreative Meetings oder <\/span><i><span data-contrast=\"none\">Brainstormings<\/span><\/i><span data-contrast=\"none\"> im Team.<\/span><span data-ccp-props=\"{&quot;134245418&quot;:true,&quot;134245529&quot;:true,&quot;201341983&quot;:0,&quot;335551550&quot;:6,&quot;335551620&quot;:6,&quot;335557856&quot;:16119028,&quot;335559738&quot;:165,&quot;335559739&quot;:165,&quot;335559740&quot;:259}\">\u00a0<\/span><\/li>\n<\/ul>\n<p aria-level=\"4\"><span data-contrast=\"none\">Ebenfalls im Sinne der Innovation und nach dem Vorbild des gr\u00f6\u00dften Start-up-Campus der Welt (<\/span><b><span data-contrast=\"none\">Station F<\/span><\/b><span data-contrast=\"none\">), der sich nur wenige Schritte vom Hotel entfernt befindet, hat das <\/span><b><span data-contrast=\"none\">Ibis Styles Paris Bercy<\/span><\/b><span data-contrast=\"none\"> auch einen <\/span><b><span data-contrast=\"none\">Coworking<\/span><\/b><span data-contrast=\"none\">-Bereich f\u00fcr Jungunternehmer mit kleinem Budget eingerichtet.<\/span><span data-ccp-props=\"{&quot;134245418&quot;:true,&quot;134245529&quot;:true,&quot;201341983&quot;:0,&quot;335551550&quot;:6,&quot;335551620&quot;:6,&quot;335557856&quot;:16119028,&quot;335559738&quot;:165,&quot;335559739&quot;:165,&quot;335559740&quot;:259}\">\u00a0<\/span><\/p>\n<p aria-level=\"4\"><span data-contrast=\"none\">Dies kann erweitert werden auf \u201e<\/span><b><span data-contrast=\"none\">Backstage<\/span><\/b><span data-contrast=\"none\">\u201c, die Hotelbar, die auch f\u00fcr diese Zielgruppe der French-Tech-Liebhaber konzipiert ist und \u00fcber eine gro\u00dfe Terrasse sowie\u202f<\/span><b><span data-contrast=\"none\">unbegrenztes und kostenloses WLAN <\/span><\/b><span data-contrast=\"none\">verf\u00fcgt.<\/span><span data-ccp-props=\"{&quot;134245418&quot;:true,&quot;134245529&quot;:true,&quot;201341983&quot;:0,&quot;335551550&quot;:6,&quot;335551620&quot;:6,&quot;335557856&quot;:16119028,&quot;335559738&quot;:165,&quot;335559739&quot;:165,&quot;335559740&quot;:259}\">\u00a0<\/span><\/p>\n<p><span data-ccp-props=\"{&quot;201341983&quot;:0,&quot;335559739&quot;:160,&quot;335559740&quot;:259}\">\u00a0<\/span><\/p>\n\t\t\t\t\t<\/div>\n\t\t\t\t\t\t\t\t\t<\/div>\n\t\t\t<\/div>        \n\t\t<\/div>\n\t<\/div>\n<\/div>\n<!-- END OF : Composant : block-periscope-theme-section-composant-33-texte-image.php -->\n\n\n<!-- START OF : Composant : block-periscope-theme-section-composant-33-texte-image.php -->\n<!-- INVERSE -->\n<div class=\"text-image fs-wysiwyg mb-8 mb-lg-12\" data-component=\"33-texte-image\" data-reverse=\"oui\">\n\t<div class=\"container-fluid\" style=\"--bs-gutter-x: 0\">\n\t\t<div class=\"row\" style=\"--bs-gutter-x: 0\">\n\t\t\t<div class=\"col-lg-6\">\n\t\t\t\t<div class=\"text-image__content\">\n\t\t\t\t\t\t\t\t\t\t<div class=\"fw-semibold lh-xs fs-20 fs-lg-32 ls--25 mb-5\">Die riesige, 1000 m2\u202fgro\u00dfe Terrasse:<\/div>\n\t\t\t\t\t\t\t\t\t\t\t\t\t\t\t<div class=\"fs-wysiwyg\">\n\t\t\t\t\t\t<p aria-level=\"4\"><span data-contrast=\"none\">Die riesige, <\/span><b><span data-contrast=\"none\">1000 m<\/span><\/b><b><span data-contrast=\"none\">2<\/span><\/b><span data-contrast=\"none\">\u202f<\/span><b><span data-contrast=\"none\">gro\u00dfe Terrasse<\/span><\/b><span data-contrast=\"none\">, die nach S\u00fcdwesten ausgerichtet ist, bietet eine Aussicht auf den Parc de Bercy und die Accor Arena.<\/span><span data-ccp-props=\"{&quot;134245418&quot;:true,&quot;134245529&quot;:true,&quot;201341983&quot;:0,&quot;335551550&quot;:6,&quot;335551620&quot;:6,&quot;335557856&quot;:16119028,&quot;335559738&quot;:165,&quot;335559739&quot;:165,&quot;335559740&quot;:259}\">\u00a0<\/span><\/p>\n<p aria-level=\"4\"><span data-contrast=\"none\">Auch sie kann f\u00fcr Ihre Veranstaltungen, von der kleinsten bis zur gr\u00f6\u00dften, komplett reserviert werden. Ob Cocktail, Foodtruck-Dinner oder Aperitif: Alles ist m\u00f6glich, um informelle und entspannte Gesch\u00e4ftstreffen zu veranstalten\u2026 unter freiem Himmel!<\/span><span data-ccp-props=\"{&quot;134245418&quot;:true,&quot;134245529&quot;:true,&quot;201341983&quot;:0,&quot;335551550&quot;:6,&quot;335551620&quot;:6,&quot;335557856&quot;:16119028,&quot;335559738&quot;:165,&quot;335559739&quot;:165,&quot;335559740&quot;:259}\">\u00a0<\/span><\/p>\n<p aria-level=\"4\"><span data-contrast=\"none\">Alternativ, wenn Sie auf der Suche nach einer <\/span><b><span data-contrast=\"none\">After-Work-Party<\/span><\/b><span data-contrast=\"none\"> in der Hauptstadt sind, wird die Terrasse des Hotels von Mai bis September zur <\/span><b><span data-contrast=\"none\">Papa Cabane<\/span><\/b><span data-contrast=\"none\">.<\/span><span data-ccp-props=\"{&quot;134245418&quot;:true,&quot;134245529&quot;:true,&quot;201341983&quot;:0,&quot;335551550&quot;:6,&quot;335551620&quot;:6,&quot;335557856&quot;:16119028,&quot;335559738&quot;:165,&quot;335559739&quot;:165,&quot;335559740&quot;:259}\">\u00a0<\/span><\/p>\n<p aria-level=\"4\"><span data-contrast=\"none\">Die Gelegenheit, hier auf einem Liegestuhl in der Sonne ein Getr\u00e4nk zu genie\u00dfen und dabei gute Musik zu h\u00f6ren oder dank des <\/span><i><span data-contrast=\"none\">Foodtrucks<\/span><\/i><span data-contrast=\"none\"> \u201eThe Fresh Connection\u201c eine Kleinigkeit zu essen, bevor Sie sich zu einer Partie Boule oder Tischtennis aufmachen, um sich am Ende des Tages zu entspannen.<\/span><span data-ccp-props=\"{&quot;134245418&quot;:true,&quot;134245529&quot;:true,&quot;201341983&quot;:0,&quot;335551550&quot;:6,&quot;335551620&quot;:6,&quot;335557856&quot;:16119028,&quot;335559738&quot;:165,&quot;335559739&quot;:165,&quot;335559740&quot;:259}\">\u00a0<\/span><\/p>\n\t\t\t\t\t<\/div>\n\t\t\t\t\t\t\t\t\t<\/div>\n\t\t\t<\/div>    \n\t\t\t    \n\t\t\t<div class=\"col-lg-6 order-first order-lg-last mb-7 mb-lg-0\">\n\t\t\t\t<img decoding=\"async\" src=\"https:\/\/www.myallmeeting.com\/wp-content\/uploads\/2017\/05\/6982-39-953x600.jpg\" width=\"953\" height=\"600\" alt=\"r\u00e9union cr\u00e9ative\" loading=\"lazy\" class=\"w-100\" \/>\n\t\t\t<\/div>\n\t\t\t\t\t<\/div>\n\t<\/div>\n<\/div>\n<!-- END OF : Composant : block-periscope-theme-section-composant-33-texte-image.php -->\n","protected":false},"excerpt":{"rendered":"","protected":false},"featured_media":15964714,"menu_order":0,"template":"","periscope_categorie_tax":[3637],"class_list":["post-16036438","article","type-article","status-publish","has-post-thumbnail","hentry","periscope_categorie_tax-decouvrez-nos-adresses-de"],"acf":[],"yoast_head":"<title>Ibis Styles Paris Bercy: Street Art und Startup-Flair f\u00fcr Ihre Meetings\u00a0 - Accor MyAllMeeting.com<\/title>\n<meta name=\"robots\" content=\"index, follow, max-snippet:-1, max-image-preview:large, max-video-preview:-1\" \/>\n<link rel=\"canonical\" href=\"https:\/\/www.myallmeeting.com\/de\/wp-json\/wp\/v2\/article\/16036438\" \/>\n<meta property=\"og:locale\" content=\"de_DE\" \/>\n<meta property=\"og:type\" content=\"article\" \/>\n<meta property=\"og:title\" content=\"Ibis Styles Paris Bercy: Street Art und Startup-Flair f\u00fcr Ihre Meetings\u00a0 - Accor MyAllMeeting.com\" \/>\n<meta property=\"og:url\" content=\"https:\/\/www.myallmeeting.com\/de\/article\/ibis-styles-paris-bercy-street-art-und-startup-flair-fur-ihre-meetings\/\" \/>\n<meta property=\"og:site_name\" content=\"Accor MyAllMeeting.com\" \/>\n<meta property=\"article:modified_time\" content=\"2024-07-16T11:03:51+00:00\" \/>\n<meta property=\"og:image\" content=\"http:\/\/myallmeeting.com\/wp-content\/uploads\/2017\/05\/MAM-imagery-1920-x-570-px-2.png\" \/>\n\t<meta property=\"og:image:width\" content=\"1920\" \/>\n\t<meta property=\"og:image:height\" content=\"570\" \/>\n\t<meta property=\"og:image:type\" content=\"image\/png\" \/>\n<meta name=\"twitter:card\" content=\"summary_large_image\" \/>\n<meta name=\"twitter:label1\" content=\"Est. reading time\" \/>\n\t<meta name=\"twitter:data1\" content=\"5 minutes\" \/>\n<script type=\"application\/ld+json\" class=\"yoast-schema-graph\">{\"@context\":\"https:\/\/schema.org\",\"@graph\":[{\"@type\":\"WebPage\",\"@id\":\"https:\/\/www.myallmeeting.com\/de\/article\/ibis-styles-paris-bercy-street-art-und-startup-flair-fur-ihre-meetings\/\",\"url\":\"https:\/\/www.myallmeeting.com\/de\/article\/ibis-styles-paris-bercy-street-art-und-startup-flair-fur-ihre-meetings\/\",\"name\":\"Ibis Styles Paris Bercy: Street Art und Startup-Flair f\u00fcr Ihre Meetings\u00a0 - Accor MyAllMeeting.com\",\"isPartOf\":{\"@id\":\"https:\/\/www.myallmeeting.com\/de\/#website\"},\"primaryImageOfPage\":{\"@id\":\"https:\/\/www.myallmeeting.com\/de\/article\/ibis-styles-paris-bercy-street-art-und-startup-flair-fur-ihre-meetings\/#primaryimage\"},\"image\":{\"@id\":\"https:\/\/www.myallmeeting.com\/de\/article\/ibis-styles-paris-bercy-street-art-und-startup-flair-fur-ihre-meetings\/#primaryimage\"},\"thumbnailUrl\":\"https:\/\/www.myallmeeting.com\/wp-content\/uploads\/2017\/05\/MAM-imagery-1920-x-570-px-2.png\",\"datePublished\":\"2017-05-02T16:13:08+00:00\",\"dateModified\":\"2024-07-16T11:03:51+00:00\",\"breadcrumb\":{\"@id\":\"https:\/\/www.myallmeeting.com\/de\/article\/ibis-styles-paris-bercy-street-art-und-startup-flair-fur-ihre-meetings\/#breadcrumb\"},\"inLanguage\":\"de-DE\",\"potentialAction\":[{\"@type\":\"ReadAction\",\"target\":[\"https:\/\/www.myallmeeting.com\/de\/article\/ibis-styles-paris-bercy-street-art-und-startup-flair-fur-ihre-meetings\/\"]}]},{\"@type\":\"ImageObject\",\"inLanguage\":\"de-DE\",\"@id\":\"https:\/\/www.myallmeeting.com\/de\/article\/ibis-styles-paris-bercy-street-art-und-startup-flair-fur-ihre-meetings\/#primaryimage\",\"url\":\"https:\/\/www.myallmeeting.com\/wp-content\/uploads\/2017\/05\/MAM-imagery-1920-x-570-px-2.png\",\"contentUrl\":\"https:\/\/www.myallmeeting.com\/wp-content\/uploads\/2017\/05\/MAM-imagery-1920-x-570-px-2.png\",\"width\":1920,\"height\":570},{\"@type\":\"BreadcrumbList\",\"@id\":\"https:\/\/www.myallmeeting.com\/de\/article\/ibis-styles-paris-bercy-street-art-und-startup-flair-fur-ihre-meetings\/#breadcrumb\",\"itemListElement\":[{\"@type\":\"ListItem\",\"position\":1,\"name\":\"Homepage\",\"item\":\"https:\/\/myallmeeting.com\/de\/\"},{\"@type\":\"ListItem\",\"position\":2,\"name\":\"Aktuelles\",\"item\":\"https:\/\/www.myallmeeting.com\/de\/aktuelles\/\"},{\"@type\":\"ListItem\",\"position\":3,\"name\":\"Ibis Styles Paris Bercy: Street Art und Startup-Flair f\u00fcr Ihre Meetings\u00a0\"}]},{\"@type\":\"WebSite\",\"@id\":\"https:\/\/www.myallmeeting.com\/de\/#website\",\"url\":\"https:\/\/www.myallmeeting.com\/de\/\",\"name\":\"Accor MyAllMeeting.com\",\"description\":\"Les Meilleurs lieux pour vos Ev\u00e9nements Professionnels\",\"publisher\":{\"@id\":\"https:\/\/www.myallmeeting.com\/de\/#organization\"},\"potentialAction\":[{\"@type\":\"SearchAction\",\"target\":{\"@type\":\"EntryPoint\",\"urlTemplate\":\"https:\/\/www.myallmeeting.com\/de\/?s={search_term_string}\"},\"query-input\":{\"@type\":\"PropertyValueSpecification\",\"valueRequired\":true,\"valueName\":\"search_term_string\"}}],\"inLanguage\":\"de-DE\"},{\"@type\":\"Organization\",\"@id\":\"https:\/\/www.myallmeeting.com\/de\/#organization\",\"name\":\"ACCOR\",\"url\":\"https:\/\/www.myallmeeting.com\/de\/\",\"logo\":{\"@type\":\"ImageObject\",\"inLanguage\":\"de-DE\",\"@id\":\"https:\/\/www.myallmeeting.com\/de\/#\/schema\/logo\/image\/\",\"url\":\"\",\"contentUrl\":\"\",\"caption\":\"ACCOR\"},\"image\":{\"@id\":\"https:\/\/www.myallmeeting.com\/de\/#\/schema\/logo\/image\/\"}}]}<\/script>","yoast_head_json":{"title":"Ibis Styles Paris Bercy: Street Art und Startup-Flair f\u00fcr Ihre Meetings\u00a0 - Accor MyAllMeeting.com","robots":{"index":"index","follow":"follow","max-snippet":"max-snippet:-1","max-image-preview":"max-image-preview:large","max-video-preview":"max-video-preview:-1"},"canonical":"https:\/\/www.myallmeeting.com\/de\/wp-json\/wp\/v2\/article\/16036438","og_locale":"de_DE","og_type":"article","og_title":"Ibis Styles Paris Bercy: Street Art und Startup-Flair f\u00fcr Ihre Meetings\u00a0 - Accor MyAllMeeting.com","og_url":"https:\/\/www.myallmeeting.com\/de\/article\/ibis-styles-paris-bercy-street-art-und-startup-flair-fur-ihre-meetings\/","og_site_name":"Accor MyAllMeeting.com","article_modified_time":"2024-07-16T11:03:51+00:00","og_image":[{"width":1920,"height":570,"url":"http:\/\/myallmeeting.com\/wp-content\/uploads\/2017\/05\/MAM-imagery-1920-x-570-px-2.png","type":"image\/png"}],"twitter_card":"summary_large_image","twitter_misc":{"Est. reading time":"5 minutes"},"schema":{"@context":"https:\/\/schema.org","@graph":[{"@type":"WebPage","@id":"https:\/\/www.myallmeeting.com\/de\/article\/ibis-styles-paris-bercy-street-art-und-startup-flair-fur-ihre-meetings\/","url":"https:\/\/www.myallmeeting.com\/de\/article\/ibis-styles-paris-bercy-street-art-und-startup-flair-fur-ihre-meetings\/","name":"Ibis Styles Paris Bercy: Street Art und Startup-Flair f\u00fcr Ihre Meetings\u00a0 - Accor MyAllMeeting.com","isPartOf":{"@id":"https:\/\/www.myallmeeting.com\/de\/#website"},"primaryImageOfPage":{"@id":"https:\/\/www.myallmeeting.com\/de\/article\/ibis-styles-paris-bercy-street-art-und-startup-flair-fur-ihre-meetings\/#primaryimage"},"image":{"@id":"https:\/\/www.myallmeeting.com\/de\/article\/ibis-styles-paris-bercy-street-art-und-startup-flair-fur-ihre-meetings\/#primaryimage"},"thumbnailUrl":"https:\/\/www.myallmeeting.com\/wp-content\/uploads\/2017\/05\/MAM-imagery-1920-x-570-px-2.png","datePublished":"2017-05-02T16:13:08+00:00","dateModified":"2024-07-16T11:03:51+00:00","breadcrumb":{"@id":"https:\/\/www.myallmeeting.com\/de\/article\/ibis-styles-paris-bercy-street-art-und-startup-flair-fur-ihre-meetings\/#breadcrumb"},"inLanguage":"de-DE","potentialAction":[{"@type":"ReadAction","target":["https:\/\/www.myallmeeting.com\/de\/article\/ibis-styles-paris-bercy-street-art-und-startup-flair-fur-ihre-meetings\/"]}]},{"@type":"ImageObject","inLanguage":"de-DE","@id":"https:\/\/www.myallmeeting.com\/de\/article\/ibis-styles-paris-bercy-street-art-und-startup-flair-fur-ihre-meetings\/#primaryimage","url":"https:\/\/www.myallmeeting.com\/wp-content\/uploads\/2017\/05\/MAM-imagery-1920-x-570-px-2.png","contentUrl":"https:\/\/www.myallmeeting.com\/wp-content\/uploads\/2017\/05\/MAM-imagery-1920-x-570-px-2.png","width":1920,"height":570},{"@type":"BreadcrumbList","@id":"https:\/\/www.myallmeeting.com\/de\/article\/ibis-styles-paris-bercy-street-art-und-startup-flair-fur-ihre-meetings\/#breadcrumb","itemListElement":[{"@type":"ListItem","position":1,"name":"Homepage","item":"https:\/\/myallmeeting.com\/de\/"},{"@type":"ListItem","position":2,"name":"Aktuelles","item":"https:\/\/www.myallmeeting.com\/de\/aktuelles\/"},{"@type":"ListItem","position":3,"name":"Ibis Styles Paris Bercy: Street Art und Startup-Flair f\u00fcr Ihre Meetings\u00a0"}]},{"@type":"WebSite","@id":"https:\/\/www.myallmeeting.com\/de\/#website","url":"https:\/\/www.myallmeeting.com\/de\/","name":"Accor MyAllMeeting.com","description":"Les Meilleurs lieux pour vos Ev\u00e9nements Professionnels","publisher":{"@id":"https:\/\/www.myallmeeting.com\/de\/#organization"},"potentialAction":[{"@type":"SearchAction","target":{"@type":"EntryPoint","urlTemplate":"https:\/\/www.myallmeeting.com\/de\/?s={search_term_string}"},"query-input":{"@type":"PropertyValueSpecification","valueRequired":true,"valueName":"search_term_string"}}],"inLanguage":"de-DE"},{"@type":"Organization","@id":"https:\/\/www.myallmeeting.com\/de\/#organization","name":"ACCOR","url":"https:\/\/www.myallmeeting.com\/de\/","logo":{"@type":"ImageObject","inLanguage":"de-DE","@id":"https:\/\/www.myallmeeting.com\/de\/#\/schema\/logo\/image\/","url":"","contentUrl":"","caption":"ACCOR"},"image":{"@id":"https:\/\/www.myallmeeting.com\/de\/#\/schema\/logo\/image\/"}}]}},"_links":{"self":[{"href":"https:\/\/www.myallmeeting.com\/de\/wp-json\/wp\/v2\/article\/16036438","targetHints":{"allow":["GET"]}}],"collection":[{"href":"https:\/\/www.myallmeeting.com\/de\/wp-json\/wp\/v2\/article"}],"about":[{"href":"https:\/\/www.myallmeeting.com\/de\/wp-json\/wp\/v2\/types\/article"}],"wp:featuredmedia":[{"embeddable":true,"href":"https:\/\/www.myallmeeting.com\/de\/wp-json\/wp\/v2\/media\/15964714"}],"wp:attachment":[{"href":"https:\/\/www.myallmeeting.com\/de\/wp-json\/wp\/v2\/media?parent=16036438"}],"wp:term":[{"taxonomy":"periscope_categorie_tax","embeddable":true,"href":"https:\/\/www.myallmeeting.com\/de\/wp-json\/wp\/v2\/periscope_categorie_tax?post=16036438"}],"curies":[{"name":"wp","href":"https:\/\/api.w.org\/{rel}","templated":true}]}}