{"id":16036424,"date":"2022-02-03T11:25:56","date_gmt":"2022-02-03T10:25:56","guid":{"rendered":"https:\/\/myallmeeting.com\/article\/des-hotels-pour-organiser-vos-evenements-face-a-la-mer\/"},"modified":"2024-07-16T12:52:10","modified_gmt":"2024-07-16T10:52:10","slug":"hotels-zur-organisation-ihrer-veranstaltungen-mit-blick-auf-das-meer","status":"publish","type":"article","link":"https:\/\/www.myallmeeting.com\/de\/article\/hotels-zur-organisation-ihrer-veranstaltungen-mit-blick-auf-das-meer\/","title":{"rendered":"Hotels zur Organisation Ihrer Veranstaltungen mit Blick auf das Meer\u00a0"},"content":{"rendered":"<!-- START OF : Composant : block-periscope-theme-section-composant-25-texte-cta-2-images.php -->\n<div class=\"tcta2ia bg-white fs-wysiwyg mb-lg-12\" data-component=\"25-texte-cta-2-images\">\n\t<div class=\"tcta2ia__top\">\n\t\t<div class=\"container-fluid\" style=\"--bs-gutter-x: 0\">\n\t\t\t<div class=\"row\" style=\"--bs-gutter-x: 0\">\n\t\t\t\t<div class=\"col-lg-8\">\n\t\t\t\t\t\t\t\t\t\t<div class=\"bloc-mise-en-avant__top__left\">\n\t\t\t\t\t\t<img decoding=\"async\" src=\"https:\/\/www.myallmeeting.com\/wp-content\/uploads\/2022\/02\/6830-79-1-1268x846.jpg\" class=\"pe-2 pe-lg-0\" width=\"1268\" height=\"846\" alt=\"\" loading=\"lazy\" \/>\n\t\t\t\t\t<\/div>\n\t\t\t\t\t\t\t\t\t\t<div class=\"tcta2ia__bottom d-none d-lg-block pb-12 pt-lg-9 pb-lg-0 pe-lg-10\">\n\t\t\t\t\t\t\t\t\t\t\t\t<h2 class=\"fs-20 fs-lg-32 fw-semibold\">Ein Wellness-Event auf den Ionischen Inseln <\/h2>\n\t\t\t\t\t\t\t\t\t\t\t\t\t\t\t\t\t\t<div class=\"fs-wysiwyg\"><p><span data-contrast=\"none\">Das <\/span><a href=\"https:\/\/myallmeeting.com\/de\/hotel\/b692-angsana-corfu-ouverture-en-2019\/\"><b><span data-contrast=\"none\">Angsana Corfu<\/span><\/b><\/a><span data-contrast=\"none\"> ist das ideale Hotel, wenn Sie eine Veranstaltung planen, die sich mit gesundem Lifestyle und Wellness befasst. Und als ob die idyllische Umgebung aus blauem Wasser und gr\u00fcnen H\u00fcgeln nicht schon genug w\u00e4re, <\/span><b><span data-contrast=\"none\">stehen Ihnen 37 luxuri\u00f6se Villen und ein eigenes Spa mit 11 Behandlungsr\u00e4umen, Innen- und Au\u00dfenpools und einem Fitnessraum zur Verf\u00fcgung.<\/span><\/b><span data-contrast=\"none\"> Ein Gruppenkurs aus einem breiten Angebot an Fitnessaktivit\u00e4ten oder eine Yoga- oder Meditationssitzung werden bei Ihrer Veranstaltung den entscheidenden Unterschied machen und zeigen, wie viel Aufmerksamkeit Ihren Teilnehmern gewidmet wird.<\/span><span data-ccp-props=\"{&quot;134233117&quot;:true,&quot;134233118&quot;:true,&quot;134245417&quot;:true,&quot;201341983&quot;:0,&quot;335551550&quot;:6,&quot;335551620&quot;:6,&quot;335557856&quot;:16119028,&quot;335559738&quot;:165,&quot;335559739&quot;:165,&quot;335559740&quot;:240}\">\u00a0<\/span><\/p>\n<p><span data-ccp-props=\"{&quot;134245417&quot;:true,&quot;201341983&quot;:0,&quot;335551550&quot;:1,&quot;335551620&quot;:1,&quot;335559738&quot;:0,&quot;335559739&quot;:160,&quot;335559740&quot;:259}\">\u00a0<\/span><\/p>\n<p><span data-contrast=\"none\">Sie k\u00f6nnen auch ihren Gaumen verw\u00f6hnen! In den sieben Restaurants mit ihren malerischen Terrassen k\u00f6nnen Sie die K\u00f6stlichkeiten der Welt probieren \u2013 ein idealer Ort, um Ihre Veranstaltung in einem der <\/span><b><span data-contrast=\"none\">32 bis 285 m<\/span><\/b><b><span data-contrast=\"none\">2<\/span><\/b><span data-contrast=\"none\"> gro\u00dfen Veranstaltungsr\u00e4ume ausklingen zu lassen.<\/span><span data-ccp-props=\"{&quot;134233117&quot;:true,&quot;134233118&quot;:true,&quot;134245417&quot;:true,&quot;201341983&quot;:0,&quot;335551550&quot;:6,&quot;335551620&quot;:6,&quot;335557856&quot;:16119028,&quot;335559738&quot;:165,&quot;335559739&quot;:165,&quot;335559740&quot;:240}\">\u00a0<\/span><\/p>\n<p>&nbsp;<\/p>\n<\/div>\n\t\t\t\t\t\t\t\t\t\t\t\t<div class=\"d-flex flex-column flex-lg-row align-items-center gap-5 gap-lg-8 justify-content-between\">\n\t\t\t\t\t\t\t<div class=\"fs-20 fs-lg-26 fw-semibold lh-xs\"><\/div>\n\t\t\t\t\t\t\t\t\t\t\t\t\t<\/div>\n\t\t\t\t\t<\/div>\n\t\t\t\t<\/div>\n\t\t\t\t<div class=\"col-lg-4\">\n\t\t\t\t\t<div class=\"tcta2ia__top__right t-0 r-0 bg-primary text-white pt-4 pb-4 px-2 pt-lg-8 pb-lg-16 px-lg-11 pb-xl-30\">\n\t\t\t\t\t\t\t\t\t\t\t\t\t\t\t\t\t\t<h2 class=\"unna fs-36 fs-lg-51 fs-xl-75 fs-italic fw-normal text-secondary\">Hotels zur Organisation Ihrer Veranstaltungen mit Blick auf das Meer <\/h2>\n\t\t\t\t\t\t\t\t\t\t\t\t\t\t\t\t\t\t<h3 class=\"text-white fs-18 fs-lg-20 fs-xl-28 text-original-case\">Sie suchen ein Hotel in der N\u00e4he des Meeres? Was k\u00f6nnte entspannender und inspirierender sein, als sich auszuruhen und dabei dem Rauschen der Wellen zu lauschen? Es gibt nichts Besseres, um den Kopf frei zu bekommen.  <\/h3>\n\t\t\t\t\t\t\t\t\t\t\t\t\t\t\t\t\t\t<div class=\"fs-wysiwyg mb-4 fs-lg-16 fs-xl-20\"><p><span data-contrast=\"none\">Diese idyllische Lage eignet sich auch perfekt f\u00fcr ein Seminar. Hier k\u00f6nnen Sie Arbeit und Faulenzen miteinander verbinden, Ihr Wohlbefinden f\u00f6rdern und Ideen austauschen.<\/span><span data-ccp-props=\"{&quot;134245417&quot;:true,&quot;201341983&quot;:0,&quot;335551550&quot;:6,&quot;335551620&quot;:6,&quot;335557856&quot;:16119028,&quot;335559738&quot;:0,&quot;335559739&quot;:165,&quot;335559740&quot;:240}\">\u00a0<\/span><\/p>\n<p><span data-contrast=\"none\">Die Accor-Experten bieten Ihnen eine Auswahl an Hotels direkt am Meer, die sich perfekt dazu eignen, die Konzentration und Ideen Ihrer Mitarbeiter zu f\u00f6rdern und gleichzeitig neue Energie zu tanken.\u00a0<\/span><span data-ccp-props=\"{&quot;134245417&quot;:true,&quot;201341983&quot;:0,&quot;335551550&quot;:6,&quot;335551620&quot;:6,&quot;335557856&quot;:16119028,&quot;335559738&quot;:0,&quot;335559739&quot;:165,&quot;335559740&quot;:240}\">\u00a0<\/span><\/p>\n<\/div>\n\t\t\t\t\t\t\t\t\t\t\t\t\t\t\t\t\t\t\t\t\t\t\t\t<p class=\"m-0\"><img decoding=\"async\" src=\"https:\/\/www.myallmeeting.com\/wp-content\/uploads\/2022\/02\/7104-09-633x398.jpg\" class=\"position-relative l-0\" width=\"633\" height=\"398\" alt=\"\" loading=\"lazy\" \/><\/p>\n\t\t\t\t\t\t\t\t\t\t\t<\/div>\n\t\t\t\t<\/div>\n\t\t\t<\/div>\n\t\t<\/div>\n\t<\/div>\n\t<div class=\"tcta2ia__bottom d-lg-none pb-12 py-lg-9 pe-lg-10\">\n\t\t\t\t<div class=\"h2 fs-20 fs-lg-32 fw-semibold\">Ein Wellness-Event auf den Ionischen Inseln <\/div>\n\t\t\t\t\t\t<div class=\"fs-wysiwyg\"><p><span data-contrast=\"none\">Das <\/span><a href=\"https:\/\/myallmeeting.com\/de\/hotel\/b692-angsana-corfu-ouverture-en-2019\/\"><b><span data-contrast=\"none\">Angsana Corfu<\/span><\/b><\/a><span data-contrast=\"none\"> ist das ideale Hotel, wenn Sie eine Veranstaltung planen, die sich mit gesundem Lifestyle und Wellness befasst. Und als ob die idyllische Umgebung aus blauem Wasser und gr\u00fcnen H\u00fcgeln nicht schon genug w\u00e4re, <\/span><b><span data-contrast=\"none\">stehen Ihnen 37 luxuri\u00f6se Villen und ein eigenes Spa mit 11 Behandlungsr\u00e4umen, Innen- und Au\u00dfenpools und einem Fitnessraum zur Verf\u00fcgung.<\/span><\/b><span data-contrast=\"none\"> Ein Gruppenkurs aus einem breiten Angebot an Fitnessaktivit\u00e4ten oder eine Yoga- oder Meditationssitzung werden bei Ihrer Veranstaltung den entscheidenden Unterschied machen und zeigen, wie viel Aufmerksamkeit Ihren Teilnehmern gewidmet wird.<\/span><span data-ccp-props=\"{&quot;134233117&quot;:true,&quot;134233118&quot;:true,&quot;134245417&quot;:true,&quot;201341983&quot;:0,&quot;335551550&quot;:6,&quot;335551620&quot;:6,&quot;335557856&quot;:16119028,&quot;335559738&quot;:165,&quot;335559739&quot;:165,&quot;335559740&quot;:240}\">\u00a0<\/span><\/p>\n<p><span data-ccp-props=\"{&quot;134245417&quot;:true,&quot;201341983&quot;:0,&quot;335551550&quot;:1,&quot;335551620&quot;:1,&quot;335559738&quot;:0,&quot;335559739&quot;:160,&quot;335559740&quot;:259}\">\u00a0<\/span><\/p>\n<p><span data-contrast=\"none\">Sie k\u00f6nnen auch ihren Gaumen verw\u00f6hnen! In den sieben Restaurants mit ihren malerischen Terrassen k\u00f6nnen Sie die K\u00f6stlichkeiten der Welt probieren \u2013 ein idealer Ort, um Ihre Veranstaltung in einem der <\/span><b><span data-contrast=\"none\">32 bis 285 m<\/span><\/b><b><span data-contrast=\"none\">2<\/span><\/b><span data-contrast=\"none\"> gro\u00dfen Veranstaltungsr\u00e4ume ausklingen zu lassen.<\/span><span data-ccp-props=\"{&quot;134233117&quot;:true,&quot;134233118&quot;:true,&quot;134245417&quot;:true,&quot;201341983&quot;:0,&quot;335551550&quot;:6,&quot;335551620&quot;:6,&quot;335557856&quot;:16119028,&quot;335559738&quot;:165,&quot;335559739&quot;:165,&quot;335559740&quot;:240}\">\u00a0<\/span><\/p>\n<p>&nbsp;<\/p>\n<\/div>\n\t\t\t\t<div class=\"d-flex flex-column flex-lg-row align-items-center gap-5 gap-lg-8 justify-content-between\">\n\t\t\t<div class=\"fs-20 fs-lg-26 fw-semibold lh-xs\"><\/div>\n\t\t\t\t\t<\/div>\n\t<\/div>\n<\/div>\n<!-- END OF : Composant : block-periscope-theme-section-composant-25-texte-cta-2-images.php -->\n\n\n<!-- START OF : Composant : block-periscope-theme-section-composant-33-texte-image.php -->\n<div class=\"text-image fs-wysiwyg mb-8 mb-lg-12\" data-component=\"33-texte-image\">\n\t<div class=\"container-fluid\" style=\"--bs-gutter-x: 0\">\n\t\t<div class=\"row\" style=\"--bs-gutter-x: 0\">\n\t\t\t\t\t\t<div class=\"col-lg-6 mb-7 mb-lg-0\">\n\t\t\t\t<img decoding=\"async\" src=\"https:\/\/www.myallmeeting.com\/wp-content\/uploads\/2022\/02\/Novotel-Deauville-Plage-4-953x600.jpg\" width=\"953\" height=\"600\" alt=\"\" loading=\"lazy\" class=\"w-100\" \/>\n\t\t\t<\/div>\n\t\t\t\t\t\t<div class=\"col-lg-6\">\n\t\t\t\t<div class=\"text-image__content\">\n\t\t\t\t\t\t\t\t\t\t<div class=\"fw-semibold lh-xs fs-20 fs-lg-32 ls--25 mb-5\">Im kleinen Kreis mit Blick auf das Meer <\/div>\n\t\t\t\t\t\t\t\t\t\t\t\t\t\t\t<div class=\"fs-wysiwyg\">\n\t\t\t\t\t\t<p><span data-contrast=\"none\">In der Normandie, im Herzen der alten Stadt Deauville, die f\u00fcr ihr Filmfestival ber\u00fchmt ist, liegt das <\/span><a href=\"https:\/\/myallmeeting.com\/de\/hotel\/b4q8-novotel-deauville-plage-opening-august-2019\/\"><b><span data-contrast=\"none\">Novotel Deauville Plage<\/span><\/b><\/a><span data-contrast=\"none\"> wirklich direkt am Wasser. Und das nicht an irgendeinem Strand! Die Promenade des Planches (eine 700 m lange Promenade, in der die Namen von Schauspielern und Regisseuren nach dem Vorbild Hollywoods eingemei\u00dfelt sind) verleiht Ihrer Veranstaltung eine einzigartige, elegante und charmante Note. Tagungen im kleinen Kreis liegen im Trend und f\u00fcr Veranstaltungen mit 10 bis 50 Personen stehen <\/span><b><span data-contrast=\"none\">drei R\u00e4ume (zwei mit 30 m<\/span><\/b><b><span data-contrast=\"none\">2<\/span><\/b><b><span data-contrast=\"none\">\u202fund einer mit 40 m<\/span><\/b><b><span data-contrast=\"none\">2<\/span><\/b><b><span data-contrast=\"none\">)<\/span><\/b><span data-contrast=\"none\"> und ein Panoramarestaurant zur Verf\u00fcgung, das tags\u00fcber einen hellen, energiegeladenen und abends einen intimen Rahmen bei ged\u00e4mpftem Licht bietet.<\/span><span data-ccp-props=\"{&quot;134233117&quot;:true,&quot;134233118&quot;:true,&quot;134245417&quot;:true,&quot;201341983&quot;:0,&quot;335551550&quot;:6,&quot;335551620&quot;:6,&quot;335557856&quot;:16119028,&quot;335559738&quot;:165,&quot;335559739&quot;:165,&quot;335559740&quot;:240}\">\u00a0<\/span><\/p>\n<p><span data-contrast=\"none\">Dank des Innenpools, des Hamams sowie des Casinos und des Golfplatzes, die nur 5 Minuten entfernt sind, werden die Teilnehmer nicht mehr nach Hause gehen wollen.<\/span><span data-ccp-props=\"{&quot;134233117&quot;:true,&quot;134233118&quot;:true,&quot;134245417&quot;:true,&quot;201341983&quot;:0,&quot;335551550&quot;:6,&quot;335551620&quot;:6,&quot;335557856&quot;:16119028,&quot;335559738&quot;:165,&quot;335559739&quot;:165,&quot;335559740&quot;:240}\">\u00a0<\/span><\/p>\n<p>&nbsp;<\/p>\n\t\t\t\t\t<\/div>\n\t\t\t\t\t\t\t\t\t<\/div>\n\t\t\t<\/div>        \n\t\t<\/div>\n\t<\/div>\n<\/div>\n<!-- END OF : Composant : block-periscope-theme-section-composant-33-texte-image.php -->\n\n\n<!-- START OF : Composant : block-periscope-theme-section-composant-33-texte-image.php -->\n<!-- INVERSE -->\n<div class=\"text-image fs-wysiwyg mb-8 mb-lg-12\" data-component=\"33-texte-image\" data-reverse=\"oui\">\n\t<div class=\"container-fluid\" style=\"--bs-gutter-x: 0\">\n\t\t<div class=\"row\" style=\"--bs-gutter-x: 0\">\n\t\t\t<div class=\"col-lg-6\">\n\t\t\t\t<div class=\"text-image__content\">\n\t\t\t\t\t\t\t\t\t\t<div class=\"fw-semibold lh-xs fs-20 fs-lg-32 ls--25 mb-5\">An der romagnolischen Riviera  <\/div>\n\t\t\t\t\t\t\t\t\t\t\t\t\t\t\t<div class=\"fs-wysiwyg\">\n\t\t\t\t\t\t<p><span data-contrast=\"auto\">Stellen Sie sich ein Hotel in der N\u00e4he von ALLEM vor. Dies ist der Fall beim <\/span><a href=\"https:\/\/myallmeeting.com\/de\/hotel\/8017-mercure-rimini-lungomare\/\"><b><span data-contrast=\"auto\">Mercure Rimini Lungomare<\/span><\/b><\/a><span data-contrast=\"auto\">, einem 4-Sterne-Hotel in Rimini. Ein lebendiges Viertel in der N\u00e4he der Strandpromenade, Str\u00e4nde, Restaurants, Gesch\u00e4fte und Bars in der N\u00e4he, der Bahnhof Rimini und das historische Zentrum 1,3 km entfernt, das Messezentrum 5 km\u2026 <\/span><b><span data-contrast=\"auto\">F\u00fcr einen gelungenen Familien- oder Gesch\u00e4ftsaufenthalt ist alles vorhanden<\/span><\/b><span data-contrast=\"auto\">.<\/span><span data-ccp-props=\"{&quot;134245417&quot;:true,&quot;201341983&quot;:0,&quot;335551550&quot;:1,&quot;335551620&quot;:1,&quot;335559738&quot;:0,&quot;335559739&quot;:160,&quot;335559740&quot;:259}\">\u00a0<\/span><\/p>\n<p><b><span data-contrast=\"auto\">Es stehen 48 Zimmer zur Verf\u00fcgung<\/span><\/b><span data-contrast=\"auto\">, die mit ihrer modernen und gepflegten Dekoration und ihrem Balkon mit Meerblick \u00fcberzeugen. <\/span><b><span data-contrast=\"auto\">F\u00fcr gesch\u00e4ftliche Veranstaltungen gibt es einen Konferenzraum<\/span><\/b><span data-contrast=\"auto\"> sowie einen Parkplatz inklusive Ladestationen. Erw\u00e4hnenswert ist, dass von April bis Oktober ein auf 32 \u00b0C beheizter Au\u00dfenpool zur Verf\u00fcgung steht.\u00a0<\/span><span data-ccp-props=\"{&quot;134245417&quot;:true,&quot;201341983&quot;:0,&quot;335551550&quot;:1,&quot;335551620&quot;:1,&quot;335559738&quot;:0,&quot;335559739&quot;:160,&quot;335559740&quot;:259}\">\u00a0<\/span><\/p>\n\t\t\t\t\t<\/div>\n\t\t\t\t\t\t\t\t\t<\/div>\n\t\t\t<\/div>    \n\t\t\t    \n\t\t\t<div class=\"col-lg-6 order-first order-lg-last mb-7 mb-lg-0\">\n\t\t\t\t<img decoding=\"async\" src=\"https:\/\/www.myallmeeting.com\/wp-content\/uploads\/2022\/02\/Mercure-RImini-Lungomare-7-953x600.jpg\" width=\"953\" height=\"600\" alt=\"\" loading=\"lazy\" class=\"w-100\" \/>\n\t\t\t<\/div>\n\t\t\t\t\t<\/div>\n\t<\/div>\n<\/div>\n<!-- END OF : Composant : block-periscope-theme-section-composant-33-texte-image.php -->\n\n\n<!-- START OF : Composant : block-periscope-theme-section-composant-33-texte-image.php -->\n<div class=\"text-image fs-wysiwyg mb-8 mb-lg-12\" data-component=\"33-texte-image\">\n\t<div class=\"container-fluid\" style=\"--bs-gutter-x: 0\">\n\t\t<div class=\"row\" style=\"--bs-gutter-x: 0\">\n\t\t\t\t\t\t<div class=\"col-lg-6 mb-7 mb-lg-0\">\n\t\t\t\t<img decoding=\"async\" src=\"https:\/\/www.myallmeeting.com\/wp-content\/uploads\/2022\/02\/6026-61-953x600.jpg\" width=\"953\" height=\"600\" alt=\"\" loading=\"lazy\" class=\"w-100\" \/>\n\t\t\t<\/div>\n\t\t\t\t\t\t<div class=\"col-lg-6\">\n\t\t\t\t<div class=\"text-image__content\">\n\t\t\t\t\t\t\t\t\t\t<div class=\"fw-semibold lh-xs fs-20 fs-lg-32 ls--25 mb-5\">Privatstrand und unz\u00e4hlige Aktivit\u00e4ten <\/div>\n\t\t\t\t\t\t\t\t\t\t\t\t\t\t\t<div class=\"fs-wysiwyg\">\n\t\t\t\t\t\t<p><span data-contrast=\"none\">Beim Betreten des\u202f<\/span><a href=\"https:\/\/myallmeeting.com\/de\/hotel\/3040-pullman-timi-ama-sardegna\/\"><b><span data-contrast=\"none\">Pullman Timi Ama Sardinien <\/span><\/b><\/a><span data-contrast=\"none\">betreten Sie das Paradies des Naturschutzgebiets Capo Carbonara mit unz\u00e4hligen Aktivit\u00e4ten f\u00fcr Ihre Teilnehmer: Tennis, Golf, Volleyball, Paddeln, Yoga, Reiten\u2026 Gestalten Sie das Programm der Veranstaltung individuell und lassen Sie sie w\u00e4hlen! Eine Inselrundfahrt mit dem Segelboot oder Jeep?\u202f Eine F\u00fchrung durch den Turm von Porto Giunco oder eine einzigartige Wellnessbehandlung im Meeres-Spa?<\/span><span data-ccp-props=\"{&quot;134233117&quot;:true,&quot;134233118&quot;:true,&quot;134245417&quot;:true,&quot;201341983&quot;:0,&quot;335551550&quot;:6,&quot;335551620&quot;:6,&quot;335557856&quot;:16119028,&quot;335559738&quot;:165,&quot;335559739&quot;:165,&quot;335559740&quot;:240}\">\u00a0<\/span><\/p>\n<p><span data-contrast=\"none\">Das Meer ist immer in der N\u00e4he, auch im den <\/span><b><span data-contrast=\"none\">Konferenzr\u00e4umen (50 m\u00b2, 80 m\u00b2, 150 m\u00b2, 210 m\u00b2 und 360 m\u00b2)<\/span><\/b><span data-contrast=\"none\"> die einen Blick auf die Bucht bieten und von nat\u00fcrlichem Licht erhellt werden. Das Networking findet flie\u00dfend in seinem Restaurant, auf seiner Terrasse, seinem Pool, seinen G\u00e4rten\u2026 oder an seinem Privatstrand statt, einem zweifellos \u00fcberraschenden Ort f\u00fcr Produktausstellungen, Konferenzen Themen-<\/span><i><span data-contrast=\"none\">Beachpartys<\/span><\/i><span data-contrast=\"none\"> mit dem Rauschen der Wellen als Hintergrundmusik.<\/span><span data-ccp-props=\"{&quot;134233117&quot;:true,&quot;134233118&quot;:true,&quot;134245417&quot;:true,&quot;201341983&quot;:0,&quot;335551550&quot;:6,&quot;335551620&quot;:6,&quot;335557856&quot;:16119028,&quot;335559738&quot;:165,&quot;335559739&quot;:165,&quot;335559740&quot;:240}\">\u00a0<\/span><\/p>\n\t\t\t\t\t<\/div>\n\t\t\t\t\t\t\t\t\t<\/div>\n\t\t\t<\/div>        \n\t\t<\/div>\n\t<\/div>\n<\/div>\n<!-- END OF : Composant : block-periscope-theme-section-composant-33-texte-image.php -->\n","protected":false},"excerpt":{"rendered":"","protected":false},"featured_media":15964641,"menu_order":0,"template":"","periscope_categorie_tax":[3514],"class_list":["post-16036424","article","type-article","status-publish","has-post-thumbnail","hentry","periscope_categorie_tax-tous-nos-tops-selections-de"],"acf":[],"yoast_head":"<title>Hotels zur Organisation Ihrer Veranstaltungen mit Blick auf das Meer\u00a0 - Accor MyAllMeeting.com<\/title>\n<meta name=\"robots\" content=\"index, follow, max-snippet:-1, max-image-preview:large, max-video-preview:-1\" \/>\n<link rel=\"canonical\" href=\"https:\/\/www.myallmeeting.com\/de\/wp-json\/wp\/v2\/article\/16036424\" \/>\n<meta property=\"og:locale\" content=\"de_DE\" \/>\n<meta property=\"og:type\" content=\"article\" \/>\n<meta property=\"og:title\" content=\"Hotels zur Organisation Ihrer Veranstaltungen mit Blick auf das Meer\u00a0 - Accor MyAllMeeting.com\" \/>\n<meta property=\"og:url\" content=\"https:\/\/www.myallmeeting.com\/de\/article\/hotels-zur-organisation-ihrer-veranstaltungen-mit-blick-auf-das-meer\/\" \/>\n<meta property=\"og:site_name\" content=\"Accor MyAllMeeting.com\" \/>\n<meta property=\"article:modified_time\" content=\"2024-07-16T10:52:10+00:00\" \/>\n<meta property=\"og:image\" content=\"http:\/\/myallmeeting.com\/wp-content\/uploads\/2022\/02\/6838-28-1024x682.jpg\" \/>\n\t<meta property=\"og:image:width\" content=\"1024\" \/>\n\t<meta property=\"og:image:height\" content=\"682\" \/>\n\t<meta property=\"og:image:type\" content=\"image\/jpeg\" \/>\n<meta name=\"twitter:card\" content=\"summary_large_image\" \/>\n<meta name=\"twitter:label1\" content=\"Est. reading time\" \/>\n\t<meta name=\"twitter:data1\" content=\"5 minutes\" \/>\n<script type=\"application\/ld+json\" class=\"yoast-schema-graph\">{\"@context\":\"https:\/\/schema.org\",\"@graph\":[{\"@type\":\"WebPage\",\"@id\":\"https:\/\/www.myallmeeting.com\/de\/article\/hotels-zur-organisation-ihrer-veranstaltungen-mit-blick-auf-das-meer\/\",\"url\":\"https:\/\/www.myallmeeting.com\/de\/article\/hotels-zur-organisation-ihrer-veranstaltungen-mit-blick-auf-das-meer\/\",\"name\":\"Hotels zur Organisation Ihrer Veranstaltungen mit Blick auf das Meer\u00a0 - Accor MyAllMeeting.com\",\"isPartOf\":{\"@id\":\"https:\/\/www.myallmeeting.com\/de\/#website\"},\"primaryImageOfPage\":{\"@id\":\"https:\/\/www.myallmeeting.com\/de\/article\/hotels-zur-organisation-ihrer-veranstaltungen-mit-blick-auf-das-meer\/#primaryimage\"},\"image\":{\"@id\":\"https:\/\/www.myallmeeting.com\/de\/article\/hotels-zur-organisation-ihrer-veranstaltungen-mit-blick-auf-das-meer\/#primaryimage\"},\"thumbnailUrl\":\"https:\/\/www.myallmeeting.com\/wp-content\/uploads\/2022\/02\/6838-28.jpg\",\"datePublished\":\"2022-02-03T10:25:56+00:00\",\"dateModified\":\"2024-07-16T10:52:10+00:00\",\"breadcrumb\":{\"@id\":\"https:\/\/www.myallmeeting.com\/de\/article\/hotels-zur-organisation-ihrer-veranstaltungen-mit-blick-auf-das-meer\/#breadcrumb\"},\"inLanguage\":\"de-DE\",\"potentialAction\":[{\"@type\":\"ReadAction\",\"target\":[\"https:\/\/www.myallmeeting.com\/de\/article\/hotels-zur-organisation-ihrer-veranstaltungen-mit-blick-auf-das-meer\/\"]}]},{\"@type\":\"ImageObject\",\"inLanguage\":\"de-DE\",\"@id\":\"https:\/\/www.myallmeeting.com\/de\/article\/hotels-zur-organisation-ihrer-veranstaltungen-mit-blick-auf-das-meer\/#primaryimage\",\"url\":\"https:\/\/www.myallmeeting.com\/wp-content\/uploads\/2022\/02\/6838-28.jpg\",\"contentUrl\":\"https:\/\/www.myallmeeting.com\/wp-content\/uploads\/2022\/02\/6838-28.jpg\",\"width\":2048,\"height\":1364},{\"@type\":\"BreadcrumbList\",\"@id\":\"https:\/\/www.myallmeeting.com\/de\/article\/hotels-zur-organisation-ihrer-veranstaltungen-mit-blick-auf-das-meer\/#breadcrumb\",\"itemListElement\":[{\"@type\":\"ListItem\",\"position\":1,\"name\":\"Homepage\",\"item\":\"https:\/\/myallmeeting.com\/de\/\"},{\"@type\":\"ListItem\",\"position\":2,\"name\":\"Aktuelles\",\"item\":\"https:\/\/www.myallmeeting.com\/de\/aktuelles\/\"},{\"@type\":\"ListItem\",\"position\":3,\"name\":\"Hotels zur Organisation Ihrer Veranstaltungen mit Blick auf das Meer\u00a0\"}]},{\"@type\":\"WebSite\",\"@id\":\"https:\/\/www.myallmeeting.com\/de\/#website\",\"url\":\"https:\/\/www.myallmeeting.com\/de\/\",\"name\":\"Accor MyAllMeeting.com\",\"description\":\"Les Meilleurs lieux pour vos Ev\u00e9nements Professionnels\",\"publisher\":{\"@id\":\"https:\/\/www.myallmeeting.com\/de\/#organization\"},\"potentialAction\":[{\"@type\":\"SearchAction\",\"target\":{\"@type\":\"EntryPoint\",\"urlTemplate\":\"https:\/\/www.myallmeeting.com\/de\/?s={search_term_string}\"},\"query-input\":{\"@type\":\"PropertyValueSpecification\",\"valueRequired\":true,\"valueName\":\"search_term_string\"}}],\"inLanguage\":\"de-DE\"},{\"@type\":\"Organization\",\"@id\":\"https:\/\/www.myallmeeting.com\/de\/#organization\",\"name\":\"ACCOR\",\"url\":\"https:\/\/www.myallmeeting.com\/de\/\",\"logo\":{\"@type\":\"ImageObject\",\"inLanguage\":\"de-DE\",\"@id\":\"https:\/\/www.myallmeeting.com\/de\/#\/schema\/logo\/image\/\",\"url\":\"\",\"contentUrl\":\"\",\"caption\":\"ACCOR\"},\"image\":{\"@id\":\"https:\/\/www.myallmeeting.com\/de\/#\/schema\/logo\/image\/\"}}]}<\/script>","yoast_head_json":{"title":"Hotels zur Organisation Ihrer Veranstaltungen mit Blick auf das Meer\u00a0 - Accor MyAllMeeting.com","robots":{"index":"index","follow":"follow","max-snippet":"max-snippet:-1","max-image-preview":"max-image-preview:large","max-video-preview":"max-video-preview:-1"},"canonical":"https:\/\/www.myallmeeting.com\/de\/wp-json\/wp\/v2\/article\/16036424","og_locale":"de_DE","og_type":"article","og_title":"Hotels zur Organisation Ihrer Veranstaltungen mit Blick auf das Meer\u00a0 - Accor MyAllMeeting.com","og_url":"https:\/\/www.myallmeeting.com\/de\/article\/hotels-zur-organisation-ihrer-veranstaltungen-mit-blick-auf-das-meer\/","og_site_name":"Accor MyAllMeeting.com","article_modified_time":"2024-07-16T10:52:10+00:00","og_image":[{"width":1024,"height":682,"url":"http:\/\/myallmeeting.com\/wp-content\/uploads\/2022\/02\/6838-28-1024x682.jpg","type":"image\/jpeg"}],"twitter_card":"summary_large_image","twitter_misc":{"Est. reading time":"5 minutes"},"schema":{"@context":"https:\/\/schema.org","@graph":[{"@type":"WebPage","@id":"https:\/\/www.myallmeeting.com\/de\/article\/hotels-zur-organisation-ihrer-veranstaltungen-mit-blick-auf-das-meer\/","url":"https:\/\/www.myallmeeting.com\/de\/article\/hotels-zur-organisation-ihrer-veranstaltungen-mit-blick-auf-das-meer\/","name":"Hotels zur Organisation Ihrer Veranstaltungen mit Blick auf das Meer\u00a0 - Accor MyAllMeeting.com","isPartOf":{"@id":"https:\/\/www.myallmeeting.com\/de\/#website"},"primaryImageOfPage":{"@id":"https:\/\/www.myallmeeting.com\/de\/article\/hotels-zur-organisation-ihrer-veranstaltungen-mit-blick-auf-das-meer\/#primaryimage"},"image":{"@id":"https:\/\/www.myallmeeting.com\/de\/article\/hotels-zur-organisation-ihrer-veranstaltungen-mit-blick-auf-das-meer\/#primaryimage"},"thumbnailUrl":"https:\/\/www.myallmeeting.com\/wp-content\/uploads\/2022\/02\/6838-28.jpg","datePublished":"2022-02-03T10:25:56+00:00","dateModified":"2024-07-16T10:52:10+00:00","breadcrumb":{"@id":"https:\/\/www.myallmeeting.com\/de\/article\/hotels-zur-organisation-ihrer-veranstaltungen-mit-blick-auf-das-meer\/#breadcrumb"},"inLanguage":"de-DE","potentialAction":[{"@type":"ReadAction","target":["https:\/\/www.myallmeeting.com\/de\/article\/hotels-zur-organisation-ihrer-veranstaltungen-mit-blick-auf-das-meer\/"]}]},{"@type":"ImageObject","inLanguage":"de-DE","@id":"https:\/\/www.myallmeeting.com\/de\/article\/hotels-zur-organisation-ihrer-veranstaltungen-mit-blick-auf-das-meer\/#primaryimage","url":"https:\/\/www.myallmeeting.com\/wp-content\/uploads\/2022\/02\/6838-28.jpg","contentUrl":"https:\/\/www.myallmeeting.com\/wp-content\/uploads\/2022\/02\/6838-28.jpg","width":2048,"height":1364},{"@type":"BreadcrumbList","@id":"https:\/\/www.myallmeeting.com\/de\/article\/hotels-zur-organisation-ihrer-veranstaltungen-mit-blick-auf-das-meer\/#breadcrumb","itemListElement":[{"@type":"ListItem","position":1,"name":"Homepage","item":"https:\/\/myallmeeting.com\/de\/"},{"@type":"ListItem","position":2,"name":"Aktuelles","item":"https:\/\/www.myallmeeting.com\/de\/aktuelles\/"},{"@type":"ListItem","position":3,"name":"Hotels zur Organisation Ihrer Veranstaltungen mit Blick auf das Meer\u00a0"}]},{"@type":"WebSite","@id":"https:\/\/www.myallmeeting.com\/de\/#website","url":"https:\/\/www.myallmeeting.com\/de\/","name":"Accor MyAllMeeting.com","description":"Les Meilleurs lieux pour vos Ev\u00e9nements Professionnels","publisher":{"@id":"https:\/\/www.myallmeeting.com\/de\/#organization"},"potentialAction":[{"@type":"SearchAction","target":{"@type":"EntryPoint","urlTemplate":"https:\/\/www.myallmeeting.com\/de\/?s={search_term_string}"},"query-input":{"@type":"PropertyValueSpecification","valueRequired":true,"valueName":"search_term_string"}}],"inLanguage":"de-DE"},{"@type":"Organization","@id":"https:\/\/www.myallmeeting.com\/de\/#organization","name":"ACCOR","url":"https:\/\/www.myallmeeting.com\/de\/","logo":{"@type":"ImageObject","inLanguage":"de-DE","@id":"https:\/\/www.myallmeeting.com\/de\/#\/schema\/logo\/image\/","url":"","contentUrl":"","caption":"ACCOR"},"image":{"@id":"https:\/\/www.myallmeeting.com\/de\/#\/schema\/logo\/image\/"}}]}},"_links":{"self":[{"href":"https:\/\/www.myallmeeting.com\/de\/wp-json\/wp\/v2\/article\/16036424","targetHints":{"allow":["GET"]}}],"collection":[{"href":"https:\/\/www.myallmeeting.com\/de\/wp-json\/wp\/v2\/article"}],"about":[{"href":"https:\/\/www.myallmeeting.com\/de\/wp-json\/wp\/v2\/types\/article"}],"wp:featuredmedia":[{"embeddable":true,"href":"https:\/\/www.myallmeeting.com\/de\/wp-json\/wp\/v2\/media\/15964641"}],"wp:attachment":[{"href":"https:\/\/www.myallmeeting.com\/de\/wp-json\/wp\/v2\/media?parent=16036424"}],"wp:term":[{"taxonomy":"periscope_categorie_tax","embeddable":true,"href":"https:\/\/www.myallmeeting.com\/de\/wp-json\/wp\/v2\/periscope_categorie_tax?post=16036424"}],"curies":[{"name":"wp","href":"https:\/\/api.w.org\/{rel}","templated":true}]}}