{"id":16035809,"date":"2019-10-23T17:51:36","date_gmt":"2019-10-23T15:51:36","guid":{"rendered":"https:\/\/myallmeeting.com\/article\/choisissez-les-hauts-de-france-pour-un-evenement-memorable\/"},"modified":"2024-07-16T11:47:37","modified_gmt":"2024-07-16T09:47:37","slug":"wahlen-sie-die-region-hauts-de-france-fur-eine-unvergessliche-veranstaltung","status":"publish","type":"article","link":"https:\/\/www.myallmeeting.com\/de\/article\/wahlen-sie-die-region-hauts-de-france-fur-eine-unvergessliche-veranstaltung\/","title":{"rendered":"W\u00e4hlen Sie die Region Hauts-de-France f\u00fcr eine unvergessliche Veranstaltung.\u00a0"},"content":{"rendered":"<!-- START OF : Composant : block-periscope-theme-section-composant-25-texte-cta-2-images.php -->\n<div class=\"tcta2ia bg-white fs-wysiwyg mb-lg-12\" data-component=\"25-texte-cta-2-images\">\n\t<div class=\"tcta2ia__top\">\n\t\t<div class=\"container-fluid\" style=\"--bs-gutter-x: 0\">\n\t\t\t<div class=\"row\" style=\"--bs-gutter-x: 0\">\n\t\t\t\t<div class=\"col-lg-8\">\n\t\t\t\t\t\t\t\t\t\t<div class=\"bloc-mise-en-avant__top__left\">\n\t\t\t\t\t\t<img decoding=\"async\" src=\"https:\/\/www.myallmeeting.com\/wp-content\/uploads\/2019\/10\/3086-49-1268x846.jpg\" class=\"pe-2 pe-lg-0\" width=\"1268\" height=\"846\" alt=\"\" loading=\"lazy\" \/>\n\t\t\t\t\t<\/div>\n\t\t\t\t\t\t\t\t\t\t<div class=\"tcta2ia__bottom d-none d-lg-block pb-12 pt-lg-9 pb-lg-0 pe-lg-10\">\n\t\t\t\t\t\t\t\t\t\t\t\t<h2 class=\"fs-20 fs-lg-32 fw-semibold\">Mercure Arras Centre Gare<\/h2>\n\t\t\t\t\t\t\t\t\t\t\t\t\t\t\t\t\t\t<div class=\"fs-wysiwyg\"><p aria-level=\"4\"><span data-contrast=\"none\">Die Stadt, die f\u00fcr ihre Pl\u00e4tze mit einem u<\/span><b><span data-contrast=\"none\">nglaublichen architektonischen Reichtum<\/span><\/b><span data-contrast=\"none\"> ber\u00fchmt ist, \u00fcberrascht mit ihrer <\/span><b><span data-contrast=\"none\">entspannten Lebensart<\/span><\/b><span data-contrast=\"none\">. Gegen\u00fcber dem TGV-Bahnhof und nur wenige Schritte vom historischen Zentrum entfernt empf\u00e4ngt Sie das<a href=\"https:\/\/myallmeeting.com\/de\/hotel\/1560-mercure-arras-centre-gare\/\"> Hotel Mercure Arras Centre Gare<\/a> mit einer modernen <\/span><b><span data-contrast=\"none\">Einrichtung in warmen Farbt\u00f6nen<\/span><\/b><span data-contrast=\"none\">.<\/span><span data-ccp-props=\"{&quot;201341983&quot;:0,&quot;335551550&quot;:6,&quot;335551620&quot;:6,&quot;335557856&quot;:16119028,&quot;335559738&quot;:165,&quot;335559739&quot;:165,&quot;335559740&quot;:240}\">\u00a0<\/span><\/p>\n<p aria-level=\"4\"><span data-contrast=\"none\">Das Restaurant 58 bietet Ihnen eine traditionelle Gourmetk\u00fcche und eine gro\u00dfz\u00fcgige Auswahl an Speisen. Dieses 4-Sterne-Hotel, das nur 55 Minuten von Paris entfernt liegt, ist der ideale Ort f\u00fcr Veranstaltungen jeglicher Gr\u00f6\u00dfe.<\/span><span data-ccp-props=\"{&quot;201341983&quot;:0,&quot;335551550&quot;:6,&quot;335551620&quot;:6,&quot;335557856&quot;:16119028,&quot;335559738&quot;:165,&quot;335559739&quot;:165,&quot;335559740&quot;:240}\">\u00a0<\/span><\/p>\n<p aria-level=\"4\"><span data-contrast=\"none\">Dank seines <\/span><b><span data-contrast=\"none\">300 Pl\u00e4tze umfassenden Auditoriums<\/span><\/b><span data-contrast=\"none\"> und seiner 1200 m\u00b2 gro\u00dfen Ausstellungshalle k\u00f6nnen Sie hier problemlos eine Tagung oder einen Kongress veranstalten. Und unter den 13 Tagungsr\u00e4umen finden Sie bestimmt den passenden f\u00fcr Ihr Seminar.<\/span><span data-ccp-props=\"{&quot;201341983&quot;:0,&quot;335551550&quot;:6,&quot;335551620&quot;:6,&quot;335557856&quot;:16119028,&quot;335559738&quot;:165,&quot;335559739&quot;:165,&quot;335559740&quot;:240}\">\u00a0<\/span><\/p>\n<\/div>\n\t\t\t\t\t\t\t\t\t\t\t\t<div class=\"d-flex flex-column flex-lg-row align-items-center gap-5 gap-lg-8 justify-content-between\">\n\t\t\t\t\t\t\t<div class=\"fs-20 fs-lg-26 fw-semibold lh-xs\"><\/div>\n\t\t\t\t\t\t\t\t\t\t\t\t\t<\/div>\n\t\t\t\t\t<\/div>\n\t\t\t\t<\/div>\n\t\t\t\t<div class=\"col-lg-4\">\n\t\t\t\t\t<div class=\"tcta2ia__top__right t-0 r-0 bg-primary text-white pt-4 pb-4 px-2 pt-lg-8 pb-lg-16 px-lg-11 pb-xl-30\">\n\t\t\t\t\t\t\t\t\t\t\t\t\t\t\t\t\t\t<h2 class=\"unna fs-36 fs-lg-51 fs-xl-75 fs-italic fw-normal text-secondary\">W\u00e4hlen Sie die Region Hauts-de-France f\u00fcr eine unvergessliche Veranstaltung. <\/h2>\n\t\t\t\t\t\t\t\t\t\t\t\t\t\t\t\t\t\t<h3 class=\"text-white fs-18 fs-lg-20 fs-xl-28 text-original-case\">Hier finden Sie vier Reiseziele, die Sie unbedingt entdecken sollten! <\/h3>\n\t\t\t\t\t\t\t\t\t\t\t\t\t\t\t\t\t\t<div class=\"fs-wysiwyg mb-4 fs-lg-16 fs-xl-20\"><p>Die C\u00f4te d&#8217;Opale mit ihren unber\u00fchrten Kreidefelsen und ihren weiten, feinen Sandstr\u00e4nden wird Sie immer wieder in Erstaunen versetzen und Ihre Sinne erwecken.<\/p>\n<p>Sobald Sie die K\u00fcste verlassen, offenbaren Ihnen der Norden, die Picardie und das Pas-de-Calais ein Land der Kunst und der Geschichte mit seinen Belfrieden, Schl\u00f6ssern, Kathedralen und zahlreichen malerischen und authentischen D\u00f6rfern, in denen Sie die W\u00e4rme einer unvergleichlichen Gastfreundschaft sp\u00fcren werden.<\/p>\n<\/div>\n\t\t\t\t\t\t\t\t\t\t\t\t\t\t\t\t\t\t\t\t\t\t\t\t<p class=\"m-0\"><img decoding=\"async\" src=\"https:\/\/www.myallmeeting.com\/wp-content\/uploads\/2019\/10\/Mercure-Arras-Centre-Gare-633x398.jpg\" class=\"position-relative l-0\" width=\"633\" height=\"398\" alt=\"\" loading=\"lazy\" \/><\/p>\n\t\t\t\t\t\t\t\t\t\t\t<\/div>\n\t\t\t\t<\/div>\n\t\t\t<\/div>\n\t\t<\/div>\n\t<\/div>\n\t<div class=\"tcta2ia__bottom d-lg-none pb-12 py-lg-9 pe-lg-10\">\n\t\t\t\t<div class=\"h2 fs-20 fs-lg-32 fw-semibold\">Mercure Arras Centre Gare<\/div>\n\t\t\t\t\t\t<div class=\"fs-wysiwyg\"><p aria-level=\"4\"><span data-contrast=\"none\">Die Stadt, die f\u00fcr ihre Pl\u00e4tze mit einem u<\/span><b><span data-contrast=\"none\">nglaublichen architektonischen Reichtum<\/span><\/b><span data-contrast=\"none\"> ber\u00fchmt ist, \u00fcberrascht mit ihrer <\/span><b><span data-contrast=\"none\">entspannten Lebensart<\/span><\/b><span data-contrast=\"none\">. Gegen\u00fcber dem TGV-Bahnhof und nur wenige Schritte vom historischen Zentrum entfernt empf\u00e4ngt Sie das<a href=\"https:\/\/myallmeeting.com\/de\/hotel\/1560-mercure-arras-centre-gare\/\"> Hotel Mercure Arras Centre Gare<\/a> mit einer modernen <\/span><b><span data-contrast=\"none\">Einrichtung in warmen Farbt\u00f6nen<\/span><\/b><span data-contrast=\"none\">.<\/span><span data-ccp-props=\"{&quot;201341983&quot;:0,&quot;335551550&quot;:6,&quot;335551620&quot;:6,&quot;335557856&quot;:16119028,&quot;335559738&quot;:165,&quot;335559739&quot;:165,&quot;335559740&quot;:240}\">\u00a0<\/span><\/p>\n<p aria-level=\"4\"><span data-contrast=\"none\">Das Restaurant 58 bietet Ihnen eine traditionelle Gourmetk\u00fcche und eine gro\u00dfz\u00fcgige Auswahl an Speisen. Dieses 4-Sterne-Hotel, das nur 55 Minuten von Paris entfernt liegt, ist der ideale Ort f\u00fcr Veranstaltungen jeglicher Gr\u00f6\u00dfe.<\/span><span data-ccp-props=\"{&quot;201341983&quot;:0,&quot;335551550&quot;:6,&quot;335551620&quot;:6,&quot;335557856&quot;:16119028,&quot;335559738&quot;:165,&quot;335559739&quot;:165,&quot;335559740&quot;:240}\">\u00a0<\/span><\/p>\n<p aria-level=\"4\"><span data-contrast=\"none\">Dank seines <\/span><b><span data-contrast=\"none\">300 Pl\u00e4tze umfassenden Auditoriums<\/span><\/b><span data-contrast=\"none\"> und seiner 1200 m\u00b2 gro\u00dfen Ausstellungshalle k\u00f6nnen Sie hier problemlos eine Tagung oder einen Kongress veranstalten. Und unter den 13 Tagungsr\u00e4umen finden Sie bestimmt den passenden f\u00fcr Ihr Seminar.<\/span><span data-ccp-props=\"{&quot;201341983&quot;:0,&quot;335551550&quot;:6,&quot;335551620&quot;:6,&quot;335557856&quot;:16119028,&quot;335559738&quot;:165,&quot;335559739&quot;:165,&quot;335559740&quot;:240}\">\u00a0<\/span><\/p>\n<\/div>\n\t\t\t\t<div class=\"d-flex flex-column flex-lg-row align-items-center gap-5 gap-lg-8 justify-content-between\">\n\t\t\t<div class=\"fs-20 fs-lg-26 fw-semibold lh-xs\"><\/div>\n\t\t\t\t\t<\/div>\n\t<\/div>\n<\/div>\n<!-- END OF : Composant : block-periscope-theme-section-composant-25-texte-cta-2-images.php -->\n\n\n<!-- START OF : Composant : block-periscope-theme-section-composant-33-texte-image.php -->\n<div class=\"text-image fs-wysiwyg mb-8 mb-lg-12\" data-component=\"33-texte-image\">\n\t<div class=\"container-fluid\" style=\"--bs-gutter-x: 0\">\n\t\t<div class=\"row\" style=\"--bs-gutter-x: 0\">\n\t\t\t\t\t\t<div class=\"col-lg-6 mb-7 mb-lg-0\">\n\t\t\t\t<img decoding=\"async\" src=\"https:\/\/www.myallmeeting.com\/wp-content\/uploads\/2019\/10\/Novotel-Lens-Noyelles-953x600.jpg\" width=\"953\" height=\"600\" alt=\"\" loading=\"lazy\" class=\"w-100\" \/>\n\t\t\t<\/div>\n\t\t\t\t\t\t<div class=\"col-lg-6\">\n\t\t\t\t<div class=\"text-image__content\">\n\t\t\t\t\t\t\t\t\t\t<div class=\"fw-semibold lh-xs fs-20 fs-lg-32 ls--25 mb-5\">Novotel Lens Noyelles<\/div>\n\t\t\t\t\t\t\t\t\t\t\t\t\t\t\t<div class=\"fs-wysiwyg\">\n\t\t\t\t\t\t<p aria-level=\"4\"><span data-contrast=\"none\">Das <a href=\"https:\/\/myallmeeting.com\/de\/hotel\/0426-novotel-lens-noyelles\/\">Novotel Lens Noyelles<\/a> liegt inmitten eines wundersch\u00f6nen Parks im Zentrum des Dreiecks Lens-Arras-Douai mit einfachem Anschluss an die Autobahn, etwa 20 Minuten vom historischen Zentrum von Lille entfernt. Dieses 4-Sterne-Hotel besticht durch ein <\/span><b><span data-contrast=\"none\">klassisches und zeitgen\u00f6ssisches Design<\/span><\/b><span data-contrast=\"none\">.<\/span><span data-ccp-props=\"{&quot;201341983&quot;:0,&quot;335551550&quot;:6,&quot;335551620&quot;:6,&quot;335557856&quot;:16119028,&quot;335559738&quot;:165,&quot;335559739&quot;:165,&quot;335559740&quot;:240}\">\u00a0<\/span><\/p>\n<p aria-level=\"4\"><span data-contrast=\"none\">Mit <\/span><b><span data-contrast=\"none\">200 m\u00b2 Fl\u00e4che f\u00fcr Veranstaltungen<\/span><\/b><span data-contrast=\"none\"> bietet es verschiedene R\u00e4ume, die alle flexibel anpassbar und nach au\u00dfen hin offen sind, um das Tageslicht optimal ausnutzen zu k\u00f6nnen. <\/span><b><span data-contrast=\"none\">Die perfekt ausgestatteten R\u00e4ume bieten einen echten Arbeitskomfort.<\/span><\/b><span data-ccp-props=\"{&quot;201341983&quot;:0,&quot;335551550&quot;:6,&quot;335551620&quot;:6,&quot;335557856&quot;:16119028,&quot;335559738&quot;:165,&quot;335559739&quot;:165,&quot;335559740&quot;:240}\">\u00a0<\/span><\/p>\n<p aria-level=\"4\"><span data-contrast=\"none\">Auch f\u00fcr die After-Work-Party ist gesorgt: In der gem\u00fctlichen Bar k\u00f6nnen Sie sich beim Tischfu\u00dfball entspannen, oder Sie machen einen Ausflug zu den Museen und architektonischen Sch\u00e4tzen der Region Lens.<\/span><span data-ccp-props=\"{&quot;201341983&quot;:0,&quot;335551550&quot;:6,&quot;335551620&quot;:6,&quot;335557856&quot;:16119028,&quot;335559738&quot;:165,&quot;335559739&quot;:165,&quot;335559740&quot;:240}\">\u00a0<\/span><\/p>\n\t\t\t\t\t<\/div>\n\t\t\t\t\t\t\t\t\t<\/div>\n\t\t\t<\/div>        \n\t\t<\/div>\n\t<\/div>\n<\/div>\n<!-- END OF : Composant : block-periscope-theme-section-composant-33-texte-image.php -->\n\n\n<!-- START OF : Composant : block-periscope-theme-section-composant-33-texte-image.php -->\n<!-- INVERSE -->\n<div class=\"text-image fs-wysiwyg mb-8 mb-lg-12\" data-component=\"33-texte-image\" data-reverse=\"oui\">\n\t<div class=\"container-fluid\" style=\"--bs-gutter-x: 0\">\n\t\t<div class=\"row\" style=\"--bs-gutter-x: 0\">\n\t\t\t<div class=\"col-lg-6\">\n\t\t\t\t<div class=\"text-image__content\">\n\t\t\t\t\t\t\t\t\t\t<div class=\"fw-semibold lh-xs fs-20 fs-lg-32 ls--25 mb-5\">Ibis Styles Amiens Centre<\/div>\n\t\t\t\t\t\t\t\t\t\t\t\t\t\t\t<div class=\"fs-wysiwyg\">\n\t\t\t\t\t\t<p aria-level=\"4\"><span data-contrast=\"none\">Das <a href=\"https:\/\/myallmeeting.com\/de\/hotel\/a3p0-ibis-budget-amiens-centre-gare\/\">Ibis Styles<\/a> empf\u00e4ngt Sie im historischen Zentrum von Amiens, direkt neben dem Bahnhof! Mit <\/span><b><span data-contrast=\"none\">einem Kreativbereich und zwei Konferenzr\u00e4umen f\u00fcr jeweils 14 Personen<\/span><\/b><span data-contrast=\"none\"> ist es der ideale Ort f\u00fcr ein Seminar in einer kleinen Gruppe.<\/span><span data-ccp-props=\"{&quot;201341983&quot;:0,&quot;335551550&quot;:6,&quot;335551620&quot;:6,&quot;335557856&quot;:16119028,&quot;335559738&quot;:165,&quot;335559739&quot;:165,&quot;335559740&quot;:240}\">\u00a0<\/span><\/p>\n<p aria-level=\"4\"><span data-contrast=\"none\">Um sich von Ihren Arbeitsrunden zu erholen, k\u00f6nnen Sie in das Herz der Stadt eintauchen und sich in den Gassen und ber\u00fchmten Kan\u00e4len rund um die majest\u00e4tische gotische Kathedrale verlieren.<\/span><span data-ccp-props=\"{&quot;201341983&quot;:0,&quot;335551550&quot;:6,&quot;335551620&quot;:6,&quot;335557856&quot;:16119028,&quot;335559738&quot;:165,&quot;335559739&quot;:165,&quot;335559740&quot;:240}\">\u00a0<\/span><\/p>\n<p aria-level=\"4\"><span data-contrast=\"none\">Nach diesem Spaziergang durch das Venedig des Nordens k\u00f6nnen Sie die K\u00f6stlichkeiten Italiens im hoteleigenen Restaurant mit seiner leckeren K\u00fcche genie\u00dfen oder den Abend bei einem Cocktail an der Bar ausklingen lassen.<\/span><span data-ccp-props=\"{&quot;201341983&quot;:0,&quot;335551550&quot;:6,&quot;335551620&quot;:6,&quot;335557856&quot;:16119028,&quot;335559738&quot;:165,&quot;335559739&quot;:165,&quot;335559740&quot;:240}\">\u00a0<\/span><\/p>\n\t\t\t\t\t<\/div>\n\t\t\t\t\t\t\t\t\t<\/div>\n\t\t\t<\/div>    \n\t\t\t    \n\t\t\t<div class=\"col-lg-6 order-first order-lg-last mb-7 mb-lg-0\">\n\t\t\t\t<img decoding=\"async\" src=\"https:\/\/www.myallmeeting.com\/wp-content\/uploads\/2019\/10\/Ibis-Styles-Amiens-Centre-4-953x600.jpg\" width=\"953\" height=\"600\" alt=\"\" loading=\"lazy\" class=\"w-100\" \/>\n\t\t\t<\/div>\n\t\t\t\t\t<\/div>\n\t<\/div>\n<\/div>\n<!-- END OF : Composant : block-periscope-theme-section-composant-33-texte-image.php -->\n\n\n<!-- START OF : Composant : block-periscope-theme-section-composant-33-texte-image.php -->\n<div class=\"text-image fs-wysiwyg mb-8 mb-lg-12\" data-component=\"33-texte-image\">\n\t<div class=\"container-fluid\" style=\"--bs-gutter-x: 0\">\n\t\t<div class=\"row\" style=\"--bs-gutter-x: 0\">\n\t\t\t\t\t\t<div class=\"col-lg-6 mb-7 mb-lg-0\">\n\t\t\t\t<img decoding=\"async\" src=\"https:\/\/www.myallmeeting.com\/wp-content\/uploads\/2019\/10\/Ibis-Styles-Boulogne-sur-Mer-Centre-Cathedrale-953x600.jpg\" width=\"953\" height=\"600\" alt=\"\" loading=\"lazy\" class=\"w-100\" \/>\n\t\t\t<\/div>\n\t\t\t\t\t\t<div class=\"col-lg-6\">\n\t\t\t\t<div class=\"text-image__content\">\n\t\t\t\t\t\t\t\t\t\t<div class=\"fw-semibold lh-xs fs-20 fs-lg-32 ls--25 mb-5\">Ibis Styles Boulogne-sur-Mer Centre Cath\u00e9drale<\/div>\n\t\t\t\t\t\t\t\t\t\t\t\t\t\t\t<div class=\"fs-wysiwyg\">\n\t\t\t\t\t\t<p aria-level=\"4\"><span data-contrast=\"none\">Hier wurde an alles gedacht, um den Incentive-Aufenthalt Ihrer Teams zu einem <\/span><b><span data-contrast=\"none\">unvergesslichen und verbindenden<\/span><\/b><span data-contrast=\"none\"> Erlebnis zu machen! Das gegen\u00fcber der Altstadtmauer und der Kathedrale gelegene <a href=\"https:\/\/myallmeeting.com\/de\/hotel\/1367-ibis-boulogne-sur-mer\/\">Hotel<\/a> mit <\/span><b><span data-contrast=\"none\">51 gem\u00fctlichen und modernen Zimmern<\/span><\/b><span data-contrast=\"none\"> ist der ideale Ausgangspunkt, um die C\u00f4te d&#8217;Opale mit ihren weitl\u00e4ufigen Str\u00e4nden und verborgenen Sch\u00e4tzen zu entdecken&#8230;<\/span><span data-ccp-props=\"{&quot;201341983&quot;:0,&quot;335551550&quot;:6,&quot;335551620&quot;:6,&quot;335557856&quot;:16119028,&quot;335559738&quot;:165,&quot;335559739&quot;:165,&quot;335559740&quot;:240}\">\u00a0<\/span><\/p>\n<p aria-level=\"4\"><span data-contrast=\"none\">Sie m\u00f6chten in Europas gr\u00f6\u00dftes Aquarium, Nausicaa, eintauchen, das nur 10 Minuten vom Hotel entfernt liegt? Mit einem Strandsegler durch die Gegend fahren? Durch die Fu\u00dfg\u00e4ngerzonen der Altstadt schlendern? Sie haben die Wahl&#8230; Dar\u00fcber hinaus k\u00f6nnen Sie dank der Leistungen des Hotels \u2013 kostenloser Parkplatz im Freien, WLAN, Bar, die rund um die Uhr Snacks serviert&#8230; \u2013 flexibel planen und sind bestens versorgt!<\/span><span data-ccp-props=\"{&quot;201341983&quot;:0,&quot;335551550&quot;:6,&quot;335551620&quot;:6,&quot;335557856&quot;:16119028,&quot;335559738&quot;:165,&quot;335559739&quot;:165,&quot;335559740&quot;:240}\">\u00a0<\/span><\/p>\n\t\t\t\t\t<\/div>\n\t\t\t\t\t\t\t\t\t<\/div>\n\t\t\t<\/div>        \n\t\t<\/div>\n\t<\/div>\n<\/div>\n<!-- END OF : Composant : block-periscope-theme-section-composant-33-texte-image.php -->\n","protected":false},"excerpt":{"rendered":"","protected":false},"featured_media":16028883,"menu_order":0,"template":"","periscope_categorie_tax":[3514],"class_list":["post-16035809","article","type-article","status-publish","has-post-thumbnail","hentry","periscope_categorie_tax-tous-nos-tops-selections-de"],"acf":[],"yoast_head":"<title>W\u00e4hlen Sie die Region Hauts-de-France f\u00fcr eine unvergessliche Veranstaltung.\u00a0 - Accor MyAllMeeting.com<\/title>\n<meta name=\"robots\" content=\"index, follow, max-snippet:-1, max-image-preview:large, max-video-preview:-1\" \/>\n<link rel=\"canonical\" href=\"https:\/\/www.myallmeeting.com\/de\/wp-json\/wp\/v2\/article\/16035809\" \/>\n<meta property=\"og:locale\" content=\"de_DE\" \/>\n<meta property=\"og:type\" content=\"article\" \/>\n<meta property=\"og:title\" content=\"W\u00e4hlen Sie die Region Hauts-de-France f\u00fcr eine unvergessliche Veranstaltung.\u00a0 - Accor MyAllMeeting.com\" \/>\n<meta property=\"og:url\" content=\"https:\/\/www.myallmeeting.com\/de\/article\/wahlen-sie-die-region-hauts-de-france-fur-eine-unvergessliche-veranstaltung\/\" \/>\n<meta property=\"og:site_name\" content=\"Accor MyAllMeeting.com\" \/>\n<meta property=\"article:modified_time\" content=\"2024-07-16T09:47:37+00:00\" \/>\n<meta property=\"og:image\" content=\"http:\/\/myallmeeting.com\/wp-content\/uploads\/2019\/10\/MAM-imagery-portrait.png\" \/>\n\t<meta property=\"og:image:width\" content=\"1920\" \/>\n\t<meta property=\"og:image:height\" content=\"570\" \/>\n\t<meta property=\"og:image:type\" content=\"image\/png\" \/>\n<meta name=\"twitter:card\" content=\"summary_large_image\" \/>\n<meta name=\"twitter:label1\" content=\"Est. reading time\" \/>\n\t<meta name=\"twitter:data1\" content=\"4 minutes\" \/>\n<script type=\"application\/ld+json\" class=\"yoast-schema-graph\">{\"@context\":\"https:\/\/schema.org\",\"@graph\":[{\"@type\":\"WebPage\",\"@id\":\"https:\/\/www.myallmeeting.com\/de\/article\/wahlen-sie-die-region-hauts-de-france-fur-eine-unvergessliche-veranstaltung\/\",\"url\":\"https:\/\/www.myallmeeting.com\/de\/article\/wahlen-sie-die-region-hauts-de-france-fur-eine-unvergessliche-veranstaltung\/\",\"name\":\"W\u00e4hlen Sie die Region Hauts-de-France f\u00fcr eine unvergessliche Veranstaltung.\u00a0 - Accor MyAllMeeting.com\",\"isPartOf\":{\"@id\":\"https:\/\/www.myallmeeting.com\/de\/#website\"},\"primaryImageOfPage\":{\"@id\":\"https:\/\/www.myallmeeting.com\/de\/article\/wahlen-sie-die-region-hauts-de-france-fur-eine-unvergessliche-veranstaltung\/#primaryimage\"},\"image\":{\"@id\":\"https:\/\/www.myallmeeting.com\/de\/article\/wahlen-sie-die-region-hauts-de-france-fur-eine-unvergessliche-veranstaltung\/#primaryimage\"},\"thumbnailUrl\":\"https:\/\/www.myallmeeting.com\/wp-content\/uploads\/2019\/10\/MAM-imagery-portrait.png\",\"datePublished\":\"2019-10-23T15:51:36+00:00\",\"dateModified\":\"2024-07-16T09:47:37+00:00\",\"breadcrumb\":{\"@id\":\"https:\/\/www.myallmeeting.com\/de\/article\/wahlen-sie-die-region-hauts-de-france-fur-eine-unvergessliche-veranstaltung\/#breadcrumb\"},\"inLanguage\":\"de-DE\",\"potentialAction\":[{\"@type\":\"ReadAction\",\"target\":[\"https:\/\/www.myallmeeting.com\/de\/article\/wahlen-sie-die-region-hauts-de-france-fur-eine-unvergessliche-veranstaltung\/\"]}]},{\"@type\":\"ImageObject\",\"inLanguage\":\"de-DE\",\"@id\":\"https:\/\/www.myallmeeting.com\/de\/article\/wahlen-sie-die-region-hauts-de-france-fur-eine-unvergessliche-veranstaltung\/#primaryimage\",\"url\":\"https:\/\/www.myallmeeting.com\/wp-content\/uploads\/2019\/10\/MAM-imagery-portrait.png\",\"contentUrl\":\"https:\/\/www.myallmeeting.com\/wp-content\/uploads\/2019\/10\/MAM-imagery-portrait.png\",\"width\":1920,\"height\":570},{\"@type\":\"BreadcrumbList\",\"@id\":\"https:\/\/www.myallmeeting.com\/de\/article\/wahlen-sie-die-region-hauts-de-france-fur-eine-unvergessliche-veranstaltung\/#breadcrumb\",\"itemListElement\":[{\"@type\":\"ListItem\",\"position\":1,\"name\":\"Homepage\",\"item\":\"https:\/\/myallmeeting.com\/de\/\"},{\"@type\":\"ListItem\",\"position\":2,\"name\":\"Aktuelles\",\"item\":\"https:\/\/www.myallmeeting.com\/de\/aktuelles\/\"},{\"@type\":\"ListItem\",\"position\":3,\"name\":\"W\u00e4hlen Sie die Region Hauts-de-France f\u00fcr eine unvergessliche Veranstaltung.\u00a0\"}]},{\"@type\":\"WebSite\",\"@id\":\"https:\/\/www.myallmeeting.com\/de\/#website\",\"url\":\"https:\/\/www.myallmeeting.com\/de\/\",\"name\":\"Accor MyAllMeeting.com\",\"description\":\"Les Meilleurs lieux pour vos Ev\u00e9nements Professionnels\",\"publisher\":{\"@id\":\"https:\/\/www.myallmeeting.com\/de\/#organization\"},\"potentialAction\":[{\"@type\":\"SearchAction\",\"target\":{\"@type\":\"EntryPoint\",\"urlTemplate\":\"https:\/\/www.myallmeeting.com\/de\/?s={search_term_string}\"},\"query-input\":{\"@type\":\"PropertyValueSpecification\",\"valueRequired\":true,\"valueName\":\"search_term_string\"}}],\"inLanguage\":\"de-DE\"},{\"@type\":\"Organization\",\"@id\":\"https:\/\/www.myallmeeting.com\/de\/#organization\",\"name\":\"ACCOR\",\"url\":\"https:\/\/www.myallmeeting.com\/de\/\",\"logo\":{\"@type\":\"ImageObject\",\"inLanguage\":\"de-DE\",\"@id\":\"https:\/\/www.myallmeeting.com\/de\/#\/schema\/logo\/image\/\",\"url\":\"\",\"contentUrl\":\"\",\"caption\":\"ACCOR\"},\"image\":{\"@id\":\"https:\/\/www.myallmeeting.com\/de\/#\/schema\/logo\/image\/\"}}]}<\/script>","yoast_head_json":{"title":"W\u00e4hlen Sie die Region Hauts-de-France f\u00fcr eine unvergessliche Veranstaltung.\u00a0 - Accor MyAllMeeting.com","robots":{"index":"index","follow":"follow","max-snippet":"max-snippet:-1","max-image-preview":"max-image-preview:large","max-video-preview":"max-video-preview:-1"},"canonical":"https:\/\/www.myallmeeting.com\/de\/wp-json\/wp\/v2\/article\/16035809","og_locale":"de_DE","og_type":"article","og_title":"W\u00e4hlen Sie die Region Hauts-de-France f\u00fcr eine unvergessliche Veranstaltung.\u00a0 - Accor MyAllMeeting.com","og_url":"https:\/\/www.myallmeeting.com\/de\/article\/wahlen-sie-die-region-hauts-de-france-fur-eine-unvergessliche-veranstaltung\/","og_site_name":"Accor MyAllMeeting.com","article_modified_time":"2024-07-16T09:47:37+00:00","og_image":[{"width":1920,"height":570,"url":"http:\/\/myallmeeting.com\/wp-content\/uploads\/2019\/10\/MAM-imagery-portrait.png","type":"image\/png"}],"twitter_card":"summary_large_image","twitter_misc":{"Est. reading time":"4 minutes"},"schema":{"@context":"https:\/\/schema.org","@graph":[{"@type":"WebPage","@id":"https:\/\/www.myallmeeting.com\/de\/article\/wahlen-sie-die-region-hauts-de-france-fur-eine-unvergessliche-veranstaltung\/","url":"https:\/\/www.myallmeeting.com\/de\/article\/wahlen-sie-die-region-hauts-de-france-fur-eine-unvergessliche-veranstaltung\/","name":"W\u00e4hlen Sie die Region Hauts-de-France f\u00fcr eine unvergessliche Veranstaltung.\u00a0 - Accor MyAllMeeting.com","isPartOf":{"@id":"https:\/\/www.myallmeeting.com\/de\/#website"},"primaryImageOfPage":{"@id":"https:\/\/www.myallmeeting.com\/de\/article\/wahlen-sie-die-region-hauts-de-france-fur-eine-unvergessliche-veranstaltung\/#primaryimage"},"image":{"@id":"https:\/\/www.myallmeeting.com\/de\/article\/wahlen-sie-die-region-hauts-de-france-fur-eine-unvergessliche-veranstaltung\/#primaryimage"},"thumbnailUrl":"https:\/\/www.myallmeeting.com\/wp-content\/uploads\/2019\/10\/MAM-imagery-portrait.png","datePublished":"2019-10-23T15:51:36+00:00","dateModified":"2024-07-16T09:47:37+00:00","breadcrumb":{"@id":"https:\/\/www.myallmeeting.com\/de\/article\/wahlen-sie-die-region-hauts-de-france-fur-eine-unvergessliche-veranstaltung\/#breadcrumb"},"inLanguage":"de-DE","potentialAction":[{"@type":"ReadAction","target":["https:\/\/www.myallmeeting.com\/de\/article\/wahlen-sie-die-region-hauts-de-france-fur-eine-unvergessliche-veranstaltung\/"]}]},{"@type":"ImageObject","inLanguage":"de-DE","@id":"https:\/\/www.myallmeeting.com\/de\/article\/wahlen-sie-die-region-hauts-de-france-fur-eine-unvergessliche-veranstaltung\/#primaryimage","url":"https:\/\/www.myallmeeting.com\/wp-content\/uploads\/2019\/10\/MAM-imagery-portrait.png","contentUrl":"https:\/\/www.myallmeeting.com\/wp-content\/uploads\/2019\/10\/MAM-imagery-portrait.png","width":1920,"height":570},{"@type":"BreadcrumbList","@id":"https:\/\/www.myallmeeting.com\/de\/article\/wahlen-sie-die-region-hauts-de-france-fur-eine-unvergessliche-veranstaltung\/#breadcrumb","itemListElement":[{"@type":"ListItem","position":1,"name":"Homepage","item":"https:\/\/myallmeeting.com\/de\/"},{"@type":"ListItem","position":2,"name":"Aktuelles","item":"https:\/\/www.myallmeeting.com\/de\/aktuelles\/"},{"@type":"ListItem","position":3,"name":"W\u00e4hlen Sie die Region Hauts-de-France f\u00fcr eine unvergessliche Veranstaltung.\u00a0"}]},{"@type":"WebSite","@id":"https:\/\/www.myallmeeting.com\/de\/#website","url":"https:\/\/www.myallmeeting.com\/de\/","name":"Accor MyAllMeeting.com","description":"Les Meilleurs lieux pour vos Ev\u00e9nements Professionnels","publisher":{"@id":"https:\/\/www.myallmeeting.com\/de\/#organization"},"potentialAction":[{"@type":"SearchAction","target":{"@type":"EntryPoint","urlTemplate":"https:\/\/www.myallmeeting.com\/de\/?s={search_term_string}"},"query-input":{"@type":"PropertyValueSpecification","valueRequired":true,"valueName":"search_term_string"}}],"inLanguage":"de-DE"},{"@type":"Organization","@id":"https:\/\/www.myallmeeting.com\/de\/#organization","name":"ACCOR","url":"https:\/\/www.myallmeeting.com\/de\/","logo":{"@type":"ImageObject","inLanguage":"de-DE","@id":"https:\/\/www.myallmeeting.com\/de\/#\/schema\/logo\/image\/","url":"","contentUrl":"","caption":"ACCOR"},"image":{"@id":"https:\/\/www.myallmeeting.com\/de\/#\/schema\/logo\/image\/"}}]}},"_links":{"self":[{"href":"https:\/\/www.myallmeeting.com\/de\/wp-json\/wp\/v2\/article\/16035809","targetHints":{"allow":["GET"]}}],"collection":[{"href":"https:\/\/www.myallmeeting.com\/de\/wp-json\/wp\/v2\/article"}],"about":[{"href":"https:\/\/www.myallmeeting.com\/de\/wp-json\/wp\/v2\/types\/article"}],"wp:featuredmedia":[{"embeddable":true,"href":"https:\/\/www.myallmeeting.com\/de\/wp-json\/wp\/v2\/media\/16028883"}],"wp:attachment":[{"href":"https:\/\/www.myallmeeting.com\/de\/wp-json\/wp\/v2\/media?parent=16035809"}],"wp:term":[{"taxonomy":"periscope_categorie_tax","embeddable":true,"href":"https:\/\/www.myallmeeting.com\/de\/wp-json\/wp\/v2\/periscope_categorie_tax?post=16035809"}],"curies":[{"name":"wp","href":"https:\/\/api.w.org\/{rel}","templated":true}]}}