{"id":16035797,"date":"2016-11-03T14:06:38","date_gmt":"2016-11-03T13:06:38","guid":{"rendered":"https:\/\/myallmeeting.com\/article\/choisissez-le-bon-amenagement-pour-une-reunion-reussie\/"},"modified":"2024-07-16T11:41:37","modified_gmt":"2024-07-16T09:41:37","slug":"wahlen-sie-die-richtige-einrichtung-fur-ein-erfolgreiches-meeting","status":"publish","type":"article","link":"https:\/\/www.myallmeeting.com\/de\/article\/wahlen-sie-die-richtige-einrichtung-fur-ein-erfolgreiches-meeting\/","title":{"rendered":"W\u00e4hlen Sie die richtige Einrichtung f\u00fcr ein erfolgreiches Meeting!\u00a0"},"content":{"rendered":"<!-- START OF : Composant : block-periscope-theme-section-composant-25-texte-cta-2-images.php -->\n<div class=\"tcta2ia bg-white fs-wysiwyg mb-lg-12\" data-component=\"25-texte-cta-2-images\">\n\t<div class=\"tcta2ia__top\">\n\t\t<div class=\"container-fluid\" style=\"--bs-gutter-x: 0\">\n\t\t\t<div class=\"row\" style=\"--bs-gutter-x: 0\">\n\t\t\t\t<div class=\"col-lg-8\">\n\t\t\t\t\t\t\t\t\t\t<div class=\"bloc-mise-en-avant__top__left\">\n\t\t\t\t\t\t<img decoding=\"async\" src=\"https:\/\/www.myallmeeting.com\/wp-content\/uploads\/2016\/11\/7201-85-1268x846.jpg\" class=\"pe-2 pe-lg-0\" width=\"1268\" height=\"846\" alt=\"amenagement salle de reunion\" loading=\"lazy\" \/>\n\t\t\t\t\t<\/div>\n\t\t\t\t\t\t\t\t\t\t<div class=\"tcta2ia__bottom d-none d-lg-block pb-12 pt-lg-9 pb-lg-0 pe-lg-10\">\n\t\t\t\t\t\t\t\t\t\t\t\t<h2 class=\"fs-20 fs-lg-32 fw-semibold\">DER RUNDE TISCH <\/h2>\n\t\t\t\t\t\t\t\t\t\t\t\t\t\t\t\t\t\t<div class=\"fs-wysiwyg\"><p aria-level=\"4\"><span data-contrast=\"none\">Wissen Sie, warum K\u00f6nig Artus seine Ritter um einen runden Tisch versammelte? Damit jeder von ihnen gleich weit vom Gral entfernt sa\u00df.\u00a0<\/span><span data-ccp-props=\"{&quot;134245418&quot;:true,&quot;134245529&quot;:true,&quot;201341983&quot;:0,&quot;335551550&quot;:6,&quot;335551620&quot;:6,&quot;335557856&quot;:16119028,&quot;335559738&quot;:165,&quot;335559739&quot;:165,&quot;335559740&quot;:259}\">\u00a0<\/span><\/p>\n<p aria-level=\"4\"><span data-contrast=\"none\">Der runde Tisch ist die <\/span><b><span data-contrast=\"none\">ideale Anordnung, wenn Sie mit den Teilnehmern auf Augenh\u00f6he sprechen m\u00f6chten<\/span><\/b><span data-contrast=\"none\">. So erinnern Sie sie daran, dass Teamwork wichtiger ist als Individualit\u00e4t. Au\u00dferdem f\u00f6rdert der runde Tisch den Austausch und das <\/span><b><i><span data-contrast=\"none\">Brainstorming<\/span><\/i><\/b><span data-contrast=\"none\">.<\/span><span data-ccp-props=\"{&quot;134245418&quot;:true,&quot;134245529&quot;:true,&quot;201341983&quot;:0,&quot;335551550&quot;:6,&quot;335551620&quot;:6,&quot;335557856&quot;:16119028,&quot;335559738&quot;:165,&quot;335559739&quot;:165,&quot;335559740&quot;:259}\">\u00a0<\/span><\/p>\n<\/div>\n\t\t\t\t\t\t\t\t\t\t\t\t<div class=\"d-flex flex-column flex-lg-row align-items-center gap-5 gap-lg-8 justify-content-between\">\n\t\t\t\t\t\t\t<div class=\"fs-20 fs-lg-26 fw-semibold lh-xs\"><\/div>\n\t\t\t\t\t\t\t\t\t\t\t\t\t<\/div>\n\t\t\t\t\t<\/div>\n\t\t\t\t<\/div>\n\t\t\t\t<div class=\"col-lg-4\">\n\t\t\t\t\t<div class=\"tcta2ia__top__right t-0 r-0 bg-primary text-white pt-4 pb-4 px-2 pt-lg-8 pb-lg-16 px-lg-11 pb-xl-30\">\n\t\t\t\t\t\t\t\t\t\t\t\t\t\t\t\t\t\t<h2 class=\"unna fs-36 fs-lg-51 fs-xl-75 fs-italic fw-normal text-secondary\">W\u00e4hlen Sie die richtige Einrichtung f\u00fcr ein erfolgreiches Meeting! <\/h2>\n\t\t\t\t\t\t\t\t\t\t\t\t\t\t\t\t\t\t<h3 class=\"text-white fs-18 fs-lg-20 fs-xl-28 text-original-case\">Die My All Meeting-Fachberater von Accor geben Ihnen die entscheidenden Tipps zur Auswahl einer L\u00f6sung, die Ihren Anforderungen entspricht. <\/h3>\n\t\t\t\t\t\t\t\t\t\t\t\t\t\t\t\t\t\t<div class=\"fs-wysiwyg mb-4 fs-lg-16 fs-xl-20\"><p aria-level=\"4\"><span data-contrast=\"none\">Seit mehreren Wochen planen Sie Ihr n\u00e4chstes Meeting, um den Zusammenhalt Ihres Teams zu st\u00e4rken.<\/span><span data-ccp-props=\"{&quot;134245418&quot;:true,&quot;134245529&quot;:true,&quot;201341983&quot;:0,&quot;335551550&quot;:6,&quot;335551620&quot;:6,&quot;335557856&quot;:16119028,&quot;335559738&quot;:165,&quot;335559739&quot;:165,&quot;335559740&quot;:259}\">\u00a0<\/span><\/p>\n<p aria-level=\"4\"><span data-contrast=\"none\">Sie haben den idealen Ort gefunden, die <\/span><b><span data-contrast=\"none\">Tagesordnung <\/span><\/b><span data-contrast=\"none\">an die Teilnehmer verschickt und Ihre Pr\u00e4sentation perfektioniert.<\/span><span data-ccp-props=\"{&quot;134245418&quot;:true,&quot;134245529&quot;:true,&quot;201341983&quot;:0,&quot;335551550&quot;:6,&quot;335551620&quot;:6,&quot;335557856&quot;:16119028,&quot;335559738&quot;:165,&quot;335559739&quot;:165,&quot;335559740&quot;:259}\">\u00a0<\/span><\/p>\n<p aria-level=\"4\"><span data-contrast=\"none\">Aber wie sieht es mit der <\/span><b><span data-contrast=\"none\">Einrichtung Ihres Besprechungsraums<\/span><\/b><span data-contrast=\"none\"> aus? Runder oder rechteckiger Tisch, U-f\u00f6rmige Sitzordnung, Theatersaal, Klassenzimmer&#8230; Welche Einrichtung sollten Sie w\u00e4hlen? Was ist die beste <\/span><b><span data-contrast=\"none\">Sitzordnung f\u00fcr Ihren Besprechungsraum<\/span><\/b><span data-contrast=\"none\">?\u00a0<\/span><span data-ccp-props=\"{&quot;134245418&quot;:true,&quot;134245529&quot;:true,&quot;201341983&quot;:0,&quot;335551550&quot;:6,&quot;335551620&quot;:6,&quot;335557856&quot;:16119028,&quot;335559738&quot;:165,&quot;335559739&quot;:165,&quot;335559740&quot;:259}\">\u00a0<\/span><\/p>\n<\/div>\n\t\t\t\t\t\t\t\t\t\t\t\t\t\t\t\t\t\t\t\t\t\t\t\t<p class=\"m-0\"><img decoding=\"async\" src=\"https:\/\/www.myallmeeting.com\/wp-content\/uploads\/2016\/11\/7102-68-633x398.jpg\" class=\"position-relative l-0\" width=\"633\" height=\"398\" alt=\"amenagement salle de reunion  table ronde\" loading=\"lazy\" \/><\/p>\n\t\t\t\t\t\t\t\t\t\t\t<\/div>\n\t\t\t\t<\/div>\n\t\t\t<\/div>\n\t\t<\/div>\n\t<\/div>\n\t<div class=\"tcta2ia__bottom d-lg-none pb-12 py-lg-9 pe-lg-10\">\n\t\t\t\t<div class=\"h2 fs-20 fs-lg-32 fw-semibold\">DER RUNDE TISCH <\/div>\n\t\t\t\t\t\t<div class=\"fs-wysiwyg\"><p aria-level=\"4\"><span data-contrast=\"none\">Wissen Sie, warum K\u00f6nig Artus seine Ritter um einen runden Tisch versammelte? Damit jeder von ihnen gleich weit vom Gral entfernt sa\u00df.\u00a0<\/span><span data-ccp-props=\"{&quot;134245418&quot;:true,&quot;134245529&quot;:true,&quot;201341983&quot;:0,&quot;335551550&quot;:6,&quot;335551620&quot;:6,&quot;335557856&quot;:16119028,&quot;335559738&quot;:165,&quot;335559739&quot;:165,&quot;335559740&quot;:259}\">\u00a0<\/span><\/p>\n<p aria-level=\"4\"><span data-contrast=\"none\">Der runde Tisch ist die <\/span><b><span data-contrast=\"none\">ideale Anordnung, wenn Sie mit den Teilnehmern auf Augenh\u00f6he sprechen m\u00f6chten<\/span><\/b><span data-contrast=\"none\">. So erinnern Sie sie daran, dass Teamwork wichtiger ist als Individualit\u00e4t. Au\u00dferdem f\u00f6rdert der runde Tisch den Austausch und das <\/span><b><i><span data-contrast=\"none\">Brainstorming<\/span><\/i><\/b><span data-contrast=\"none\">.<\/span><span data-ccp-props=\"{&quot;134245418&quot;:true,&quot;134245529&quot;:true,&quot;201341983&quot;:0,&quot;335551550&quot;:6,&quot;335551620&quot;:6,&quot;335557856&quot;:16119028,&quot;335559738&quot;:165,&quot;335559739&quot;:165,&quot;335559740&quot;:259}\">\u00a0<\/span><\/p>\n<\/div>\n\t\t\t\t<div class=\"d-flex flex-column flex-lg-row align-items-center gap-5 gap-lg-8 justify-content-between\">\n\t\t\t<div class=\"fs-20 fs-lg-26 fw-semibold lh-xs\"><\/div>\n\t\t\t\t\t<\/div>\n\t<\/div>\n<\/div>\n<!-- END OF : Composant : block-periscope-theme-section-composant-25-texte-cta-2-images.php -->\n\n\n<!-- START OF : Composant : block-periscope-theme-section-composant-33-texte-image.php -->\n<div class=\"text-image fs-wysiwyg mb-8 mb-lg-12\" data-component=\"33-texte-image\">\n\t<div class=\"container-fluid\" style=\"--bs-gutter-x: 0\">\n\t\t<div class=\"row\" style=\"--bs-gutter-x: 0\">\n\t\t\t\t\t\t<div class=\"col-lg-6 mb-7 mb-lg-0\">\n\t\t\t\t<img decoding=\"async\" src=\"https:\/\/www.myallmeeting.com\/wp-content\/uploads\/2016\/11\/5404-38-953x600.jpg\" width=\"953\" height=\"600\" alt=\"amenagement salle de reunion theatre\" loading=\"lazy\" class=\"w-100\" \/>\n\t\t\t<\/div>\n\t\t\t\t\t\t<div class=\"col-lg-6\">\n\t\t\t\t<div class=\"text-image__content\">\n\t\t\t\t\t\t\t\t\t\t<div class=\"fw-semibold lh-xs fs-20 fs-lg-32 ls--25 mb-5\">DER THEATERSAAL<\/div>\n\t\t\t\t\t\t\t\t\t\t\t\t\t\t\t<div class=\"fs-wysiwyg\">\n\t\t\t\t\t\t<p aria-level=\"4\"><span data-contrast=\"none\">Der Theatersaal besteht aus mehreren Stuhlreihen, die dem Moderator oder Redner frontal zugekehrt sind.\u202fDiese Anordnung wird h\u00e4ufig bei <\/span><b><span data-contrast=\"none\">Seminaren<\/span><\/b><span data-contrast=\"none\"> oder <\/span><b><span data-contrast=\"none\">Produkteinf\u00fchrungen<\/span><\/b><span data-contrast=\"none\"> verwendet, wenn eine Person oder ein Objekt ins Rampenlicht ger\u00fcckt werden soll.\u202f<\/span><span data-ccp-props=\"{&quot;134245418&quot;:true,&quot;134245529&quot;:true,&quot;201341983&quot;:0,&quot;335551550&quot;:6,&quot;335551620&quot;:6,&quot;335557856&quot;:16119028,&quot;335559738&quot;:165,&quot;335559739&quot;:165,&quot;335559740&quot;:259}\">\u00a0<\/span><\/p>\n<p aria-level=\"4\"><span data-contrast=\"none\">Bei gro\u00dfen Teilnehmerzahlen <\/span><b><span data-contrast=\"none\">k\u00f6nnen viele St\u00fchle aufgestellt und der Platz optimal genutzt werden<\/span><\/b><span data-contrast=\"none\">, aber der Austausch ist eingeschr\u00e4nkt.<\/span><span data-ccp-props=\"{&quot;134245418&quot;:true,&quot;134245529&quot;:true,&quot;201341983&quot;:0,&quot;335551550&quot;:6,&quot;335551620&quot;:6,&quot;335557856&quot;:16119028,&quot;335559738&quot;:165,&quot;335559739&quot;:165,&quot;335559740&quot;:259}\">\u00a0<\/span><\/p>\n\t\t\t\t\t<\/div>\n\t\t\t\t\t\t\t\t\t<\/div>\n\t\t\t<\/div>        \n\t\t<\/div>\n\t<\/div>\n<\/div>\n<!-- END OF : Composant : block-periscope-theme-section-composant-33-texte-image.php -->\n\n\n<!-- START OF : Composant : block-periscope-theme-section-composant-33-texte-image.php -->\n<!-- INVERSE -->\n<div class=\"text-image fs-wysiwyg mb-8 mb-lg-12\" data-component=\"33-texte-image\" data-reverse=\"oui\">\n\t<div class=\"container-fluid\" style=\"--bs-gutter-x: 0\">\n\t\t<div class=\"row\" style=\"--bs-gutter-x: 0\">\n\t\t\t<div class=\"col-lg-6\">\n\t\t\t\t<div class=\"text-image__content\">\n\t\t\t\t\t\t\t\t\t\t<div class=\"fw-semibold lh-xs fs-20 fs-lg-32 ls--25 mb-5\">DER U-F\u00d6RMIGE TISCH <\/div>\n\t\t\t\t\t\t\t\t\t\t\t\t\t\t\t<div class=\"fs-wysiwyg\">\n\t\t\t\t\t\t<p aria-level=\"4\"><span data-contrast=\"none\">Diese Anordnung bietet sich an, wenn Sie ein Meeting mit einer Gruppe von etwa 30 Personen veranstalten. Der U-f\u00f6rmige Tisch ist weder zu formell noch zu akademisch und wird von den Teilnehmern sehr gesch\u00e4tzt, da er <\/span><b><span data-contrast=\"none\">eine gute Sicht bietet und gleichzeitig eine gewisse Distanz wahrt<\/span><\/b><span data-contrast=\"none\">.\u00a0<\/span><span data-ccp-props=\"{&quot;134245418&quot;:true,&quot;134245529&quot;:true,&quot;201341983&quot;:0,&quot;335551550&quot;:6,&quot;335551620&quot;:6,&quot;335557856&quot;:16119028,&quot;335559738&quot;:165,&quot;335559739&quot;:165,&quot;335559740&quot;:259}\">\u00a0<\/span><\/p>\n<p aria-level=\"4\"><span data-contrast=\"none\">Dennoch ist die Raumnutzung nicht optimal, und diese Anordnung ist in kleinen R\u00e4umen nicht immer m\u00f6glich.<\/span><b><span data-contrast=\"none\">\u202fDer U-f\u00f6rmige Tisch ist eine gute Wahl f\u00fcr moderierte Pr\u00e4sentationen.<\/span><\/b><span data-ccp-props=\"{&quot;134245418&quot;:true,&quot;134245529&quot;:true,&quot;201341983&quot;:0,&quot;335551550&quot;:6,&quot;335551620&quot;:6,&quot;335557856&quot;:16119028,&quot;335559738&quot;:165,&quot;335559739&quot;:165,&quot;335559740&quot;:259}\">\u00a0<\/span><\/p>\n\t\t\t\t\t<\/div>\n\t\t\t\t\t\t\t\t\t<\/div>\n\t\t\t<\/div>    \n\t\t\t    \n\t\t\t<div class=\"col-lg-6 order-first order-lg-last mb-7 mb-lg-0\">\n\t\t\t\t<img decoding=\"async\" src=\"https:\/\/www.myallmeeting.com\/wp-content\/uploads\/2016\/11\/7105-28-953x600.jpg\" width=\"953\" height=\"600\" alt=\"amenagement salle de reunion table en u \" loading=\"lazy\" class=\"w-100\" \/>\n\t\t\t<\/div>\n\t\t\t\t\t<\/div>\n\t<\/div>\n<\/div>\n<!-- END OF : Composant : block-periscope-theme-section-composant-33-texte-image.php -->\n\n\n<!-- START OF : Composant : block-periscope-theme-section-composant-33-texte-image.php -->\n<div class=\"text-image fs-wysiwyg mb-8 mb-lg-12\" data-component=\"33-texte-image\">\n\t<div class=\"container-fluid\" style=\"--bs-gutter-x: 0\">\n\t\t<div class=\"row\" style=\"--bs-gutter-x: 0\">\n\t\t\t\t\t\t<div class=\"col-lg-6 mb-7 mb-lg-0\">\n\t\t\t\t<img decoding=\"async\" src=\"https:\/\/www.myallmeeting.com\/wp-content\/uploads\/2016\/11\/7050-17-953x600.jpg\" width=\"953\" height=\"600\" alt=\"amenagement salle de reunion salle de classe\" loading=\"lazy\" class=\"w-100\" \/>\n\t\t\t<\/div>\n\t\t\t\t\t\t<div class=\"col-lg-6\">\n\t\t\t\t<div class=\"text-image__content\">\n\t\t\t\t\t\t\t\t\t\t<div class=\"fw-semibold lh-xs fs-20 fs-lg-32 ls--25 mb-5\">DAS KLASSENZIMMER <\/div>\n\t\t\t\t\t\t\t\t\t\t\t\t\t\t\t<div class=\"fs-wysiwyg\">\n\t\t\t\t\t\t<p aria-level=\"4\"><span data-contrast=\"none\">Das Klassenzimmer mag aufgrund seines schul\u00e4hnlichen Charakters auf den ersten Blick ein L\u00e4cheln hervorrufen. Dennoch ist diese Anordnung<\/span><b><span data-contrast=\"none\"> ideal f\u00fcr Pr\u00fcfungen, Pr\u00e4sentationen und Partnerarbeiten<\/span><\/b><span data-contrast=\"none\">.<\/span><b><span data-contrast=\"none\">\u00a0<\/span><\/b><span data-ccp-props=\"{&quot;134245418&quot;:true,&quot;134245529&quot;:true,&quot;201341983&quot;:0,&quot;335551550&quot;:6,&quot;335551620&quot;:6,&quot;335557856&quot;:16119028,&quot;335559738&quot;:165,&quot;335559739&quot;:165,&quot;335559740&quot;:259}\">\u00a0<\/span><\/p>\n<p aria-level=\"4\"><span data-contrast=\"none\">Die Teilnehmer haben den Redner perfekt im Blick und k\u00f6nnen sich problemlos Notizen machen. Denken Sie daran, einen Mittelgang freizulassen. So k\u00f6nnen Sie w\u00e4hrend Ihres Vortrags auf die Gruppe zugehen und den Fortschritt ihrer Arbeit verfolgen, wenn Sie Workshops planen.<\/span><span data-ccp-props=\"{&quot;134245418&quot;:true,&quot;134245529&quot;:true,&quot;201341983&quot;:0,&quot;335551550&quot;:6,&quot;335551620&quot;:6,&quot;335557856&quot;:16119028,&quot;335559738&quot;:165,&quot;335559739&quot;:165,&quot;335559740&quot;:259}\">\u00a0<\/span><\/p>\n\t\t\t\t\t<\/div>\n\t\t\t\t\t\t\t\t\t<\/div>\n\t\t\t<\/div>        \n\t\t<\/div>\n\t<\/div>\n<\/div>\n<!-- END OF : Composant : block-periscope-theme-section-composant-33-texte-image.php -->\n\n\n<!-- START OF : Composant : block-periscope-theme-section-composant-33-texte-image.php -->\n<!-- INVERSE -->\n<div class=\"text-image fs-wysiwyg mb-8 mb-lg-12\" data-component=\"33-texte-image\" data-reverse=\"oui\">\n\t<div class=\"container-fluid\" style=\"--bs-gutter-x: 0\">\n\t\t<div class=\"row\" style=\"--bs-gutter-x: 0\">\n\t\t\t<div class=\"col-lg-6\">\n\t\t\t\t<div class=\"text-image__content\">\n\t\t\t\t\t\t\t\t\t\t<div class=\"fw-semibold lh-xs fs-20 fs-lg-32 ls--25 mb-5\">DER RECHTECKIGE TISCH <\/div>\n\t\t\t\t\t\t\t\t\t\t\t\t\t\t\t<div class=\"fs-wysiwyg\">\n\t\t\t\t\t\t<p aria-level=\"4\"><span data-contrast=\"none\">Diese sehr klassische Anordnung wird h\u00e4ufig von <\/span><b><span data-contrast=\"none\">Vorst\u00e4nden<\/span><\/b><span data-contrast=\"none\"> und <\/span><b><span data-contrast=\"none\">Aufsichtsr\u00e4ten<\/span><\/b><span data-contrast=\"none\"> genutzt. Auch bei kleinen Gruppen von weniger als zehn Personen k\u00f6nnen Sie sich f\u00fcr diese Anordnung entscheiden.<\/span><span data-ccp-props=\"{&quot;134245418&quot;:true,&quot;134245529&quot;:true,&quot;201341983&quot;:0,&quot;335551550&quot;:6,&quot;335551620&quot;:6,&quot;335557856&quot;:16119028,&quot;335559738&quot;:165,&quot;335559739&quot;:165,&quot;335559740&quot;:259}\">\u00a0<\/span><\/p>\n<p aria-level=\"4\"><span data-contrast=\"none\">Der Vorteil einer rechteckigen Tischanordnung ist, dass es ein Zentrum gibt und die in der Mitte stehende Person die Blicke der anderen Teilnehmer auf sich zieht.<\/span><span data-ccp-props=\"{&quot;134245418&quot;:true,&quot;134245529&quot;:true,&quot;201341983&quot;:0,&quot;335551550&quot;:6,&quot;335551620&quot;:6,&quot;335557856&quot;:16119028,&quot;335559738&quot;:165,&quot;335559739&quot;:165,&quot;335559740&quot;:259}\">\u00a0<\/span><\/p>\n<p aria-level=\"4\"><span data-contrast=\"none\">Au\u00dferdem f\u00f6rdern die einander gegen\u00fcberstehenden St\u00fchle auch hier die Interaktion. Der gr\u00f6\u00dfte Nachteil der rechteckigen Tischform: Die Personen an den \u00e4u\u00dferen beiden Enden k\u00f6nnen nur schwer miteinander kommunizieren.<\/span><span data-ccp-props=\"{&quot;134245418&quot;:true,&quot;134245529&quot;:true,&quot;201341983&quot;:0,&quot;335551550&quot;:6,&quot;335551620&quot;:6,&quot;335557856&quot;:16119028,&quot;335559738&quot;:165,&quot;335559739&quot;:165,&quot;335559740&quot;:259}\">\u00a0<\/span><\/p>\n<p><span data-ccp-props=\"{&quot;201341983&quot;:0,&quot;335559739&quot;:160,&quot;335559740&quot;:259}\">\u00a0<\/span><\/p>\n<p>&nbsp;<\/p>\n<p aria-level=\"4\"><span data-contrast=\"none\">Sie sehen also: <\/span><b><span data-contrast=\"none\">Die Einrichtung Ihres Besprechungsraums sollte auf die Art Ihrer Veranstaltung,<\/span><\/b><span data-ccp-props=\"{&quot;134245418&quot;:true,&quot;134245529&quot;:true,&quot;201341983&quot;:0,&quot;335551550&quot;:2,&quot;335551620&quot;:2,&quot;335557856&quot;:16119028,&quot;335559738&quot;:165,&quot;335559739&quot;:165,&quot;335559740&quot;:259}\">\u00a0<\/span><\/p>\n<p aria-level=\"4\"><b><span data-contrast=\"none\">auf Ihre Ziele und die Gruppengr\u00f6\u00dfe abgestimmt sein.<\/span><\/b><span data-ccp-props=\"{&quot;134245418&quot;:true,&quot;134245529&quot;:true,&quot;201341983&quot;:0,&quot;335551550&quot;:2,&quot;335551620&quot;:2,&quot;335557856&quot;:16119028,&quot;335559738&quot;:165,&quot;335559739&quot;:165,&quot;335559740&quot;:259}\">\u00a0<\/span><\/p>\n<p aria-level=\"4\"><span data-contrast=\"none\">Nun m\u00fcssen Sie nur noch abschlie\u00dfend \u00fcberpr\u00fcfen, ob die Ger\u00e4te, die Sie verwenden werden, auch wirklich funktionieren.<\/span><span data-ccp-props=\"{&quot;134245418&quot;:true,&quot;134245529&quot;:true,&quot;201341983&quot;:0,&quot;335551550&quot;:2,&quot;335551620&quot;:2,&quot;335557856&quot;:16119028,&quot;335559738&quot;:165,&quot;335559739&quot;:165,&quot;335559740&quot;:259}\">\u00a0<\/span><\/p>\n<p><span data-ccp-props=\"{&quot;201341983&quot;:0,&quot;335559739&quot;:160,&quot;335559740&quot;:259}\">\u00a0<\/span><\/p>\n\t\t\t\t\t<\/div>\n\t\t\t\t\t\t\t\t\t<\/div>\n\t\t\t<\/div>    \n\t\t\t    \n\t\t\t<div class=\"col-lg-6 order-first order-lg-last mb-7 mb-lg-0\">\n\t\t\t\t<img decoding=\"async\" src=\"https:\/\/www.myallmeeting.com\/wp-content\/uploads\/2016\/11\/6889-53-953x600.jpg\" width=\"953\" height=\"600\" alt=\"amenagement salle de reunion board meeting room \" loading=\"lazy\" class=\"w-100\" \/>\n\t\t\t<\/div>\n\t\t\t\t\t<\/div>\n\t<\/div>\n<\/div>\n<!-- END OF : Composant : block-periscope-theme-section-composant-33-texte-image.php -->\n","protected":false},"excerpt":{"rendered":"","protected":false},"featured_media":16011697,"menu_order":0,"template":"","periscope_categorie_tax":[3524],"class_list":["post-16035797","article","type-article","status-publish","has-post-thumbnail","hentry","periscope_categorie_tax-organiser-votre-reunion-de"],"acf":[],"yoast_head":"<title>W\u00e4hlen Sie die richtige Einrichtung f\u00fcr ein erfolgreiches Meeting!\u00a0 - Accor MyAllMeeting.com<\/title>\n<meta name=\"robots\" content=\"index, follow, max-snippet:-1, max-image-preview:large, max-video-preview:-1\" \/>\n<link rel=\"canonical\" href=\"https:\/\/www.myallmeeting.com\/de\/wp-json\/wp\/v2\/article\/16035797\" \/>\n<meta property=\"og:locale\" content=\"de_DE\" \/>\n<meta property=\"og:type\" content=\"article\" \/>\n<meta property=\"og:title\" content=\"W\u00e4hlen Sie die richtige Einrichtung f\u00fcr ein erfolgreiches Meeting!\u00a0 - Accor MyAllMeeting.com\" \/>\n<meta property=\"og:url\" content=\"https:\/\/www.myallmeeting.com\/de\/article\/wahlen-sie-die-richtige-einrichtung-fur-ein-erfolgreiches-meeting\/\" \/>\n<meta property=\"og:site_name\" content=\"Accor MyAllMeeting.com\" \/>\n<meta property=\"article:modified_time\" content=\"2024-07-16T09:41:37+00:00\" \/>\n<meta property=\"og:image\" content=\"http:\/\/myallmeeting.com\/wp-content\/uploads\/2016\/11\/Pullman-Paris-Tour-Eiffel.png\" \/>\n\t<meta property=\"og:image:width\" content=\"1920\" \/>\n\t<meta property=\"og:image:height\" content=\"570\" \/>\n\t<meta property=\"og:image:type\" content=\"image\/png\" \/>\n<meta name=\"twitter:card\" content=\"summary_large_image\" \/>\n<meta name=\"twitter:label1\" content=\"Est. reading time\" \/>\n\t<meta name=\"twitter:data1\" content=\"5 minutes\" \/>\n<script type=\"application\/ld+json\" class=\"yoast-schema-graph\">{\"@context\":\"https:\/\/schema.org\",\"@graph\":[{\"@type\":\"WebPage\",\"@id\":\"https:\/\/www.myallmeeting.com\/de\/article\/wahlen-sie-die-richtige-einrichtung-fur-ein-erfolgreiches-meeting\/\",\"url\":\"https:\/\/www.myallmeeting.com\/de\/article\/wahlen-sie-die-richtige-einrichtung-fur-ein-erfolgreiches-meeting\/\",\"name\":\"W\u00e4hlen Sie die richtige Einrichtung f\u00fcr ein erfolgreiches Meeting!\u00a0 - Accor MyAllMeeting.com\",\"isPartOf\":{\"@id\":\"https:\/\/www.myallmeeting.com\/de\/#website\"},\"primaryImageOfPage\":{\"@id\":\"https:\/\/www.myallmeeting.com\/de\/article\/wahlen-sie-die-richtige-einrichtung-fur-ein-erfolgreiches-meeting\/#primaryimage\"},\"image\":{\"@id\":\"https:\/\/www.myallmeeting.com\/de\/article\/wahlen-sie-die-richtige-einrichtung-fur-ein-erfolgreiches-meeting\/#primaryimage\"},\"thumbnailUrl\":\"https:\/\/www.myallmeeting.com\/wp-content\/uploads\/2016\/11\/Pullman-Paris-Tour-Eiffel.png\",\"datePublished\":\"2016-11-03T13:06:38+00:00\",\"dateModified\":\"2024-07-16T09:41:37+00:00\",\"breadcrumb\":{\"@id\":\"https:\/\/www.myallmeeting.com\/de\/article\/wahlen-sie-die-richtige-einrichtung-fur-ein-erfolgreiches-meeting\/#breadcrumb\"},\"inLanguage\":\"de-DE\",\"potentialAction\":[{\"@type\":\"ReadAction\",\"target\":[\"https:\/\/www.myallmeeting.com\/de\/article\/wahlen-sie-die-richtige-einrichtung-fur-ein-erfolgreiches-meeting\/\"]}]},{\"@type\":\"ImageObject\",\"inLanguage\":\"de-DE\",\"@id\":\"https:\/\/www.myallmeeting.com\/de\/article\/wahlen-sie-die-richtige-einrichtung-fur-ein-erfolgreiches-meeting\/#primaryimage\",\"url\":\"https:\/\/www.myallmeeting.com\/wp-content\/uploads\/2016\/11\/Pullman-Paris-Tour-Eiffel.png\",\"contentUrl\":\"https:\/\/www.myallmeeting.com\/wp-content\/uploads\/2016\/11\/Pullman-Paris-Tour-Eiffel.png\",\"width\":1920,\"height\":570},{\"@type\":\"BreadcrumbList\",\"@id\":\"https:\/\/www.myallmeeting.com\/de\/article\/wahlen-sie-die-richtige-einrichtung-fur-ein-erfolgreiches-meeting\/#breadcrumb\",\"itemListElement\":[{\"@type\":\"ListItem\",\"position\":1,\"name\":\"Homepage\",\"item\":\"https:\/\/myallmeeting.com\/de\/\"},{\"@type\":\"ListItem\",\"position\":2,\"name\":\"Aktuelles\",\"item\":\"https:\/\/www.myallmeeting.com\/de\/aktuelles\/\"},{\"@type\":\"ListItem\",\"position\":3,\"name\":\"W\u00e4hlen Sie die richtige Einrichtung f\u00fcr ein erfolgreiches Meeting!\u00a0\"}]},{\"@type\":\"WebSite\",\"@id\":\"https:\/\/www.myallmeeting.com\/de\/#website\",\"url\":\"https:\/\/www.myallmeeting.com\/de\/\",\"name\":\"Accor MyAllMeeting.com\",\"description\":\"Les Meilleurs lieux pour vos Ev\u00e9nements Professionnels\",\"publisher\":{\"@id\":\"https:\/\/www.myallmeeting.com\/de\/#organization\"},\"potentialAction\":[{\"@type\":\"SearchAction\",\"target\":{\"@type\":\"EntryPoint\",\"urlTemplate\":\"https:\/\/www.myallmeeting.com\/de\/?s={search_term_string}\"},\"query-input\":{\"@type\":\"PropertyValueSpecification\",\"valueRequired\":true,\"valueName\":\"search_term_string\"}}],\"inLanguage\":\"de-DE\"},{\"@type\":\"Organization\",\"@id\":\"https:\/\/www.myallmeeting.com\/de\/#organization\",\"name\":\"ACCOR\",\"url\":\"https:\/\/www.myallmeeting.com\/de\/\",\"logo\":{\"@type\":\"ImageObject\",\"inLanguage\":\"de-DE\",\"@id\":\"https:\/\/www.myallmeeting.com\/de\/#\/schema\/logo\/image\/\",\"url\":\"\",\"contentUrl\":\"\",\"caption\":\"ACCOR\"},\"image\":{\"@id\":\"https:\/\/www.myallmeeting.com\/de\/#\/schema\/logo\/image\/\"}}]}<\/script>","yoast_head_json":{"title":"W\u00e4hlen Sie die richtige Einrichtung f\u00fcr ein erfolgreiches Meeting!\u00a0 - Accor MyAllMeeting.com","robots":{"index":"index","follow":"follow","max-snippet":"max-snippet:-1","max-image-preview":"max-image-preview:large","max-video-preview":"max-video-preview:-1"},"canonical":"https:\/\/www.myallmeeting.com\/de\/wp-json\/wp\/v2\/article\/16035797","og_locale":"de_DE","og_type":"article","og_title":"W\u00e4hlen Sie die richtige Einrichtung f\u00fcr ein erfolgreiches Meeting!\u00a0 - Accor MyAllMeeting.com","og_url":"https:\/\/www.myallmeeting.com\/de\/article\/wahlen-sie-die-richtige-einrichtung-fur-ein-erfolgreiches-meeting\/","og_site_name":"Accor MyAllMeeting.com","article_modified_time":"2024-07-16T09:41:37+00:00","og_image":[{"width":1920,"height":570,"url":"http:\/\/myallmeeting.com\/wp-content\/uploads\/2016\/11\/Pullman-Paris-Tour-Eiffel.png","type":"image\/png"}],"twitter_card":"summary_large_image","twitter_misc":{"Est. reading time":"5 minutes"},"schema":{"@context":"https:\/\/schema.org","@graph":[{"@type":"WebPage","@id":"https:\/\/www.myallmeeting.com\/de\/article\/wahlen-sie-die-richtige-einrichtung-fur-ein-erfolgreiches-meeting\/","url":"https:\/\/www.myallmeeting.com\/de\/article\/wahlen-sie-die-richtige-einrichtung-fur-ein-erfolgreiches-meeting\/","name":"W\u00e4hlen Sie die richtige Einrichtung f\u00fcr ein erfolgreiches Meeting!\u00a0 - Accor MyAllMeeting.com","isPartOf":{"@id":"https:\/\/www.myallmeeting.com\/de\/#website"},"primaryImageOfPage":{"@id":"https:\/\/www.myallmeeting.com\/de\/article\/wahlen-sie-die-richtige-einrichtung-fur-ein-erfolgreiches-meeting\/#primaryimage"},"image":{"@id":"https:\/\/www.myallmeeting.com\/de\/article\/wahlen-sie-die-richtige-einrichtung-fur-ein-erfolgreiches-meeting\/#primaryimage"},"thumbnailUrl":"https:\/\/www.myallmeeting.com\/wp-content\/uploads\/2016\/11\/Pullman-Paris-Tour-Eiffel.png","datePublished":"2016-11-03T13:06:38+00:00","dateModified":"2024-07-16T09:41:37+00:00","breadcrumb":{"@id":"https:\/\/www.myallmeeting.com\/de\/article\/wahlen-sie-die-richtige-einrichtung-fur-ein-erfolgreiches-meeting\/#breadcrumb"},"inLanguage":"de-DE","potentialAction":[{"@type":"ReadAction","target":["https:\/\/www.myallmeeting.com\/de\/article\/wahlen-sie-die-richtige-einrichtung-fur-ein-erfolgreiches-meeting\/"]}]},{"@type":"ImageObject","inLanguage":"de-DE","@id":"https:\/\/www.myallmeeting.com\/de\/article\/wahlen-sie-die-richtige-einrichtung-fur-ein-erfolgreiches-meeting\/#primaryimage","url":"https:\/\/www.myallmeeting.com\/wp-content\/uploads\/2016\/11\/Pullman-Paris-Tour-Eiffel.png","contentUrl":"https:\/\/www.myallmeeting.com\/wp-content\/uploads\/2016\/11\/Pullman-Paris-Tour-Eiffel.png","width":1920,"height":570},{"@type":"BreadcrumbList","@id":"https:\/\/www.myallmeeting.com\/de\/article\/wahlen-sie-die-richtige-einrichtung-fur-ein-erfolgreiches-meeting\/#breadcrumb","itemListElement":[{"@type":"ListItem","position":1,"name":"Homepage","item":"https:\/\/myallmeeting.com\/de\/"},{"@type":"ListItem","position":2,"name":"Aktuelles","item":"https:\/\/www.myallmeeting.com\/de\/aktuelles\/"},{"@type":"ListItem","position":3,"name":"W\u00e4hlen Sie die richtige Einrichtung f\u00fcr ein erfolgreiches Meeting!\u00a0"}]},{"@type":"WebSite","@id":"https:\/\/www.myallmeeting.com\/de\/#website","url":"https:\/\/www.myallmeeting.com\/de\/","name":"Accor MyAllMeeting.com","description":"Les Meilleurs lieux pour vos Ev\u00e9nements Professionnels","publisher":{"@id":"https:\/\/www.myallmeeting.com\/de\/#organization"},"potentialAction":[{"@type":"SearchAction","target":{"@type":"EntryPoint","urlTemplate":"https:\/\/www.myallmeeting.com\/de\/?s={search_term_string}"},"query-input":{"@type":"PropertyValueSpecification","valueRequired":true,"valueName":"search_term_string"}}],"inLanguage":"de-DE"},{"@type":"Organization","@id":"https:\/\/www.myallmeeting.com\/de\/#organization","name":"ACCOR","url":"https:\/\/www.myallmeeting.com\/de\/","logo":{"@type":"ImageObject","inLanguage":"de-DE","@id":"https:\/\/www.myallmeeting.com\/de\/#\/schema\/logo\/image\/","url":"","contentUrl":"","caption":"ACCOR"},"image":{"@id":"https:\/\/www.myallmeeting.com\/de\/#\/schema\/logo\/image\/"}}]}},"_links":{"self":[{"href":"https:\/\/www.myallmeeting.com\/de\/wp-json\/wp\/v2\/article\/16035797","targetHints":{"allow":["GET"]}}],"collection":[{"href":"https:\/\/www.myallmeeting.com\/de\/wp-json\/wp\/v2\/article"}],"about":[{"href":"https:\/\/www.myallmeeting.com\/de\/wp-json\/wp\/v2\/types\/article"}],"wp:featuredmedia":[{"embeddable":true,"href":"https:\/\/www.myallmeeting.com\/de\/wp-json\/wp\/v2\/media\/16011697"}],"wp:attachment":[{"href":"https:\/\/www.myallmeeting.com\/de\/wp-json\/wp\/v2\/media?parent=16035797"}],"wp:term":[{"taxonomy":"periscope_categorie_tax","embeddable":true,"href":"https:\/\/www.myallmeeting.com\/de\/wp-json\/wp\/v2\/periscope_categorie_tax?post=16035797"}],"curies":[{"name":"wp","href":"https:\/\/api.w.org\/{rel}","templated":true}]}}